{"id":2582,"date":"2013-12-28T19:43:00","date_gmt":"2013-12-28T18:43:00","guid":{"rendered":"http:\/\/blog.inmontanis.info\/?p=2582"},"modified":"2023-08-03T22:19:34","modified_gmt":"2023-08-03T20:19:34","slug":"28-12-2013-corno-alle-scale","status":"publish","type":"post","link":"http:\/\/blog.inmontanis.info\/?p=2582","title":{"rendered":"28.12.2013 (Corno alle Scale)"},"content":{"rendered":"<p>Tag 8, 28.12.2013 &#8211; Corno alle Scale<\/p>\n<p>Das Fr\u00fchst\u00fcck im Hotel war gut, das Buffet f\u00fcr italienische Verh\u00e4ltnisse \u00fcberdurchschnittlich. Statt Semmeln gab&#8217;s immerhin Wei\u00dfbrot  (Normal + Vollkorn). Nur das Zimmer war extrem warm. Hatte gestern die Heizung auf K\u00fchlung gestellt und auf 15\u00b0 eingestellt, aber statt zu k\u00fchlen hat es nur noch weiter geheizt &#8211; w\u00e4hrend ich in einem Restaurant 2 Stra\u00dfen weiter eine Pizza a\u00df, die zwar ganz gut war, was man zu dem tiefgek\u00fchlten und in der Mikro aufgew\u00e4rmten Tiramisu (um 4,-!) nicht unbedingt sagen konnte.<\/p>\n<p>Nochmalige Checks im Netz in der Fr\u00fch lie\u00dfen f\u00fcr heute Schnee- und Wetterm\u00e4\u00dfig egtl. nur Cimone und Corno \u00fcbrig, und da ich einerseits nicht ganz so fr\u00fch aus dem Haus kam und andererseits eben am Cimone einige Ecken nicht offen waren, hab ich mich f\u00fcr den Corno alle Scale entschieden. <\/p>\n<p>Leider war das die falsche Entscheidung, da von der Toskana laufend Wolken r\u00fcberschwappten, die Gipfel-4SB wg. Sturm erst wieder in Betrieb war, als dort alles neblig war, und auch sonst alles recht neblig war, wobei immerhin din rechte 4SB wieder in Betrieb war (entgegen dem Schneebericht von gestern). Der im Anschluss befindliche SL nat\u00fcrlich nicht, Schlechtwetter oder Schneemangel.<\/p>\n<p>Die nette Nascivera-DSB mit ihrer urigen Abfahrt war zwar in Betrieb, aber wie die meisten Abfahrten war auch diese nicht frisch pr\u00e4pariert. \u00dcberhaupt hat es tats\u00e4chlich kein Gramm geschneit in den letzten Tagen, sondern bis hinauf geregnet. Die Pisten waren entsprechend eisig hart. Um 13 oder 13:30 Uhr hatte ich dann genug, der kalte Wind, der Nebel, die eisigen Pisten, die von den nassen Sesseln durchn\u00e4sste Hose am Hintern &#8211; den Umweg ins Appennin mit den vielen Mautgeb\u00fchren, die Tageskarte um 30,- \u20ac, all das h\u00e4tte ich mir sparen k\u00f6nnen, das h\u00e4tte alles anders laufen sollen. Schlussendlich h\u00e4tte ich anscheinend heute Morgen sogar im Piemont noch mehr Sonne gehabt als zuerst gemeldet wurde&#8230;<\/p>\n<p>Fotos anklickbar zum Vergr\u00f6\u00dfern:<\/p>\n<p><a href='http:\/\/extra.inmontanis.info\/d\/19613-2\/ge_2013xmas2.jpg'><img src=http:\/\/extra.inmontanis.info\/d\/19612-3\/ge_2013xmas2.jpg \/><\/a><br \/>\nH) Corno alle Scale<\/p>\n<p><a href='http:\/\/ski.inmontanis.info\/d\/171425-2\/DSC01623.jpg'><img src=http:\/\/ski.inmontanis.info\/d\/171424-3\/DSC01623.jpg \/><\/a><br \/>\n^ DSB und Flachland-Pano<\/p>\n<p><a href='http:\/\/ski.inmontanis.info\/d\/171429-2\/DSC01624.jpg'><img src=http:\/\/ski.inmontanis.info\/d\/171428-3\/DSC01624.jpg \/><\/a><br \/>\n^ 4KSB<\/p>\n<p>Mehr Fotos hab ich auch gar nicht gemacht, da es im Vgl. zum letzten Jahr nur schlechter war&#8230;<\/p>\n<p>Gestern Abend hab ich im Netz noch bis sp\u00e4t in die Nacht ein Zimmer auf dem Weg gesucht, aber nichts g\u00fcnstiges und g\u00fcnstig gelegenes gefunden (weder &#8220;unten&#8221; noch &#8220;oben&#8221; rum), was sich insofern als sinnvoll herausstellte, da ich ja nun schon wesentlich fr\u00fcher abgefahren bin und gleich wieder bis in die Mondovier Gegend fahren konnte und das Del Peso ansteuerte, wo ich ja in den letzten Jahren immer mal wieder \u00fcbernachtet hatte.<\/p>\n<p>Um 18:30 kam ich dort an, Zimmer f\u00fcr 2 N\u00e4chte war kein Problem, wie letztes Jahr wurde ich wieder erkannt. Da ich diesmal gleich nach dem WLan-Passwort gefragt hat, nahm er 2 Schl\u00fcssel mit, im Einzelzimmer war leider kein Empfang, so bekam ich das Doppelzimmer. Ob ich daf\u00fcr jetzt 5,- \u20ac mehr zahlen muss, hab ich nat\u00fcrlich nicht gefragt, wie ich auch generell nicht nach dem Preis gefragt hab und mich mal wieder \u00fcberraschen lass, was ich inkl. Abendessen dann zahlen muss. Was den WLan-Empfang in diesem Zimmer angeht, nun, es ist auch eher knapp, vom Schreibtisch aus. Am Bett sitzend geht&#8217;s besser. Vielleicht sollte ich mir mal einen kleinen WLan-Repeater kaufen, den ich dann ggf. im Flur an einer freien Steckdose anschlie\u00dfen kann :) <\/p>\n<p><em>(Mittlerweile hab ich anstatt eines Repeaters einen USB-WLan-Adapter mit gro\u00dfer, leistungsstarker Antenne gekauft. Mal schaun, ob ich damit in Zukunft besseren Empfang habe.)<\/em><\/p>\n<p>Da ich mir letztes Mal vorgenommen hab, hier die Antipasti mitzunehmen, sah das heutige Abendessen wie folgt aus:<\/p>\n<p>Antipasti:<br \/>\n&#8211; Kastanien mit K\u00e4se und Artischocken oder so (kalt)<br \/>\n&#8211; d\u00fcnne Scheibe Thunfisch (Carpacciom\u00e4\u00dfig, mir zu scharf) (kalt)<br \/>\n&#8211; 3 Scheiben Kalbsbraten mit einer Sauce\/Creme (kalt)<br \/>\n&#8211; irgendeine geschmacklich undefinierte Pastete (s\u00fc\u00df-w\u00fcrzig-k\u00e4sig-fischig) (warm)<br \/>\n&#8211; irgendeine Art Eintopf\/Gulasch mit Muscheln (warm, hab ich aber nicht genommen, da ich kein Fan von Muscheln bin)<\/p>\n<p>Pasta:<br \/>\n&#8211; Gnocchi mit Ragu (ausgew\u00e4hlt)<\/p>\n<p>Hauptspeise:<br \/>\n&#8211; Brassato, 2 Scheiben, mit Bratkartoffeln und gr\u00fcnen Bohnen (ausgew\u00e4hlt, h\u00e4tte aber nicht erwartet, dass das ein relativ fetter Rollbraten ist, aber den Fettteil konnte man ja problemlos vom Rest abtrennen.)<\/p>\n<p>Nachspeise:<br \/>\n&#8211; Tiramisu (ausgew\u00e4hlt)<\/p>\n<p>Alles in Allem hat das ca. 1,5 Stunden gedauert und war somit problemlos machbar, besser gesagt war ich weniger voll als die letzten Tage (wo ich z.B. 3 G\u00e4nge innerhalb einer halben Stunde Essen &#8220;musste&#8221;).<\/p>\n<p>Morgen werd ich mal Frabosa anfahren, Monte Moro soll lt. Website jetzt offen sein. Es bleiben mir noch 3-4 Tage, die Auswahl der Gebiete ist noch gro\u00df genug (San Giacomo, Frabosa, Argentera, Pontechianale, Crissolo, alles m\u00f6cht ich gern wieder fahren), evtl. geht&#8217;s am Neujahrstag weiter in den Norden, da das Wetter schlechter werden soll. <\/p>\n<p>Es ist nicht so, dass mir die kleinen Gebiete hier in der Gegend &#8220;nur&#8221; gut gefallen, es ist auch immer die Tatsache, dass ich mich \u00e4rgern w\u00fcrde, wenn ich heuer nicht fahren w\u00fcrde und n\u00e4chstes Jahr der Betrieb eingestellt werden w\u00fcrde &#8211; aber leider werd ich wieder nicht alle schaffen :) <\/p>\n<p>Wobei, vor ein paar Jahren, da h\u00e4tte ich nat\u00fcrlich noch viel mehr gehabt, darf gar nicht an all die stillgelegten Skigebiete denken :( <\/p>\n<p>Pragelato und Ala di Stura h\u00e4tte ich heuer auch mal wieder fahren wollen &#8211; bin ich letztes Jahr nicht gefahren &#8211; und heuer \u00e4rgere ich mich dar\u00fcber, denn beide sind heuer zu. <\/p>\n<p>(St. Gr\u00e9e heb ich mir f\u00fcr n\u00e4chstes Jahr auf, denn wenn dort der SL gebaut wird, bleib ich dann erstmals &#8216;nen ganzen Tag dort. Und Garessio werd ich heuer auch auslassen.) <\/p>\n","protected":false},"excerpt":{"rendered":"<p>Tag 8, 28.12.2013 &#8211; Corno alle Scale<\/p>\n<p>Das Fr\u00fchst\u00fcck im Hotel war gut, das Buffet f\u00fcr italienische Verh\u00e4ltnisse \u00fcberdurchschnittlich. Statt Semmeln gab&#8217;s immerhin Wei\u00dfbrot (Normal + Vollkorn). Nur das Zimmer war extrem warm. Hatte gestern die Heizung auf K\u00fchlung gestellt und auf 15\u00b0 eingestellt, aber statt zu k\u00fchlen hat es nur noch weiter geheizt &#8211; <a href=\"http:\/\/blog.inmontanis.info\/?p=2582\">[&#8230;]<\/a><\/p>\n","protected":false},"author":1,"featured_media":0,"comment_status":"open","ping_status":"closed","sticky":false,"template":"","format":"standard","meta":{"footnotes":""},"categories":[127,501,15,27],"tags":[49,38],"class_list":["post-2582","post","type-post","status-publish","format-standard","hentry","category-2013-12-weihnachten","category-corno-alle-scale","category-italienitaly","category-skifahren-winterskiing-winter","tag-4sb","tag-dsb","odd"],"_links":{"self":[{"href":"http:\/\/blog.inmontanis.info\/index.php?rest_route=\/wp\/v2\/posts\/2582","targetHints":{"allow":["GET"]}}],"collection":[{"href":"http:\/\/blog.inmontanis.info\/index.php?rest_route=\/wp\/v2\/posts"}],"about":[{"href":"http:\/\/blog.inmontanis.info\/index.php?rest_route=\/wp\/v2\/types\/post"}],"author":[{"embeddable":true,"href":"http:\/\/blog.inmontanis.info\/index.php?rest_route=\/wp\/v2\/users\/1"}],"replies":[{"embeddable":true,"href":"http:\/\/blog.inmontanis.info\/index.php?rest_route=%2Fwp%2Fv2%2Fcomments&post=2582"}],"version-history":[{"count":1,"href":"http:\/\/blog.inmontanis.info\/index.php?rest_route=\/wp\/v2\/posts\/2582\/revisions"}],"predecessor-version":[{"id":2583,"href":"http:\/\/blog.inmontanis.info\/index.php?rest_route=\/wp\/v2\/posts\/2582\/revisions\/2583"}],"wp:attachment":[{"href":"http:\/\/blog.inmontanis.info\/index.php?rest_route=%2Fwp%2Fv2%2Fmedia&parent=2582"}],"wp:term":[{"taxonomy":"category","embeddable":true,"href":"http:\/\/blog.inmontanis.info\/index.php?rest_route=%2Fwp%2Fv2%2Fcategories&post=2582"},{"taxonomy":"post_tag","embeddable":true,"href":"http:\/\/blog.inmontanis.info\/index.php?rest_route=%2Fwp%2Fv2%2Ftags&post=2582"}],"curies":[{"name":"wp","href":"https:\/\/api.w.org\/{rel}","templated":true}]}}