{"id":2580,"date":"2013-12-27T21:41:49","date_gmt":"2013-12-27T20:41:49","guid":{"rendered":"http:\/\/blog.inmontanis.info\/?p=2580"},"modified":"2023-08-02T22:14:09","modified_gmt":"2023-08-02T20:14:09","slug":"lurisia-27-12-2013","status":"publish","type":"post","link":"http:\/\/blog.inmontanis.info\/?p=2580","title":{"rendered":"Lurisia, 27.12.2013"},"content":{"rendered":"<p>Tag 7, 27.12.2013 &#8211; Lurisia<\/p>\n<p>Heute ging es mal wieder nach Lurisia, dass ich mir ja aufgrund seines Nostalgie-Charakters auf &#8220;so gut wie j\u00e4hrlich&#8221; gesetzt hab.<\/p>\n<p>An der Kasse angekommen, empfing mich ein vertrautes Gesicht &#8211; der Italiener, der im simolimo-Forum aktiv ist und der mich letztes Fr\u00fchjahr zuf\u00e4llig in Prali erkannt hatte, sa\u00df hinter der Scheibe und arbeitet hier. Ein paar Worte sp\u00e4ter bekam ich von einem anderen einen gratis Skipass \u00fcberreicht &#8211; f\u00fcr meine Verdienste, Lurisia in Deutschland und \u00d6sterreich bekannt zu machen :-) <\/p>\n<p>Wir sind uns dann sp\u00e4ter noch ca. 4x \u00fcber den Weg gelaufen &#8211; das Skigebiet ist ja doch \u00fcberschaubar.<\/p>\n<p>Leider waren wieder einmal weder alle Lifte noch alle Abfahrten ge\u00f6ffnet. Stand am Aushang an der Talstation noch, dass die Talabfahrt bis auf ein St\u00fcck unten pr\u00e4pariert sei, traf dies nicht zu, Tiefschnee und gesperrt. Bin sie zum Schluss zwar gefaren, aber der Schnee hier unten war doch zeitweise sehr anstregend.<\/p>\n<p>Oben waren dann auch nicht alle Abfahrten frisch pr\u00e4pariert, was bei 50-80cm Neuschnee in den letzten 2 Tagen mit normalen Allmountains auch etwas anstrengend war, dennoch bin ich nat\u00fcrlich alle Abfahrten und ehemaligen Abfahrtsvarianten gefahren. Immerhin waren mehr Abfahrten pr\u00e4pariert als letztes Mal.<\/p>\n<p>Geschlossen war leider noch der SL Pineta, den man zwar mit den anderen SL umfahren kann, was aber etwas Schiebeweg bedeutet (bzw. muss man etwas bergauf steigen, falls man den flachen SL Margherita nicht fahren wollte).<\/p>\n<p>Der SL Betulla unterhalb der Gondel hatte heute auch so seine Problemchen. Erst blieb er einige Male f\u00fcr l\u00e4ngere Zeit stehen, dann wurde an der St\u00fctze 3 oder so an den Rollen etwas gemacht (vmtl. der Seilentgleisungssicherungsschalter). Kaum ist das Ding wieder in Betrieb, gab&#8217;s eine Massenkarambolage aufgrund eines pl\u00f6tzlich im Weg befindlichen Fangzauns (ich sag ja, das Zeug ist nervig!). Nachdem 4-5 Leute ineinander gefahren sind, wurde der Lift endlich angehalten und in Folge durfte nur noch jeder 3. Teller belegt werden. Aha. Wenn der Fangzaun an der Br\u00fccke fehlt, ist es also sicherer, wenn nur jeder 3. Teller belegt ist? Jedenfalls f\u00fchrte das zu Wartezeiten. Irgendwann stand der Fangzaun wieder und man durfte wieder jeden Teller benutzen. Aber nicht bis zum Schluss, sp\u00e4tnachmittags durfte man pl\u00f6tzlich nur noch jeden 2. Teller benutzen. Keine Ahnung, was das nun sollte.<\/p>\n<p>Der SL Pineta war gegen 15 Uhr dagegen kurz in Betrieb, allerdings nur zum Pr\u00e4parieren der Trasse, wo eine Gruppe Skifahrer einfach 2x den Lift raufgefahren ist. Nun, dank des o.g. Italieners wurde ich kurzerhand zum Mithelfer deklariert und durfte bei der 2. Fahrt mit rauffahren :)<\/p>\n<p>Nebenbei hab ich mich mit ihm noch wg. ein paar Themen unterhalten, die Lifte in Lurisia sind alle Marchisio (da die St\u00fctzen ja im Detail unterschiedlich sind und die St\u00fctzen des Korblifts in Garessio \u00e4hnlich sind, war ich mir nicht sicer, ob nicht evtl. der eine oder andere SL von Teletrasporti w\u00e4re).<\/p>\n<p>Der SL in Viola kommt n\u00e4chstes Jahr wohl ziemlich definitiv, ebenso wie der sch\u00f6ne alte Leitner-SL in Artesina ersetzt wird.<\/p>\n<p>Der untere SL in Argentera hatte letztes Jahr sein definitives Ende, die Geh\u00e4nge h\u00e4ngen nun am SL Margherita hier in Lurisia. F\u00fcr die DSB-Revision hier in Lurisia fehlt nat\u00fcrlich das Geld (genauso wie f\u00fcr die vor einiger Zeit mal angedachte Verbindung zu Rastello-Artesina), einzig der SL Bucaneve, der seit letztem jahr stillgelegt ist, wird evtl. wieder reaktiviert. <\/p>\n<p>SL Pineta hat noch 4 Jahre, die anderen 3 wurden in den 90ern revisioniert und d\u00fcrften somit noch ca. 10-15 Jahre laufen.<\/p>\n<p>Das gef\u00e4hrdetste Skigebiet in der Gegend d\u00fcrfte momentan wohl Crissolo sein, da die DSB n\u00e4chstes(?) Jahr revisioniert werden muss, und ob da Geld da ist&#8230; (Stand ja heuer auch wieder auf der Kippe, was ich vor ein paar Wochen mal gelesen hatte.)<\/p>\n<p>Nun, bis man alle Abfahrten und unpr\u00e4parierten Varianten f\u00e4hrt, vergeht doch so seine Zeit, insb. wenn man den Pineta-SL nicht hat, und so bin ich doch bis 16 Uhr geblieben, bis ich die Talabfahrt anging. Ein 2. Mal h\u00e4tte ich diese heute nicht fahren wollen.<\/p>\n<p>Fotos anklickbar zum Vergr\u00f6\u00dfern:<\/p>\n<p><a href='http:\/\/extra.inmontanis.info\/d\/19613-2\/ge_2013xmas2.jpg'><img src=http:\/\/extra.inmontanis.info\/d\/19612-3\/ge_2013xmas2.jpg \/><\/a><br \/>\nG) Lurisia<\/p>\n<p><a href='http:\/\/ski.inmontanis.info\/d\/171293-2\/ge20131227.jpg'><img src=http:\/\/ski.inmontanis.info\/d\/171292-3\/ge20131227.jpg \/><\/a><br \/>\n^ GPS-Track 27.12.2013<\/p>\n<p><a href='http:\/\/ski.inmontanis.info\/d\/171297-2\/DSC01530.jpg'><img src=http:\/\/ski.inmontanis.info\/d\/171296-3\/DSC01530.jpg \/><\/a><br \/>\n^ Talstation und Parkplatz<\/p>\n<p><a href='http:\/\/ski.inmontanis.info\/d\/171301-2\/DSC01533.jpg'><img src=http:\/\/ski.inmontanis.info\/d\/171300-3\/DSC01533.jpg \/><\/a><br \/>\n^ Gondelbahn und Talstation SL Betulla &#8211; und Po-Ebene<\/p>\n<p><a href='http:\/\/ski.inmontanis.info\/d\/171305-2\/DSC01535.jpg'><img src=http:\/\/ski.inmontanis.info\/d\/171304-3\/DSC01535.jpg \/><\/a><br \/>\n^ Blick zum Gipfel zu den SL Genzianella und Pineta<\/p>\n<p><a href='http:\/\/ski.inmontanis.info\/d\/171309-2\/DSC01537.jpg'><img src=http:\/\/ski.inmontanis.info\/d\/171308-3\/DSC01537.jpg \/><\/a><br \/>\n^ SL Genzianella. Hach, einfach Genial, der Berg hier ;)<\/p>\n<p><a href='http:\/\/ski.inmontanis.info\/d\/171313-2\/DSC09296.jpg'><img src=http:\/\/ski.inmontanis.info\/d\/171312-3\/DSC09296.jpg \/><\/a><br \/>\n^ IR-Pano SL Genzianella und Po-Ebene mit Monte Rosa<\/p>\n<p><a href='http:\/\/ski.inmontanis.info\/d\/171317-2\/DSC09299.jpg'><img src=http:\/\/ski.inmontanis.info\/d\/171316-3\/DSC09299.jpg \/><\/a><br \/>\n^ IR-Pano Po-Ebene<\/p>\n<p><a href='http:\/\/ski.inmontanis.info\/d\/171321-2\/DSC09300.jpg'><img src=http:\/\/ski.inmontanis.info\/d\/171320-3\/DSC09300.jpg \/><\/a><br \/>\n^ IR-Zoom Alpen\/Appennin (ganz zu hinterst in der Bildmitte sind Gipfel zu sehen, die an der Westk\u00fcste des Gardasees sind, ca. 270 km)<\/p>\n<p><a href='http:\/\/ski.inmontanis.info\/d\/171325-2\/DSC09301.jpg'><img src=http:\/\/ski.inmontanis.info\/d\/171324-3\/DSC09301.jpg \/><\/a><br \/>\n^ IR-Zoom \u00fcber die Ebene zu den n\u00f6rdlichen Alpen (220-300 km)<\/p>\n<p><a href='http:\/\/ski.inmontanis.info\/d\/171329-2\/DSC01538.jpg'><img src=http:\/\/ski.inmontanis.info\/d\/171328-3\/DSC01538.jpg \/><\/a><br \/>\n^ Po-Ebene- und Alpen-Pano am SL Genzianella<\/p>\n<p><a href='http:\/\/ski.inmontanis.info\/d\/171333-2\/DSC01541.jpg'><img src=http:\/\/ski.inmontanis.info\/d\/171332-3\/DSC01541.jpg \/><\/a><br \/>\n^ Bergstationen SL Genzianella und Pineta<\/p>\n<p><a href='http:\/\/ski.inmontanis.info\/d\/171337-2\/DSC01542.jpg'><img src=http:\/\/ski.inmontanis.info\/d\/171336-3\/DSC01542.jpg \/><\/a><br \/>\n^ SL Genzianella und Pineta<\/p>\n<p><a href='http:\/\/ski.inmontanis.info\/d\/171341-2\/DSC01543.jpg'><img src=http:\/\/ski.inmontanis.info\/d\/171340-3\/DSC01543.jpg \/><\/a><br \/>\n^ SL Genzianella und Pano (Alpen \/ Appennin)<\/p>\n<p><a href='http:\/\/ski.inmontanis.info\/d\/171345-2\/DSC01547.jpg'><img src=http:\/\/ski.inmontanis.info\/d\/171344-3\/DSC01547.jpg \/><\/a><br \/>\n^ Check Schneeh\u00f6he auf der unpr\u00e4parierten Piste am SL Pineta ;-)<\/p>\n<p><a href='http:\/\/ski.inmontanis.info\/d\/171349-2\/DSC01549.jpg'><img src=http:\/\/ski.inmontanis.info\/d\/171348-3\/DSC01549.jpg \/><\/a><br \/>\n^ Leider noch unpr\u00e4pariert &#8211; direkte Abfahrt am SL Pineta<\/p>\n<p><a href='http:\/\/ski.inmontanis.info\/d\/171353-2\/DSC01552.jpg'><img src=http:\/\/ski.inmontanis.info\/d\/171352-3\/DSC01552.jpg \/><\/a><br \/>\n^ Die rechteste Abfahrt am SL Pineta (Serralunga?)<\/p>\n<p><a href='http:\/\/ski.inmontanis.info\/d\/171357-2\/DSC01555.jpg'><img src=http:\/\/ski.inmontanis.info\/d\/171356-3\/DSC01555.jpg \/><\/a><br \/>\n^ Abfahrt Serralunga. Wusste gar nicht mehr, dass die so toll ist.<\/p>\n<p><a href='http:\/\/ski.inmontanis.info\/d\/171361-2\/DSC01556.jpg'><img src=http:\/\/ski.inmontanis.info\/d\/171360-3\/DSC01556.jpg \/><\/a><br \/>\n^ Blick von der Piste Serralunga zum Rifugio (Gondellift-Bergstation) und ins Flachland<\/p>\n<p><a href='http:\/\/ski.inmontanis.info\/d\/171365-2\/DSC01557.jpg'><img src=http:\/\/ski.inmontanis.info\/d\/171364-3\/DSC01557.jpg \/><\/a><br \/>\n^ Nochmal die sch\u00f6ne Serralunga Abfahrt<\/p>\n<p><a href='http:\/\/ski.inmontanis.info\/d\/171369-2\/DSC01561.jpg'><img src=http:\/\/ski.inmontanis.info\/d\/171368-3\/DSC01561.jpg \/><\/a><br \/>\n^ Die bereits bekannte Wald-Verl\u00e4ngerung der rechten Abfahrt am SL Pineta. Schnee war mir aber etwas zu tief heute &#8230;<\/p>\n<p><a href='http:\/\/ski.inmontanis.info\/d\/171373-2\/DSC01566.jpg'><img src=http:\/\/ski.inmontanis.info\/d\/171372-3\/DSC01566.jpg \/><\/a><br \/>\n^ &#8230; dito, weiter unten.<\/p>\n<p><a href='http:\/\/ski.inmontanis.info\/d\/171377-2\/DSC01569.jpg'><img src=http:\/\/ski.inmontanis.info\/d\/171376-3\/DSC01569.jpg \/><\/a><br \/>\n^ Steile Sub-Gondola-Variante zum SL Betulla (im Plan nicht als Variante eingezeichnet)<\/p>\n<p><a href='http:\/\/ski.inmontanis.info\/d\/171381-2\/DSC01570.jpg'><img src=http:\/\/ski.inmontanis.info\/d\/171380-3\/DSC01570.jpg \/><\/a><br \/>\n^ SL Margherita<\/p>\n<p><a href='http:\/\/ski.inmontanis.info\/d\/171385-2\/DSC01574.jpg'><img src=http:\/\/ski.inmontanis.info\/d\/171384-3\/DSC01574.jpg \/><\/a><br \/>\n^ Bergstation SL Pineta<\/p>\n<p><a href='http:\/\/ski.inmontanis.info\/d\/171389-2\/DSC01577.jpg'><img src=http:\/\/ski.inmontanis.info\/d\/171388-3\/DSC01577.jpg \/><\/a><br \/>\n^ Die unpr\u00e4parierte, ganz rechte Variante am SL Pineta. War heute die beste von den Tiefschneeabfahrten.<\/p>\n<p><a href='http:\/\/ski.inmontanis.info\/d\/171393-2\/DSC01583.jpg'><img src=http:\/\/ski.inmontanis.info\/d\/171392-3\/DSC01583.jpg \/><\/a><br \/>\n^ &#8230; dito, weiter unten.<\/p>\n<p><a href='http:\/\/ski.inmontanis.info\/d\/171397-2\/DSC01587.jpg'><img src=http:\/\/ski.inmontanis.info\/d\/171396-3\/DSC01587.jpg \/><\/a><br \/>\n^ &#8230; ab hier geht&#8217;s dann auf einem Skiweg r\u00fcber zur Piste. Zum Gl\u00fcck musste ich den Weg nicht spuren ;-)<\/p>\n<p><a href='http:\/\/ski.inmontanis.info\/d\/171401-2\/DSC01591.jpg'><img src=http:\/\/ski.inmontanis.info\/d\/171400-3\/DSC01591.jpg \/><\/a><br \/>\n^ 2 SL haben eine Br\u00fccke samt Unterfahrung. Man beachte die Schneeh\u00f6hen auf der SL-Trasse (SL Betulla). Einer dieser Fangz\u00e4une war es dann auch, der pl\u00f6tzlich eine St\u00fctze weiter unten mitten auf der Lifttrasse lag&#8230;<\/p>\n<p><a href='http:\/\/ski.inmontanis.info\/d\/171405-2\/DSC01593.jpg'><img src=http:\/\/ski.inmontanis.info\/d\/171404-3\/DSC01593.jpg \/><\/a><br \/>\n^ Nochmal auf der rechten Variante<\/p>\n<p><a href='http:\/\/ski.inmontanis.info\/d\/171409-2\/DSC01594.jpg'><img src=http:\/\/ski.inmontanis.info\/d\/171408-3\/DSC01594.jpg \/><\/a><br \/>\n^ .. und von dort ein Pano ins Tal<\/p>\n<p><a href='http:\/\/ski.inmontanis.info\/d\/171413-2\/DSC09308.jpg'><img src=http:\/\/ski.inmontanis.info\/d\/171412-3\/DSC09308.jpg \/><\/a><br \/>\n^ IR-Zoom Matterhorn und Monte Rosa (ca. 190 km), davor Turin (ca. 90 km)<\/p>\n<p><a href='http:\/\/ski.inmontanis.info\/d\/171417-2\/DSC01605.jpg'><img src=http:\/\/ski.inmontanis.info\/d\/171416-3\/DSC01605.jpg \/><\/a><br \/>\n^ Talabfahrt, genug Schnee, aber sehr schwierig zu fahren gewesen. Leider nicht pr\u00e4pariert.<\/p>\n<p><a href='http:\/\/ski.inmontanis.info\/d\/171421-2\/DSC01610.jpg'><img src=http:\/\/ski.inmontanis.info\/d\/171420-3\/DSC01610.jpg \/><\/a><br \/>\n^ Blick von der Talabfahrt zur inzwischen geschlossenen DSB. Die Waldh\u00e4nge hier werden auch immer mehr gerodet.  Bei gen\u00fcgend Schnee k\u00f6nnte man jetzt ganz gut so rum runter fahren.<\/p>\n<p>Fazit: Besser als letztes Mal, da die Pistenverh\u00e4ltnisse besser waren. Wetter und Pano h\u00e4tte heute nicht besser sein k\u00f6nnen. Und der Nostalgiefaktor ist hier halt immer noch sehr hoch &#8211; trotz der neuen Kabinenbahn :)<\/p>\n<p>Hernach ging&#8217;s noch bis Reggio Emilia, wo ich mir im Hotel Nova ein Zimmer mit \u00dcF um 40,- gebucht hab. Ich spul ja mittlerweile wesentlich mehr Kilometer auf italienischen Autobahnen als in Deutschland ab, aber es vergeht eigentlich kaum ein Besuch in N\u00fcrnberg, wo ich auf dem Weg nicht an einem Unfall vorbei kommen w\u00fcrde. In Italien war das heute glaub ich das erste Mal, dass ich einen Unfall gesehen hab! Spricht mal eindeutig f\u00fcr die 130 km\/h Beschr\u00e4nkung! Zum Gl\u00fcck gab&#8217;s noch kaum Stau. Interessant war aber, dass die 3 Spuren auf 1 Spur zusammengef\u00fchrt wurden &#8211; und zwar mit brennenden Holzstecken, die direkt auf die Fahrbahn geschmissen wurden, was f\u00fcr unsereins ein recht ungew\u00f6hnliches Verfahren ist. Evtl. war das auch der Grund, warum eine Feuerwehr dastand, muss ja auch wieder jemand l\u00f6schen? :) <\/p>\n<p><a href='http:\/\/extra.inmontanis.info\/d\/19621-2\/DSC01611.jpg'><img src=http:\/\/extra.inmontanis.info\/d\/19620-3\/DSC01611.jpg \/><\/a><br \/>\n^ Hotelzimmer in Reggio Emilia. Sehr nett, aber leider sehr warm.<\/p>\n<p>Von Reggio Emilia aus kann ich morgen den mittleren Teil des n\u00f6rdlichen Appennins gut anfahren, je nachdem, was die Schnee- und Wetterberichte meinen. Aber wie gestern schon angeschnitten, wird es wohl leider nichts mit 3 Tagen Appennin und 3 Skigebieten der Liste.<\/p>\n<p>Auf meiner Liste im n\u00f6rdl. Appennin stehen ja folgende Gebiete:<br \/>\n&#8211; Santo Stefano, Erstbesuch, nur WE, derzeit zu. Der Schneefall, der gestern h\u00e4tte kommen sollen, war Regen, ein \u00d6ffnen darf also angezweifelt werden<br \/>\n&#8211; Caldirola, Wiederholungsbesuch, nur WE, wg. Schneemangel heuer noch nicht offen<br \/>\n&#8211; Zum Zeri, Erstbesuch, nur WE. Info auf der Homepage von letztem Jahr &#8230; also wohl auch kein Schnee<br \/>\n&#8211; Schia, Erstbesuch, evtl. nur am WE alle Lifte offen. Hatte Mitte Dezember bereits alle Lifte in Betrieb, ist aktuell nach dem gro\u00dfen Regen komplett zu!<br \/>\n&#8211; Piane di Mocogno, Erstbesuch. Lt. Webcam nur noch Schneereste..<br \/>\n&#8211; Doganaccia, Wiederholungsbesuch. Der lange SL l\u00e4uft vmtl. derzeit noch nicht, ist also witzlos.<\/p>\n<p>Wie gesagt hatte ich gestern erwartet, dass die Schneefallgrenze wie im Piemont am Abend 25.+26. gegen 800m war und es genausoviel geschneit h\u00e4tte. Jetzt werd ich wohl keines der oberen Gebiete fahren k\u00f6nnen.<\/p>\n<p>Alternativen?<br \/>\n&#8211; Corno alle Scale. War ich zwar erst letztes Jahr, aber wenn alle Lifte laufen, k\u00f6nnt ich gern wieder vorbei. Bis 24. oder so liefen auch alle Lifte.<br \/>\n&#8211; Cimone. K\u00f6nnt ich auch mal wieder, eine DSB fehlt mir ja noch, aber  nicht nur die ist derzeit zu.<br \/>\n&#8211; Cerreto Laghi. Die Graffer-DSB wenn ge\u00f6ffnet w\u00e4re (und das sollte sie, aber vmtl. nur bei gen\u00fcgend Andrang? Bzw. lt. Facebook-Hinweise auf der Homepage d\u00fcrfte wohl derzeit nur noch an der oberen 3SB Skibetrieb sein!?).<br \/>\n&#8211; Pratospilla. Wie letzte Mal gemerkt, die Abfahrt an der Nascivera-DSB ist langweilig, der SL w\u00e4re interessant und evtl. das letzte Jahr heuer (irgendwas hab ich da gelesen), aber die Website hat &#8211; im Gegensatz zu fr\u00fcher &#8211; keine Info \u00fcber Lift\u00f6ffnung mehr. Noch nicht mal ob \u00fcberhaupt ofen ist.<br \/>\n&#8211; Febbio, Sant&#8217;Anna, Ospidaletto usw. gibt&#8217;s ganz oder teilweise nicht mehr, lohnt sich nicht.<br \/>\n&#8211; Abetone fand ich letztes Jahr auch nicht so spannend<br \/>\n&#8211; &#8230;<\/p>\n<p>Anstatt dass es mehr Schnee h\u00e4tte hat es nun noch weniger, und statt dass mehr Lifte offen w\u00e4ren, sind nun weniger offen &#8211; es macht also absolut keinen Sinn, hier noch einen 2. Tag zu bleiben. Zumal auch das Wetter, das egtl. ab \u00fcbermorgen h\u00e4tte sonnig werden sollen, nun eher schlecht weitergehen soll, w\u00e4hrend es im Piemont sch\u00f6n bleiben soll. Den Weg hierher h\u00e4tte ich mir also schenken k\u00f6nnen. Ein Hotel f\u00fcr morgen Abend hab ich richtung Piemont zwar lange gesucht, aber nichts g\u00fcnstiges und g\u00fcnstig gelegenes gefunden. Werd ich also mal bei einem altbekannten Hotel nachschauen, sollte ich morgen Nachmittag nicht zu sp\u00e4t abfahren &#8230;<\/p>\n","protected":false},"excerpt":{"rendered":"<p>Tag 7, 27.12.2013 &#8211; Lurisia<\/p>\n<p>Heute ging es mal wieder nach Lurisia, dass ich mir ja aufgrund seines Nostalgie-Charakters auf &#8220;so gut wie j\u00e4hrlich&#8221; gesetzt hab.<\/p>\n<p>An der Kasse angekommen, empfing mich ein vertrautes Gesicht &#8211; der Italiener, der im simolimo-Forum aktiv ist und der mich letztes Fr\u00fchjahr zuf\u00e4llig in Prali erkannt hatte, sa\u00df hinter <a href=\"http:\/\/blog.inmontanis.info\/?p=2580\">[&#8230;]<\/a><\/p>\n","protected":false},"author":1,"featured_media":0,"comment_status":"open","ping_status":"closed","sticky":false,"template":"","format":"standard","meta":{"footnotes":""},"categories":[127,15,231,59,27],"tags":[44,90,80,47],"class_list":["post-2580","post","type-post","status-publish","format-standard","hentry","category-2013-12-weihnachten","category-italienitaly","category-lurisia","category-nostalgie","category-skifahren-winterskiing-winter","tag-2eub","tag-infrarot","tag-marchisio","tag-sl","odd"],"_links":{"self":[{"href":"http:\/\/blog.inmontanis.info\/index.php?rest_route=\/wp\/v2\/posts\/2580","targetHints":{"allow":["GET"]}}],"collection":[{"href":"http:\/\/blog.inmontanis.info\/index.php?rest_route=\/wp\/v2\/posts"}],"about":[{"href":"http:\/\/blog.inmontanis.info\/index.php?rest_route=\/wp\/v2\/types\/post"}],"author":[{"embeddable":true,"href":"http:\/\/blog.inmontanis.info\/index.php?rest_route=\/wp\/v2\/users\/1"}],"replies":[{"embeddable":true,"href":"http:\/\/blog.inmontanis.info\/index.php?rest_route=%2Fwp%2Fv2%2Fcomments&post=2580"}],"version-history":[{"count":1,"href":"http:\/\/blog.inmontanis.info\/index.php?rest_route=\/wp\/v2\/posts\/2580\/revisions"}],"predecessor-version":[{"id":2581,"href":"http:\/\/blog.inmontanis.info\/index.php?rest_route=\/wp\/v2\/posts\/2580\/revisions\/2581"}],"wp:attachment":[{"href":"http:\/\/blog.inmontanis.info\/index.php?rest_route=%2Fwp%2Fv2%2Fmedia&parent=2580"}],"wp:term":[{"taxonomy":"category","embeddable":true,"href":"http:\/\/blog.inmontanis.info\/index.php?rest_route=%2Fwp%2Fv2%2Fcategories&post=2580"},{"taxonomy":"post_tag","embeddable":true,"href":"http:\/\/blog.inmontanis.info\/index.php?rest_route=%2Fwp%2Fv2%2Ftags&post=2580"}],"curies":[{"name":"wp","href":"https:\/\/api.w.org\/{rel}","templated":true}]}}