{"id":2577,"date":"2013-12-26T18:40:35","date_gmt":"2013-12-26T17:40:35","guid":{"rendered":"http:\/\/blog.inmontanis.info\/?p=2577"},"modified":"2023-08-01T21:49:17","modified_gmt":"2023-08-01T19:49:17","slug":"25-12-26-12-pian-del-frais","status":"publish","type":"post","link":"http:\/\/blog.inmontanis.info\/?p=2577","title":{"rendered":"25.12. + Pian del Frais, 26.12.2013"},"content":{"rendered":"<p>Tag 5, 25.12.2013<\/p>\n<p>Ausschlafen und Fr\u00fchst\u00fccken? Oder Fr\u00fchst\u00fcck einsparen und fr\u00fch los fahren, denn bis Auron f\u00e4hrt man von hier aus noch 3 Stunden. Hab mich f\u00fcr letzteres entschieden und kam um 11 Uhr in Auron bzw. in Saint-Etienne-de-Tin\u00e9e an, nachdem die Fahrt bis dort hin schon sehr abenteuerlich war. Starkregen, Steine, Wasserf\u00e4lle, tiefe Pf\u00fctzen auf den Stra\u00dfen &#8211; ich hatte schon die Bef\u00fcrchtung, hier nachmittags nicht mehr rauszukommen.<\/p>\n<p>Gondelbahn vom Tal hinauf war zwar in Betrieb, die folgenden Lifte, besser gesagt ca. die rechten 2\/3 des Skigebietes, waren heute wg. des schlechten Wetters leider nicht in Betrieb.<\/p>\n<p>H\u00e4tte also nach Auron rauffahren m\u00fcssen, was ich mir bei dem zu erwartenden starken Schneefalls &#8211; und des gering ge\u00f6ffneten Gebiets &#8211; aber nicht antun wollte. Wenigstens kam ich somit problemlos aus den T\u00e4lern wieder raus&#8230;<\/p>\n<p>Fotos, anklicken zum Verg\u00f6\u00dfern:<br \/>\n<a href='http:\/\/extra.inmontanis.info\/d\/19617-2\/DSC01519.jpg'><img src=http:\/\/extra.inmontanis.info\/d\/19616-3\/DSC01519.jpg \/><\/a><br \/>\n^ und beim Reinfahren zuvor war der Wasserfall noch weiter in der Mitte!<\/p>\n<p>So ging&#8217;s richtung Nizza weiter und dort am Rand noch mal kurz in einen Quick, bissl was essen, und weiter auf der Autobahn nach Italien. Wo ja egtl. die Schneefallgrenze h\u00e4tte tiefer sein sollen. Aber bei 14\u00b0C an der Meerautobahn kann man davon ausgehen, dass die Fahrt \u00fcber den Pass bei Garessio, der so auf 1300\/1400m ist, ebenfalls problemlos machbar sein wird.<\/p>\n<p>Das war er dann auch. Allerdings war nat\u00fcrlich weder Garessio noch St. Gr\u00e9e heute ge\u00f6ffnet -entweder wg. des 1. Weihnachtsfeiertags (wo manche ital. Skigebiete generell zu haben) oder wg. des schlechten Wetters. Jedenfalls hat man nirgends wei\u00dfe Baumspitzen gesehen, d.h. es hat zumindest am Nachmittag bis mind. 1800m geregnet. Na super. <\/p>\n<p>So kam ich schon um kurz nach 16 Uhr im Hotel Gelsi an, wo ich schon letzes Weihnachten war, und wo ich ja gestern 2 Tage HP reserviert hatte. Da noch das weihnachtliche Mittagessen im Gang war, waren die Parkpl\u00e4tze ziemlich voll &#8211; zum Gl\u00fcck hat man ja heutzutag R\u00e4der am Gep\u00e4ck. <\/p>\n<p>Der einzige Gast scheine ich heuer &#8220;leider&#8221; auch nicht zu sein (beim Abendessen schon), ein Dauerlaberer scheint im Nachbarszimmer zu sein&#8230; Wlan-Empfang ist in diesem Zimmer leider auch etwas schlecht&#8230; Ich vermute ja, dass, wenn man so vorbeikommen w\u00fcrde und nach einem Zimmer f\u00fcr 1-2 Tage jetzt an den Feiertagen fragen w\u00fcrde, man keine Halbpension bekommen w\u00fcrde. Und fr\u00fchst\u00fccken &#8220;darf&#8221; ich morgen auch erst ab 8:30 &#8211; aber weil das Wetter morgen fr\u00fch eh nicht so dolle werden soll, ist&#8217;s mir diesmal egal. <\/p>\n<p>Am n\u00e4chsten Abend war ich \u00fcbrigens auch wieder der einzige Gast beim Abendessen, das Zimmer nebenan blieb die 2. Nacht leer und das Essen war am 2. Abend besser als am ersten. Im Prinzip wei\u00df ich das ganze nat\u00fcrlich zu sch\u00e4tzen, aber ich hab das im Januar und Februar und M\u00e4rz schon \u00f6fters in Italien erlebt, dass ich der einzige oder einer von zwei G\u00e4sten war. Warum man &#8211; im Falle des ersten Tages &#8211; bei 2 G\u00e4sten im Hotel diese in 2 nebeneinanderliegenden Zimmer stecken muss, leuchtet mir aber nicht ein. Und die W\u00e4nde geh\u00f6hren hier wohl zum &#8220;d\u00fcnnsten Drittel&#8221;. Selbst normale Bettgespr\u00e4che konnte ich nach Mitternacht problemlos mith\u00f6ren..<\/p>\n<p>Wetterberichtsm\u00e4\u00dfig schaut&#8217;s f\u00fcr morgen weiterhin nicht besonders aus, wobei es im Westen besser als im S\u00fcden werden soll. Und am Samstag soll&#8217;s auch noch mal schlecht werden. Evtl. fahr ich Sa+So+Mo schon ins Appennin und Di+Mi dann nochmal hier her zur\u00fcck, evtl. ginge dann mehr, denn Moro in Frabosa ist momentan noch zu.<\/p>\n<p>Tag 6, 26.12.2013 &#8211; Pian del Frais<\/p>\n<p>Der Wetterbericht heute fr\u00fch meldete sogar noch schlechter als gestern Abend. Sollte es gestern Abend im Bereich Pontechianale-Crissolo noch ganz brauchbar werden (Trocken, Schleierwolken), so stand heute auch dort ganztags Schneefall am Programm. Einzig im Bereich zwischen Susatal und Aosta sollte es zumindest nur leicht schneien. Aktueller Liftstatus von Lurisia: Heute wie gestern geschlossen. Von Frabosa gab&#8217;s nix aktuelles (au\u00dfer geschlossen mit gestrigem Datum). Von den anderen Kleingebieten hier in der Gegend waren keine aktuellen Infos zu finden.<\/p>\n<p>Bardonecchia? Soweit ich den Liftstatus verstehe gehen 1 oder 2 SL am Rand nicht, die wollte ich dort unbedingt fahren. Usseglio und Pian del Frais war ich erst letztes Jahr, wobei Usseglio noch l\u00e4nger weit weg w\u00e4re, Sauze d&#8217;Oulx wollt ich nochmal fahren. Webcams von Usseglio und Frais zeigten gute Sicht und bereits Leute. Also dann nach Frais. Vor Chiomonte hab ich kurz den Schneebericht der Via Lattea gecheckt &#8211; die 2 SL in Oulx d\u00fcrften wohl laufen, also dann mal dort hin.<\/p>\n<p>Leider war die Parkplatzsituation Starli-Feindlich. Klein und Voll und\/oder geb\u00fchrenpflichtig und\/oder weit von den Bahnen entfernt. Nach 3 angefahrenen Bahnen hatte ich dann keine Lust mehr. Mit ein Grund f\u00fcr einen nah zu einer Bahn befindlichen Parkplatz war, dass ich ebenfalls im Internet die Skipasspreise angesehen hatte und dort nur von einer Tageskarte und einer Nachmittagskarte ab 13 Uhr die Rede war. Und ich h\u00e4tte um 12\/12:30 nicht mehr den vollen Tageskartenpreis zahlen wollen.<\/p>\n<p>Also ging&#8217;s doch wieder zur\u00fcck nach Chiomonte, Pian del Frais. Vielleicht w\u00e4re ja das obere St\u00fcck des SL heute offen, das ich letztes Jahr zu Fu\u00df rauf musste. Kurz nach 13 Uhr war ich an der Kasse, genau richtig zur Nachmittagskarte, die ebenfalls erst ab 13 Uhr golt und 17,- \u20ac kostete.<\/p>\n<p>An der Bergstation der DSB gab es dann ein kleines Missgeschick &#8211; die Plattform besteht aus schmalen Metallraster und bem Aufstehen verkeilten sich mein Skist\u00f6cke (wie so h\u00e4ufig) im Metall. Anstatt dass der Bedienstete den Lift anhielt, hat er versucht mich wegzuzerren. Irgendwann gelang das und ich sah, dass ich nur noch einen halben Skistock in der Hand hielt. Wo ist der andere? Ich suchte einige Zeit vergeblich, bis ich ihn im Netz vor der Station sah. Der Liftler holte eine Schneeschaufel, brachte das Netz in Schwingungen, und mein halber Skistock fiel hinunter zur Stra\u00dfe, wo ich ihn holen durfte.<\/p>\n<p>Vermutlich hatte ich Gl\u00fcck, dass es sich bei dem Stecken um meinen Foto-Stecken handelte, denn der war ja wie ein Wanderstock zu verstellen, und irgendwann mit genug Gewalt kann man die einzelnen Teile eben rausziehen. So konnte ich den Stecken wieder problemlos zusammenstecken, ohne einen sichtbaren Defekt zu haben. Beim anderen Stecken ist allerdings die Spitze, also der Bereich unter dem Teller, verbogen. Ob er damit nun besser oder schlechter im Schnee stecken bleiben wird, wird sich zeigen.<\/p>\n<p>Jedenfalls war das noch nicht das einzige \u00c4rgernis. Nat\u00fcrlich war das obere St\u00fcck des SL wieder nicht ge\u00f6ffnet. Trotz mehr Schnee als letztes Jahr. Auf Nachfrage, ob das St\u00fcck denn immer geschlossen sei, antwortete man mir, dass dort noch Schneemangel herrsche. Hm. vmtl. ist das Teilst\u00fcck oben genauso selten offen wie der VWK2 in Hochgurgl.<\/p>\n<p>Pr\u00e4pariert waren diesmal sogar nur 2 Abfahrten, die anderen Varianten waren unpr\u00e4pariert, und die rechte Abfahrt am SL war heute gar ganz geschlossen. Pr\u00e4parationsvorbereitung f\u00fcr ein Rennen oder so. Hrx. Nerv^y. Einzig das Wetter hielt, es war die ganze Zeit trocken und die Sicht gut.<\/p>\n<p><a href='http:\/\/extra.inmontanis.info\/d\/19613-2\/ge_2013xmas2.jpg'><img src=http:\/\/extra.inmontanis.info\/d\/19612-3\/ge_2013xmas2.jpg \/><\/a><br \/>\nE) H\u00e4tte Auron werden sollen, fiel aber ins Wasser<br \/>\nF) Pian del Frais<\/p>\n<p><a href='http:\/\/ski.inmontanis.info\/d\/171285-2\/DSC01527.jpg'><img src=http:\/\/ski.inmontanis.info\/d\/171284-3\/DSC01527.jpg \/><\/a><br \/>\n^ DSB \/ Ankunft im Skigebiet<\/p>\n<p><a href='http:\/\/ski.inmontanis.info\/d\/171289-2\/ge-20131226.jpg'><img src=http:\/\/ski.inmontanis.info\/d\/171288-3\/ge-20131226.jpg \/><\/a><br \/>\n^ GPS-Track 2012 (rot) + 2013 (gelb)<\/p>\n<p>Kurz nachdem ich ankam, wurde die obere DSB geschlossen. Um 15:15 war die DSB wieder offen &#8211; und der lange SL eingestellt. Also ist das neuerdings Programm, dass DSB und SL abwechselnd in Betrieb genommen werden, solang nicht so viele Leute da sind, dass es sich lohnt, beide gleichzeitig fahren zu lassen? Allerdings sind nat\u00fcrlich oberhalb der DSB die interessanteren Pistenst\u00fccke, so dass ich eben nach einer Fahrt ins Tal bin und mautfrei ohne Autobahn ins Hotel zur\u00fcck fuhr. <\/p>\n<p>Kurz nach Turin hatte es wieder geregnet, bis zum Hotel. Zumindest Wetterm\u00e4\u00dfig hatte ich heute dann doch alles richtig gemacht.<\/p>\n<p>Fazit &#8211; ob ich&#8217;s noch ein drittes Mal probieren werde, ist wohl fraglich. Fest steht allerdings, dass das jetzt mein 6. Urlaubstag war und ich noch in keinem der Gebiete in IT und FR war, in die ich egtl. h\u00e4tte fahren wollen :)<\/p>\n<p>Wetterm\u00e4\u00dfig das n\u00e4chste Problem ist Samstag, soll im Piemont wieder recht schlecht werden, nur im \u00f6stlichen Teil des n\u00f6rdlichen Appennins solls noch etwas besser werden. Nun, mal gecheckt, wie es dort ausschaut &#8211; von dem vorhergesagten Schnee der letzten Tage ist wohl auch nicht viel geworden, teilweise hat es auch dort so viel und so weit rauf geregnet, dass inzwischen weniger offen scheint als Mitte Dezember. <\/p>\n<p>Die Webcams am n\u00e4chsten Morgen waren eindeutig &#8211; w\u00e4hrend es im Piemont nach dem Regen noch eine Menge und tief hinab geschneit hat, schien das im n\u00f6rdl. Appennin ausgeblieben zu sein. Webcams auf 1400m zeigten ein Bild wie vom letzten Skitag im Fr\u00fchjahr &#8211; einzelne Schneefetzen und Schneewasserpf\u00fctzen &#8230; Kann gut sein, dass ich wieder einmal s\u00e4mtliche geplante Appennin-Ziele auslassen muss und evtl. sogar nach nur einem Tag trotz des weiten Weges wieder zur\u00fcck ins Piemont kehre &#8230;<\/p>\n<p>Jedenfalls ist das Zimmerbuchen mit booking.com Fluch und Segen. Segen, weil man sich f\u00fcr&#8217;s -vermeintlich- g\u00fcnstigste Hotel entscheidet, dass auf den Weg liegt und bei dem steht, dass es WLan in allen Bereichen hat und Parkpl\u00e4tze gratis vor Ort sind; weil man abends nicht lang ein Hotel suchen muss. Fluch, weil man meist nur \u00dcF buchen kann. Weil manchmal die \u00f6ffentlichen Parkpl\u00e4tze vor Ort vielleicht nicht ausreichend sind. Weil man einen Tag vorher schon buchen muss (zumindest machts anders wenig Sinn) und nicht so flexibel auf&#8217;s Wetter reagieren kann. Weil man manchmal vor Ort ein g\u00fcnstiges Hotel mit HP finden kann&#8230;<\/p>\n<p>(Fortsetzung folgt, morgen wieder mit mehr Bilder und weniger Text!)<\/p>\n","protected":false},"excerpt":{"rendered":"<p>Tag 5, 25.12.2013<\/p>\n<p>Ausschlafen und Fr\u00fchst\u00fccken? Oder Fr\u00fchst\u00fcck einsparen und fr\u00fch los fahren, denn bis Auron f\u00e4hrt man von hier aus noch 3 Stunden. Hab mich f\u00fcr letzteres entschieden und kam um 11 Uhr in Auron bzw. in Saint-Etienne-de-Tin\u00e9e an, nachdem die Fahrt bis dort hin schon sehr abenteuerlich war. Starkregen, Steine, Wasserf\u00e4lle, tiefe Pf\u00fctzen <a href=\"http:\/\/blog.inmontanis.info\/?p=2577\">[&#8230;]<\/a><\/p>\n","protected":false},"author":1,"featured_media":0,"comment_status":"open","ping_status":"closed","sticky":false,"template":"","format":"standard","meta":{"footnotes":""},"categories":[127,16,15,431,27],"tags":[38,86],"class_list":["post-2577","post","type-post","status-publish","format-standard","hentry","category-2013-12-weihnachten","category-france","category-italienitaly","category-pian-del-frais","category-skifahren-winterskiing-winter","tag-dsb","tag-wasserfall","odd"],"_links":{"self":[{"href":"http:\/\/blog.inmontanis.info\/index.php?rest_route=\/wp\/v2\/posts\/2577","targetHints":{"allow":["GET"]}}],"collection":[{"href":"http:\/\/blog.inmontanis.info\/index.php?rest_route=\/wp\/v2\/posts"}],"about":[{"href":"http:\/\/blog.inmontanis.info\/index.php?rest_route=\/wp\/v2\/types\/post"}],"author":[{"embeddable":true,"href":"http:\/\/blog.inmontanis.info\/index.php?rest_route=\/wp\/v2\/users\/1"}],"replies":[{"embeddable":true,"href":"http:\/\/blog.inmontanis.info\/index.php?rest_route=%2Fwp%2Fv2%2Fcomments&post=2577"}],"version-history":[{"count":2,"href":"http:\/\/blog.inmontanis.info\/index.php?rest_route=\/wp\/v2\/posts\/2577\/revisions"}],"predecessor-version":[{"id":2579,"href":"http:\/\/blog.inmontanis.info\/index.php?rest_route=\/wp\/v2\/posts\/2577\/revisions\/2579"}],"wp:attachment":[{"href":"http:\/\/blog.inmontanis.info\/index.php?rest_route=%2Fwp%2Fv2%2Fmedia&parent=2577"}],"wp:term":[{"taxonomy":"category","embeddable":true,"href":"http:\/\/blog.inmontanis.info\/index.php?rest_route=%2Fwp%2Fv2%2Fcategories&post=2577"},{"taxonomy":"post_tag","embeddable":true,"href":"http:\/\/blog.inmontanis.info\/index.php?rest_route=%2Fwp%2Fv2%2Ftags&post=2577"}],"curies":[{"name":"wp","href":"https:\/\/api.w.org\/{rel}","templated":true}]}}