{"id":2568,"date":"2013-12-22T23:54:18","date_gmt":"2013-12-22T22:54:18","guid":{"rendered":"http:\/\/blog.inmontanis.info\/?p=2568"},"modified":"2023-07-30T21:09:28","modified_gmt":"2023-07-30T19:09:28","slug":"la-clusaz-22-12-2013","status":"publish","type":"post","link":"http:\/\/blog.inmontanis.info\/?p=2568","title":{"rendered":"La Clusaz, 22.12.2013"},"content":{"rendered":"<p>Tag 2, 22.12.2013 &#8211; La Clusaz<\/p>\n<p>Fr\u00fchst\u00fcck gab&#8217;s wg. Wochenende heute im ibis-budget leider erst ab 7:30 Uhr, so war ich &#8211; mit ca. 1,5h Fahrt &#8211; erst um 10 Uhr an der Kasse in La Clusaz. <\/p>\n<p>Die Wahl fiel auf La Clusaz, weil die n\u00e4heren Gebiete, die mich interessieren, entweder noch nicht offen waren oder nur ganz wenig offen hatten, w\u00e4hrend in La Clusaz schon fast alle Lifte ge\u00f6ffnet waren.<\/p>\n<p>Leider wurde mal wieder keine meiner Keycards akzeptiert, also musste ich um 1,50 \u20ac eine weitere Skidata-Karte kaufen. Immerhin war die Tageskarte wg. der geringen Schneeh\u00f6hen verg\u00fcnstigt (31,- statt 34,80) &#8211; so dass mich das diesmal nicht gest\u00f6rt hatte. Wenn man nur w\u00fcsste, ob La Plagne, Les Arcs oder Courchevell auch solche Verg\u00fcnstigungen h\u00e4tten, dann w\u00fcrd ich glatt morgen mal vorbei fahren. Normalpreise sind mir dort jedenfalls zu teuer.<\/p>\n<p>La Clusaz\/Manigod besteht egtl. aus mehreren Teilgebieten, die teilweise leider mit langen, schiebetr\u00e4chtigen Skiwegen verbunden sind. Fall man eine Woche hier ist, wird man wohl nicht gl\u00fccklich, wenn man jeden Tag in jedes Teilgebiet fahren will- da sollte man sich lieber tageweise f\u00fcr den einen oder anderen Sektor begn\u00fcgen.<\/p>\n<p>Das Wetter blieb einigerma\u00dfen sonnig, wobei das Skigebiet leider gro\u00dfteils recht schattig ist zu dieser Jahreszeit. Schneem\u00e4\u00dfig war&#8217;s teilweise sehr knapp, ein paar Verbindungen waren erdig bzw. noch geschlossen.<\/p>\n<p>Der direkte Bereich in La Clusaz (beide Seiten vom Ort hinauf) war zumindest nachmittags extrem voll (wg. Wartezeiten bin ich dann auch nicht die 3KSB gefahren), ebenso der Sonnenteil am Manigod-Sektor am Morgen, ansonsten war&#8217;s in der Hinsicht ok. <\/p>\n<p>In Summe fand ich&#8217;s OK, man kann sich&#8217;s durchaus mal anschauen, gibt auch einige nette, steile KSSL. Meinereiner wird in den n\u00e4chsten 10 Jahren aber wohl kein zweites Mal kommen, da es noch genug andere Skigebiete in FR gibt bzw. mir gewisse kleinere, die ich noch mal besuchen m\u00f6chte, halt besser gefallen haben.<\/p>\n<p>Fotos, anklickbar zum Vergr\u00f6\u00dfern:<\/p>\n<p><a href='http:\/\/extra.inmontanis.info\/d\/19613-2\/ge_2013xmas2.jpg'><img src=http:\/\/extra.inmontanis.info\/d\/19612-3\/ge_2013xmas2.jpg \/><\/a><br \/>\nB) La Clusaz<\/p>\n<p><a href='http:\/\/ski.inmontanis.info\/d\/171034-3\/DSC01377.jpg'><img src=http:\/\/ski.inmontanis.info\/d\/171033-4\/DSC01377.jpg \/><\/a><br \/>\n^ Pistenplan<\/p>\n<p><a href='http:\/\/ski.inmontanis.info\/d\/171038-3\/ge20131222.jpg'><img src=http:\/\/ski.inmontanis.info\/d\/171037-4\/ge20131222.jpg \/><\/a><br \/>\n^ GPS-Track (84 km)<\/p>\n<p><a href='http:\/\/ski.inmontanis.info\/d\/170942-3\/DSC01320.jpg'><img src=http:\/\/ski.inmontanis.info\/d\/170941-4\/DSC01320.jpg \/><\/a><br \/>\n^ Die sonnigen, leichten H\u00e4nge von Manigod. An der SB rechts war&#8217;s mir zu voll, die lie\u00df ich aus :)<\/p>\n<p><a href='http:\/\/ski.inmontanis.info\/d\/170946-3\/DSC01321.jpg'><img src=http:\/\/ski.inmontanis.info\/d\/170945-4\/DSC01321.jpg \/><\/a><br \/>\n^ Manigod R\u00fcckseite \/ Croix Fry<\/p>\n<p><a href='http:\/\/ski.inmontanis.info\/d\/170950-3\/DSC01322.jpg'><img src=http:\/\/ski.inmontanis.info\/d\/170949-4\/DSC01322.jpg \/><\/a><br \/>\n^ ebendort, KSSL Grand Cr\u00eat, nettes Teil. Gegen\u00fcber der Skigebietsteil Beauregard<\/p>\n<p><a href='http:\/\/ski.inmontanis.info\/d\/170954-3\/DSC01325.jpg'><img src=http:\/\/ski.inmontanis.info\/d\/170953-4\/DSC01325.jpg \/><\/a><br \/>\n^ Abfahrt an der 4SB Belvedere, gegen\u00fcber (mittig-rechts) Beauregard<\/p>\n<p><a href='http:\/\/ski.inmontanis.info\/d\/170958-3\/DSC01327.jpg'><img src=http:\/\/ski.inmontanis.info\/d\/170957-4\/DSC01327.jpg \/><\/a><br \/>\n^ Telemix Etale (links) und Verbindungs-GPB Transval<\/p>\n<p><a href='http:\/\/ski.inmontanis.info\/d\/170962-3\/DSC01329.jpg'><img src=http:\/\/ski.inmontanis.info\/d\/170961-4\/DSC01329.jpg \/><\/a><br \/>\n^ Urige Poma-KDSB Combe des Juments, Abfahrten hier runter waren noch keine ge\u00f6ffnet<\/p>\n<p><a href='http:\/\/ski.inmontanis.info\/d\/170966-3\/DSC01331.jpg'><img src=http:\/\/ski.inmontanis.info\/d\/170965-4\/DSC01331.jpg \/><\/a><br \/>\n^ Talstation KDSB Combe des Juments<\/p>\n<p><a href='http:\/\/ski.inmontanis.info\/d\/170970-3\/DSC01333.jpg'><img src=http:\/\/ski.inmontanis.info\/d\/170969-4\/DSC01333.jpg \/><\/a><br \/>\n^ KDSB Combe des Juments<\/p>\n<p><a href='http:\/\/ski.inmontanis.info\/d\/170974-3\/DSC01336.jpg'><img src=http:\/\/ski.inmontanis.info\/d\/170973-4\/DSC01336.jpg \/><\/a><br \/>\n^ KDSB Combe des Juments<\/p>\n<p><a href='http:\/\/ski.inmontanis.info\/d\/170978-3\/DSC01345.jpg'><img src=http:\/\/ski.inmontanis.info\/d\/170977-4\/DSC01345.jpg \/><\/a><br \/>\n^ An der Bergstation der KDSB angekommen, Blick zur 4SB Aiguille. Die beiden schr\u00e4gen Lifte waren noch nicht in Betrieb, links unter der Frankreich-Flagge die Bergstation der EUB Fernuy, die in Betrieb war, und deren Abfahrt ge\u00f6ffnet, aber wg. geringer Schneeh\u00f6he nicht pr\u00e4pariert war.<\/p>\n<p><a href='http:\/\/ski.inmontanis.info\/d\/170982-3\/DSC01350.jpg'><img src=http:\/\/ski.inmontanis.info\/d\/170981-4\/DSC01350.jpg \/><\/a><br \/>\n^ EUB Balme &#8211; Stehgondeln wie daneben die EUB Fernuy<\/p>\n<p><a href='http:\/\/ski.inmontanis.info\/d\/170986-3\/DSC01353.jpg'><img src=http:\/\/ski.inmontanis.info\/d\/170985-4\/DSC01353.jpg \/><\/a><br \/>\n^ Bergstation EUB Balme, Talstationen 3SB Bergerie + 4SB Col de Balme<\/p>\n<p><a href='http:\/\/ski.inmontanis.info\/d\/170990-3\/DSC01354.jpg'><img src=http:\/\/ski.inmontanis.info\/d\/170989-4\/DSC01354.jpg \/><\/a><br \/>\n^ 3SB Bergerie, im Tal dahinter liegt der SL Torchere<\/p>\n<p><a href='http:\/\/ski.inmontanis.info\/d\/170994-3\/DSC01355.jpg'><img src=http:\/\/ski.inmontanis.info\/d\/170993-4\/DSC01355.jpg \/><\/a><br \/>\n^ 4SB Col de Balme<\/p>\n<p><a href='http:\/\/ski.inmontanis.info\/d\/170998-3\/DSC01358.jpg'><img src=http:\/\/ski.inmontanis.info\/d\/170997-4\/DSC01358.jpg \/><\/a><br \/>\n^ 4SB Col de Balme<\/p>\n<p>On- wie Offpiste waren hier sehr gute Schneeverh\u00e4ltnisse, und das beste an der 4SB ist, dass man ein tolles Pano hat.<\/p>\n<p><a href='http:\/\/ski.inmontanis.info\/d\/171002-3\/DSC01359.jpg'><img src=http:\/\/ski.inmontanis.info\/d\/171001-4\/DSC01359.jpg \/><\/a><br \/>\n^ R\u00fcckseiten-Pano am Col de Balme (Mont Blanc rechts)<\/p>\n<p><a href='http:\/\/ski.inmontanis.info\/d\/171006-3\/DSC01361.jpg'><img src=http:\/\/ski.inmontanis.info\/d\/171005-4\/DSC01361.jpg \/><\/a><br \/>\n^ R\u00fcckseiten-Pano am Col de Balme &#8211; da sind einige Skigebiete im Blickfeld!<\/p>\n<p><a href='http:\/\/ski.inmontanis.info\/d\/171010-3\/DSC01363.jpg'><img src=http:\/\/ski.inmontanis.info\/d\/171009-4\/DSC01363.jpg \/><\/a><br \/>\n^ Abfahrt Les Crintiaux an der 4SB Col de Balme<\/p>\n<p><a href='http:\/\/ski.inmontanis.info\/d\/171014-3\/DSC01365.jpg'><img src=http:\/\/ski.inmontanis.info\/d\/171013-4\/DSC01365.jpg \/><\/a><br \/>\n^ Offpiste-H\u00e4nge an der 4SB Col de Balme<\/p>\n<p><a href='http:\/\/ski.inmontanis.info\/d\/171018-3\/DSC01367.jpg'><img src=http:\/\/ski.inmontanis.info\/d\/171017-4\/DSC01367.jpg \/><\/a><br \/>\n^ SL Torchere, leider nur eine Abfahrt offen<\/p>\n<p><a href='http:\/\/ski.inmontanis.info\/d\/171022-3\/DSC01373.jpg'><img src=http:\/\/ski.inmontanis.info\/d\/171021-4\/DSC01373.jpg \/><\/a><br \/>\n^ Cr\u00eat du Merle, Clusaz Hauptort, Beauregard<\/p>\n<p><a href='http:\/\/ski.inmontanis.info\/d\/171026-3\/DSC01374.jpg'><img src=http:\/\/ski.inmontanis.info\/d\/171025-4\/DSC01374.jpg \/><\/a><br \/>\n^ KSSL N\u00e9v\u00e9 auf halber H\u00f6he der Talabfahrt der EUB Beauregard. Auch ein netter KSSL :)<\/p>\n<p><a href='http:\/\/ski.inmontanis.info\/d\/171030-3\/DSC01375.jpg'><img src=http:\/\/ski.inmontanis.info\/d\/171029-4\/DSC01375.jpg \/><\/a><br \/>\n^ Talabfahrt Beauregard mit Blick r\u00fcber Cret du Merle \/ Loup, Aiguille (rechts oben) und Balme (mittiglinks oben)<\/p>\n<p>\u00dcbernachtet wird heute &#8211; wie gestern bereits gesagt &#8211; in Albertville im Fasthotel, in dem ich hier noch gar nicht war (war immer im ibis budget und dann vor Grenoble im Fasthotel), WLAN ist wohl zu weit weg oder geht nicht, aber eins mit einem anderen Namen funktioniert, soll mir recht sein :)<\/p>\n<p>Das Problem, wenn man f\u00fcr den n\u00e4chsten Tag ein Zimmer buchen m\u00f6chte, ist, dass man sich nicht nur entscheiden muss, wo man morgen hinf\u00e4hrt, sondern auch, in welche Gegend man \u00fcbermorgen hin will.<\/p>\n<p>Verkompliziert wird&#8217;s dann noch mit \u00fcber\u00fcbermorgen, das ja auch gewisserma\u00dfen schon ber\u00fccksichtigt werden will. Fahr ich z.B. morgen nach Val Cenis (weil dort schon viel offen ist) und \u00fcbermorgen nochmal in die Gegend Megeve\/Flaine, werd ich \u00fcber\u00fcbermorgen ja nicht wieder durch die ganze Maurienne zum Fr\u00e9justunnel fahren wollen, den ich dann fahren m\u00fcsste, w\u00fcrde ich am Donnerstag in Bardonecchia fahren wollen. Alternativ k\u00f6nnte man am Mittwoch bei dem Schneefall auch nur irgendein Gebiet in den S\u00fcden auf den Weg nehmen, dort nur kurz bleiben, und den gro\u00dfen Umweg \u00fcber&#8217;s Mittelmeer machen und dann nur in der N\u00e4he von Cuneo bleiben und Bardonecchia mal wieder verschieben&#8230; <\/p>\n<p>Die mittleren P\u00e4sse Montgenevre und Col de Larche\/Madelaine k\u00f6nnten am Mittwoch Abend evtl. problematisch sein (bei 20-50cm Neuschnee, mittlerweile wird eh kein ganzer Meter mehr prognostiziert) und ansonsten bleiben ja nur die beiden teuren Tunnels Mont Blanc und Frejus&#8230; Man k\u00f6nnte aber ja auch am Donnerstag noch in Frankreich in den S\u00fcdalpen bleiben und erst am Freitag Italien anfahren, denn am Donnerstag soll es auf beiden Seiten der Alpen sehr sonnig werden&#8230;<\/p>\n<p>Hach! Was k\u00f6nnte die Reiseplanung so einfach sein, wenn es doch blo\u00df 12 Tage Sonnenschein geben w\u00fcrde :) Fix scheint jedenfalls, dass \u00fcbermorgen in den frz. Alpen das Wetter besser sein soll, und zwar je weiter man in den Norden (bzw. vom Hauptkamm weg) geht.<\/p>\n<p>Nachdem ich mit dem Fr\u00fchst\u00fcck am n\u00e4chsten Morgen nicht ganz gl\u00fccklich war, hab ich f\u00fcr die n\u00e4chste Nacht gar nichts gebucht, sondern werde einfach auf gut Gl\u00fcck das wenige Euro teurere ibis-budget wieder hier in Albertville anfahren, da ich wg. des Wetters nun doch noch einen Tag l\u00e4nger in der Gegend bleibe.<\/p>\n","protected":false},"excerpt":{"rendered":"<p>Tag 2, 22.12.2013 &#8211; La Clusaz<\/p>\n<p>Fr\u00fchst\u00fcck gab&#8217;s wg. Wochenende heute im ibis-budget leider erst ab 7:30 Uhr, so war ich &#8211; mit ca. 1,5h Fahrt &#8211; erst um 10 Uhr an der Kasse in La Clusaz. <\/p>\n<p>Die Wahl fiel auf La Clusaz, weil die n\u00e4heren Gebiete, die mich interessieren, entweder noch nicht offen <a href=\"http:\/\/blog.inmontanis.info\/?p=2568\">[&#8230;]<\/a><\/p>\n","protected":false},"author":1,"featured_media":0,"comment_status":"open","ping_status":"closed","sticky":false,"template":"","format":"standard","meta":{"footnotes":""},"categories":[127,243,16,27],"tags":[55,49,56,38,48,52,47],"class_list":["post-2568","post","type-post","status-publish","format-standard","hentry","category-2013-12-weihnachten","category-clusaz","category-france","category-skifahren-winterskiing-winter","tag-3sb","tag-4sb","tag-6sb","tag-dsb","tag-kssl","tag-pb","tag-sl","odd"],"_links":{"self":[{"href":"http:\/\/blog.inmontanis.info\/index.php?rest_route=\/wp\/v2\/posts\/2568","targetHints":{"allow":["GET"]}}],"collection":[{"href":"http:\/\/blog.inmontanis.info\/index.php?rest_route=\/wp\/v2\/posts"}],"about":[{"href":"http:\/\/blog.inmontanis.info\/index.php?rest_route=\/wp\/v2\/types\/post"}],"author":[{"embeddable":true,"href":"http:\/\/blog.inmontanis.info\/index.php?rest_route=\/wp\/v2\/users\/1"}],"replies":[{"embeddable":true,"href":"http:\/\/blog.inmontanis.info\/index.php?rest_route=%2Fwp%2Fv2%2Fcomments&post=2568"}],"version-history":[{"count":1,"href":"http:\/\/blog.inmontanis.info\/index.php?rest_route=\/wp\/v2\/posts\/2568\/revisions"}],"predecessor-version":[{"id":2569,"href":"http:\/\/blog.inmontanis.info\/index.php?rest_route=\/wp\/v2\/posts\/2568\/revisions\/2569"}],"wp:attachment":[{"href":"http:\/\/blog.inmontanis.info\/index.php?rest_route=%2Fwp%2Fv2%2Fmedia&parent=2568"}],"wp:term":[{"taxonomy":"category","embeddable":true,"href":"http:\/\/blog.inmontanis.info\/index.php?rest_route=%2Fwp%2Fv2%2Fcategories&post=2568"},{"taxonomy":"post_tag","embeddable":true,"href":"http:\/\/blog.inmontanis.info\/index.php?rest_route=%2Fwp%2Fv2%2Ftags&post=2568"}],"curies":[{"name":"wp","href":"https:\/\/api.w.org\/{rel}","templated":true}]}}