{"id":2566,"date":"2013-12-21T23:41:54","date_gmt":"2013-12-21T22:41:54","guid":{"rendered":"http:\/\/blog.inmontanis.info\/?p=2566"},"modified":"2023-08-05T14:43:42","modified_gmt":"2023-08-05T12:43:42","slug":"rothwald-21-12-2013","status":"publish","type":"post","link":"http:\/\/blog.inmontanis.info\/?p=2566","title":{"rendered":"Rothwald, 21.12.2013"},"content":{"rendered":"<p>Nachdem ich jahrelang freiwillig darauf verzichtet hab, \u00fcber Weihnachten weg zu fahren, war ich letztes Jahr ja \u00fcber das verl\u00e4ngerte Vorweihnachts- und Silvesterwochenende im Piemont unterwegs, wo ich weder sonderliche Wartezeiten hatte, noch Probleme eine Unterkunft zu finden &#8211; booking.com sei dank.<\/p>\n<p>Nachdem die Feiertage heuer etwas kuriosier fielen &#8211; 1 Tag arbeiten, frei, 1 Tag arbeiten, frei, 1 Tag arbeiten, frei &#8211; hab ich mich eben entschlossen, vom 21.12. bis 1.1. frei zu nehmen. Dank einiger Wochenendarbeit im Herbst hatte ich ausreichend Stunden auf dem Zeitausgleichskonto.<\/p>\n<p>Do, 19.12.2013<\/p>\n<p>Da ich morgen die Schnee- und Wetterberichte durchgehen muss, hab ich heute schon mal so weit alles gepackt &#8211; was sich definitiv als vorteilhaft herausstellen sollte.<\/p>\n<p>Fr, 20.12.2013<\/p>\n<p>Der Wetterbericht! Desastr\u00f6se Vorhersage, insbesondere f\u00fcr die Weihnachtsfeiertage und f\u00fcr die Zielgebiete Westalpen FR und IT. Puh. Vergessen wir&#8217;s? Kurzer Wetter- und Schneecheck anderer L\u00e4nder. Doch Polen &#038; CZ\/SK? Ne, lohnt auch nicht. Schottland? Da geht gar nix.<\/p>\n<p>Also gut. Vielleicht wird&#8217;s ja besser. Zimmer f\u00fcr morgen Abend im ibis-budget in Thonon am Genfersee reserviert &#8211; da kann man abends checken was irgendwo in der Gegend offen hat &#8211; aktuell gibt&#8217;s kaum Infos, da die Skigebiete in den franz\u00f6sischen Alpen meist erst am 21. aufmachen. 41,- + 5,95 \u20ac f\u00fcr&#8217;s Fr\u00fchst\u00fcck, das passt schon.<\/p>\n<p>Sa, 21.12.2013<\/p>\n<p>Wollte schon lang noch mal nach Rothwald, und da es einigerma\u00dfen brauchbar auf dem Weg zum Genfersee liegt und das Wetter in der Schweiz besser als in Italien sein soll, und lt. Schneebericht alle Lifte offen sein sollen, bin ich dort hin. Tageskarte 37,- CHF ab 11h, oberer SL war allerdings zu, was mich doch schwer ge\u00e4rgert hat.<\/p>\n<p>Nach einigen Fahrten bin ich gegen 14 Uhr zum oberen SL aufgestiegen, und als ich um 14:15 Uhr oben war &#8211; wurde er doch noch eingeschaltet. Grrr&#8230;<\/p>\n<p>Jedenfalls waren die Schneeverh\u00e4ltnisse recht schlecht, trotz Naturschnees, mit der Ausnahme einer Abfahrt. Und das Gebiet liegt momentan sehr schattig. Hatte mich mehrmals schwer ge\u00e4rgert, nicht gegen\u00fcber im sonnigeren Rosswald gefahren zu sein, wo ich noch nie war und auch mal hinwollte.. In Summe hatte es mir leider nicht so gut wie beim ersten Mal gefallen. Trotz des tollen, steilen SL (samt langer Holzbr\u00fccke und Bananenkurve).<\/p>\n<p>Da ich 2007 bereits in diesem Skigebiet war, hab ich diesmal nur wenig Fotos gemacht. Im Gegensatz zu 2007 gibt&#8217;s \u00fcbrigens nur noch Keycards (es wurde auf Skidata umgestellt).<\/p>\n<p>Fotos, anklickbar zum Vergr\u00f6\u00dfern:<\/p>\n<p><a href='http:\/\/extra.inmontanis.info\/d\/19613-2\/ge_2013xmas2.jpg'><img src=http:\/\/extra.inmontanis.info\/d\/19612-3\/ge_2013xmas2.jpg \/><\/a><br \/>\n^ Fahrstrecke 21.12.2013-1.1.2014<br \/>\nWieso E fehlt, weshalb es zu H kam und warum manche Strecken nicht gerade logisch sind, werdet ihr im Laufe der Berichte erfahren :)<br \/>\nA) Rothwald<\/p>\n<p><a href='http:\/\/ski.inmontanis.info\/d\/170889-2\/DSC01297.jpg'><img src=http:\/\/ski.inmontanis.info\/d\/170888-3\/DSC01297.jpg \/><\/a><br \/>\n^ Talstation und unterer Streckenteil, rechts die Simplonstra\u00dfe<\/p>\n<p><a href='http:\/\/ski.inmontanis.info\/d\/170893-2\/DSC01298.jpg'><img src=http:\/\/ski.inmontanis.info\/d\/170892-3\/DSC01298.jpg \/><\/a><br \/>\n^ Wolkenwalze \u00fcber dem Simplon<\/p>\n<p><a href='http:\/\/ski.inmontanis.info\/d\/170897-2\/DSC01300.jpg'><img src=http:\/\/ski.inmontanis.info\/d\/170896-3\/DSC01300.jpg \/><\/a><br \/>\n^ Oberer SL, leider erst sp\u00e4t nachmittags in Betrieb<\/p>\n<p><a href='http:\/\/ski.inmontanis.info\/d\/170901-2\/DSC01302.jpg'><img src=http:\/\/ski.inmontanis.info\/d\/170900-3\/DSC01302.jpg \/><\/a><br \/>\n^ Eine der Varianten der Au\u00dfenrum-Abfahrt<\/p>\n<p><a href='http:\/\/ski.inmontanis.info\/d\/170905-2\/DSC01305.jpg'><img src=http:\/\/ski.inmontanis.info\/d\/170904-3\/DSC01305.jpg \/><\/a><br \/>\n^ Schwarze Abfahrt<\/p>\n<p><a href='http:\/\/ski.inmontanis.info\/d\/170909-2\/DSC01306.jpg'><img src=http:\/\/ski.inmontanis.info\/d\/170908-3\/DSC01306.jpg \/><\/a><br \/>\n^ Kurvenst\u00fctze des unteren SL<\/p>\n<p><a href='http:\/\/ski.inmontanis.info\/d\/170913-2\/DSC01315.jpg'><img src=http:\/\/ski.inmontanis.info\/d\/170912-3\/DSC01315.jpg \/><\/a><br \/>\n^ Blick von oberhalb der Bergstation des 2. SL r\u00fcber zum ersten<\/p>\n<p><a href='http:\/\/ski.inmontanis.info\/d\/170917-2\/DSC01316.jpg'><img src=http:\/\/ski.inmontanis.info\/d\/170916-3\/DSC01316.jpg \/><\/a><br \/>\n^ Bester Schnee auf dieser Grat-Abfahrt vom oberen SL<\/p>\n<p><a href='http:\/\/ski.inmontanis.info\/d\/170921-2\/ge_20131221.jpg'><img src=http:\/\/ski.inmontanis.info\/d\/170920-3\/ge_20131221.jpg \/><\/a><br \/>\n^ GPS-Track; vom oberen SL gibt&#8217;s noch eine weitere Au\u00dfenrumabfahrt, die noch nicht ge\u00f6ffnet war.<\/p>\n<p>In Thonon ging&#8217;s noch zum Einkaufen &#8211; wer wei\u00df wie lang ich in Frankreich bin und die Gelegenheit hab. Auch wenn&#8217;s etwas m\u00fc\u00dfig ist, bereits am ersten Tag die gek\u00fchlten Produkte zu kaufen, denn viel Auswahl hatte ich wg. zu kurzer Mindesthaltbarkeitszeit nicht, und au\u00dferdem muss ich die K\u00fchlbox nun jeden Tag &#8220;pflegen&#8221; und k\u00fchl halten &#8230;<\/p>\n<p>Danach ging&#8217;s zum \u00fcblich verd\u00e4chtigen, endlich mal wieder zum Buffalo Grill :) Wie \u00fcblich sehr voll gewesen. Glaub die sind in ganz Frankreich eine Goldgrube. Kann man blo\u00df hoffen, dass ihnen das Schicksal vom Wienerwald erspart bleibt.<\/p>\n<p>Der Schneeberichts-Check war leider ern\u00fcchternd &#8211; nicht gerade viel M\u00f6glichkeiten, es liegt kaum Schnee, es ist kaum was offen in der Gegend, au\u00dferdem musste ich ja nicht nur f\u00fcr morgen, sondern auch die grobe Richtung f\u00fcr Montag raussuchen. Hab mir dann das Fasthotel in Albertville f\u00fcr morgen abend reserviert (paar Euro g\u00fcnstige als das Ibis-Budget, 36,- \u20ac und glaub 6,50 f\u00fcr&#8217;s Fr\u00fchst\u00fcck). <\/p>\n<p>Dem Wetterbericht nach machen die S\u00fcdalpen in den n\u00e4chsten Tagen  auch keinen Sinn, nur Montag besser, am Dienstag schon wieder schlechter, evtl. im Norden am DI noch sonniger &#8211; aber was bleibt mir hier schon noch?<\/p>\n","protected":false},"excerpt":{"rendered":"<p>Nachdem ich jahrelang freiwillig darauf verzichtet hab, \u00fcber Weihnachten weg zu fahren, war ich letztes Jahr ja \u00fcber das verl\u00e4ngerte Vorweihnachts- und Silvesterwochenende im Piemont unterwegs, wo ich weder sonderliche Wartezeiten hatte, noch Probleme eine Unterkunft zu finden &#8211; booking.com sei dank.<\/p>\n<p>Nachdem die Feiertage heuer etwas kuriosier fielen &#8211; 1 Tag arbeiten, frei, 1 <a href=\"http:\/\/blog.inmontanis.info\/?p=2566\">[&#8230;]<\/a><\/p>\n","protected":false},"author":1,"featured_media":0,"comment_status":"open","ping_status":"closed","sticky":false,"template":"","format":"standard","meta":{"footnotes":""},"categories":[127,713,14,27],"tags":[47],"class_list":["post-2566","post","type-post","status-publish","format-standard","hentry","category-2013-12-weihnachten","category-rothwald","category-swiss","category-skifahren-winterskiing-winter","tag-sl","odd"],"_links":{"self":[{"href":"http:\/\/blog.inmontanis.info\/index.php?rest_route=\/wp\/v2\/posts\/2566","targetHints":{"allow":["GET"]}}],"collection":[{"href":"http:\/\/blog.inmontanis.info\/index.php?rest_route=\/wp\/v2\/posts"}],"about":[{"href":"http:\/\/blog.inmontanis.info\/index.php?rest_route=\/wp\/v2\/types\/post"}],"author":[{"embeddable":true,"href":"http:\/\/blog.inmontanis.info\/index.php?rest_route=\/wp\/v2\/users\/1"}],"replies":[{"embeddable":true,"href":"http:\/\/blog.inmontanis.info\/index.php?rest_route=%2Fwp%2Fv2%2Fcomments&post=2566"}],"version-history":[{"count":1,"href":"http:\/\/blog.inmontanis.info\/index.php?rest_route=\/wp\/v2\/posts\/2566\/revisions"}],"predecessor-version":[{"id":2567,"href":"http:\/\/blog.inmontanis.info\/index.php?rest_route=\/wp\/v2\/posts\/2566\/revisions\/2567"}],"wp:attachment":[{"href":"http:\/\/blog.inmontanis.info\/index.php?rest_route=%2Fwp%2Fv2%2Fmedia&parent=2566"}],"wp:term":[{"taxonomy":"category","embeddable":true,"href":"http:\/\/blog.inmontanis.info\/index.php?rest_route=%2Fwp%2Fv2%2Fcategories&post=2566"},{"taxonomy":"post_tag","embeddable":true,"href":"http:\/\/blog.inmontanis.info\/index.php?rest_route=%2Fwp%2Fv2%2Ftags&post=2566"}],"curies":[{"name":"wp","href":"https:\/\/api.w.org\/{rel}","templated":true}]}}