{"id":2564,"date":"2013-12-14T18:20:29","date_gmt":"2013-12-14T17:20:29","guid":{"rendered":"http:\/\/blog.inmontanis.info\/?p=2564"},"modified":"2023-08-06T20:03:14","modified_gmt":"2023-08-06T18:03:14","slug":"solden-14-12-2013","status":"publish","type":"post","link":"http:\/\/blog.inmontanis.info\/?p=2564","title":{"rendered":"S\u00f6lden, 14.12.2013"},"content":{"rendered":"<p>Nachdem in S\u00f6lden inzwischen nahezu Vollbetrieb ist, hab ich heute den 2. (und somit vorletzten) S\u00f6lden-Tag meiner Regio-Card eingel\u00f6st.<\/p>\n<p>Nun-ja. W\u00fcrde man alle Pisten, die nicht steinig sind, schlie\u00dfen, bliebe nicht mehr viel \u00fcbrig. Ich bin da ja auch nicht sonderlich empfindlich, aber wenn ein St\u00fcck super geht und dann kommt pl\u00f6tzlich unerwartet und ohne Kennzeichnung St\u00fccke, die &#8220;gar nicht gehen&#8221; (Schuss und Durch und m\u00f6glichst wenig drehen \/ bremsen), ist das schon etwas nervig, und davon gab&#8217;s heute etliche F\u00e4lle.<\/p>\n<p>Ganz extrem war&#8217;s an der &#8220;Rostkr\u00fcppl&#8221; (kann man leichter aussprechen als &#8220;Ro\u00dfkirpl&#8221;) KSB zumindest im oberen Bereich rechts, wo ich gefahren bin, sowie die Abfahrt vom Gaislachkogl-Gipfel. Vergleichbar mit Obergurgl im November.<\/p>\n<p>Ansonsten waren die Pisten schon ok, Wartezeiten gab&#8217;s auch (meist) keine, gab kaum Knollen und kaum Eisplatten, am Gletscher war&#8217;s generell besser, mit Ausnahme eines kleinen Blankeis-St\u00fccks an der Tiefenbachbahn. Zum Kilometerfressen hat&#8217;s gereicht, und ich fand&#8217;s wesentlich angenehmer als letzten Samstag in SFL. Wobei in SFL letzten Samstag keine Steine waren.<\/p>\n<p>Gegen 9:20 war ich in der (sehr engen) Tiefgarage an der Gaislachkogl-Bahn, letzte Bergfahrt war um 15:50 mit der Langegg-KSB. Dazwischen hab ich 118 km (rauf &#038; runter) abgespult, war also alles recht z\u00fcgig fahrbar heute. <\/p>\n<p>Nebenbei war das heute evtl. das erste Mal, dass ich die Schwarzkogl-KSB fahren konnte, bin mir zwar nicht sicher, aber die 42 vorherigen Skitage, die ich bisher in S\u00f6lden war, waren eben mehrheitlich im Fr\u00fchjahr\/Sommer\/Herbst.<\/p>\n<p>Da ich schon haufenweise Fotos von S\u00f6lden hab (und ja auch erst vor kurzem einige gemacht hab), hab ich heute zur Abwechslung fast nur IR-Fotos gemacht.<\/p>\n<p>Fotos, anklicken zum Vergr\u00f6\u00dfern:<\/p>\n<p><a href='http:\/\/ski.inmontanis.info\/d\/170813-2\/DSC09257.jpg'><img src=http:\/\/ski.inmontanis.info\/d\/170812-3\/DSC09257.jpg \/><\/a><br \/>\n^ 3SB Wasserkar<\/p>\n<p><a href='http:\/\/ski.inmontanis.info\/d\/170817-2\/DSC09258.jpg'><img src=http:\/\/ski.inmontanis.info\/d\/170816-3\/DSC09258.jpg \/><\/a><br \/>\n^ 8EUB Gaislachkogl I<\/p>\n<p><a href='http:\/\/ski.inmontanis.info\/d\/170821-2\/DSC09260.jpg'><img src=http:\/\/ski.inmontanis.info\/d\/170820-3\/DSC09260.jpg \/><\/a><br \/>\n^ SL Gaislachalm, nett trassiert, hat nur leider keine eigene Abfahrt (nur unten und oben ein kurzes St\u00fcck)<\/p>\n<p><a href='http:\/\/ski.inmontanis.info\/d\/170825-2\/DSC09262.jpg'><img src=http:\/\/ski.inmontanis.info\/d\/170824-3\/DSC09262.jpg \/><\/a><br \/>\n^ 4KSB Heide, Bubbles mit Betonst\u00fctzen sind doch recht selten.<\/p>\n<p><a href='http:\/\/ski.inmontanis.info\/d\/170829-2\/DSC09266.jpg'><img src=http:\/\/ski.inmontanis.info\/d\/170828-3\/DSC09266.jpg \/><\/a><br \/>\n^ DSB Mittelstation f\u00fchrt von Innerwald hinauf zur &#8211; Mittelstation.<\/p>\n<p><a href='http:\/\/ski.inmontanis.info\/d\/170833-2\/DSC09267.jpg'><img src=http:\/\/ski.inmontanis.info\/d\/170832-3\/DSC09267.jpg \/><\/a><br \/>\n^ Innerwald<\/p>\n<p><a href='http:\/\/ski.inmontanis.info\/d\/170837-2\/DSC09270.jpg'><img src=http:\/\/ski.inmontanis.info\/d\/170836-3\/DSC09270.jpg \/><\/a><br \/>\n^ Gaislachkogl Mittelstation (in der DSB Mittelstation)<\/p>\n<p><a href='http:\/\/ski.inmontanis.info\/d\/170841-2\/DSC09272.jpg'><img src=http:\/\/ski.inmontanis.info\/d\/170840-3\/DSC09272.jpg \/><\/a><br \/>\n^ Talstation Gaislachkogl, interessanter (und funktionierender) Einstieg, die Drehkreuze schalten bei Andrang immer wieder auf Rot.<\/p>\n<p><a href='http:\/\/ski.inmontanis.info\/d\/170849-2\/DSC09273.jpg'><img src=http:\/\/ski.inmontanis.info\/d\/170848-3\/DSC09273.jpg \/><\/a><br \/>\n^ Golden Gate: 4KSBs Einzeiger und Schwarzkogl<\/p>\n<p><a href='http:\/\/ski.inmontanis.info\/d\/170845-2\/DSC01286.jpg'><img src=http:\/\/ski.inmontanis.info\/d\/170844-3\/DSC01286.jpg \/><\/a><br \/>\n^ 3S Gaislachkogl II. Aus fotografischer Sicht f\u00fcr dieses Bild w\u00e4re jede andere Farbe als Schwarz besser gewesen :)<\/p>\n<p><a href='http:\/\/ski.inmontanis.info\/d\/170853-2\/DSC09275.jpg'><img src=http:\/\/ski.inmontanis.info\/d\/170852-3\/DSC09275.jpg \/><\/a><br \/>\n^ DSB Gratl<\/p>\n<p><a href='http:\/\/ski.inmontanis.info\/d\/170857-2\/DSC09276.jpg'><img src=http:\/\/ski.inmontanis.info\/d\/170856-3\/DSC09276.jpg \/><\/a><br \/>\n^ 4KSB Hainbachkar und Funpark-Beschneiung. Ist anscheinend wichtiger als die vielen, vielen steinigen Stellen auf etlichen Pisten &#8230; (soll aber nicht hei\u00dfen, dass nicht gen\u00fcgend andere Kanonen auch in Betrieb waren!)<\/p>\n<p><a href='http:\/\/ski.inmontanis.info\/d\/170861-2\/DSC09277.jpg'><img src=http:\/\/ski.inmontanis.info\/d\/170860-3\/DSC09277.jpg \/><\/a><br \/>\n^ Pano an der Bergstation 4KSB Schwarzkogl zu den Bahnen am Rotkogljoch (unten in der Sonne)<\/p>\n<p><a href='http:\/\/ski.inmontanis.info\/d\/170869-2\/DSC01288.jpg'><img src=http:\/\/ski.inmontanis.info\/d\/170868-3\/DSC01288.jpg \/><\/a><br \/>\n^ R\u00fcckseiten-Pano 4KSB Schwarzkogl<\/p>\n<p><a href='http:\/\/ski.inmontanis.info\/d\/170865-2\/DSC01289.jpg'><img src=http:\/\/ski.inmontanis.info\/d\/170864-3\/DSC01289.jpg \/><\/a><br \/>\n^ Pano 4KSB Schwarzkogl<\/p>\n<p><a href='http:\/\/ski.inmontanis.info\/d\/170873-2\/DSC01290.jpg'><img src=http:\/\/ski.inmontanis.info\/d\/170872-3\/DSC01290.jpg \/><\/a><br \/>\n^ 4KSB Schwarzkogl Bergstation mit Blick zum Gaislachkogl (sozusagen das Gegen-Foto zum vor-vor-vor-vor-vor-letzten Bild :-)<\/p>\n<p>Danach ging&#8217;s zum Gletscher, wo nach 14 Uhr der Himmel bedeckt war, dazu war&#8217;s recht kalt &#8211; und da h\u00e4tte ich keine besseren Bilder als letztes Mal machen k\u00f6nnen.<\/p>\n<p>Was mich etwas gewundert hat, dass die SL Karleskogl + Panorama keine B\u00fcgel mehr hatten. Dass man sie im Hochwinter nicht in Betrieb nimmt, kann ich ja nachvollziehen, aber im M\u00e4rz + April w\u00e4ren die doch praktisch?!<\/p>\n<p><a href='http:\/\/ski.inmontanis.info\/d\/170877-2\/ge20131214a.jpg'><img src=http:\/\/ski.inmontanis.info\/d\/170876-3\/ge20131214a.jpg \/><\/a><br \/>\n^ GPS-Track 14.12.2013 (118 km inkl. Lifte, 2x 13233 hm)<\/p>\n","protected":false},"excerpt":{"rendered":"<p>Nachdem in S\u00f6lden inzwischen nahezu Vollbetrieb ist, hab ich heute den 2. (und somit vorletzten) S\u00f6lden-Tag meiner Regio-Card eingel\u00f6st.<\/p>\n<p>Nun-ja. W\u00fcrde man alle Pisten, die nicht steinig sind, schlie\u00dfen, bliebe nicht mehr viel \u00fcbrig. Ich bin da ja auch nicht sonderlich empfindlich, aber wenn ein St\u00fcck super geht und dann kommt pl\u00f6tzlich unerwartet und ohne <a href=\"http:\/\/blog.inmontanis.info\/?p=2564\">[&#8230;]<\/a><\/p>\n","protected":false},"author":1,"featured_media":0,"comment_status":"open","ping_status":"closed","sticky":false,"template":"","format":"standard","meta":{"footnotes":""},"categories":[25,13,27,897],"tags":[55,49,53,38,90],"class_list":["post-2564","post","type-post","status-publish","format-standard","hentry","category-noreport","category-austria","category-skifahren-winterskiing-winter","category-solden","tag-3sb","tag-4sb","tag-8eub","tag-dsb","tag-infrarot","odd"],"_links":{"self":[{"href":"http:\/\/blog.inmontanis.info\/index.php?rest_route=\/wp\/v2\/posts\/2564","targetHints":{"allow":["GET"]}}],"collection":[{"href":"http:\/\/blog.inmontanis.info\/index.php?rest_route=\/wp\/v2\/posts"}],"about":[{"href":"http:\/\/blog.inmontanis.info\/index.php?rest_route=\/wp\/v2\/types\/post"}],"author":[{"embeddable":true,"href":"http:\/\/blog.inmontanis.info\/index.php?rest_route=\/wp\/v2\/users\/1"}],"replies":[{"embeddable":true,"href":"http:\/\/blog.inmontanis.info\/index.php?rest_route=%2Fwp%2Fv2%2Fcomments&post=2564"}],"version-history":[{"count":1,"href":"http:\/\/blog.inmontanis.info\/index.php?rest_route=\/wp\/v2\/posts\/2564\/revisions"}],"predecessor-version":[{"id":2565,"href":"http:\/\/blog.inmontanis.info\/index.php?rest_route=\/wp\/v2\/posts\/2564\/revisions\/2565"}],"wp:attachment":[{"href":"http:\/\/blog.inmontanis.info\/index.php?rest_route=%2Fwp%2Fv2%2Fmedia&parent=2564"}],"wp:term":[{"taxonomy":"category","embeddable":true,"href":"http:\/\/blog.inmontanis.info\/index.php?rest_route=%2Fwp%2Fv2%2Fcategories&post=2564"},{"taxonomy":"post_tag","embeddable":true,"href":"http:\/\/blog.inmontanis.info\/index.php?rest_route=%2Fwp%2Fv2%2Ftags&post=2564"}],"curies":[{"name":"wp","href":"https:\/\/api.w.org\/{rel}","templated":true}]}}