{"id":2558,"date":"2013-11-29T22:58:06","date_gmt":"2013-11-29T21:58:06","guid":{"rendered":"http:\/\/blog.inmontanis.info\/?p=2558"},"modified":"2023-08-06T22:01:19","modified_gmt":"2023-08-06T20:01:19","slug":"kalender-2014","status":"publish","type":"post","link":"http:\/\/blog.inmontanis.info\/?p=2558","title":{"rendered":"Kalender 2014"},"content":{"rendered":"<p>Wie schon letztes Jahr stell ich euch auch heuer wieder meinen Kalender kostenlos zum Drucken (aber nicht zum Weiterverkaufen) zur Verf\u00fcgung.<\/p>\n<p>(Hatte mir zwar \u00fcberlegt, ihn offiziell zum Verkauf anzubieten, gibt ja da einige Dienste, aber schlussendlich ist mir das doch alles zu stressig)<\/p>\n<p>Hab im Gegensatz zum letzten Jahr eine etwas ver\u00e4nderte Schrift genommen und die Schrift im Kalendarium etwas vergr\u00f6\u00dfert, sollte jetzt besser lesbar sein.<\/p>\n<p>PDF, 60 MB, in A3 angelegt mit 2mm Anschnitt:<br \/>\n<a href='http:\/\/ski.inmontanis.info\/0alpinforum\/kalender-2014-4.pdf'>http:\/\/ski.inmontanis.info\/0alpinforum\/kalender-2014-4.pdf<\/a><\/p>\n<p>Und hier die einzelnen Monate, ich geb zu, es ist etwas Poebenen- und Norwegenlastig geworden, aber unterm Strich haben mir diese Motive besser gefallen als viele andere&#8230;.<\/p>\n<p><img src=http:\/\/ski.inmontanis.info\/0alpinforum\/kalender2014-00.jpg \/><\/p>\n<p><img src=http:\/\/ski.inmontanis.info\/0alpinforum\/kalender2014-01.jpg \/><\/p>\n<p><img src=http:\/\/ski.inmontanis.info\/0alpinforum\/kalender2014-02.jpg \/><\/p>\n<p><img src=http:\/\/ski.inmontanis.info\/0alpinforum\/kalender2014-03.jpg \/><\/p>\n<p><img src=http:\/\/ski.inmontanis.info\/0alpinforum\/kalender2014-04.jpg \/><\/p>\n<p><img src=http:\/\/ski.inmontanis.info\/0alpinforum\/kalender2014-05.jpg \/><\/p>\n<p><img src=http:\/\/ski.inmontanis.info\/0alpinforum\/kalender2014-06.jpg \/><\/p>\n<p><img src=http:\/\/ski.inmontanis.info\/0alpinforum\/kalender2014-07.jpg \/><\/p>\n<p><img src=http:\/\/ski.inmontanis.info\/0alpinforum\/kalender2014-08.jpg \/><\/p>\n<p><img src=http:\/\/ski.inmontanis.info\/0alpinforum\/kalender2014-09.jpg \/><\/p>\n<p><img src=http:\/\/ski.inmontanis.info\/0alpinforum\/kalender2014-10.jpg \/><\/p>\n<p><img src=http:\/\/ski.inmontanis.info\/0alpinforum\/kalender2014-11.jpg \/><\/p>\n<p><img src=http:\/\/ski.inmontanis.info\/0alpinforum\/kalender2014-12.jpg \/><\/p>\n","protected":false},"excerpt":{"rendered":"<p>Wie schon letztes Jahr stell ich euch auch heuer wieder meinen Kalender kostenlos zum Drucken (aber nicht zum Weiterverkaufen) zur Verf\u00fcgung.<\/p>\n<p>(Hatte mir zwar \u00fcberlegt, ihn offiziell zum Verkauf anzubieten, gibt ja da einige Dienste, aber schlussendlich ist mir das doch alles zu stressig)<\/p>\n<p>Hab im Gegensatz zum letzten Jahr eine etwas ver\u00e4nderte Schrift genommen <a href=\"http:\/\/blog.inmontanis.info\/?p=2558\">[&#8230;]<\/a><\/p>\n","protected":false},"author":1,"featured_media":0,"comment_status":"open","ping_status":"closed","sticky":false,"template":"","format":"standard","meta":{"footnotes":""},"categories":[911],"tags":[],"class_list":["post-2558","post","type-post","status-publish","format-standard","hentry","category-kalender","odd"],"_links":{"self":[{"href":"http:\/\/blog.inmontanis.info\/index.php?rest_route=\/wp\/v2\/posts\/2558","targetHints":{"allow":["GET"]}}],"collection":[{"href":"http:\/\/blog.inmontanis.info\/index.php?rest_route=\/wp\/v2\/posts"}],"about":[{"href":"http:\/\/blog.inmontanis.info\/index.php?rest_route=\/wp\/v2\/types\/post"}],"author":[{"embeddable":true,"href":"http:\/\/blog.inmontanis.info\/index.php?rest_route=\/wp\/v2\/users\/1"}],"replies":[{"embeddable":true,"href":"http:\/\/blog.inmontanis.info\/index.php?rest_route=%2Fwp%2Fv2%2Fcomments&post=2558"}],"version-history":[{"count":2,"href":"http:\/\/blog.inmontanis.info\/index.php?rest_route=\/wp\/v2\/posts\/2558\/revisions"}],"predecessor-version":[{"id":9327,"href":"http:\/\/blog.inmontanis.info\/index.php?rest_route=\/wp\/v2\/posts\/2558\/revisions\/9327"}],"wp:attachment":[{"href":"http:\/\/blog.inmontanis.info\/index.php?rest_route=%2Fwp%2Fv2%2Fmedia&parent=2558"}],"wp:term":[{"taxonomy":"category","embeddable":true,"href":"http:\/\/blog.inmontanis.info\/index.php?rest_route=%2Fwp%2Fv2%2Fcategories&post=2558"},{"taxonomy":"post_tag","embeddable":true,"href":"http:\/\/blog.inmontanis.info\/index.php?rest_route=%2Fwp%2Fv2%2Ftags&post=2558"}],"curies":[{"name":"wp","href":"https:\/\/api.w.org\/{rel}","templated":true}]}}