{"id":2556,"date":"2013-11-30T22:57:49","date_gmt":"2013-11-30T21:57:49","guid":{"rendered":"http:\/\/blog.inmontanis.info\/?p=2556"},"modified":"2023-08-06T20:34:03","modified_gmt":"2023-08-06T18:34:03","slug":"hochgurgl-obergurgl-30-11-2013","status":"publish","type":"post","link":"http:\/\/blog.inmontanis.info\/?p=2556","title":{"rendered":"Hochgurgl-Obergurgl, 30.11.2013"},"content":{"rendered":"<p>Nachdem dieses Wochenende anscheinend kein anderes Skigebiet auf der Regio-Card aufgemacht hatte (und ich nichts besseres gefunden hatte), ging&#8217;s heute nach 2 Wochen noch mal nach Gurgl.<\/p>\n<p>Als ich um 11:45 ankam, schien die Sonne schon ganz brauchbar, bis 14:30 sollte es dann sogar 2-3 Stunden wolkenlos bleiben, bevor eine Wolkenschicht nochmal Nebel, Schneefall und K\u00e4lte brachte.<\/p>\n<p>Da inzwischen einiges offen war &#8211; und man auch einige noch geschlossene Pisten schon gut fahren konnte &#8211; war es eine gute Erg\u00e4nzung zum letzten Besuch, und das Wetter war ja auch besser als gemeldet. H\u00e4tte ich mich ge\u00e4rgert, wenn ich daheim geblieben w\u00e4re :)<\/p>\n<p>Schneem\u00e4\u00dfig gab&#8217;s alles, vom tollen Pulver \u00fcber Steine, Knollen bis hin zu eisglatten Stellen.<\/p>\n<p>Fotos, anklicken zum Vergr\u00f6\u00dfern (1536x):<\/p>\n<p>Erst mal noch ein Foto vom 17.11.:<\/p>\n<p><a href='http:\/\/ski.inmontanis.info\/d\/170373-2\/DSC01032.jpg'><img src=http:\/\/ski.inmontanis.info\/d\/170372-3\/DSC01032.jpg \/><\/a><br \/>\n^ Talabfahrt 17.11. &#8211; gut, etwas schneearm an einigen Teilen, da musste man schon abschnallen &#8230;<\/p>\n<p>Zur\u00fcck zum 30.11.:<\/p>\n<p><a href='http:\/\/ski.inmontanis.info\/d\/170377-2\/DSC01035.jpg'><img src=http:\/\/ski.inmontanis.info\/d\/170376-3\/DSC01035.jpg \/><\/a><br \/>\n^ Parkplatz um 11:45 g\u00e4hnend leer<\/p>\n<p><a href='http:\/\/ski.inmontanis.info\/d\/170381-2\/DSC01037.jpg'><img src=http:\/\/ski.inmontanis.info\/d\/170380-3\/DSC01037.jpg \/><\/a><br \/>\n^ SL Kirchenkar, netterweise auch schon offen<\/p>\n<p><a href='http:\/\/ski.inmontanis.info\/d\/170385-2\/DSC01038.jpg'><img src=http:\/\/ski.inmontanis.info\/d\/170384-3\/DSC01038.jpg \/><\/a><br \/>\n^ Verbindungsbahn Topexpress. Die Talabfahrt hier zur 6EUB war schneem\u00e4\u00dfig wohl die steinigste heute.<\/p>\n<p><a href='http:\/\/ski.inmontanis.info\/d\/170389-2\/DSC01040.jpg'><img src=http:\/\/ski.inmontanis.info\/d\/170388-3\/DSC01040.jpg \/><\/a><br \/>\n^ Bin an der Hohen-Mut-Bergstation zum kleinen Gipfel aufgestiegen. Hier das Gel\u00e4nde hinter der Bahn. Zwei kleine SL am Grat w\u00e4ren irgendwie cool :) (Ok, und eine KSB rechts hinten das Kar hinauf auch.)<\/p>\n<p><a href='http:\/\/ski.inmontanis.info\/d\/170393-2\/DSC01042.jpg'><img src=http:\/\/ski.inmontanis.info\/d\/170392-3\/DSC01042.jpg \/><\/a><br \/>\n^ Noch geschlossene Naturschneeabfahrt 17 an der 6KSB Steinmann &#8211; dank fehlenden Kuntschnees super zu fahren<\/p>\n<p><a href='http:\/\/ski.inmontanis.info\/d\/170397-2\/DSC01043.jpg'><img src=http:\/\/ski.inmontanis.info\/d\/170396-3\/DSC01043.jpg \/><\/a><br \/>\n^ Variante Steinmann-6KSB<\/p>\n<p><a href='http:\/\/ski.inmontanis.info\/d\/170401-2\/DSC01047.jpg'><img src=http:\/\/ski.inmontanis.info\/d\/170400-3\/DSC01047.jpg \/><\/a><br \/>\n^ Interessantes Farbenspiel am Nachmittag<\/p>\n<p><a href='http:\/\/ski.inmontanis.info\/d\/170405-2\/DSC01049.jpg'><img src=http:\/\/ski.inmontanis.info\/d\/170404-3\/DSC01049.jpg \/><\/a><br \/>\n^ Hochgurgl um 16:10, da war&#8217;s  talausw\u00e4rts besser&#8230;<\/p>\n<p><a href='http:\/\/ski.inmontanis.info\/d\/170409-2\/ge-201311gurgl.jpg'><img src=http:\/\/ski.inmontanis.info\/d\/170408-3\/ge-201311gurgl.jpg \/><\/a><br \/>\n^ GPS-Track 17.11.2013 (blau) und 30.11.2013 (rot) &#8211; hat sich doch ganz gut erg\u00e4nzt.<\/p>\n","protected":false},"excerpt":{"rendered":"<p>Nachdem dieses Wochenende anscheinend kein anderes Skigebiet auf der Regio-Card aufgemacht hatte (und ich nichts besseres gefunden hatte), ging&#8217;s heute nach 2 Wochen noch mal nach Gurgl.<\/p>\n<p>Als ich um 11:45 ankam, schien die Sonne schon ganz brauchbar, bis 14:30 sollte es dann sogar 2-3 Stunden wolkenlos bleiben, bevor eine Wolkenschicht nochmal Nebel, Schneefall und <a href=\"http:\/\/blog.inmontanis.info\/?p=2556\">[&#8230;]<\/a><\/p>\n","protected":false},"author":1,"featured_media":0,"comment_status":"open","ping_status":"closed","sticky":false,"template":"","format":"standard","meta":{"footnotes":""},"categories":[902,25,13,27],"tags":[56,53],"class_list":["post-2556","post","type-post","status-publish","format-standard","hentry","category-ober-hochgurgl","category-noreport","category-austria","category-skifahren-winterskiing-winter","tag-6sb","tag-8eub","odd"],"_links":{"self":[{"href":"http:\/\/blog.inmontanis.info\/index.php?rest_route=\/wp\/v2\/posts\/2556","targetHints":{"allow":["GET"]}}],"collection":[{"href":"http:\/\/blog.inmontanis.info\/index.php?rest_route=\/wp\/v2\/posts"}],"about":[{"href":"http:\/\/blog.inmontanis.info\/index.php?rest_route=\/wp\/v2\/types\/post"}],"author":[{"embeddable":true,"href":"http:\/\/blog.inmontanis.info\/index.php?rest_route=\/wp\/v2\/users\/1"}],"replies":[{"embeddable":true,"href":"http:\/\/blog.inmontanis.info\/index.php?rest_route=%2Fwp%2Fv2%2Fcomments&post=2556"}],"version-history":[{"count":1,"href":"http:\/\/blog.inmontanis.info\/index.php?rest_route=\/wp\/v2\/posts\/2556\/revisions"}],"predecessor-version":[{"id":2557,"href":"http:\/\/blog.inmontanis.info\/index.php?rest_route=\/wp\/v2\/posts\/2556\/revisions\/2557"}],"wp:attachment":[{"href":"http:\/\/blog.inmontanis.info\/index.php?rest_route=%2Fwp%2Fv2%2Fmedia&parent=2556"}],"wp:term":[{"taxonomy":"category","embeddable":true,"href":"http:\/\/blog.inmontanis.info\/index.php?rest_route=%2Fwp%2Fv2%2Fcategories&post=2556"},{"taxonomy":"post_tag","embeddable":true,"href":"http:\/\/blog.inmontanis.info\/index.php?rest_route=%2Fwp%2Fv2%2Ftags&post=2556"}],"curies":[{"name":"wp","href":"https:\/\/api.w.org\/{rel}","templated":true}]}}