{"id":2554,"date":"2013-11-16T22:54:51","date_gmt":"2013-11-16T21:54:51","guid":{"rendered":"http:\/\/blog.inmontanis.info\/?p=2554"},"modified":"2023-08-06T20:03:19","modified_gmt":"2023-08-06T18:03:19","slug":"solden-16-11-2013","status":"publish","type":"post","link":"http:\/\/blog.inmontanis.info\/?p=2554","title":{"rendered":"S\u00f6lden, 16.11.2013"},"content":{"rendered":"<p>Heut ging&#8217;s (nach 3 Jahren) mal wieder nach S\u00f6lden. Wollte ja egtl. erst Giggijoch rauf, aber kurz vor S\u00f6lden hab ich mir gedacht, dass es von den Wartezeiten an den Liften wohl sinnvoller sein k\u00f6nnte, umgekehrt zu fahren und bin dann am Giggijochparkplatz vorbei &#8230;<\/p>\n<p>&#8230; wie fast alle Fahrzeuge vor und hinter mir. H\u00f6? Doch die falsche Entscheidung?<\/p>\n<p>&#8230; nach der Abzweigung zur Gletscherstra\u00dfe&#8230; H\u00f6? Kaum einer vor mir, nur 2 hinter mir? Sind die alle nach Gurgl weiter? Ja krass&#8230;<\/p>\n<p>Zum Gletscher sind aber auch viele Busse gefahren &#8211; was bergw\u00e4rts insofern m\u00fc\u00dfig war, da bei 4-5 Bussen hintereinander kaum noch ein PKW mehr \u00fcberholen konnte.<\/p>\n<p>Gegen 9:15 war ich am Tiefenbachferner, der Parkplatz wurde heute nicht mal halb voll. Bin dann alle Lifte mal abgefahren, weil die ja schon sch\u00f6n in der Sonne liegen, dann wurde es mir doch zu voll hier. R\u00fcber zum Rettenbachferner und 1x die 4KSB rauf (SS war mir zu voll), dann weiter zum Giggijoch. <\/p>\n<p>Dort doch mehr gegangen als ich bef\u00fcrchtet hatte, ein paar Abfahrtsvarianten waren offen und auch Offpiste konnte man ohne all zu viel Feindkontakt etliches fahren. <\/p>\n<p>In Summe hab ich heut ca. 4x warten m\u00fcssen, jeweils 1-2 Minuten, allerdings h\u00e4tte ich jedes Mal auch einen anderen Lift fahren k\u00f6nnen. Ansonsten ging&#8217;s egtl. immer gleich zum Einstieg. Und wenn der Zugang an der Tiefenbachferner-8EUB nicht immer noch so bescheiden w\u00e4re, w\u00fcrden die Gondeln auch besser gef\u00fcllt werden und es w\u00e4ren weniger Wartezeiten.<\/p>\n<p>Pisten waren im Prinzip recht gut, hier und da hat&#8217;s mal etwas geknirscht, die eine oder andere Eisplatte am Gletscher hab ich auch gesehen, und die eine oder andere Piste wurde im Laufe des Tages verbuckelt &#8211; ganz schlimm die Standardabfahrt am Tiefenbachferner.<\/p>\n<p>Um kurz vor 16 Uhr bin ich mit dem SL Panorama noch mal rauf, da fand ich im Trainingsareal noch jungfr\u00e4uliche Pistenraupenspuren (abseits des abgebauten Kurses) &#8211; sch\u00f6n.<\/p>\n<p>Beim Runterfahren gab&#8217;s dann ab kurz vor Hochs\u00f6lden etwas Verkehr, 10-30 km\/h, bis S\u00f6lden durch. Naja, wohl normal. Bzw. hatte ich auch schon mal schlimmeres hier erlebt.<\/p>\n<p>Fotos, anklicken zum Vergr\u00f6\u00dfern (jetzt auch die Gro\u00dfen):<\/p>\n<p><a href='http:\/\/ski.inmontanis.info\/d\/170321-2\/DSC01005.jpg'><img src=http:\/\/ski.inmontanis.info\/d\/170320-3\/DSC01005.jpg \/><\/a><br \/>\n^ Tiefenbachferner morgens schon sch\u00f6n in der Sonne<\/p>\n<p><a href='http:\/\/ski.inmontanis.info\/d\/170325-2\/DSC01010.jpg'><img src=http:\/\/ski.inmontanis.info\/d\/170324-3\/DSC01010.jpg \/><\/a><br \/>\n^ SL Panorama<\/p>\n<p><a href='http:\/\/ski.inmontanis.info\/d\/170329-2\/DSC01011.jpg'><img src=http:\/\/ski.inmontanis.info\/d\/170328-3\/DSC01011.jpg \/><\/a><br \/>\n^ Pano von der Bergstation SL Panorama zum Tiefenbachferner-Skigebiet<\/p>\n<p><a href='http:\/\/ski.inmontanis.info\/d\/170333-2\/DSC01014.jpg'><img src=http:\/\/ski.inmontanis.info\/d\/170332-3\/DSC01014.jpg \/><\/a><br \/>\n^ &#8230; und in Gegenrichtung. Jetzt wird&#8217;s mir zu voll hier ;)<\/p>\n<p><a href='http:\/\/ski.inmontanis.info\/d\/170337-2\/DSC01015.jpg'><img src=http:\/\/ski.inmontanis.info\/d\/170336-3\/DSC01015.jpg \/><\/a><br \/>\n^ Offpiste von der SS-Bergstation runter zur Seiterkar-Abfahrt sind auch schon einige. Mir war&#8217;s unten noch zu steinig, im Fr\u00fchjahr dann.<\/p>\n<p><a href='http:\/\/ski.inmontanis.info\/d\/170341-2\/DSC01017.jpg'><img src=http:\/\/ski.inmontanis.info\/d\/170340-3\/DSC01017.jpg \/><\/a><br \/>\n^ Vergleichsfoto SL Karleskogl<\/p>\n<p>Vergleich September 2009:<br \/>\n<img src=http:\/\/ski.inmontanis.info\/d\/103858-3\/P1430943.JPG \/><\/p>\n<p><a href='http:\/\/ski.inmontanis.info\/d\/170345-2\/DSC01019.jpg'><img src=http:\/\/ski.inmontanis.info\/d\/170344-3\/DSC01019.jpg \/><\/a><br \/>\n^ 4SBs Seekogl &#8211; Einzeiger und hinten Rettenbachferner<\/p>\n<p><a href='http:\/\/ski.inmontanis.info\/d\/170349-2\/DSC01022.jpg'><img src=http:\/\/ski.inmontanis.info\/d\/170348-3\/DSC01022.jpg \/><\/a><br \/>\n^ Noch geschlossen: alternative Abfahrt zum Giggijoch. Offpiste ohne all zu viel Feindkontakt machbar.<\/p>\n<p><a href='http:\/\/ski.inmontanis.info\/d\/170353-2\/DSC01023.jpg'><img src=http:\/\/ski.inmontanis.info\/d\/170352-3\/DSC01023.jpg \/><\/a><br \/>\n^ 8KSB Giggijoch, hatte heute die steinigste Piste. Aber trotzdem unproblematisch.<\/p>\n<p><a href='http:\/\/ski.inmontanis.info\/d\/170357-2\/DSC01024.jpg'><img src=http:\/\/ski.inmontanis.info\/d\/170356-3\/DSC01024.jpg \/><\/a><br \/>\n^ Giggijoch Zentrum \/ Hochs\u00f6lden<\/p>\n<p><a href='http:\/\/ski.inmontanis.info\/d\/170361-2\/DSC01027.jpg'><img src=http:\/\/ski.inmontanis.info\/d\/170360-3\/DSC01027.jpg \/><\/a><br \/>\n^ Vor ein paar Jahren ging hier mal ein Weg zur Aussichtsplattform oberhalb der Bergstation Schwarze Schneid &#8211; mittlerweile nix mehr davon zu sehen.<\/p>\n<p><a href='http:\/\/ski.inmontanis.info\/d\/170365-2\/DSC01028.jpg'><img src=http:\/\/ski.inmontanis.info\/d\/170364-3\/DSC01028.jpg \/><\/a><br \/>\n^ Fernsicht in die Dolomiten h\u00e4tte heute nicht besser sein k\u00f6nnen.<\/p>\n<p><a href='http:\/\/ski.inmontanis.info\/d\/170369-2\/ge_20131116e.jpg'><img src=http:\/\/ski.inmontanis.info\/d\/170368-3\/ge_20131116e.jpg \/><\/a><br \/>\n^ GPS-Track 16.11.2013, mit Liften dann doch \u00fcber 100 km gewesen, obwohl ich&#8217;s meist eher langsam angegangen bin ;)<\/p>\n<p>In Summe wohl der beste Skitag in diesem Herbst. Ob die Wartezeiten umgekehrt mehr gewesen w\u00e4ren? Ich denke schon. Zumindest zu der Zeit, als ich \u00fcber&#8217;s Golden Gate gegondelt bin, war in der Gegenrichtung jeweils mehr los.<\/p>\n","protected":false},"excerpt":{"rendered":"<p>Heut ging&#8217;s (nach 3 Jahren) mal wieder nach S\u00f6lden. Wollte ja egtl. erst Giggijoch rauf, aber kurz vor S\u00f6lden hab ich mir gedacht, dass es von den Wartezeiten an den Liften wohl sinnvoller sein k\u00f6nnte, umgekehrt zu fahren und bin dann am Giggijochparkplatz vorbei &#8230;<\/p>\n<p>&#8230; wie fast alle Fahrzeuge vor und hinter mir. H\u00f6? <a href=\"http:\/\/blog.inmontanis.info\/?p=2554\">[&#8230;]<\/a><\/p>\n","protected":false},"author":1,"featured_media":0,"comment_status":"open","ping_status":"closed","sticky":false,"template":"","format":"standard","meta":{"footnotes":""},"categories":[25,13,27,897],"tags":[49,57,47],"class_list":["post-2554","post","type-post","status-publish","format-standard","hentry","category-noreport","category-austria","category-skifahren-winterskiing-winter","category-solden","tag-4sb","tag-8sb","tag-sl","odd"],"_links":{"self":[{"href":"http:\/\/blog.inmontanis.info\/index.php?rest_route=\/wp\/v2\/posts\/2554","targetHints":{"allow":["GET"]}}],"collection":[{"href":"http:\/\/blog.inmontanis.info\/index.php?rest_route=\/wp\/v2\/posts"}],"about":[{"href":"http:\/\/blog.inmontanis.info\/index.php?rest_route=\/wp\/v2\/types\/post"}],"author":[{"embeddable":true,"href":"http:\/\/blog.inmontanis.info\/index.php?rest_route=\/wp\/v2\/users\/1"}],"replies":[{"embeddable":true,"href":"http:\/\/blog.inmontanis.info\/index.php?rest_route=%2Fwp%2Fv2%2Fcomments&post=2554"}],"version-history":[{"count":1,"href":"http:\/\/blog.inmontanis.info\/index.php?rest_route=\/wp\/v2\/posts\/2554\/revisions"}],"predecessor-version":[{"id":2555,"href":"http:\/\/blog.inmontanis.info\/index.php?rest_route=\/wp\/v2\/posts\/2554\/revisions\/2555"}],"wp:attachment":[{"href":"http:\/\/blog.inmontanis.info\/index.php?rest_route=%2Fwp%2Fv2%2Fmedia&parent=2554"}],"wp:term":[{"taxonomy":"category","embeddable":true,"href":"http:\/\/blog.inmontanis.info\/index.php?rest_route=%2Fwp%2Fv2%2Fcategories&post=2554"},{"taxonomy":"post_tag","embeddable":true,"href":"http:\/\/blog.inmontanis.info\/index.php?rest_route=%2Fwp%2Fv2%2Ftags&post=2554"}],"curies":[{"name":"wp","href":"https:\/\/api.w.org\/{rel}","templated":true}]}}