{"id":2550,"date":"2013-11-01T23:55:03","date_gmt":"2013-11-01T22:55:03","guid":{"rendered":"http:\/\/blog.inmontanis.info\/?p=2550"},"modified":"2023-08-06T21:01:28","modified_gmt":"2023-08-06T19:01:28","slug":"kaunertaler-gletscher-1-11-2013","status":"publish","type":"post","link":"http:\/\/blog.inmontanis.info\/?p=2550","title":{"rendered":"Kaunertaler Gletscher, 1.11.2013"},"content":{"rendered":"<p>Nachdem gestern Nachmittag eine dicke Ladung Schnee von einer Pistenraupe zum Ausstieg der 4KSB gefahren wurde, h\u00e4tte ich gerechnet, dass heute die Abfahrt zur Mittelstation wieder er\u00f6ffnet werden w\u00fcrde.<\/p>\n<p>Dem war leider nicht so. Auch als Zubringer war die 4KSB nicht ge\u00f6ffnet (somit waren alle Parkpl\u00e4tze nachmittags \u00fcberf\u00fcllt, die Autos standen dann an der Stra\u00dfe noch ein St\u00fcck weiter runter).<\/p>\n<p>Um 10:30 bekam ich aber noch einen Parkplatz auf den unteren Pl\u00e4tzen, von dort bin ich dann zum SL N\u00f6rderjoch I r\u00fcber, wo 10 Minuten Wartezeit waren &#8211; aber da es dort sowieso den ganzen Tag Wartezeit gibt (bis nach 15:30) und ich ja doch auch mal zum leeren N\u00f6rderjoch II wollte, war&#8217;s auch schon egal ob ich jetzt oder sp\u00e4ter anstehe.<\/p>\n<p>Ansonsten waren die Wartezeiten nur gering, am rechten Wei\u00dfseeferner-SL ein bisschen und am SL Falgin, beides hab ich gro\u00dfteils ignoriert,  sonst war nix. Am N2 und an der 8EUB waren einige Eisplatten auf der Piste. Die noch geschlossene schwarze Abfahrt an der EUB konnte man auch schon ganz gut fahren, die Felsen und Steine waren gut sichtbar und konnten problemlos umfahren werden.<\/p>\n<p>Alles in Allem war weniger los als erwartet. Und ab 12 Uhr war eine Line im Trainingsareal frei, da ging&#8217;s nat\u00fcrlich wieder optimal. Gefehlt hat mir die Mittelstationsabfahrt somit nicht. Trotzdem, n\u00e4chster Besuch erst wieder wenn die Talabfahrt geht ;)<\/p>\n<p><img src=http:\/\/ski.inmontanis.info\/d\/170223-2\/DSC00627.jpg \/><br \/>\n^ Wartezeiten am N1 (die anderen waren harmlos)<\/p>\n<p><img src=http:\/\/ski.inmontanis.info\/d\/170227-2\/DSC00628.jpg \/><br \/>\n^ Bereich Ex-N\u00f6rderjoch 3. Wo genau liegt hier egtl. noch wie viel Gletscher?<\/p>\n<p><img src=http:\/\/ski.inmontanis.info\/d\/170231-2\/DSC00630.jpg \/><br \/>\n^ Ab 12 Uhr wurde es im Trainingsareal immer leerer, um 14 Uhr hatte man rechts viel Platz.<\/p>\n","protected":false},"excerpt":{"rendered":"<p>Nachdem gestern Nachmittag eine dicke Ladung Schnee von einer Pistenraupe zum Ausstieg der 4KSB gefahren wurde, h\u00e4tte ich gerechnet, dass heute die Abfahrt zur Mittelstation wieder er\u00f6ffnet werden w\u00fcrde.<\/p>\n<p>Dem war leider nicht so. Auch als Zubringer war die 4KSB nicht ge\u00f6ffnet (somit waren alle Parkpl\u00e4tze nachmittags \u00fcberf\u00fcllt, die Autos standen dann an der Stra\u00dfe <a href=\"http:\/\/blog.inmontanis.info\/?p=2550\">[&#8230;]<\/a><\/p>\n","protected":false},"author":1,"featured_media":0,"comment_status":"open","ping_status":"closed","sticky":false,"template":"","format":"standard","meta":{"footnotes":""},"categories":[905,25,13,28],"tags":[47],"class_list":["post-2550","post","type-post","status-publish","format-standard","hentry","category-kaunertaler-gletscher","category-noreport","category-austria","category-skifahren-sommer","tag-sl","odd"],"_links":{"self":[{"href":"http:\/\/blog.inmontanis.info\/index.php?rest_route=\/wp\/v2\/posts\/2550","targetHints":{"allow":["GET"]}}],"collection":[{"href":"http:\/\/blog.inmontanis.info\/index.php?rest_route=\/wp\/v2\/posts"}],"about":[{"href":"http:\/\/blog.inmontanis.info\/index.php?rest_route=\/wp\/v2\/types\/post"}],"author":[{"embeddable":true,"href":"http:\/\/blog.inmontanis.info\/index.php?rest_route=\/wp\/v2\/users\/1"}],"replies":[{"embeddable":true,"href":"http:\/\/blog.inmontanis.info\/index.php?rest_route=%2Fwp%2Fv2%2Fcomments&post=2550"}],"version-history":[{"count":1,"href":"http:\/\/blog.inmontanis.info\/index.php?rest_route=\/wp\/v2\/posts\/2550\/revisions"}],"predecessor-version":[{"id":2551,"href":"http:\/\/blog.inmontanis.info\/index.php?rest_route=\/wp\/v2\/posts\/2550\/revisions\/2551"}],"wp:attachment":[{"href":"http:\/\/blog.inmontanis.info\/index.php?rest_route=%2Fwp%2Fv2%2Fmedia&parent=2550"}],"wp:term":[{"taxonomy":"category","embeddable":true,"href":"http:\/\/blog.inmontanis.info\/index.php?rest_route=%2Fwp%2Fv2%2Fcategories&post=2550"},{"taxonomy":"post_tag","embeddable":true,"href":"http:\/\/blog.inmontanis.info\/index.php?rest_route=%2Fwp%2Fv2%2Ftags&post=2550"}],"curies":[{"name":"wp","href":"https:\/\/api.w.org\/{rel}","templated":true}]}}