{"id":2544,"date":"2013-10-19T23:51:26","date_gmt":"2013-10-19T21:51:26","guid":{"rendered":"http:\/\/blog.inmontanis.info\/?p=2544"},"modified":"2023-08-06T21:01:31","modified_gmt":"2023-08-06T19:01:31","slug":"kaunertaler-gletscher-19-10-2013","status":"publish","type":"post","link":"http:\/\/blog.inmontanis.info\/?p=2544","title":{"rendered":"Kaunertaler Gletscher, 19.10.2013"},"content":{"rendered":"<p>&#8211; Seit heute ist Ochsenalm II ge\u00f6ffnet (Abfahrt aber tw. etwas schneearm)<br \/>\n&#8211; an der 8EUB waren 2,5 Abfahrtsvarianten ge\u00f6ffnet<br \/>\n&#8211; Gletscherfreie Abfahrten (8EUB, 4KSB) tw. steinig<br \/>\n&#8211; SL N\u00f6rderjoch II noch nicht in Betrieb<br \/>\n&#8211; Wartezeiten gab&#8217;s nur am SL N\u00f6rderjoch I (bis nach 15 Uhr!)<br \/>\n&#8211; bester Schnee nat\u00fcrlich wieder nachmittags in den Trainingsarealen &#8230;<br \/>\n<!--more--><br \/>\n(Fotos anklicken zum Vergr\u00f6\u00dfern, soweit nicht vergr\u00f6\u00dfert gepostet)<\/p>\n<p><a href='http:\/\/ski.inmontanis.info\/d\/169879-3\/DSC00568.jpg'><img src=http:\/\/ski.inmontanis.info\/d\/169877-3\/DSC00568.jpg \/><\/a><br \/>\n^ SL Wei\u00dfseeferner Bergstation und Wege ins Trainingsareal. Kommen mir auch immer tiefer vor&#8230;<\/p>\n<p><img src=http:\/\/ski.inmontanis.info\/d\/169883-3\/DSC00572.jpg \/><br \/>\n^ An der 8EUB waren schon einige Abfahrtsvarianten ge\u00f6ffnet<\/p>\n<p><a href='http:\/\/ski.inmontanis.info\/d\/169887-3\/DSC00573.jpg'><img src=http:\/\/ski.inmontanis.info\/d\/169885-3\/DSC00573.jpg \/><\/a><br \/>\n^ Abfahrt zur Mittelstation, schmal und etwas steinig. Man beachte den inzwischen hohen Buckel der vermatteten Gletscherh\u00f6hle&#8230;.<\/p>\n<p><img src=http:\/\/ski.inmontanis.info\/d\/169891-3\/DSC00574.jpg \/><br \/>\n^ SL N\u00f6rderjoch II &#8211; noch nicht ganz fertig<\/p>\n<p><img src=http:\/\/ski.inmontanis.info\/d\/169895-3\/DSC00575.jpg \/><br \/>\n^ SL N\u00f6rderjoch I und Funpark<\/p>\n<p><img src=http:\/\/ski.inmontanis.info\/d\/169899-3\/DSC00577.jpg \/><br \/>\n^ Vom SL N\u00f6rderjoch I zum SL Wei\u00dfseeferner<\/p>\n<p><a href='http:\/\/ski.inmontanis.info\/d\/169903-3\/DSC00582.jpg'><img src=http:\/\/ski.inmontanis.info\/d\/169901-3\/DSC00582.jpg \/><\/a><br \/>\n^ Mittelstationsabfahrt, seit heute ge\u00f6ffnet, tw. aber ziemlich grausig zu fahren gewesen.<\/p>\n<p>&#8212;<\/p>\n<p>Im Restaurant, unten, neben den WCs, h\u00e4ngt neuerdings eine Zeittafel mit einigen historischen Fotos &#8230;<\/p>\n<p><img src=http:\/\/ski.inmontanis.info\/d\/169904-2\/DSC00585.jpg \/><br \/>\n^ Der erste Wei\u00dfseeferner-SL, noch am alten Platz<\/p>\n<p>&#8230; aber noch spannender &#8230;<\/p>\n<p>&#8230; viel spannender &#8230;<\/p>\n<p>&#8230; endlich!!<\/p>\n<p>&#8230; ein Bild!!<\/p>\n<p><img src=http:\/\/ski.inmontanis.info\/d\/169908-2\/DSC00588.jpg \/><\/p>\n<p>H\u00e4?<\/p>\n<p><img src=http:\/\/ski.inmontanis.info\/d\/169916-2\/DSC00593.jpg \/><\/p>\n<p>T-St\u00fctzen?? Der SL N\u00f6rderjoch III soll T-St\u00fctzen gehabt haben? <\/p>\n<p>Auch an der zweiten Position als SL Falgin?<\/p>\n<p><img src=http:\/\/ski.inmontanis.info\/d\/169912-2\/DSC00590.jpg \/><\/p>\n<p>Die Talstation schaut auch irgendwie komisch aus&#8230;<\/p>\n","protected":false},"excerpt":{"rendered":"<p>&#8211; Seit heute ist Ochsenalm II ge\u00f6ffnet (Abfahrt aber tw. etwas schneearm) &#8211; an der 8EUB waren 2,5 Abfahrtsvarianten ge\u00f6ffnet &#8211; Gletscherfreie Abfahrten (8EUB, 4KSB) tw. steinig &#8211; SL N\u00f6rderjoch II noch nicht in Betrieb &#8211; Wartezeiten gab&#8217;s nur am SL N\u00f6rderjoch I (bis nach 15 Uhr!) &#8211; bester Schnee nat\u00fcrlich wieder nachmittags in den <a href=\"http:\/\/blog.inmontanis.info\/?p=2544\">[&#8230;]<\/a><\/p>\n","protected":false},"author":1,"featured_media":0,"comment_status":"open","ping_status":"closed","sticky":false,"template":"","format":"standard","meta":{"footnotes":""},"categories":[905,25,13,28],"tags":[49,47],"class_list":["post-2544","post","type-post","status-publish","format-standard","hentry","category-kaunertaler-gletscher","category-noreport","category-austria","category-skifahren-sommer","tag-4sb","tag-sl","odd"],"_links":{"self":[{"href":"http:\/\/blog.inmontanis.info\/index.php?rest_route=\/wp\/v2\/posts\/2544","targetHints":{"allow":["GET"]}}],"collection":[{"href":"http:\/\/blog.inmontanis.info\/index.php?rest_route=\/wp\/v2\/posts"}],"about":[{"href":"http:\/\/blog.inmontanis.info\/index.php?rest_route=\/wp\/v2\/types\/post"}],"author":[{"embeddable":true,"href":"http:\/\/blog.inmontanis.info\/index.php?rest_route=\/wp\/v2\/users\/1"}],"replies":[{"embeddable":true,"href":"http:\/\/blog.inmontanis.info\/index.php?rest_route=%2Fwp%2Fv2%2Fcomments&post=2544"}],"version-history":[{"count":2,"href":"http:\/\/blog.inmontanis.info\/index.php?rest_route=\/wp\/v2\/posts\/2544\/revisions"}],"predecessor-version":[{"id":2546,"href":"http:\/\/blog.inmontanis.info\/index.php?rest_route=\/wp\/v2\/posts\/2544\/revisions\/2546"}],"wp:attachment":[{"href":"http:\/\/blog.inmontanis.info\/index.php?rest_route=%2Fwp%2Fv2%2Fmedia&parent=2544"}],"wp:term":[{"taxonomy":"category","embeddable":true,"href":"http:\/\/blog.inmontanis.info\/index.php?rest_route=%2Fwp%2Fv2%2Fcategories&post=2544"},{"taxonomy":"post_tag","embeddable":true,"href":"http:\/\/blog.inmontanis.info\/index.php?rest_route=%2Fwp%2Fv2%2Ftags&post=2544"}],"curies":[{"name":"wp","href":"https:\/\/api.w.org\/{rel}","templated":true}]}}