{"id":2541,"date":"2013-10-13T23:49:35","date_gmt":"2013-10-13T21:49:35","guid":{"rendered":"http:\/\/blog.inmontanis.info\/?p=2541"},"modified":"2023-08-06T20:20:51","modified_gmt":"2023-08-06T18:20:51","slug":"pitztaler-gletscher-13-10-2013","status":"publish","type":"post","link":"http:\/\/blog.inmontanis.info\/?p=2541","title":{"rendered":"Pitztaler Gletscher, 13.10.2013"},"content":{"rendered":"<p>Kurz nach 10 Uhr war ich am Parkplatz, musste doch schon unten parken und mit dem Bus rauf. Wartezeiten gab&#8217;s aber nirgends.<!--more--><\/p>\n<p>Was ich letzte Woche schon sagen wollte &#8211; die U-SSB f\u00e4hrt extrem ruhig, leise, kommt einem langsam vor, vmtl. weil&#8217;s so ruhig ist. Keine Ahnung, ob die vor 2 Jahren auch schon so ruhig fuhr, aber im Vgl. zu den anderen, die ich seitdem gefahren bin, ist es in der Kabine entweder nur leiser, oder sie f\u00e4hrt tats\u00e4chlich langsamer als die anderen wie z.B. Tignes oder L2A?!<\/p>\n<p>Nach den ersten 3 Abfahrten h\u00e4tte ich egtl. schon wieder gehen wollen &#8211; die Pistenverh\u00e4ltnisse waren so schlecht wie zuletzt im Mai. Nat\u00fcrlich nicht so pappig wie im Mai, aber der Neuschnee konnte eben noch nicht fest genug pr\u00e4pariert werden und ist entsprechend wie ein Kartoffelacker aufgefahren und ebenso unruhig zu fahren gewesen. Wie sch\u00f6n war&#8217;s doch im Juli und August &#8230;.<\/p>\n<p>Ab Mittag wurde es dann aber doch angenehmer, der Schnee schmieriger, dank der wieder w\u00e4rmeren Temperaturen. Zudem war der Trainingsbereich an der Wildspitz-EUB schon frei, und dort war der Schnee auch h\u00e4rter, weniger aufgefahren und die wirklich steilen Steilh\u00e4nge gingen somit wesentlich besser. Mit Ausnahme 1x SL bin ich f\u00fcr die restlichen 2-3 Stunden auch nur noch dort gefahren.<\/p>\n<p>Was mir heute negativ an der neuen 8EUB aufgefallen ist: Man hat oben doch wesentlich mehr Stress und keine so einfache M\u00f6glichkeit mehr, die Aussicht zu genie\u00dfen. Fr\u00fcher, bei der GUB, stand man frei auf der Stationsplattform und konnte problemlos und ohne irgendwelcher Z\u00e4une oder Scheiben ins Skigebiet schauen, zur Mittelberg-EUB, in die Dolomiten, usw., sich gen\u00fcsslich Zeit lassen bis die n\u00e4chste Gondelgruppe wieder kam  &#8211; all das geht heute nicht mehr, alles zugebaut, und die Skifahrer, die laufend aus den Gondeln gespuckt werden, geben einen kontinuierlichen Strom nach drau\u00dfen ab..<\/p>\n<p>So bequem der Pitztaler mit den EUBs inzwischen im oberen Bereich ist, leider muss man zum Schluss halt wieder in die Sardienenb\u00fcchse, um ins Tal zu kommen &#8230; (bin kurz nach 15 Uhr runter)<\/p>\n<p>(Fotos anklicken zum Vergr\u00f6\u00dfern, soweit nicht vergr\u00f6\u00dfert gepostet.)<\/p>\n<p><img src=http:\/\/ski.inmontanis.info\/d\/169589-2\/DSC00303.jpg \/><br \/>\n^ Standardbild &#8220;rechts&#8221;. Am SL war heute kaum mehr los.<\/p>\n<p><img src=http:\/\/ski.inmontanis.info\/d\/169593-2\/DSC00304.jpg \/><br \/>\n^ Standardbild &#8220;links&#8221;. Auch an den beiden 8EUBs musste man kaum mehr als 1-2 Gondeln warten.<\/p>\n<p><img src=http:\/\/ski.inmontanis.info\/d\/169597-2\/DSC00307.jpg \/><br \/>\n^ Trainingshang Wildspitzahn, war nachmittags die beste Abfahrt. Von der rechten Seite kommt man jetzt zum SL r\u00fcber.<\/p>\n<p><a href='http:\/\/ski.inmontanis.info\/d\/169601-2\/DSC00308.jpg'><img src=http:\/\/ski.inmontanis.info\/d\/169599-3\/DSC00308.jpg \/><\/a><br \/>\n^ Depotverteilung, h\u00e4tten&#8217;s mal fr\u00fcher angefangen, h\u00e4tten&#8217;s die Abfahrt schon \u00f6ffnen k\u00f6nnen&#8230;<\/p>\n<p>A propos Depotverteilung &#8211; die 2. Abfahrt im unteren Teil des SLs, deren Depot letzte Woche verteilt wurde, war komischerweise noch nicht offen &#8230;<\/p>\n<p><a href='http:\/\/ski.inmontanis.info\/d\/169605-2\/DSC00310.jpg'><img src=http:\/\/ski.inmontanis.info\/d\/169603-3\/DSC00310.jpg \/><\/a><br \/>\n^ Rechte (noch geschlossene) Abfahrt Mittelberg-8EUB, war leider noch steiniger als es den Anschein hatte&#8230;<\/p>\n<p><a href='http:\/\/ski.inmontanis.info\/d\/169609-2\/DSC00313.jpg'><img src=http:\/\/ski.inmontanis.info\/d\/169607-3\/DSC00313.jpg \/><\/a><br \/>\n^ In der ehemaligen SL-Spur, leider extrem steinig\/felsig<\/p>\n<p><img src=http:\/\/ski.inmontanis.info\/d\/169613-2\/DSC00314.jpg \/><br \/>\n^ Egtl. m\u00fcsste man von der Wildspitzbahn doch problemlos im Winter\/Fr\u00fchjahr in Bildmitte runter fahren k\u00f6nnen? Hab mir das letzte Woche und diese Woche auch von der EUB her angeschaut, scheint einige M\u00f6glichkeiten zu geben, die auch nicht zu steil sein d\u00fcrften. Fraglich ist nur, ob die Felsen genug zugeschneit werden und man nicht in irgendwelchen schmalen Rinnen runter m\u00fcsste? Jemand Fotos vom Winter mit Spuren drin?<\/p>\n<p><a href='http:\/\/ski.inmontanis.info\/d\/169617-2\/DSC00324.jpg'><img src=http:\/\/ski.inmontanis.info\/d\/169615-3\/DSC00324.jpg \/><\/a><br \/>\n^ Skik\u00f6cher in der Wildspitz-8EUB mit interessanter Technik, die Ski stellen sich beim Reinstecken automatisch schr\u00e4g, die Rippen am Rand halten dann die Skier trotz unterschiedlichen Breiten fest. Besser als wenn es keine g\u00e4be, aber trotzdem find ich die au\u00dfenliegenden praktischer.<\/p>\n<p><img src=http:\/\/ski.inmontanis.info\/d\/169585-2\/DSC00315.jpg \/><br \/>\n^ Zoom S\u00f6lden SS II vom Pitztaler<\/p>\n<p>Im Vergleich vor exakt 6 Jahren:<br \/>\n<img src=http:\/\/ski.inmontanis.info\/d\/46054-3\/P1200462.JPG \/><br \/>\n^ 13.10.2007<\/p>\n<p>Wenn man sich die Gletscherst\u00e4nde soweit anschaut &#8211; f\u00fcr den Zeitraum von 6 Jahren ist in dem Bereich nicht besonders viel abgeschmolzen.<\/p>\n","protected":false},"excerpt":{"rendered":"<p>Kurz nach 10 Uhr war ich am Parkplatz, musste doch schon unten parken und mit dem Bus rauf. Wartezeiten gab&#8217;s aber nirgends.<\/p>\n<p> <a href=\"http:\/\/blog.inmontanis.info\/?p=2541\">[&#8230;]<\/a><\/p>\n","protected":false},"author":1,"featured_media":0,"comment_status":"open","ping_status":"closed","sticky":false,"template":"","format":"standard","meta":{"footnotes":""},"categories":[25,13,901,28],"tags":[53,54],"class_list":["post-2541","post","type-post","status-publish","format-standard","hentry","category-noreport","category-austria","category-pitztaler-gletscher","category-skifahren-sommer","tag-8eub","tag-gletschervergleich","odd"],"_links":{"self":[{"href":"http:\/\/blog.inmontanis.info\/index.php?rest_route=\/wp\/v2\/posts\/2541","targetHints":{"allow":["GET"]}}],"collection":[{"href":"http:\/\/blog.inmontanis.info\/index.php?rest_route=\/wp\/v2\/posts"}],"about":[{"href":"http:\/\/blog.inmontanis.info\/index.php?rest_route=\/wp\/v2\/types\/post"}],"author":[{"embeddable":true,"href":"http:\/\/blog.inmontanis.info\/index.php?rest_route=\/wp\/v2\/users\/1"}],"replies":[{"embeddable":true,"href":"http:\/\/blog.inmontanis.info\/index.php?rest_route=%2Fwp%2Fv2%2Fcomments&post=2541"}],"version-history":[{"count":3,"href":"http:\/\/blog.inmontanis.info\/index.php?rest_route=\/wp\/v2\/posts\/2541\/revisions"}],"predecessor-version":[{"id":9263,"href":"http:\/\/blog.inmontanis.info\/index.php?rest_route=\/wp\/v2\/posts\/2541\/revisions\/9263"}],"wp:attachment":[{"href":"http:\/\/blog.inmontanis.info\/index.php?rest_route=%2Fwp%2Fv2%2Fmedia&parent=2541"}],"wp:term":[{"taxonomy":"category","embeddable":true,"href":"http:\/\/blog.inmontanis.info\/index.php?rest_route=%2Fwp%2Fv2%2Fcategories&post=2541"},{"taxonomy":"post_tag","embeddable":true,"href":"http:\/\/blog.inmontanis.info\/index.php?rest_route=%2Fwp%2Fv2%2Ftags&post=2541"}],"curies":[{"name":"wp","href":"https:\/\/api.w.org\/{rel}","templated":true}]}}