{"id":2538,"date":"2013-10-05T23:48:01","date_gmt":"2013-10-05T21:48:01","guid":{"rendered":"http:\/\/blog.inmontanis.info\/?p=2538"},"modified":"2023-08-06T20:20:55","modified_gmt":"2023-08-06T18:20:55","slug":"pitztaler-gletscher-5-10-2013","status":"publish","type":"post","link":"http:\/\/blog.inmontanis.info\/?p=2538","title":{"rendered":"Pitztaler Gletscher, 5.10.2013"},"content":{"rendered":"<p>Nach etwas \u00fcber 2 Jahren ging&#8217;s heute mal wieder auf den Pitztaler. Morgens hatte es zwar ziemlich geregnet (weiter oben nass geschneit), aber die Sicht war ganz gut. Sp\u00e4ter war&#8217;s dann l\u00e4ngere Zeit relativ trocken, aber immer nebliger. Nach 13 Uhr gab&#8217;s dann ein Gemisch aus mal weniger Nebel, mal st\u00e4rkerem Nieselregen.<\/p>\n<p>Schneeverh\u00e4ltnisse waren jedenfalls ganz OK.<!--more--><\/p>\n<p>Ein paar Neuerungen gab&#8217;s f\u00fcr mich auch &#8211; nicht nur die 8EUB Wildspitzbahn, bei der ich doch \u00fcberrascht war, dass man an der Bergstation au\u00dfer dem Caf\u00e9 sogar noch einen gro\u00dfz\u00fcgigen WC-Bereich im Untergeschoss untergebracht hat.<\/p>\n<p>Eine weitere Neuerung war die ge\u00e4nderte Pistentrassierung an selbiger Bahn: Man quert jetzt nicht mehr den SL, sondern f\u00e4hrt auf anderer Trasse zum SL und direkt daneben hinab. Das bedeutet, dass derzeit die Piste am SL in kompletter L\u00e4nge eigenst\u00e4ndig ist, was die Abwechslung zus\u00e4tzlich erh\u00f6ht (fr\u00fcher hatte man ja die untere H\u00e4lfte bei GUB und SL ident). (Wird sich im Winter nach Abgang der Trainingsmannschaften vermutlich wieder \u00e4ndern.)<\/p>\n<p>Ebenfalls scheint das Areal links des SL nicht mehr pauschal als Trainingshang abgesperrt zu werden? Es war zwar ein Kurs abgesteckt, aber nicht abgesperrt.<\/p>\n<p>Ansonsten war ich &#8211; obwohl ich&#8217;s ja im Internet schon gesehen hab &#8211; schwer \u00fcberrascht, in <em>welchem<\/em> Ausma\u00df man hier aus Depotschnee Abfahrten hingezaubert hat. Und immer noch Depots \u00fcbrig hat! Das sollte sich die Zugspitze zum Vorbild nehmen &#8230; und am Stubaier w\u00fcrde man damit locker schon zum Gamsgarten fahren k\u00f6nnen ;-)<\/p>\n<p>(Fotos anklicken zum Vergr\u00f6\u00dfern, soweit nicht vergr\u00f6\u00dfert gepostet)<\/p>\n<p><img src=http:\/\/ski.inmontanis.info\/d\/169261-2\/DSC00251.jpg \/><br \/>\n^ Regen, aber gute Sicht am Morgen. Die Abfahrten im gletscherfreien Bereich bestehen komplett aus Depotschnee von der letzten Saison (!)<\/p>\n<p><a href='http:\/\/ski.inmontanis.info\/d\/169265-2\/DSC00259.jpg'><img src=http:\/\/ski.inmontanis.info\/d\/169263-3\/DSC00259.jpg \/><\/a><br \/>\n^ Mittelbergferner<\/p>\n<p><a href='http:\/\/ski.inmontanis.info\/d\/169269-2\/DSC00263.jpg'><img src=http:\/\/ski.inmontanis.info\/d\/169267-3\/DSC00263.jpg \/><\/a><br \/>\n^ Noch ein ziemlich fettes Schneedepot, das auf seine Verteilung wartet &#8230;.<\/p>\n<p><a href='http:\/\/ski.inmontanis.info\/d\/169273-2\/DSC00266.jpg'><img src=http:\/\/ski.inmontanis.info\/d\/169271-3\/DSC00266.jpg \/><\/a><br \/>\n^ Gletscherreste, ehemalige Standard-Abfahrt am Mittelbergjoch 1 &#8211; SL<\/p>\n<p><a href='http:\/\/ski.inmontanis.info\/d\/169277-2\/DSC00269.jpg'><img src=http:\/\/ski.inmontanis.info\/d\/169275-3\/DSC00269.jpg \/><\/a><br \/>\n^ Gletscherseeabfahrt, komplett mit Depotschnee &#8211; oder auch ein bisschen Snowmaker dabei?<\/p>\n<p><a href='http:\/\/ski.inmontanis.info\/d\/169281-2\/DSC00275.jpg'><img src=http:\/\/ski.inmontanis.info\/d\/169279-3\/DSC00275.jpg \/><\/a><br \/>\n^ Gletscherseeabfahrt. Schon krass, was man hier komplett oder zumindest gr\u00f6\u00dftenteils mit Altschnee gezaubert hat.<\/p>\n<p><a href='http:\/\/ski.inmontanis.info\/d\/169285-2\/DSC00276.jpg'><img src=http:\/\/ski.inmontanis.info\/d\/169283-3\/DSC00276.jpg \/><\/a><br \/>\n^ SL Brunnenkogel<\/p>\n<p><img src=http:\/\/ski.inmontanis.info\/d\/169289-2\/DSC00279.jpg \/><br \/>\n^ Neu trassiert &#8211; zumindest im Herbst &#8211; die Abfahrt an der neuen Wildspitzbahn<\/p>\n<p><a href='http:\/\/ski.inmontanis.info\/d\/169293-2\/DSC00280.jpg'><img src=http:\/\/ski.inmontanis.info\/d\/169291-3\/DSC00280.jpg \/><\/a><br \/>\n^ Noch ein Depot, das gerade verteilt wird&#8230;<\/p>\n<p><img src=http:\/\/ski.inmontanis.info\/d\/169297-2\/DSC00281.jpg \/><br \/>\n^ SL Brunnenkogel. Alles Depotschnee von der letzten Saison!<\/p>\n<p><a href='http:\/\/extra.inmontanis.info\/d\/18306-2\/IMG_0562.jpg'><img src=http:\/\/extra.inmontanis.info\/d\/18304-3\/IMG_0562.jpg \/><\/a><br \/>\n^ viele 5er heute: 55.555 km am 5.10. um 15:55 Uhr im 5. Gang :-)<\/p>\n","protected":false},"excerpt":{"rendered":"<p>Nach etwas \u00fcber 2 Jahren ging&#8217;s heute mal wieder auf den Pitztaler. Morgens hatte es zwar ziemlich geregnet (weiter oben nass geschneit), aber die Sicht war ganz gut. Sp\u00e4ter war&#8217;s dann l\u00e4ngere Zeit relativ trocken, aber immer nebliger. Nach 13 Uhr gab&#8217;s dann ein Gemisch aus mal weniger Nebel, mal st\u00e4rkerem Nieselregen.<\/p>\n<p>Schneeverh\u00e4ltnisse waren jedenfalls <a href=\"http:\/\/blog.inmontanis.info\/?p=2538\">[&#8230;]<\/a><\/p>\n","protected":false},"author":1,"featured_media":0,"comment_status":"open","ping_status":"closed","sticky":false,"template":"","format":"standard","meta":{"footnotes":""},"categories":[25,13,901,28],"tags":[47],"class_list":["post-2538","post","type-post","status-publish","format-standard","hentry","category-noreport","category-austria","category-pitztaler-gletscher","category-skifahren-sommer","tag-sl","odd"],"_links":{"self":[{"href":"http:\/\/blog.inmontanis.info\/index.php?rest_route=\/wp\/v2\/posts\/2538","targetHints":{"allow":["GET"]}}],"collection":[{"href":"http:\/\/blog.inmontanis.info\/index.php?rest_route=\/wp\/v2\/posts"}],"about":[{"href":"http:\/\/blog.inmontanis.info\/index.php?rest_route=\/wp\/v2\/types\/post"}],"author":[{"embeddable":true,"href":"http:\/\/blog.inmontanis.info\/index.php?rest_route=\/wp\/v2\/users\/1"}],"replies":[{"embeddable":true,"href":"http:\/\/blog.inmontanis.info\/index.php?rest_route=%2Fwp%2Fv2%2Fcomments&post=2538"}],"version-history":[{"count":3,"href":"http:\/\/blog.inmontanis.info\/index.php?rest_route=\/wp\/v2\/posts\/2538\/revisions"}],"predecessor-version":[{"id":9264,"href":"http:\/\/blog.inmontanis.info\/index.php?rest_route=\/wp\/v2\/posts\/2538\/revisions\/9264"}],"wp:attachment":[{"href":"http:\/\/blog.inmontanis.info\/index.php?rest_route=%2Fwp%2Fv2%2Fmedia&parent=2538"}],"wp:term":[{"taxonomy":"category","embeddable":true,"href":"http:\/\/blog.inmontanis.info\/index.php?rest_route=%2Fwp%2Fv2%2Fcategories&post=2538"},{"taxonomy":"post_tag","embeddable":true,"href":"http:\/\/blog.inmontanis.info\/index.php?rest_route=%2Fwp%2Fv2%2Ftags&post=2538"}],"curies":[{"name":"wp","href":"https:\/\/api.w.org\/{rel}","templated":true}]}}