{"id":2536,"date":"2013-09-28T23:42:30","date_gmt":"2013-09-28T21:42:30","guid":{"rendered":"http:\/\/blog.inmontanis.info\/?p=2536"},"modified":"2023-08-06T11:03:54","modified_gmt":"2023-08-06T09:03:54","slug":"stubaier-gletscher-28-9-2013","status":"publish","type":"post","link":"http:\/\/blog.inmontanis.info\/?p=2536","title":{"rendered":"Stubaier Gletscher, 28.9.2013"},"content":{"rendered":"<p>4 Wochen nach meinem letzten Skitag ging&#8217;s heute zum Saison(karten)abschluss nochmal auf den Stubaier (das Freizeitticket gilt noch bis 30.9.) &#8211; mein 111. Skitag.<\/p>\n<p>F\u00fcr Ende September war schon einiges offen: Neben der 6ZUB Eisgrat I+II als Zubringer: 8EUB Schaufeljoch, SL Eisjoch, SL Windach, DSB Wildspitz, SL Daunferner, SL Daunscharte. Somit Skibetrieb auf 3 Gletschern und 3 Himmelsrichtungen.<\/p>\n<p>Schnee war vormittags ganz gut, aber im Laufe des Tages gab&#8217;s in den unteren Bereichen doch viele Pf\u00fctzen und tiefe Wasserfurchen zu durchqueren &#8211; mehr als im August am Hintertuxer. Dennoch hat man auch nachmittags hier und da jungfr\u00e4uliche Pistenabschnitte finden k\u00f6nnen.<\/p>\n<p>Interessante Neuerung: Neutrassierung der Piste von der DSB Wildspitze aus runter zum Daunferner.<\/p>\n<p>(Fotos anklicken zum Vergr\u00f6\u00dfern, soweit nicht vergr\u00f6\u00dfert gepostet.)<\/p>\n<p><a href='http:\/\/ski.inmontanis.info\/d\/169179-2\/DSC00205.jpg'><img src=http:\/\/ski.inmontanis.info\/d\/169178-3\/DSC00205.jpg \/><\/a><br \/>\n^ Mittelstation und einige Restschneefelder<\/p>\n<p><img src=http:\/\/ski.inmontanis.info\/d\/169183-2\/DSC00249.jpg \/><br \/>\n^ Gletscherstand Fernau-KSB<\/p>\n<p><img src=http:\/\/ski.inmontanis.info\/d\/169187-2\/DSC00211.jpg \/><br \/>\n^ Gletscherstand Fernau-KSB<\/p>\n<p><a href='http:\/\/ski.inmontanis.info\/d\/169191-2\/DSC00212.jpg'><img src=http:\/\/ski.inmontanis.info\/d\/169190-3\/DSC00212.jpg \/><\/a><br \/>\n^ Gletscherstand Schaufelspitze\/Eisgrat<\/p>\n<p><a href='http:\/\/ski.inmontanis.info\/d\/169195-2\/DSC00213.jpg'><img src=http:\/\/ski.inmontanis.info\/d\/169194-3\/DSC00213.jpg \/><\/a><br \/>\n^ Gamsgarten<\/p>\n<p><img src=http:\/\/ski.inmontanis.info\/d\/169199-2\/DSC00215.jpg \/><br \/>\n^ Schaufeljochbahn \/ Eisjoch-SL<\/p>\n<p><a href='http:\/\/ski.inmontanis.info\/d\/169203-2\/DSC00217.jpg'><img src=http:\/\/ski.inmontanis.info\/d\/169202-3\/DSC00217.jpg \/><\/a><br \/>\n^ \u00dcbergang Daunferner. Wird wohl in wenigen Jahren kein zusammenh\u00e4ngender Gletscher mehr sein. Die schwarze Abfahrt war nocht nicht offen.<\/p>\n<p><a href='http:\/\/ski.inmontanis.info\/d\/169207-2\/DSC00223.jpg'><img src=http:\/\/ski.inmontanis.info\/d\/169206-3\/DSC00223.jpg \/><\/a><br \/>\n^ Schaufeljoch-Gai\u00dfkar-Jochdohle<\/p>\n<p><a href='http:\/\/ski.inmontanis.info\/d\/169211-2\/DSC00224.jpg'><img src=http:\/\/ski.inmontanis.info\/d\/169210-3\/DSC00224.jpg \/><\/a><br \/>\n^ Gai\u00dfkar<\/p>\n<p><img src=http:\/\/ski.inmontanis.info\/d\/169215-2\/DSC00228.jpg \/><br \/>\n^ Windachferner<\/p>\n<p><img src=http:\/\/ski.inmontanis.info\/d\/169219-2\/DSC00244.jpg \/><br \/>\n^ SL Windachferner<\/p>\n<p><img src=http:\/\/ski.inmontanis.info\/d\/169227-2\/DSC00231.jpg \/><br \/>\n^ SL Daunferner<\/p>\n<p><a href='http:\/\/ski.inmontanis.info\/d\/169223-2\/DSC00229.jpg'><img src=http:\/\/ski.inmontanis.info\/d\/169222-3\/DSC00229.jpg \/><\/a><br \/>\n^ Zufahrt DSB Wildspitze -> Daunferner<\/p>\n<p><img src=http:\/\/ski.inmontanis.info\/d\/169231-2\/DSC00233.jpg \/><br \/>\n^ Neu trassierte Piste von der DSB Wildspitze zum Daunferner &#8211; aktuell keine Kurve nach rechts, sondern geradeaus weiter.<\/p>\n<p><img src=http:\/\/ski.inmontanis.info\/d\/169235-2\/DSC00235.jpg \/><br \/>\n^ Neu trassierte Piste von der DSB Wildspitze zum Daunferner<\/p>\n<p><img src=http:\/\/ski.inmontanis.info\/d\/169239-2\/DSC00237.jpg \/><br \/>\n^ SL Daunferner<\/p>\n<p><img src=http:\/\/ski.inmontanis.info\/d\/169243-2\/DSC00242.jpg \/><br \/>\n^ SL Daunscharte mit beiden Abfahrten in Betrieb!<\/p>\n","protected":false},"excerpt":{"rendered":"<p>4 Wochen nach meinem letzten Skitag ging&#8217;s heute zum Saison(karten)abschluss nochmal auf den Stubaier (das Freizeitticket gilt noch bis 30.9.) &#8211; mein 111. Skitag.<\/p>\n<p>F\u00fcr Ende September war schon einiges offen: Neben der 6ZUB Eisgrat I+II als Zubringer: 8EUB Schaufeljoch, SL Eisjoch, SL Windach, DSB Wildspitz, SL Daunferner, SL Daunscharte. Somit Skibetrieb auf 3 Gletschern <a href=\"http:\/\/blog.inmontanis.info\/?p=2536\">[&#8230;]<\/a><\/p>\n","protected":false},"author":1,"featured_media":0,"comment_status":"open","ping_status":"closed","sticky":false,"template":"","format":"standard","meta":{"footnotes":""},"categories":[25,13,28,895],"tags":[39,53,47],"class_list":["post-2536","post","type-post","status-publish","format-standard","hentry","category-noreport","category-austria","category-skifahren-sommer","category-stubaier-gletscher","tag-6eub","tag-8eub","tag-sl","odd"],"_links":{"self":[{"href":"http:\/\/blog.inmontanis.info\/index.php?rest_route=\/wp\/v2\/posts\/2536","targetHints":{"allow":["GET"]}}],"collection":[{"href":"http:\/\/blog.inmontanis.info\/index.php?rest_route=\/wp\/v2\/posts"}],"about":[{"href":"http:\/\/blog.inmontanis.info\/index.php?rest_route=\/wp\/v2\/types\/post"}],"author":[{"embeddable":true,"href":"http:\/\/blog.inmontanis.info\/index.php?rest_route=\/wp\/v2\/users\/1"}],"replies":[{"embeddable":true,"href":"http:\/\/blog.inmontanis.info\/index.php?rest_route=%2Fwp%2Fv2%2Fcomments&post=2536"}],"version-history":[{"count":2,"href":"http:\/\/blog.inmontanis.info\/index.php?rest_route=\/wp\/v2\/posts\/2536\/revisions"}],"predecessor-version":[{"id":9236,"href":"http:\/\/blog.inmontanis.info\/index.php?rest_route=\/wp\/v2\/posts\/2536\/revisions\/9236"}],"wp:attachment":[{"href":"http:\/\/blog.inmontanis.info\/index.php?rest_route=%2Fwp%2Fv2%2Fmedia&parent=2536"}],"wp:term":[{"taxonomy":"category","embeddable":true,"href":"http:\/\/blog.inmontanis.info\/index.php?rest_route=%2Fwp%2Fv2%2Fcategories&post=2536"},{"taxonomy":"post_tag","embeddable":true,"href":"http:\/\/blog.inmontanis.info\/index.php?rest_route=%2Fwp%2Fv2%2Ftags&post=2536"}],"curies":[{"name":"wp","href":"https:\/\/api.w.org\/{rel}","templated":true}]}}