{"id":2531,"date":"2013-09-20T22:56:41","date_gmt":"2013-09-20T20:56:41","guid":{"rendered":"http:\/\/blog.inmontanis.info\/?p=2531"},"modified":"2023-08-04T20:59:14","modified_gmt":"2023-08-04T18:59:14","slug":"gaustatoppen-20-9-2013","status":"publish","type":"post","link":"http:\/\/blog.inmontanis.info\/?p=2531","title":{"rendered":"Gaustatoppen, 20.9.2013"},"content":{"rendered":"<p><strong>Skandinavien &#8211; Lichter des Nordens<br \/>\nTag 11 &#8211; Fr, 20.9.2013 &#8211; Teil 2<\/strong> &#8211; Gaustatoppen<\/p>\n<p>Der kleine Umweg durch die gesperrte Stra\u00dfe hatte dann gereicht, dass ich mich nicht mehr zur SSB fahren traute &#8211; wusste ja nicht, wie weit genau, und wenn mal das Tankleer-L\u00e4mpchen leuchtet.. also rein nach Rjukan und tanken (nachdem ich zuvor an 2 Kartentankstellen war, bei der man auf Karte aber nur mit PIN tanken konnte. Kontr\u00e4r zu den Mautstationen). Rechnen schien nicht die St\u00e4rke des (vmtl. noch Schul-) M\u00e4dels von der Tankstelle gewesen zu sein. Ich geb 500,- + 200,- sie 10,- retour. Hab die Rechnung verlangt, dann hat sie mir noch 70,- gegeben. Und die Rechnung, wo sie 520,- statt 700,- eingegeben hatte. (ein 500er plus ein 200er Schein sind also nicht 700 sondern 520 :) ) Die 10,-, die sie mir gab, waren der Rest auf 530,-, so viel machte es aus, die 10 h\u00e4tte ich also noch geschuldet. M\u00f6\u00f6p. Dann holte sie den Taschenrechner. Und gab mir irgendwann sp\u00e4ter noch 100,- retour. Als ich ihr dann korrekterweise die 10,- wieder retour gab, hatte sie es \u00fcberhaupt nicht mehr kapiert&#8230; :)<\/p>\n<p>Jedenfall war ich jetzt insofern &#8220;Pleite&#8221;, dass ich nur noch diese 170,- NOK hatte, also musste ich noch weiter nach Rjukan rein und eine Bank suchen&#8230;. Dachte vor ca. 2 Tagen, dass ich mit 1.500,- auskommen m\u00fcsste. Tja. Hab mir nochmal 1400,- gezogen, falls ich nochmal tanken muss. Ansonsten heb ich&#8217;s halt f\u00fcr die n\u00e4chste Norvegenreise auf.<\/p>\n<p>Anstatt also zwischen 10 und 12 Uhr an der Gaustabanen anzukommen, war es inzwischen weit nach 14 Uhr! Wo auch immer die Zeit heute hingeflogen ist. Vom Wetter her war die Versp\u00e4tung nat\u00fcrlich nicht so toll, es gab nun immer mehr Wolken.<\/p>\n<p>Ein Vorteil hatte das vorzeitige Tanken aber doch: Hier oben gibt&#8217;s eine Passstra\u00dfe weiter in den S\u00fcden, so konnte ich nach der Bahn dort weiter und musste nicht nochmal nach Rjukan runter.<\/p>\n<p>(Fotos anklicken zum Vergr\u00f6\u00dfern, soweit nicht vergr\u00f6\u00dfert gepostet.)<\/p>\n<p>(Und sorry falls momentan einige Bilder beim ersten Mal nicht geladen werden, muss mir wieder einen besseren Provider suchen.)<\/p>\n<p><img src=http:\/\/ski.inmontanis.info\/d\/170003-2\/DSC09747.jpg \/><br \/>\n^ Gaustatoppen vom Tal (Stra\u00dfe nach Rjukan)<\/p>\n<p><img src=http:\/\/ski.inmontanis.info\/d\/170007-2\/DSC09749.jpg \/><br \/>\n^ Gaustatoppen<\/p>\n<p>Endlich, Gaustabanen. Sind erst seit einigen Jahren \u00f6ffentlich zug\u00e4nglich und auch im Winter zum Freeriden offen (Februar bis ca. Mitte Mai \/ Anfang Juni, je nach Schnee). Zuerst f\u00e4hrt man mit einer Tunnel\/Grubenbahn in den Berg hinein, danach kommt eine extrem steile U-SSB (39\u00b0!) &#8211; keine Ahnung, warum man das so kompliziert gebaut hat.<\/p>\n<p>Die Bahnen wurden in den 1950ern gebaut, h\u00e4tten urspr\u00fcnglich auch f\u00fcr den Tourismus verwendet werden sollen, wurden aber ca. 50 Jahre nicht \u00f6ffentlich (f\u00fcr die NATO-Funkstation) verwendet.<\/p>\n<p>Klein, dunkel, alt, eine spektakul\u00e4re Fahrt zum vermutlich h\u00f6chsten Aussichtspunkt Norwegens. Vom Gipfel kann man angeblich 1\/6 von Norwegen sehen. Der Neuschnee war zwar etwas bl\u00f6d zum Laufen (sehr rutschig), aber sehr fotogen. <\/p>\n<p>G\u00fcnstig sind die beiden kleinen Bahnen nat\u00fcrlich nicht. 350,- NOK werden f\u00fcr eine Hin- &#038; Retourfahrt n\u00f6tig. Was ca. 43,- \u20ac sind. Aber in einem Land, wo man im SB-Restaurant f\u00fcr ein Hamburger+Cola+Pommes-Men\u00fc 100-130,- NOK zahlen muss, zudem bei der geringen F\u00f6rderleistung &#8211; geht das wohl OK.<\/p>\n<p><a href='http:\/\/ski.inmontanis.info\/d\/170011-2\/DSC09752.jpg'><img src=http:\/\/ski.inmontanis.info\/d\/170010-3\/DSC09752.jpg \/><\/a><br \/>\n^ Parkplatz und Eingang<\/p>\n<p><a href='http:\/\/ski.inmontanis.info\/d\/170015-2\/DSC09753.jpg'><img src=http:\/\/ski.inmontanis.info\/d\/170014-3\/DSC09753.jpg \/><\/a><br \/>\n^ Lage der Tunnels und Einrichtungen (die techn. Daten kommen sp\u00e4ter nochmal gro\u00df)<\/p>\n<p><a href='http:\/\/ski.inmontanis.info\/d\/170019-2\/DSC09754.jpg'><img src=http:\/\/ski.inmontanis.info\/d\/170018-3\/DSC09754.jpg \/><\/a><br \/>\n^ Bissl ungew\u00f6hnlicher Zugang zur Sektion I.<\/p>\n<p><a href='http:\/\/ski.inmontanis.info\/d\/170023-2\/DSC09755.jpg'><img src=http:\/\/ski.inmontanis.info\/d\/170022-3\/DSC09755.jpg \/><\/a><br \/>\n^ Zugang Sektion I <\/p>\n<p><a href='http:\/\/ski.inmontanis.info\/d\/170027-2\/DSC00004.jpg'><img src=http:\/\/ski.inmontanis.info\/d\/170026-3\/DSC00004.jpg \/><\/a><br \/>\n^ Sektion I: Grubenbahn<\/p>\n<p><a href='http:\/\/ski.inmontanis.info\/d\/170031-2\/DSC09757.jpg'><img src=http:\/\/ski.inmontanis.info\/d\/170030-3\/DSC09757.jpg \/><\/a><br \/>\n^ Grubenbahn<\/p>\n<p><a href='http:\/\/ski.inmontanis.info\/d\/170035-2\/DSC09997.jpg'><img src=http:\/\/ski.inmontanis.info\/d\/170034-3\/DSC09997.jpg \/><\/a><br \/>\n^ Tunnel Grubenbahn<\/p>\n<p>Die Bahn fuhr laut scheppernd und unruhig durch den Tunnel.<\/p>\n<p><a href='http:\/\/ski.inmontanis.info\/d\/170039-2\/DSC09993.jpg'><img src=http:\/\/ski.inmontanis.info\/d\/170038-3\/DSC09993.jpg \/><\/a><br \/>\n^ Umsteigen an der Mittelstation<\/p>\n<p><a href='http:\/\/extra.inmontanis.info\/d\/17472-3\/DSC09765.jpg'><img src=http:\/\/extra.inmontanis.info\/d\/17470-4\/DSC09765.jpg \/><\/a><br \/>\n^ Mittelstation <\/p>\n<p><a href='http:\/\/ski.inmontanis.info\/d\/170043-2\/DSC09772.jpg'><img src=http:\/\/ski.inmontanis.info\/d\/170042-3\/DSC09772.jpg \/><\/a><br \/>\n^ Sektion II: Untergrund-Standseilbahn<\/p>\n<p><a href='http:\/\/ski.inmontanis.info\/d\/170047-2\/DSC09775.jpg'><img src=http:\/\/ski.inmontanis.info\/d\/170046-3\/DSC09775.jpg \/><\/a><br \/>\n^ Die U-SSB hat 2 Abteile, hier das obere. Kapazit\u00e4t: 10 Personen pro Fahrt, 50 Personen pro Stunde.<\/p>\n<p><a href='http:\/\/ski.inmontanis.info\/d\/170051-2\/DSC09781.jpg'><img src=http:\/\/ski.inmontanis.info\/d\/170050-3\/DSC09781.jpg \/><\/a><br \/>\n^ Antrieb U-SSB<\/p>\n<p><a href='http:\/\/ski.inmontanis.info\/d\/170055-2\/DSC09782.jpg'><img src=http:\/\/ski.inmontanis.info\/d\/170054-3\/DSC09782.jpg \/><\/a><br \/>\n^ Steuerung U-SSB<\/p>\n<p><a href='http:\/\/ski.inmontanis.info\/d\/170059-2\/DSC09783.jpg'><img src=http:\/\/ski.inmontanis.info\/d\/170058-3\/DSC09783.jpg \/><\/a><br \/>\n^ Bergstation; kurioserweise gibt&#8217;s hier (und unten) zwei offene 3-Personen-W\u00e4gen. Alternativ zu den normalen W\u00e4gen? Oder angeh\u00e4ngt zur Kapazit\u00e4tssteigerung? Zur Wartung?<\/p>\n<p><a href='http:\/\/ski.inmontanis.info\/d\/170063-2\/DSC09785.jpg'><img src=http:\/\/ski.inmontanis.info\/d\/170062-3\/DSC09785.jpg \/><\/a><br \/>\n^ Bergstation.<\/p>\n<p><a href='http:\/\/ski.inmontanis.info\/d\/170067-2\/DSC09788.jpg'><img src=http:\/\/ski.inmontanis.info\/d\/170066-3\/DSC09788.jpg \/><\/a><br \/>\n^ Bergstation<\/p>\n<p><a href='http:\/\/ski.inmontanis.info\/d\/170071-2\/DSC09789.jpg'><img src=http:\/\/ski.inmontanis.info\/d\/170070-3\/DSC09789.jpg \/><\/a><br \/>\n^ Tunnel zum Ausgang<\/p>\n<p><a href='http:\/\/ski.inmontanis.info\/d\/170075-2\/DSC09790.jpg'><img src=http:\/\/ski.inmontanis.info\/d\/170074-3\/DSC09790.jpg \/><\/a><br \/>\n^ Warnschild. Direkt vom Ausgang scheint mir das Gel\u00e4nde hinab recht zahm zu sein. Wer&#8217;s steiler will, geht ein St\u00fcck richtung Gipfel und bekommt einige steile Rinnen.<\/p>\n<p><img src=http:\/\/ski.inmontanis.info\/d\/170079-2\/DSC09802.jpg \/><br \/>\n^ Ausgang, dar\u00fcber Caf\u00e9 und (ehemalige?) NATO-Einrichtung<\/p>\n<p><img src=http:\/\/extra.inmontanis.info\/d\/17476-3\/DSC09806.jpg \/><br \/>\n^ Hammer Pano <\/p>\n<p><img src=http:\/\/ski.inmontanis.info\/d\/170083-2\/DSC09810.jpg \/><br \/>\n^ Pano am Aufstieg zum Caf\u00e9. Die Stufen gibt&#8217;s nur im unteren Teil, danach ist der Aufstieg etwas m\u00fchseliger &#8230;<\/p>\n<p><img src=http:\/\/ski.inmontanis.info\/d\/170087-2\/DSC09811.jpg \/><br \/>\n^ Pano vom Caf\u00e9<\/p>\n<p><img src=http:\/\/ski.inmontanis.info\/d\/170091-2\/dsc09815-16.jpg \/><br \/>\n^ NATO-Funkturm (Stitch)<\/p>\n<p><img src=http:\/\/ski.inmontanis.info\/d\/170095-2\/DSC09819.jpg \/><br \/>\n^ Plattform vor dem Turm (genauer gesagt, ist es ein Dach)<\/p>\n<p><img src=http:\/\/ski.inmontanis.info\/d\/170099-2\/DSC09823.jpg \/><br \/>\n^ S\u00fcd-Ost-Pano<\/p>\n<p><img src=http:\/\/ski.inmontanis.info\/d\/170103-2\/DSC09826.jpg \/><br \/>\n^ West-Pano<\/p>\n<p><img src=http:\/\/ski.inmontanis.info\/d\/170107-2\/DSC09830.jpg \/><br \/>\n^ Nord-Pano. Bis zum ersten Gipfel bin ich noch weiter gegangen, da es mir auch nicht mehr gef\u00e4hrlicher aussah als das, wo ich jetzt schon raufgegangen bin.<\/p>\n<p><img src=http:\/\/ski.inmontanis.info\/d\/170111-2\/DSC09832.jpg \/><br \/>\n^ S\u00fcd-Pano mit Funkturm<\/p>\n<p><img src=http:\/\/ski.inmontanis.info\/d\/170115-2\/DSC09833.jpg \/><br \/>\n^ Zum hintersten Gipfel bin ich aber nicht mehr weiter. Da d\u00fcrfte der Grat wohl noch schm\u00e4ler sein &#8230;<\/p>\n<p><img src=http:\/\/ski.inmontanis.info\/d\/170119-2\/DSC09834.jpg \/><br \/>\n^ Ost-Pano (unten in Bildmitte das Skigebiet von Rjukan)<\/p>\n<p><img src=http:\/\/ski.inmontanis.info\/d\/170123-2\/DSC09845.jpg \/><br \/>\n^ Nord-West-Pano<\/p>\n<p><img src=http:\/\/ski.inmontanis.info\/d\/170127-2\/DSC09200.jpg \/><br \/>\n^ IR-Pano (Nord-West)<\/p>\n<p><img src=http:\/\/ski.inmontanis.info\/d\/170131-2\/DSC09851.jpg \/><br \/>\n^ Das Skigebiet von Rjukan. Schaut von hier oben ja recht flach und langweilig aus &#8230;<\/p>\n<p><a href='http:\/\/ski.inmontanis.info\/d\/170135-2\/DSC09205.jpg'><img src=http:\/\/ski.inmontanis.info\/d\/170134-3\/DSC09205.jpg \/><\/a><br \/>\n^ IR-Pano richtung S\u00fcd\/S\u00fcd-Ost, am Horizont kann man als dunklen Strich gerade so das Meer erkennen<\/p>\n<p><img src=http:\/\/ski.inmontanis.info\/d\/170139-2\/DSC09852.jpg \/><br \/>\n^ Nord-Pano<\/p>\n<p><img src=http:\/\/ski.inmontanis.info\/d\/170143-2\/DSC09859.jpg \/><br \/>\n^ West-Zoom<\/p>\n<p><img src=http:\/\/ski.inmontanis.info\/d\/170147-2\/DSC09861.jpg \/><br \/>\n^ Nord-West-Zoom mit zwei markanten h\u00f6heren Bergen<\/p>\n<p><a href='http:\/\/ski.inmontanis.info\/d\/170151-2\/DSC09863.jpg'><img src=http:\/\/ski.inmontanis.info\/d\/170150-3\/DSC09863.jpg \/><\/a><br \/>\n^ Verschneite Berge mit vmtl. einigen Gletschern (Nord-West)<\/p>\n<p><a href='http:\/\/ski.inmontanis.info\/d\/170155-2\/DSC09868.jpg'><img src=http:\/\/ski.inmontanis.info\/d\/170154-3\/DSC09868.jpg \/><\/a><br \/>\n^ S\u00fcd-Ost-Zoom (Berg mit Antenne: Jonsknuten nahe Kongsberg)<\/p>\n<p><img src=http:\/\/ski.inmontanis.info\/d\/170159-2\/DSC09874.jpg \/><br \/>\n^ NATO-Anlage<\/p>\n<p><img src=http:\/\/ski.inmontanis.info\/d\/170163-2\/DSC09876.jpg \/><br \/>\n^ Manche haben echt Nerven &#8230;<\/p>\n<p><img src=http:\/\/ski.inmontanis.info\/d\/170167-2\/DSC09878.jpg \/><br \/>\n^ S\u00fcd-Pano<\/p>\n<p><img src=http:\/\/ski.inmontanis.info\/d\/170171-2\/DSC09880.jpg \/><br \/>\n^ Im Westen sind viele Seen zu sehen.<\/p>\n<p><img src=http:\/\/ski.inmontanis.info\/d\/170175-2\/DSC09882.jpg \/><br \/>\n^ Eins ist klar &#8211; ohne Schnee w\u00e4ren die Bilder heute nur halb so sch\u00f6n.<\/p>\n<p><img src=http:\/\/ski.inmontanis.info\/d\/170179-2\/DSC09887.jpg \/><br \/>\n^ S\u00fcd-Ost-Pano mit Heddersvattn.<\/p>\n<p><img src=http:\/\/ski.inmontanis.info\/d\/170183-2\/DSC09897.jpg \/><br \/>\n^ Schnee + See = Schee<\/p>\n<p><img src=http:\/\/ski.inmontanis.info\/d\/170187-2\/DSC09905.jpg \/><br \/>\n^ S\u00fcd-West<\/p>\n<p><img src=http:\/\/ski.inmontanis.info\/d\/170191-2\/DSC09907.jpg \/><br \/>\n^ S\u00fcd-Pano, vorne links das Dach des Caf\u00e9, rechts ein (kostenpflichtiges) WC.<\/p>\n<p><img src=http:\/\/ski.inmontanis.info\/d\/170195-2\/DSC09910.jpg \/><br \/>\n^ jetzt nicht nach links fallen&#8230;.<\/p>\n<p><img src=http:\/\/ski.inmontanis.info\/d\/170199-2\/DSC09920.jpg \/><br \/>\n^ Caf\u00e9 (liks) und SSB-Ausgang (rechts)<\/p>\n<p><img src=http:\/\/ski.inmontanis.info\/d\/170203-2\/DSC09947.jpg \/><br \/>\n^ Technische Daten. Irgendwie ja schon ziemlich viel Fahrerei und Lauferei f\u00fcr eine 650hm Freeride-Abfahrt &#8230; (zudem kommt man meines Wissens mit dem Auto nicht zum Parkplatz sondern muss vom Skigebiet aus noch mit einem Zubringer (Pistenraupe oder Allradfahrzeug oder so) hin &#8230;) &#8211; allerdings aufgrund dessen auch sehr reizvoll.<\/p>\n<p><img src=http:\/\/ski.inmontanis.info\/d\/170207-2\/DSC09971.jpg \/><br \/>\n^ Mit ca. 39\u00b0 (ca. 80-84%) ist die U-SSB schon verdammt steil<\/p>\n<p><a href='http:\/\/ski.inmontanis.info\/d\/170211-2\/DSC09992.jpg'><img src=http:\/\/ski.inmontanis.info\/d\/170210-3\/DSC09992.jpg \/><\/a><br \/>\n^ Mittelstation<\/p>\n<p><a href='http:\/\/ski.inmontanis.info\/d\/170215-2\/DSC09994.jpg'><img src=http:\/\/ski.inmontanis.info\/d\/170214-3\/DSC09994.jpg \/><\/a><br \/>\n^ Talstation U-SSB. Der zweite Wagen ist Norwegen-Typisch \u00fcbrigens Rot.<\/p>\n<p><a href='http:\/\/ski.inmontanis.info\/d\/170219-2\/DSC00015.jpg'><img src=http:\/\/ski.inmontanis.info\/d\/170218-3\/DSC00015.jpg \/><\/a><br \/>\n^ Preistafel am Eingang. 350,- NOK f\u00fcr die Berg&amp;Talfahrt sind \u00fcbrigens ca. 43,- \u0080. F\u00fcr diese 2 speziellen Bahnen und bei der geringen F\u00f6rderleistung von 50 p\/h ein akzeptabler Preis.<\/p>\n<p>Kleines Video der beiden Bahnen:<br \/>\n<object style=\"height: 500px; width: 900px\"><param name=\"movie\" value=\"http:\/\/www.youtube.com\/v\/RJTu69nwKfE\"><\/param><param name=\"wmode\" value=\"transparent\"><\/param><embed src=\"http:\/\/www.youtube.com\/v\/RJTu69nwKfE\" type=\"application\/x-shockwave-flash\" wmode=\"transparent\"  width=\"900\" height=\"480\"><\/embed><\/object><\/p>\n<p>Mehr Infos:<\/p>\n<p>http:\/\/gaustabanen.no\/<br \/>\nhttps:\/\/www.facebook.com\/gaustatoppenfreeride<br \/>\nhttp:\/\/de.wikipedia.org\/wiki\/Gaustatoppen<\/p>\n<p>Auf der Stra\u00dfe in den S\u00fcden hab ich mir noch etwas Schnee eingepackt, der am Stra\u00dfenrand auf ca. 1100m lag. Manchmal frag ich mich ja schon, was sich die anderen denken, wenn ich sommers wie winters Schnee in Flaschen abf\u00fclle. Ob irgendwer auf die Idee kommt, dass ich das f\u00fcr eine K\u00fchlbox verwende? M\u00f6chte n\u00e4mlich morgen noch etwas gek\u00fchltes einkaufen und es halbwegs gek\u00fchlt heimbringen. Zwar ist meine K\u00fchlbox elektrisch, aber einerseits st\u00f6rt das Ger\u00e4usch, andererseits ist durch die Schneeflaschen jetzt schonmal eine gewisse Grundk\u00fchle in der Box.<\/p>\n<p><a href='http:\/\/extra.inmontanis.info\/d\/19388-2\/DSC00019.jpg'><img src=http:\/\/extra.inmontanis.info\/d\/19386-3\/DSC00019.jpg \/><\/a><br \/>\n^ Stra\u00dfe Rjukan-Tuddal<\/p>\n<p><a href='http:\/\/extra.inmontanis.info\/d\/19392-2\/DSC00024.jpg'><img src=http:\/\/extra.inmontanis.info\/d\/19390-3\/DSC00024.jpg \/><\/a><br \/>\n^ Rjukan-Tuddal<\/p>\n<p>Danach hab ich noch kurz die F\u00e4hren im Internet gecheckt &#8211; wobei ich nur geschaut hab, ob Fjordline noch 38,- \u20ac f\u00fcr die morgige F\u00e4hre von Langesund nach Hirtshals verlangt. Jawohl, was f\u00fcr ein Schn\u00e4ppchen! Da Colorline (Larvik\/Kristiansand) wohl keine Lust hat, eine Buchungsm\u00f6glichkeit vom iPhone anzubieten (und ich keinen Link fand um die Nicht-Mobile-Seite aufzrufen), hab ich nicht weiter nachgeschaut, ob die nun g\u00fcnstigere Preise als 65,- oder 100,- oder so h\u00e4tten. Dadurch hab ich mich allerdings f\u00fcr eine relativ fr\u00fche F\u00e4hre morgen festgelegt &#8211; um 14:30 Uhr ist Abfahrt. Da ich morgen noch die Korbliftreste besuchen will und einkaufen m\u00f6chte, ist das auch wieder ein straffer Zeitplan. Aber ich hatte auch keine Idee, was ich 3 weitere Stunden noch h\u00e4tte machen wollen, dass sich die Mehrkosten f\u00fcr die sp\u00e4tere F\u00e4hre gelohnt h\u00e4tte .. Und Sonntag? Miwula? Skihalle? Ohne Schlafen durchfahren und Gletscher fahren?<\/p>\n<p>Weiter ging&#8217;s also zum morgigen Ziel, immer weiter gen Oslo, Stra\u00dfen immer voller, Orte gr\u00f6\u00dfer. Kurzer Zwischenhalt bei einem Bergbys Fastfoodrestaurant.<\/p>\n<p><a href='http:\/\/extra.inmontanis.info\/d\/19396-2\/IMG_0505.jpg'><img src=http:\/\/extra.inmontanis.info\/d\/19394-3\/IMG_0505.jpg \/><\/a><br \/>\n^ Bergbys Fastfood-Restaurant(mini)kette, gro\u00dfz\u00fcgiger Platz und frisch gemachte Burger.<br \/>\nhttps:\/\/www.facebook.com\/Bergbys<\/p>\n<p>Der gro\u00dfe See (Tyrifjord) am Ende meiner heutigen Reise schien von meiner Richtung her kommend alles verbaut (oder bewaldet), sobald eine Stra\u00dfe abzweigte, Parkplatz mit Aussicht Fehlanzeige. Schade. Klarer Himmel, fast Vollmond, h\u00e4tte sch\u00f6ne Bilder gegeben. <\/p>\n<p>(Eine Fortsetzung folgt noch.)<\/p>\n","protected":false},"excerpt":{"rendered":"<p>Skandinavien &#8211; Lichter des Nordens Tag 11 &#8211; Fr, 20.9.2013 &#8211; Teil 2 &#8211; Gaustatoppen<\/p>\n<p>Der kleine Umweg durch die gesperrte Stra\u00dfe hatte dann gereicht, dass ich mich nicht mehr zur SSB fahren traute &#8211; wusste ja nicht, wie weit genau, und wenn mal das Tankleer-L\u00e4mpchen leuchtet.. also rein nach Rjukan und tanken (nachdem ich <a href=\"http:\/\/blog.inmontanis.info\/?p=2531\">[&#8230;]<\/a><\/p>\n","protected":false},"author":1,"featured_media":0,"comment_status":"open","ping_status":"closed","sticky":false,"template":"","format":"standard","meta":{"footnotes":""},"categories":[126,18,59,598,30],"tags":[90,45,46],"class_list":["post-2531","post","type-post","status-publish","format-standard","hentry","category-2013-09-skandinavien-nordlichttour","category-norwegennorway","category-nostalgie","category-rjukan-gausta","category-wandern","tag-infrarot","tag-see","tag-ssb","odd"],"_links":{"self":[{"href":"http:\/\/blog.inmontanis.info\/index.php?rest_route=\/wp\/v2\/posts\/2531","targetHints":{"allow":["GET"]}}],"collection":[{"href":"http:\/\/blog.inmontanis.info\/index.php?rest_route=\/wp\/v2\/posts"}],"about":[{"href":"http:\/\/blog.inmontanis.info\/index.php?rest_route=\/wp\/v2\/types\/post"}],"author":[{"embeddable":true,"href":"http:\/\/blog.inmontanis.info\/index.php?rest_route=\/wp\/v2\/users\/1"}],"replies":[{"embeddable":true,"href":"http:\/\/blog.inmontanis.info\/index.php?rest_route=%2Fwp%2Fv2%2Fcomments&post=2531"}],"version-history":[{"count":3,"href":"http:\/\/blog.inmontanis.info\/index.php?rest_route=\/wp\/v2\/posts\/2531\/revisions"}],"predecessor-version":[{"id":9084,"href":"http:\/\/blog.inmontanis.info\/index.php?rest_route=\/wp\/v2\/posts\/2531\/revisions\/9084"}],"wp:attachment":[{"href":"http:\/\/blog.inmontanis.info\/index.php?rest_route=%2Fwp%2Fv2%2Fmedia&parent=2531"}],"wp:term":[{"taxonomy":"category","embeddable":true,"href":"http:\/\/blog.inmontanis.info\/index.php?rest_route=%2Fwp%2Fv2%2Fcategories&post=2531"},{"taxonomy":"post_tag","embeddable":true,"href":"http:\/\/blog.inmontanis.info\/index.php?rest_route=%2Fwp%2Fv2%2Ftags&post=2531"}],"curies":[{"name":"wp","href":"https:\/\/api.w.org\/{rel}","templated":true}]}}