{"id":2525,"date":"2013-09-19T23:30:54","date_gmt":"2013-09-19T21:30:54","guid":{"rendered":"http:\/\/blog.inmontanis.info\/?p=2525"},"modified":"2023-08-04T19:45:28","modified_gmt":"2023-08-04T17:45:28","slug":"utvorda-sladal-sognefjell-tinde-19-9-2013","status":"publish","type":"post","link":"http:\/\/blog.inmontanis.info\/?p=2525","title":{"rendered":"Utvorda-Sl\u00e5dal-Sognefjell-Tinde, 19.9.2013"},"content":{"rendered":"<p><strong>Skandinavien &#8211; Lichter des Nordens<br \/>\nTag 10 &#8211; Do, 19.9.2013<\/strong> &#8211; Utvorda-Sl\u00e5dalsvegen-Sognefjell-Tindevegen<\/p>\n<p>Am Morgen war der Himmel einigerma\u00dfen klar, so bin ich kurz den H\u00fcgel hinauf gestiegen um noch ein paar Fotos von der K\u00fcste bei Utvorda zu machen.<\/p>\n<p>(Fotos anklicken zum Vergr\u00f6\u00dfern, soweit nicht vergr\u00f6\u00dfert gepostet.)<br \/>\n<!--more--><br \/>\n<img src=http:\/\/extra.inmontanis.info\/d\/19252-2\/ge_20130919a.jpg \/><br \/>\n^ Fahrstrecke 19.9.2013<br \/>\nO) Utvorda<br \/>\nP) Sl\u00e5dalsvegen<br \/>\nQ) Sognefjell &#038; Tindevegen<\/p>\n<p><img src=http:\/\/extra.inmontanis.info\/d\/19048-2\/DSC09138.jpg \/><br \/>\n^ Morgend\u00e4mmerung in Utvorda<\/p>\n<p><img src=http:\/\/extra.inmontanis.info\/d\/19052-2\/DSC09149.jpg \/><br \/>\n^ Utvorda<\/p>\n<p><img src=http:\/\/extra.inmontanis.info\/d\/19056-2\/DSC09151.jpg \/><br \/>\n^ Utvorda<\/p>\n<p><img src=http:\/\/extra.inmontanis.info\/d\/19060-2\/DSC09153_001.jpg \/><br \/>\n^ Utvorda<\/p>\n<p><img src=http:\/\/extra.inmontanis.info\/d\/19064-2\/DSC09168.jpg \/><br \/>\n^ Parkplatz an der K\u00fcste bei Utvorda<\/p>\n<p>Danach ging es weiter in den S\u00fcden, mit kurzem Tankstellen-Zwischenhalt mit einem Bernerw\u00fcrstl-Hotdog und einer Ziegenk\u00e4se-Waffel. <\/p>\n<p><img src=http:\/\/extra.inmontanis.info\/d\/19068-3\/DSC09182.jpg \/><br \/>\n^ Spiegel-See zwischen Statland und T\u00f8ttdal<\/p>\n<p><a href='http:\/\/extra.inmontanis.info\/d\/19072-2\/DSC09183.jpg'><img src=http:\/\/extra.inmontanis.info\/d\/19070-3\/DSC09183.jpg \/><\/a><br \/>\n^ Spiegel-See zwischen Statland und T\u00f8ttdal<\/p>\n<p><img src=http:\/\/extra.inmontanis.info\/d\/19076-2\/DSC09186.jpg \/><br \/>\n^ Spiegel-See zwischen Statland und T\u00f8ttdal<\/p>\n<p><a href='http:\/\/extra.inmontanis.info\/d\/19080-3\/DSC09191.jpg'><img src=http:\/\/extra.inmontanis.info\/d\/19078-2\/DSC09191.jpg \/><\/a><br \/>\n^ E6 n\u00e4he Steinkjer<\/p>\n<p>Gegen Mittag querte ich Trondheim mit seinen Mautstra\u00dfen, noch weiter die E6 bis Domb\u00e5s. Mann ist das m\u00fchselig. Oftmals darf man hier nur 70 fahren, anstatt der ja eh schon beschr\u00e4nkten 80 km\/h in Norwegen. Was bringt denn das, dauerhaft von 80 auf 70 zu beschr\u00e4nken?<\/p>\n<p><a href='http:\/\/extra.inmontanis.info\/d\/19084-2\/DSC09218.jpg'><img src=http:\/\/extra.inmontanis.info\/d\/19082-3\/DSC09218.jpg \/><\/a><br \/>\n^ E6 \/ Drivdalen<\/p>\n<p><a href='http:\/\/extra.inmontanis.info\/d\/19088-2\/DSC09234.jpg'><img src=http:\/\/extra.inmontanis.info\/d\/19086-3\/DSC09234.jpg \/><\/a><br \/>\n^ E6 \/ n\u00e4he V\u00e5l\u00e5sj\u00f8. \u00dcbrigens einer von mehreren Schl\u00e4fern heute, die ich \u00fcberholen musste. Weiter im Norden war ich mit 80-85 immer derjenige, der \u00fcberholt wurde&#8230; <\/p>\n<p>Nach Domb\u00e5s ging&#8217;s \u00fcber eine interessante Mautstra\u00dfe (minimal k\u00fcrzer) weiter. 50,- Kronen f\u00fcr eine nicht asphaltierte einsame Bergstra\u00dfe? Na gerne. War schon ziemlich cool, aber die Spurrinnen teilweise schlimm zu fahren.<\/p>\n<p><a href='http:\/\/extra.inmontanis.info\/d\/19092-2\/DSC09239.jpg'><img src=http:\/\/extra.inmontanis.info\/d\/19090-3\/DSC09239.jpg \/><\/a><br \/>\n^ Mautstra\u00dfe Sl\u00e5dalsvegen Domb\u00e5s-V\u00e5g\u00e5<\/p>\n<p><a href='http:\/\/extra.inmontanis.info\/d\/19096-2\/DSC09249.jpg'><img src=http:\/\/extra.inmontanis.info\/d\/19094-3\/DSC09249.jpg \/><\/a><br \/>\n^ Sl\u00e5dalsvegen<\/p>\n<p><img src=http:\/\/extra.inmontanis.info\/d\/17460-3\/DSC09266.jpg \/><br \/>\n^ Sl\u00e5dalsvegen<\/p>\n<p><a href='http:\/\/extra.inmontanis.info\/d\/19100-2\/DSC09272.jpg'><img src=http:\/\/extra.inmontanis.info\/d\/19098-3\/DSC09272.jpg \/><\/a><br \/>\n^ Sl\u00e5dalsvegen<\/p>\n<p><img src=http:\/\/extra.inmontanis.info\/d\/19104-2\/DSC09276.jpg \/><br \/>\n^ Es g\u00e4be hier einige Stichstra\u00dfen, schade, dass mir die Zeit fehlt, da ein paar entlang zu fahren. Sollte man irgendwann nachholen&#8230;<\/p>\n<p><a href='http:\/\/extra.inmontanis.info\/d\/19108-2\/DSC09279.jpg'><img src=http:\/\/extra.inmontanis.info\/d\/19106-3\/DSC09279.jpg \/><\/a><br \/>\n^ Sl\u00e5dalsvegen<\/p>\n<p><a href='http:\/\/extra.inmontanis.info\/d\/19112-2\/DSC09285.jpg'><img src=http:\/\/extra.inmontanis.info\/d\/19110-3\/DSC09285.jpg \/><\/a><br \/>\n^ Sl\u00e5dalsvegen<\/p>\n<p>Danach kurz auf der Hauptstra\u00dfe bevor es in Lom zur Sognefjell-Stra\u00dfe abging. Von dort k\u00e4me man auch zum Galdh\u00f8piggen Sommerskisenter, aber die hatten ja auch schon seit Wochen wg. Schneemangels zu. Wobei, aktuell hatte es wieder etwas geschneit. Die 85,- NOK Mautstra\u00dfe hinauf hab ich mir aber gespart (obwohl ich ja auch nichts dagegen gehabt h\u00e4tte, ein bisschen zu Fu\u00df aufzusteigen und mit den Skiern runter &#8211; dann h\u00e4tte ich sie wenigtens nicht umsonst mitgenommen). Wer wei\u00df, ob ich mit den Sommerreifen \u00fcberhaupt bis rauf gekommen w\u00e4re.<\/p>\n<p>Die Sognefjellstra\u00dfe (Rv. 55) war im weiteren Verlauf wieder ziemlich spektakul\u00e4r. Gletscher, Altschneefelder und einige Neuschneefelder. <\/p>\n<p>Weniger spa\u00dfig war allerdings, dass es bereits abends war, die Temperaturen um die 0\u00b0 waren, tw. Schnee am Stra\u00dferand lag und die Stra\u00dfen nass waren &#8211; eine Kombination, die jetzt nicht sooo spa\u00dfig ist.<\/p>\n<p><a href='http:\/\/extra.inmontanis.info\/d\/19116-2\/DSC09288.jpg'><img src=http:\/\/extra.inmontanis.info\/d\/19114-3\/DSC09288.jpg \/><\/a><br \/>\n^ 15 \/ V\u00e5g\u00e5vatnet<\/p>\n<p><img src=http:\/\/extra.inmontanis.info\/d\/19120-2\/DSC09294.jpg \/><br \/>\n^ 55 \/ Auffahrt Sognefjellet<\/p>\n<p><img src=http:\/\/extra.inmontanis.info\/d\/19124-2\/DSC09305.jpg \/><br \/>\n^ 55 \/ Seitental (da geht die Stra\u00dfe nicht hinein)<\/p>\n<p><img src=http:\/\/extra.inmontanis.info\/d\/19128-3\/DSC09323.jpg \/><br \/>\n^ 55 \/ Sognefjell<\/p>\n<p><img src=http:\/\/extra.inmontanis.info\/d\/19132-3\/DSC09326.jpg \/><br \/>\n^ 55 \/ Sognefjell (Nufshaug)<\/p>\n<p><img src=http:\/\/extra.inmontanis.info\/d\/19136-2\/DSC09329.jpg \/><br \/>\n^ 55 \/ Sognefjell (Nufshaug), paar Wasserf\u00e4lle&#8230;<\/p>\n<p><img src=http:\/\/extra.inmontanis.info\/d\/19140-3\/DSC09340.jpg \/><br \/>\n^ 55 \/ Sognefjell mit Gletscher<\/p>\n<p><img src=http:\/\/extra.inmontanis.info\/d\/17464-2\/DSC09349.jpg \/><br \/>\n^ 55 \/ Sognefjell<\/p>\n<p><img src=http:\/\/extra.inmontanis.info\/d\/19144-3\/DSC09350.jpg \/><br \/>\n^ Sognefjell<\/p>\n<p><img src=http:\/\/extra.inmontanis.info\/d\/19148-2\/DSC09360.jpg \/><br \/>\n^ 55 \/ Sognefjell-Stra\u00dfe<\/p>\n<p><img src=http:\/\/extra.inmontanis.info\/d\/19152-3\/DSC09371.jpg \/><br \/>\n^ 55 \/ Sognefjell<\/p>\n<p><img src=http:\/\/extra.inmontanis.info\/d\/19156-3\/DSC09380.jpg \/><br \/>\n^ 55 \/ Sognefjell<\/p>\n<p><img src=http:\/\/extra.inmontanis.info\/d\/19160-2\/DSC09385.jpg \/><br \/>\n^ 55 \/ Sognefjell<\/p>\n<p><img src=http:\/\/extra.inmontanis.info\/d\/19164-3\/DSC09388.jpg \/><br \/>\n^ 55 \/ Sognefjellstra\u00dfe<\/p>\n<p><img src=http:\/\/extra.inmontanis.info\/d\/19168-3\/DSC09390.jpg \/><br \/>\n^ 55 \/ Sognefjell<\/p>\n<p><img src=http:\/\/extra.inmontanis.info\/d\/19172-3\/DSC09391.jpg \/><br \/>\n^ 55 \/ Sognefjell<\/p>\n<p><img src=http:\/\/extra.inmontanis.info\/d\/19176-3\/DSC09400.jpg \/><br \/>\n^ 55 \/ Sognefjell-Stra\u00dfe mit Blick r\u00fcber zu einer anderen krassen Stra\u00dfe&#8230;.<\/p>\n<p>&#8230; zum Gl\u00fcck muss ich die nicht fahren. Vielleicht ein ander Mal. <\/p>\n<p>Die muss ich doch nicht fahren, oder?<\/p>\n<p>N\u00e4chsten Parkplatz angefahren. Check auf der Karte. Ach du Scheiii\u00dfe&#8230; ich muss die Stra\u00dfe doch fahren, wenn ich nach \u00c5rdal will. Und lt. Aushang hier am Parkplatz auch noch Mautstra\u00dfe. Ich hab bei den Temperaturen mit Sommerreifen so gar keine Lust, nochmal in unbekannte H\u00f6hen rauf zu fahren! Und tanken m\u00fcsst ich auch &#8230;<\/p>\n<p>Tindevegen hie\u00df dieses Stra\u00dfenst\u00fcck, und war doch angenehmer zu fahren als bef\u00fcrchtet. Die 75,- NOK Maut muss man hier aber nur zahlen, wenn man dr\u00fcber fahren will, da die Mautstation &#8211; nur mit Kreditkarte \u00fcbrigens &#8211; ziemlich direkt oben liegt. Ansonsten kann man beiderseits bis nach oben fahren. Ist doch auch praktisch.<\/p>\n<p><img src=http:\/\/extra.inmontanis.info\/d\/19180-3\/DSC09411.jpg \/><br \/>\n^ Tindevegen mit Blick r\u00fcber zur Sognefjell-Stra\u00dfe<\/p>\n<p><img src=http:\/\/extra.inmontanis.info\/d\/19184-3\/DSC09423.jpg \/><br \/>\n^ Tindevegen; hinter der ersten Kuppe geht&#8217;s in ein kleines Hochtal und noch weiter hinauf<\/p>\n<p><img src=http:\/\/extra.inmontanis.info\/d\/19188-3\/DSC09424.jpg \/><br \/>\n^ Tindevegen; gegenl\u00e4ufiges Bild zu vorhin. Cooles Str\u00e4sschen.<\/p>\n<p><img src=http:\/\/extra.inmontanis.info\/d\/19192-3\/DSC09430.jpg \/><br \/>\n^ Tindevegen Mautstation im oberen Bereich, d.h. zahlen muss nur, wer dr\u00fcber will. Alle Mautstationen heute hatten gl\u00fccklicherweise Kreditkarten aktzeptiert. Wer hat schon 50-80 NOK in M\u00fcnzen bei sich&#8230;<\/p>\n<p><img src=http:\/\/extra.inmontanis.info\/d\/19196-2\/DSC09439.jpg \/><br \/>\n^ Tindevegen<\/p>\n<p><a href='http:\/\/extra.inmontanis.info\/d\/19200-3\/DSC09441.jpg'><img src=http:\/\/extra.inmontanis.info\/d\/19198-3\/DSC09441.jpg \/><\/a><br \/>\n^ Tindevegen<\/p>\n<p><a href='http:\/\/extra.inmontanis.info\/d\/19204-2\/DSC09446.jpg'><img src=http:\/\/extra.inmontanis.info\/d\/19202-3\/DSC09446.jpg \/><\/a><br \/>\n^ Tindevegen \/ \u00c5rdal; hier sind einige schmale Kehren zu fahren.<\/p>\n<p>Wieder unten angelangt, mittlerweile war es 19 Uhr, kam mir ein MIX des Wegs &#8211; und ein Hamburger in den Bauch. Zuletzt wollt ich noch die alte Passstra\u00dfe nach Aurdal fahren. Ihr wisst schon, da wo jetzt der 24 km lange Tunnel drunter geht. Leider war der Himmel stark bew\u00f6lkt, keine Sterne, nur minimal Mondlicht &#8211; da macht das n\u00e4chtliche Fotografieren keinen gro\u00dfen Spa\u00df. <\/p>\n<p><a href='http:\/\/extra.inmontanis.info\/d\/19208-2\/DSC09460.jpg'><img src=http:\/\/extra.inmontanis.info\/d\/19206-2\/DSC09460.jpg \/><\/a><br \/>\n^ 53 \/ \u00c5rdal. Manuell dirigering, Tunnel-arbeid. Manchmal ist Norwegisch f\u00fcr Deutsche leicht zu verstehen, :)<\/p>\n<p><a href='http:\/\/extra.inmontanis.info\/d\/19212-2\/DSC09465.jpg'><img src=http:\/\/extra.inmontanis.info\/d\/19210-3\/DSC09465.jpg \/><\/a><br \/>\n^ 53 \/ Tunnel n\u00e4he \u00c5rdal<\/p>\n<p><img src=http:\/\/extra.inmontanis.info\/d\/19216-3\/DSC09469.jpg \/><br \/>\n^ \u00c5rdalstangen. Mit den eng an eng gebauten H\u00e4usern den Berg hinauf schaut das etwas italienisch aus<\/p>\n<p><img src=http:\/\/extra.inmontanis.info\/d\/19220-3\/DSC09475.jpg \/><br \/>\n^ \u00c5rdalstangen von der anderen Seite<\/p>\n<p><img src=http:\/\/extra.inmontanis.info\/d\/19224-3\/DSC09476.jpg \/><br \/>\n^ \u00c5rdalsfjord, Seim \/ \u00c5rdalstangen<\/p>\n<p><img src=http:\/\/extra.inmontanis.info\/d\/19228-3\/DSC09493.jpg \/><br \/>\n^ V\u00e6rdalsfjord (4 sec ISO 125)<\/p>\n<p><a href='http:\/\/extra.inmontanis.info\/d\/19232-2\/DSC09505.jpg'><img src=http:\/\/extra.inmontanis.info\/d\/19230-3\/DSC09505.jpg \/><\/a><br \/>\n^ Alte Passtra\u00dfe Aurland-L\u00e6rdalen, die seit einigen Jahren mit dem 24 km langen Tunnel ersetzt wurde, touristisch im Sommer aber noch ge\u00f6ffnet ist. (Nachtfoto, 20 sec ISO 800)<\/p>\n<p>Zum \u00dcbernachten war&#8217;s oben auch zu kalt &#8211; bei 3\u00b0 muss man da am Morgen schon mit Eis und Schnee auf den Stra\u00dfen rechnen. Was man bei Sommerreifen und ohne Schneeketten nicht unbedingt haben muss. Zudem wieder ein kalter Wind und ab und zu einige K\u00fche, Schafe und Ziegen auf der Stra\u00dfe.<\/p>\n<p>Jedenfalls h\u00e4tte ich auch den Tunnel fahren k\u00f6nnen, bei dem &#8220;Licht&#8221; &#8230;<\/p>\n<p>Langsam muss ich mir auch mal \u00fcberlegen, wie ich die n\u00e4chsten Tage angehe. Das und den Bericht hier hab ich am kleinen Panorama-Parkplatz oberhalb des Aurlandfjords gemacht. Hatte bei dieser Tour kaum Zeit, die Berichte zu schreiben, zum Runterkopieren der Bilder von der Cam bin ich nur alle paar Tage gekommen. Film anschauen? Keine Zeit.<\/p>\n<p><a href='http:\/\/extra.inmontanis.info\/d\/19236-2\/DSC09508.jpg'><img src=http:\/\/extra.inmontanis.info\/d\/19234-3\/DSC09508.jpg \/><\/a><br \/>\n^ Aussichts-Monument am Aurlandsfjord, f\u00fcr Stative nachts leider nicht sehr geeignet (13 sec ISO 800)<\/p>\n<p><a href='http:\/\/extra.inmontanis.info\/d\/19240-2\/DSC09511.jpg'><img src=http:\/\/extra.inmontanis.info\/d\/19238-3\/DSC09511.jpg \/><\/a><br \/>\n^ Aurlandsfjord (30 sec ISO 800)<\/p>\n<p><a href='http:\/\/extra.inmontanis.info\/d\/19244-2\/DSC09513.jpg'><img src=http:\/\/extra.inmontanis.info\/d\/19242-3\/DSC09513.jpg \/><\/a><br \/>\n^ Aurlandsfjord (30 sec ISO 800)<\/p>\n<p>Die heutige Nacht wird jedenfalls kalt, in den engen T\u00e4lern hier, mit Neuschnee auf den Bergspitzen. Vielleicht doch ganz gut, dass der Himmel bedeckt ist&#8230; \u00dcbernachtet hab ich dann an einer kleinen Parkbucht direkt an der Stra\u00dfe unten im Tal, nix besseres gefunden bzw. wollt ich nicht mehr weiter fahren, weil ich bei der n\u00e4chsten Stra\u00dfe, dem Aurlandsvegen, gerne mehr sehen wollte.<\/p>\n<p><a href='http:\/\/extra.inmontanis.info\/d\/19248-2\/DSC09516.jpg'><img src=http:\/\/extra.inmontanis.info\/d\/19246-2\/DSC09516.jpg \/><\/a><br \/>\n^ 50 \/ Vassbygdvatnet<\/p>\n<p>Noch ein kleines Roadmovie von den heutigen drei Bergstra\u00dfen:<br \/>\n<object style=\"height: 500px; width: 900px\"><param name=\"movie\" value=\"http:\/\/www.youtube.com\/v\/9wzNHgOlWH8\"><\/param><param name=\"wmode\" value=\"transparent\"><\/param><embed src=\"http:\/\/www.youtube.com\/v\/9wzNHgOlWH8\" type=\"application\/x-shockwave-flash\" wmode=\"transparent\"  width=\"900\" height=\"480\"><\/embed><\/object><\/p>\n<p>(Fortsetzung folgt.)<\/p>\n","protected":false},"excerpt":{"rendered":"<p>Skandinavien &#8211; Lichter des Nordens Tag 10 &#8211; Do, 19.9.2013 &#8211; Utvorda-Sl\u00e5dalsvegen-Sognefjell-Tindevegen<\/p>\n<p>Am Morgen war der Himmel einigerma\u00dfen klar, so bin ich kurz den H\u00fcgel hinauf gestiegen um noch ein paar Fotos von der K\u00fcste bei Utvorda zu machen.<\/p>\n<p>(Fotos anklicken zum Vergr\u00f6\u00dfern, soweit nicht vergr\u00f6\u00dfert gepostet.)<\/p>\n<p> <a href=\"http:\/\/blog.inmontanis.info\/?p=2525\">[&#8230;]<\/a><\/p>\n","protected":false},"author":1,"featured_media":0,"comment_status":"open","ping_status":"closed","sticky":false,"template":"","format":"standard","meta":{"footnotes":""},"categories":[126,18,577],"tags":[100,37,45,86],"class_list":["post-2525","post","type-post","status-publish","format-standard","hentry","category-2013-09-skandinavien-nordlichttour","category-norwegennorway","category-sogn","tag-langzeitbelichtung","tag-meer","tag-see","tag-wasserfall","odd"],"_links":{"self":[{"href":"http:\/\/blog.inmontanis.info\/index.php?rest_route=\/wp\/v2\/posts\/2525","targetHints":{"allow":["GET"]}}],"collection":[{"href":"http:\/\/blog.inmontanis.info\/index.php?rest_route=\/wp\/v2\/posts"}],"about":[{"href":"http:\/\/blog.inmontanis.info\/index.php?rest_route=\/wp\/v2\/types\/post"}],"author":[{"embeddable":true,"href":"http:\/\/blog.inmontanis.info\/index.php?rest_route=\/wp\/v2\/users\/1"}],"replies":[{"embeddable":true,"href":"http:\/\/blog.inmontanis.info\/index.php?rest_route=%2Fwp%2Fv2%2Fcomments&post=2525"}],"version-history":[{"count":3,"href":"http:\/\/blog.inmontanis.info\/index.php?rest_route=\/wp\/v2\/posts\/2525\/revisions"}],"predecessor-version":[{"id":5025,"href":"http:\/\/blog.inmontanis.info\/index.php?rest_route=\/wp\/v2\/posts\/2525\/revisions\/5025"}],"wp:attachment":[{"href":"http:\/\/blog.inmontanis.info\/index.php?rest_route=%2Fwp%2Fv2%2Fmedia&parent=2525"}],"wp:term":[{"taxonomy":"category","embeddable":true,"href":"http:\/\/blog.inmontanis.info\/index.php?rest_route=%2Fwp%2Fv2%2Fcategories&post=2525"},{"taxonomy":"post_tag","embeddable":true,"href":"http:\/\/blog.inmontanis.info\/index.php?rest_route=%2Fwp%2Fv2%2Ftags&post=2525"}],"curies":[{"name":"wp","href":"https:\/\/api.w.org\/{rel}","templated":true}]}}