{"id":2519,"date":"2013-09-17T23:04:12","date_gmt":"2013-09-17T21:04:12","guid":{"rendered":"http:\/\/blog.inmontanis.info\/?p=2519"},"modified":"2023-08-04T21:05:43","modified_gmt":"2023-08-04T19:05:43","slug":"lofoten-stamsund-ofoten-17-9-2013","status":"publish","type":"post","link":"http:\/\/blog.inmontanis.info\/?p=2519","title":{"rendered":"Lofoten (Stamsund) &#8211; Ofoten, 17.9.2013"},"content":{"rendered":"<p><strong>Skandinavien &#8211; Lichter des Nordens<br \/>\nTag 8 &#8211; Di, 17.9.2013<\/strong> &#8211; Lofoten (Skigebiet Stamsund) + Ofoten<\/p>\n<p>Die Nacht verlief erneut sehr st\u00fcrmisch, diesmal bin ich allerdings vom Geschaukel und Gejohle einige Male aufgewacht. Um 8 Uhr war ich dann endg\u00fcltig wach. Eine kurze und gest\u00f6rte Nacht. Na wenigstens musste ich heute nicht 4x den Wecker schlummern wie gestern :)<\/p>\n<p>Da ich schon so weit unten war, wollte ich gar noch die letzten km der Lofoten bis zumindest Reine fahren. Gab allerdings Nieselregen und alles war nass und tiefh\u00e4ngende Wolken, so dass ich keine gro\u00dfe Lust hatte, dort eine Bergwanderung zu machen. Kurz vor Reine war auch noch eine Baustelle, wo ich 10 (!) Minuten gewartet hab und immer noch nicht fahren durfte. Bin dann wieder umgekehrt, da ich keine Lust hatte, evtl. retour wieder 15 Minuten warten zu m\u00fcssen. Die Zeit kann ich sinnvoller verwenden als an einer Baustelle zu warten. z.B. an einem Parkplatz mit WC, wo die einzelnen Kabinen sogar ein Waschbecken hatten, wie luxuri\u00f6s und wie praktisch, sich mal schnell die Haare zu waschen ;-) <\/p>\n<p>Dann noch in der n\u00e4chsten Tankstelle ein Hotdog gekauft. Ist ja schade, dass es nirgends Fischburger an Tankstellen gibt.<\/p>\n<p>Also dann die Lofoten wieder raufw\u00e4rts gefahren, n\u00e4chstes Ziel: Skigebiet Stamsund.<\/p>\n<p>(Fotos anklicken zum Vergr\u00f6\u00dfern, soweit nicht vergr\u00f6\u00dfert gepostet.)<\/p>\n<p><img src=http:\/\/extra.inmontanis.info\/d\/18716-2\/DSC08325.jpg \/><br \/>\n^ Sandstrand bei Ramberg<\/p>\n<p><a href='http:\/\/extra.inmontanis.info\/d\/18720-2\/DSC08334.jpg'><img src=http:\/\/extra.inmontanis.info\/d\/18719-3\/DSC08334.jpg \/><\/a><br \/>\n^ Sandstrand bei Ramberg<\/p>\n<p><img src=http:\/\/extra.inmontanis.info\/d\/18724-2\/DSC08340.jpg \/><br \/>\n^ Br\u00fccken nach Fredvang<\/p>\n<p><img src=http:\/\/extra.inmontanis.info\/d\/18728-2\/DSC08344.jpg \/><br \/>\n^ E10 \/ Selfjorden. Auf solchen Stra\u00dfen kommt man einfach nicht vorw\u00e4rts, laufend muss man Fotos machen ;)<\/p>\n<p><a href='http:\/\/extra.inmontanis.info\/d\/18732-2\/DSC08354.jpg'><img src=http:\/\/extra.inmontanis.info\/d\/18731-3\/DSC08354.jpg \/><\/a><br \/>\n^ E10 ri. Hamn\u00f8ya<\/p>\n<p><img src=http:\/\/extra.inmontanis.info\/d\/18736-2\/DSC08379.jpg \/><br \/>\n^ Br\u00fccken nach Fredvang<\/p>\n<p><a href='http:\/\/extra.inmontanis.info\/d\/18740-2\/DSC08392.jpg'><img src=http:\/\/extra.inmontanis.info\/d\/18739-3\/DSC08392.jpg \/><\/a><br \/>\n^ E10 Ramberg-Vareid<\/p>\n<p><a href='http:\/\/extra.inmontanis.info\/d\/18744-2\/DSC08401.jpg'><img src=http:\/\/extra.inmontanis.info\/d\/18743-3\/DSC08401.jpg \/><\/a><br \/>\n^ E10 \/ Kleines Skigebiet zwischen Vareid-Napp<\/p>\n<p><a href='http:\/\/extra.inmontanis.info\/d\/18748-2\/DSC08404.jpg'><img src=http:\/\/extra.inmontanis.info\/d\/18747-3\/DSC08404.jpg \/><\/a><br \/>\n^ Kleines Skigebiet n\u00e4he Napp, vmtl. wird im Winter dort ein Seillift aufgestellt.<\/p>\n<p><a href='http:\/\/extra.inmontanis.info\/d\/18752-2\/DSC08407.jpg'><img src=http:\/\/extra.inmontanis.info\/d\/18751-3\/DSC08407.jpg \/><\/a><br \/>\n^ Auf einem Parkplatz vor Leknes<\/p>\n<p><a href='http:\/\/extra.inmontanis.info\/d\/18756-2\/DSC08410.jpg'><img src=http:\/\/extra.inmontanis.info\/d\/18755-3\/DSC08410.jpg \/><\/a><br \/>\n^ 815 \/ n\u00e4he Storfjorden<\/p>\n<p>Ankunft am SL in Stamsund. Der Lift sah von unten schon cool aus, steiler als ich gedacht h\u00e4tte und bis rauf zum Gipfelgrat. Auch schien es einige Pfade zu geben, so dass ich raufgegangen bin. Allerdings ohne Bergm\u00f6nch, da mir der Zwischenteil doch zu steil zum Abfahren gewesen w\u00e4re. Nass und matschig war&#8217;s obendrein \u00fcberall.<\/p>\n<p>Oben angekommen gab&#8217;s dann nicht nur ein geiles Fjord\/Meer-Pano SL-seitig, sondern auch R\u00fcckseitig. Einfach nur geil. Damit h\u00e4tte ich also ein weiteres Ziel gleich mit abgehakt: Einen tollen Aussichtsberg auf den Lofoten zu besteigen. Denn das ist da gar nicht so einfach, da die meisten Berge sehr steil und Wanderwege selten (und erst recht nicht ausgeschildert) sind.<\/p>\n<p>Jedenfalls hab ich mir ziemlich Zeit gelassen. Bergab gings erst \u00fcber die SL-Trasse und dann einen Abzweig raus. Glaub das ist so eine Alternativ-Abfahrt oder Notweg-Abfahrt wenn man im SL st\u00fcrzt, jedenfalls gab&#8217;s da mehrere Abzweige vom SL raus und es waren jeweils steile, schmale Schneisen. Ziemlich genial, muss allerdings wohl mind. 1m Schnee liegen. Ansonsten gibt&#8217;s nur eine offizielle Abfahrt.<\/p>\n<p><img src=http:\/\/ski.inmontanis.info\/d\/169623-2\/DSC08416.jpg \/><br \/>\n^ Skigebiet Stamsund vom Parkplatz aus<\/p>\n<p><a href='http:\/\/ski.inmontanis.info\/d\/169627-2\/DSC08417.jpg'><img src=http:\/\/ski.inmontanis.info\/d\/169626-3\/DSC08417.jpg \/><\/a><br \/>\n^ Talstation<\/p>\n<p><a href='http:\/\/ski.inmontanis.info\/d\/169631-2\/DSC08419.jpg'><img src=http:\/\/ski.inmontanis.info\/d\/169630-3\/DSC08419.jpg \/><\/a><br \/>\n^ Bergstation Seillift<\/p>\n<p><img src=http:\/\/ski.inmontanis.info\/d\/169635-2\/DSC08425.jpg \/><br \/>\n^ Unterer Teil des Skigebiets, bereits hier unten hat man einen guten Blick auf&#8217;s Meer<\/p>\n<p><a href='http:\/\/ski.inmontanis.info\/d\/169639-2\/DSC08430.jpg'><img src=http:\/\/ski.inmontanis.info\/d\/169638-3\/DSC08430.jpg \/><\/a><br \/>\n^ Oberer Teil des Skigebiets mit Halfpipe<\/p>\n<p><img src=http:\/\/ski.inmontanis.info\/d\/169643-2\/DSC08433.jpg \/><br \/>\n^ Zwischendurch-Pano auf halber H\u00f6he (Gleicher Standort wie zuvor, andere Blickrichtung)<\/p>\n<p><img src=http:\/\/ski.inmontanis.info\/d\/169647-2\/DSC08441.jpg \/><br \/>\n^ &#8220;Panorama-Abfahrt&#8221; von nahe der SL-Bergstation aus<\/p>\n<p><img src=http:\/\/ski.inmontanis.info\/d\/169651-2\/DSC08451.jpg \/><br \/>\n^ R\u00fcckseiten-Pano. Wow.<\/p>\n<p><img src=http:\/\/ski.inmontanis.info\/d\/169655-2\/DSC08453.jpg \/><br \/>\n^ Auf der R\u00fcckseite des Skigebiets geht&#8217;s steil abw\u00e4rts. Auch wenn&#8217;s nur ca. 300 hm sind &#8230; Aber man hat ein geiles Pano!<\/p>\n<p><img src=http:\/\/ski.inmontanis.info\/d\/169659-2\/DSC08461.jpg \/><br \/>\n^ Bergstation SL und Abfahrt<\/p>\n<p><img src=http:\/\/ski.inmontanis.info\/d\/169663-2\/DSC08463.jpg \/><br \/>\n^ Bergstation SL und R\u00fcckseite<\/p>\n<p><img src=http:\/\/ski.inmontanis.info\/d\/169667-2\/DSC08464.jpg \/><br \/>\n^ Zoom ins .. \u00e4hm.. Tal ist ja doch etwas unpassend hier :) Wird wohl eine Fischzucht sein?<\/p>\n<p><img src=http:\/\/ski.inmontanis.info\/d\/169671-2\/DSC08467.jpg \/><br \/>\n^ Zoom ins .. Tal? Zur K\u00fcste, genau! Mit ihren Spielzeugh\u00e4uschen und dem bunten Wasser. Wird wohl gerade Flut sein, bei Ebbe s\u00e4he das sicher alles weniger sch\u00f6n aus&#8230;<\/p>\n<p><img src=http:\/\/ski.inmontanis.info\/d\/169783-2\/DSC08468.jpg \/><br \/>\n^ Blau scheint ja als Hausfarbe nicht mehr sehr beliebt zu sein&#8230;<\/p>\n<p><img src=http:\/\/ski.inmontanis.info\/d\/169787-2\/DSC08469.jpg \/><br \/>\n^ Inselchen, allerdings mit einem Damm verbunden<\/p>\n<p><img src=http:\/\/ski.inmontanis.info\/d\/169675-2\/DSC08470.jpg \/><br \/>\n^ Zoom richtung Leknes bzw. dar\u00fcber hinaus<\/p>\n<p><img src=http:\/\/ski.inmontanis.info\/d\/169679-2\/DSC08480.jpg \/><br \/>\n^ R\u00fcckseiten-Pano (links die SL-Bergstation)<\/p>\n<p><img src=http:\/\/ski.inmontanis.info\/d\/169683-2\/DSC08498.jpg \/><br \/>\n^ Oberhalb des SL (in Bildmitte); Nordpano<\/p>\n<p><img src=http:\/\/extra.inmontanis.info\/d\/17452-3\/DSC08500.jpg \/><\/p>\n<p><img src=http:\/\/ski.inmontanis.info\/d\/169687-2\/DSC08502.jpg \/><br \/>\n^ Noch etwas weiter zu einem der Vorgipfel gegangen hat man dieses S\u00fcd-Pano. Zu den n\u00e4chsten Gipfeln bin ich aber nicht mehr weiter.<\/p>\n<p><img src=http:\/\/ski.inmontanis.info\/d\/169691-2\/DSC08524.jpg \/><br \/>\n^ Blickrichtung Nord-Ost, unten Stamsund. Man sieht schon, es d\u00fcrften etliche hier rauf laufen!<\/p>\n<p><img src=http:\/\/ski.inmontanis.info\/d\/169695-2\/dsc08502-18.jpg \/><br \/>\n^ Mein einziges 360\u00b0-Pano (Planet) dieses Urlaubs, oberhalb des Skigebiets von Stamsund \/ Lofoten. Leider nerven die viele Wolken auf diesem Bild.<\/p>\n<p><img src=http:\/\/ski.inmontanis.info\/d\/169699-2\/DSC09181.jpg \/><br \/>\n^ IR-Pano die Lofoten hinab<\/p>\n<p><img src=http:\/\/ski.inmontanis.info\/d\/169703-2\/DSC09183.jpg \/><br \/>\n^ IR-Pano ri. Nord-West<\/p>\n<p><img src=http:\/\/ski.inmontanis.info\/d\/169707-2\/DSC09189.jpg \/><br \/>\n^ IR-Pano runter nach Stamsund und zum Festland gegen\u00fcber (ca. 50 km)<\/p>\n<p><img src=http:\/\/ski.inmontanis.info\/d\/169711-2\/DSC08530.jpg \/><br \/>\n^ SL und Abfahrt(en) von oben, bzw. Stamsund unten. Neben der beleuchteten Abfahrt d\u00fcrfte man auch vorne (Bild rechts unten) im Wald einige nette Varianten haben.<\/p>\n<p><img src=http:\/\/ski.inmontanis.info\/d\/169715-2\/DSC08540.jpg \/><br \/>\n^ Nochmal der R\u00fcckseitenbereich<\/p>\n<p><img src=http:\/\/ski.inmontanis.info\/d\/169719-2\/DSC08542.jpg \/><br \/>\n^ &#8230; und der Blick in die Tiefe ..<\/p>\n<p><img src=http:\/\/extra.inmontanis.info\/d\/18704-3\/DSC08542.jpg \/><br \/>\n^ Miniatur-Effekt<\/p>\n<p><img src=http:\/\/extra.inmontanis.info\/d\/18708-3\/DSC08542-2.jpg \/><br \/>\n^ Miniatur-Effekt<\/p>\n<p><img src=http:\/\/ski.inmontanis.info\/d\/169723-2\/DSC08544.jpg \/><br \/>\n^ .. St\u00fcck nach links .. Im Herbst und mit HDR und entsprechend bearbeitet ist das schon ein geiles Farbenspiel .. Nebenbei erkennt man, dass das Wasser schon ein St\u00fcck niedriger steht als vorhin, wo ich \u00fcber Flut und Ebbe schrieb.<\/p>\n<p><img src=http:\/\/extra.inmontanis.info\/d\/18712-3\/DSC08544.jpg \/><br \/>\n^ Miniatur-Effekt<\/p>\n<p><img src=http:\/\/extra.inmontanis.info\/d\/18688-3\/DSC08545.jpg \/><br \/>\n^ Miniatur-Effekt<\/p>\n<p><img src=http:\/\/extra.inmontanis.info\/d\/18684-3\/DSC08546.jpg \/><br \/>\n^ Miniatur-Effekt<\/p>\n<p><img src=http:\/\/extra.inmontanis.info\/d\/18692-3\/DSC08550.jpg \/><br \/>\n^ Miniatur-Effekt<\/p>\n<p><img src=http:\/\/extra.inmontanis.info\/d\/18696-3\/DSC08551.jpg \/><br \/>\n^ Miniatur-Effekt<\/p>\n<p><img src=http:\/\/extra.inmontanis.info\/d\/18700-3\/DSC08578.jpg \/><br \/>\n^ Miniatur-Effekt<\/p>\n<p><img src=http:\/\/ski.inmontanis.info\/d\/169727-2\/DSC08581.jpg \/><br \/>\n^ .. die steilen Felsh\u00e4nge mit einbeziehend<\/p>\n<p><a href='http:\/\/ski.inmontanis.info\/d\/169731-2\/DSC08562.jpg'><img src=http:\/\/ski.inmontanis.info\/d\/169730-3\/DSC08562.jpg \/><\/a><br \/>\n^ Zoom richtung Osten (\u00fcber Stamsund hinweg)<\/p>\n<p><img src=http:\/\/ski.inmontanis.info\/d\/169735-2\/DSC08593.jpg \/><br \/>\n^ Ein Hauch von Rot :) (Rechts mal wieder die SL-Bergstation)<\/p>\n<p><img src=http:\/\/ski.inmontanis.info\/d\/169739-2\/DSC08607.jpg \/><br \/>\n^ SL-Bergstation und Ausstieg<\/p>\n<p><img src=http:\/\/ski.inmontanis.info\/d\/169743-2\/DSC09177.jpg \/><br \/>\n^ Bergstation SL in IR<\/p>\n<p><img src=http:\/\/ski.inmontanis.info\/d\/169747-2\/DSC08611.jpg \/><br \/>\n^ SL-Bergstation<\/p>\n<p><img src=http:\/\/ski.inmontanis.info\/d\/169751-2\/DSC08617.jpg \/><br \/>\n^ Letzte St\u00fctze des SL<\/p>\n<p><img src=http:\/\/extra.inmontanis.info\/d\/17456-3\/DSC08622.jpg \/><\/p>\n<p><img src=http:\/\/ski.inmontanis.info\/d\/169755-2\/DSC08630.jpg \/><br \/>\n^ Vorletzte St\u00fctze, Abfahrt, Talstation, Stamsund, Meer, &#8230;<\/p>\n<p><img src=http:\/\/ski.inmontanis.info\/d\/169759-2\/DSC08632.jpg \/><br \/>\n^ Oberer Steilhang des SL bzw. fast die komplette SL-Trasse<\/p>\n<p><a href='http:\/\/ski.inmontanis.info\/d\/169763-2\/DSC08645.jpg'><img src=http:\/\/ski.inmontanis.info\/d\/169762-3\/DSC08645.jpg \/><\/a><br \/>\n^ Im unteren SL-Steilhang gibt&#8217;s immer mal wieder Abzweigungen der SL-Spur, vmtl. Notwege.<\/p>\n<p><a href='http:\/\/ski.inmontanis.info\/d\/169771-2\/DSC08655.jpg'><img src=http:\/\/ski.inmontanis.info\/d\/169770-3\/DSC08655.jpg \/><\/a><br \/>\n^ SL-Steilhang (Mittlerer Teil)<\/p>\n<p><img src=http:\/\/ski.inmontanis.info\/d\/169767-2\/DSC08651.jpg \/><br \/>\n^ .. diese Wegchen schl\u00e4ngeln sich irgendwie neben dem SL hinab, sehr cool und d\u00fcrfte sehr anspruchsvoll zu fahren sein im Winter. Genau mein Style hier ;)<\/p>\n<p><img src=http:\/\/ski.inmontanis.info\/d\/169775-2\/DSC08662.jpg \/><br \/>\n^ Weiter unten sind die Waldschneisen  links des SL etwas breiter. Brauchen tw. aber schon einiges an Schnee, dass man sie fahren kann&#8230;<\/p>\n<p><img src=http:\/\/ski.inmontanis.info\/d\/169779-2\/ge-stamsund2.jpg \/><br \/>\n^ Sat-Bild des Skigebiets. SL-Trasse und rechte Hauptabfahrt sind gut zu erkennen, aber links des SL die vielen kleinen Waldschneisen, das d\u00fcrfte sehr geil sein, da k\u00f6nnte ich mich einen Tag lang mit besch\u00e4ftigen :)<\/p>\n<p>Schade, dass ichs beim letzten Mal im Winter, als ich in Narvik war, nicht hier her geschafft hatte &#8211; aber die Wetterberichte waren damals zu schlecht&#8230;<\/p>\n<p>Nach dem Skifahren &#8211; pardon, nach dem Abstieg im Skigebiet, der \u00fcbliche Wetter-Check im Internet. Den Ausflug heute Abend ganz nach Norden auf die Vester\u00e5len kann ich mir sparen, es soll hier \u00fcber Nacht doch eher bedeckt sein. Besser sollte es im Bereich Narvik bzw. s\u00fcdlich sein. Soll mir recht sein, spar ich mir den weiten Weg dort rauf und kann gleich von L\u00f8dingen die F\u00e4hre runter nach Bognes nehmen. Von dort aus k\u00f6nnte man r\u00fcber zu den Lofoten schaun, evtl. mit Polarlichter am Himmel.  Mir war&#8217;s auch ganz recht, dass ich nicht morgen fr\u00fch erst noch die ganzen Vester\u00e5len wieder runter fahren muss, sondern mich morgen bereits auf den Weg in den S\u00fcden begeben kann, dann hab ich wenigstens noch etwas Zeit, im s\u00fcdlicheren Norwegen etwas die Fjell- und Fjordstra\u00dfen zu fahren &#8211; anstatt die langweilige E6 m\u00f6glichst schnell runter zu m\u00fcssen&#8230;<\/p>\n<p>Sonnenuntergangsm\u00e4\u00dfig sinnvoller w\u00e4re ja die F\u00e4hre um 18:30 gewesen, allerdings wollte ich noch eine kurze sportliche Bet\u00e4tigung machen &#8211; die alte Passstra\u00dfe zwischen R\u00f8rvik und Kabelv\u00e5g hinaufgehen und mit dem Bergm\u00f6nch abfahren. Nuja, Asphalt gab&#8217;s keinen mehr und das Schotterstra\u00dfenbett war ziemlich nervig, aber der Ausflug hat sich schon gelohnt.<\/p>\n<p>(Fotos anklicken zum Vergr\u00f6\u00dfern, soweit nicht vergr\u00f6\u00dfert gepostet.)<\/p>\n<p><img src=http:\/\/extra.inmontanis.info\/d\/18680-2\/ge-20131016-17e.jpg \/><br \/>\n^ Fahrstrecke und POI 16.+17.9.2013, T\u00fcrkis = 17.9.<br \/>\nM) Skigebiet Stamsund<br \/>\nN) Alte Passstra\u00dfe bei R\u00f8rvik<br \/>\nL) Raftsundet<\/p>\n<p><img src=http:\/\/extra.inmontanis.info\/d\/18804-2\/DSC08666.jpg \/><br \/>\n^ 815 \/ Stamsund-Valberg. Schon schrecklich langweilig diese Stra\u00dfen :)<\/p>\n<p><a href='http:\/\/extra.inmontanis.info\/d\/18808-2\/DSC08677.jpg'><img src=http:\/\/extra.inmontanis.info\/d\/18807-3\/DSC08677.jpg \/><\/a><br \/>\n^ 815 \/ n\u00e4he Valberg<\/p>\n<p><a href='http:\/\/extra.inmontanis.info\/d\/18812-2\/DSC08687.jpg'><img src=http:\/\/extra.inmontanis.info\/d\/18811-3\/DSC08687.jpg \/><\/a><br \/>\n^ E10 \/ Br\u00fccke nach Gims\u00f8ya, gestern Abend hatte ich einige  Nachtfotos ich von dem Parkplatz unten gemacht<\/p>\n<p><a href='http:\/\/extra.inmontanis.info\/d\/18816-2\/DSC08690.jpg'><img src=http:\/\/extra.inmontanis.info\/d\/18815-3\/DSC08690.jpg \/><\/a><br \/>\n^ E10 \/ Br\u00fccke von oder nach Gims\u00f8ya<\/p>\n<p><img src=http:\/\/extra.inmontanis.info\/d\/18820-2\/DSC08692.jpg \/><br \/>\n^ E10 \/ Br\u00fccke nach Gims\u00f8ya<\/p>\n<p><img src=http:\/\/extra.inmontanis.info\/d\/18824-2\/DSC08696.jpg \/><br \/>\n^ V\u00e5gan \/ Alte Passstra\u00dfe zwischen R\u00f8rvika und Kabelv\u00e5g, die neue E10 geht rechts durch einen Tunnel<\/p>\n<p><img src=http:\/\/extra.inmontanis.info\/d\/18828-2\/DSC08701.jpg \/><br \/>\n^ Westseite Richtung R\u00f8rvika<\/p>\n<p><a href='http:\/\/extra.inmontanis.info\/d\/18832-2\/DSC08708.jpg'><img src=http:\/\/extra.inmontanis.info\/d\/18831-3\/DSC08708.jpg \/><\/a><br \/>\n^ Alte Passstra\u00dfe (R\u00f8rvikskaret). Vorne unten ein Loch im Berg&#8230;<\/p>\n<p><a href='http:\/\/extra.inmontanis.info\/d\/18836-2\/DSC08736.jpg'><img src=http:\/\/extra.inmontanis.info\/d\/18835-3\/DSC08736.jpg \/><\/a><br \/>\n^ Als man den R\u00f8rvikskartunnelen Anfang der 70er gebaut hatte (5 Jahre Bauzeit, Er\u00f6ffnung 1974), hatte man etwas Pech und der ganze Berg st\u00fcrtzte ein und hinterlie\u00df hier dieses riesige Loch&#8230;<\/p>\n<p><img src=http:\/\/extra.inmontanis.info\/d\/18840-2\/DSC08709.jpg \/><br \/>\n^ Talblick Ostseitig<\/p>\n<p><img src=http:\/\/extra.inmontanis.info\/d\/18844-2\/DSC08713.jpg \/><br \/>\n^ Panorama Ost-Seite Richtung Kabelv\u00e5g, mit E10<\/p>\n<p><a href='http:\/\/extra.inmontanis.info\/d\/18848-2\/DSC08717.jpg'><img src=http:\/\/extra.inmontanis.info\/d\/18847-3\/DSC08717.jpg \/><\/a><br \/>\n^ Zoom Kabelv\u00e5g<\/p>\n<p><a href='http:\/\/extra.inmontanis.info\/d\/18852-2\/DSC08726.jpg'><img src=http:\/\/extra.inmontanis.info\/d\/18851-3\/DSC08726.jpg \/><\/a><br \/>\n^ Ostrampe der alten Passtra\u00dfe (R\u00f8rvikskaret)<\/p>\n<p><a href='http:\/\/extra.inmontanis.info\/d\/18856-2\/DSC08729.jpg'><img src=http:\/\/extra.inmontanis.info\/d\/18855-3\/DSC08729.jpg \/><\/a><br \/>\n^ Passh\u00f6he<\/p>\n<p><a href='http:\/\/extra.inmontanis.info\/d\/18860-2\/DSC08739.jpg'><img src=http:\/\/extra.inmontanis.info\/d\/18859-3\/DSC08739.jpg \/><\/a><br \/>\n^ Alte Passtra\u00dfe, Westrampe<\/p>\n<p><a href='http:\/\/extra.inmontanis.info\/d\/18864-2\/DSC08741.jpg'><img src=http:\/\/extra.inmontanis.info\/d\/18863-3\/DSC08741.jpg \/><\/a><br \/>\n^ Westrampe, Bodenbelag war sehr unruhig.<\/p>\n<p><a href='http:\/\/extra.inmontanis.info\/d\/18868-2\/DSC08752.jpg'><img src=http:\/\/extra.inmontanis.info\/d\/18867-3\/DSC08752.jpg \/><\/a><br \/>\n^ An ca. 2 Stellen gab es noch Reste einer Asphalt-\/Teerschicht<\/p>\n<p><a href='http:\/\/extra.inmontanis.info\/d\/18872-2\/DSC08755.jpg'><img src=http:\/\/extra.inmontanis.info\/d\/18871-3\/DSC08755.jpg \/><\/a><br \/>\n^ R\u00f8rvika<\/p>\n<p><a href='http:\/\/extra.inmontanis.info\/d\/18876-2\/DSC08761.jpg'><img src=http:\/\/extra.inmontanis.info\/d\/18875-3\/DSC08761.jpg \/><\/a><br \/>\n^ Die Westrampe d\u00fcrfte man anscheinend bis hier rauf fahren<\/p>\n<p><a href='http:\/\/extra.inmontanis.info\/d\/18880-2\/DSC08775.jpg'><img src=http:\/\/extra.inmontanis.info\/d\/18879-3\/DSC08775.jpg \/><\/a><br \/>\n^ Ostrampe und Pass (ganz links)<\/p>\n<p>Das Skigebiet in Svolv\u00e6r dagegen hab ich auslassen, da nicht vern\u00fcnftig anfahrbar gewesen &#8211; und gesehen von anderswo hat man&#8217;s irgendwie auch nicht. <\/p>\n<p>Bis zur 20 Uhr F\u00e4hre hatte ich noch etwas Zeit zum Einkaufen, Essen und nochmal bei &#8216;ner Bank vorbei schauen. Und in L\u00f8dingen zu tanken. Und dort endlich zu einer Waffel mit dem karamelisierten braunen Ziegenk\u00e4se zu kommen :) Lecker, bzw. vmtl. die leckerste Variante, diesen K\u00e4se zu essen, schmeckt so zumindest besser als auf Brot o.\u00e4.<\/p>\n<p><a href='http:\/\/extra.inmontanis.info\/d\/18884-2\/DSC08782.jpg'><img src=http:\/\/extra.inmontanis.info\/d\/18883-3\/DSC08782.jpg \/><\/a><br \/>\n^ E10 \/ Kurz hinter Svolv\u00e6r<\/p>\n<p><a href='http:\/\/extra.inmontanis.info\/d\/18888-2\/DSC08834.jpg'><img src=http:\/\/extra.inmontanis.info\/d\/18887-3\/DSC08834.jpg \/><\/a><br \/>\n^ Seitenblick E10 \/ kurz hinter Raftsundet<\/p>\n<p><a href='http:\/\/extra.inmontanis.info\/d\/18892-2\/DSC08836.jpg'><img src=http:\/\/extra.inmontanis.info\/d\/18891-3\/DSC08836.jpg \/><\/a><br \/>\n^ E10 \/ kurz hinter Raftsundet. Steile und h\u00f6here Berge hier<\/p>\n<p><a href='http:\/\/extra.inmontanis.info\/d\/18900-2\/DSC08855.jpg'><img src=http:\/\/extra.inmontanis.info\/d\/18898-3\/DSC08855.jpg \/><\/a><br \/>\n^ Puh &#8211; zu meinem n\u00e4chsten Ziel sind&#8217;s noch mind. 1.453 km&#8230;<\/p>\n<p><a href='http:\/\/extra.inmontanis.info\/d\/18896-2\/DSC08867.jpg'><img src=http:\/\/extra.inmontanis.info\/d\/18895-3\/DSC08867.jpg \/><\/a><br \/>\n^ 19:41 Uhr &#8211; F\u00e4hre L\u00f8dingen-Bognes<\/p>\n<p><a href='http:\/\/extra.inmontanis.info\/d\/18904-2\/DSC08880.jpg'><img src=http:\/\/extra.inmontanis.info\/d\/18902-3\/DSC08880.jpg \/><\/a><br \/>\n^ F\u00e4hre L\u00f8dingen-Bognes (1\/20 sec ISO 320)<\/p>\n<p><a href='http:\/\/extra.inmontanis.info\/d\/18908-2\/DSC08892.jpg'><img src=http:\/\/extra.inmontanis.info\/d\/18906-3\/DSC08892.jpg \/><\/a><br \/>\n^ 20:19 Uhr &#8211; L\u00f8dingen von der F\u00e4hre aus (1\/50 sec ISO 2000)<\/p>\n<p>Auf der F\u00e4hre stellte sich wieder ein gewisses &#8220;Abschiedsgef\u00fchl&#8221; ein &#8211; schlie\u00dflich stehen jetzt 2 Tage S\u00fcdfahrt an&#8230;<\/p>\n<p>Nach Bognes bin ich ein paar Mal richtung K\u00fcste gefahren, wo man zu den Lofoten schauen konnte. Die Polarlichtaktivit\u00e4t w\u00e4re heute durchaus st\u00e4rker gewesen, aber die Wolken waren leider sehr st\u00f6rend. Und es war wieder sehr st\u00fcrmisch&#8230;<\/p>\n<p><a href='http:\/\/extra.inmontanis.info\/d\/18912-2\/DSC08901.jpg'><img src=http:\/\/extra.inmontanis.info\/d\/18910-3\/DSC08901.jpg \/><\/a><br \/>\n^ 21:12 Uhr &#8211; Hafen Bognes. Hier wieder \u00fcberall viele Str\u00e4ucher am Stra\u00dfenrand, die das Fotografieren erschweren. (6 sec ISO 200)<\/p>\n<p><img src=http:\/\/extra.inmontanis.info\/d\/18916-2\/DSC08905.jpg \/><br \/>\n^ 21:32 Uhr &#8211; N\u00e4he Bognes, Blick zu den Lofoten \/ L\u00f8dingen (25 sec ISO 200)<\/p>\n<p><img src=http:\/\/extra.inmontanis.info\/d\/18920-2\/DSC08906.jpg \/><br \/>\n^ Blick zu den Lofoten von n\u00e4he Bognes (15 sec ISO 400)<\/p>\n<p><a href='http:\/\/extra.inmontanis.info\/d\/18760-2\/DSC08907.jpg'><img src=http:\/\/extra.inmontanis.info\/d\/18758-3\/DSC08907.jpg \/><\/a><br \/>\n^ 21:38 Uhr &#8211; Polarlichter an der Stra\u00dfe Bognes-Tysnesheia (ungeteert im hintersten St\u00fcck und nur langsam befahrbar und keine brauchbaren Parkpl\u00e4tze) (13 sec ISO 800)<\/p>\n<p><a href='http:\/\/extra.inmontanis.info\/d\/18924-2\/DSC08910.jpg'><img src=http:\/\/extra.inmontanis.info\/d\/18922-3\/DSC08910.jpg \/><\/a><br \/>\n^ E6 n\u00e4he Ulsv\u00e5g<\/p>\n<p><img src=http:\/\/extra.inmontanis.info\/d\/18928-2\/DSC08911.jpg \/><br \/>\n^ 22:26 Uhr &#8211; die alte Esso-Tankstelle n\u00e4he Ulsv\u00e5g hatte ich 2006 schon tags\u00fcber fotografiert. Sch\u00f6n, dass sie immer noch steht und sogar nachts beleuchtet wird! (2,5 sec ISO 100)<\/p>\n<p><img src=http:\/\/extra.inmontanis.info\/d\/18932-2\/DSC08916.jpg \/><br \/>\n^ 23:09 Uhr &#8211; Blick von den Ofoten r\u00fcber zu den Lofoten von n\u00e4he Brennvik (Hamar\u00f8ya) (20 sec ISO 400)<\/p>\n<p><a href='http:\/\/extra.inmontanis.info\/d\/18764-2\/DSC08921.jpg'><img src=http:\/\/extra.inmontanis.info\/d\/18762-3\/DSC08921.jpg \/><\/a><br \/>\n^ 23:12 Uhr &#8211; Polarlichter \u00fcber Hamar\u00f8ya, leider war es zu wolkig heute, w\u00e4ren tw. n\u00e4mlich genau \u00fcber mir gewesen &#8230; (6 sec ISO 800)<\/p>\n<p><a href='http:\/\/extra.inmontanis.info\/d\/18768-2\/DSC08925.jpg'><img src=http:\/\/extra.inmontanis.info\/d\/18766-3\/DSC08925.jpg \/><\/a><br \/>\n^ Polarlichter im Fisheye (20 sec ISO 400)<\/p>\n<p><a href='http:\/\/extra.inmontanis.info\/d\/18772-2\/DSC08926.jpg'><img src=http:\/\/extra.inmontanis.info\/d\/18770-3\/DSC08926.jpg \/><\/a><br \/>\n^ 23:22 Uhr &#8211; Ofoten und Lofoten. W\u00e4re ja &#8216;ne nette Polarlichtaktivit\u00e4t heute gewesen, aber diese bl\u00f6den Wolken &#8230;<\/p>\n<p><img src=http:\/\/extra.inmontanis.info\/d\/18776-2\/DSC08930.jpg \/><br \/>\n^ 23:45 Uhr &#8211; Leuchtturm nahe Tran\u00f8ya \/ Blick zu den Lofoten \/ Paar Polarlichter (20 sec ISO 400)<\/p>\n<p><img src=http:\/\/extra.inmontanis.info\/d\/18780-2\/DSC08931.jpg \/><br \/>\n^ Gleicher Standort (Tran\u00f8ya), andere Blickrichtung (20 sec ISO 400)<\/p>\n<p><img src=http:\/\/extra.inmontanis.info\/d\/18784-2\/DSC08937.jpg \/><br \/>\n^ 23:54 Uhr &#8211; Leuchtturm nahe Tran\u00f8ya und Lofoten (20 sec ISO 400)<\/p>\n<p><img src=http:\/\/extra.inmontanis.info\/d\/18788-2\/DSC08939.jpg \/><br \/>\n^ 00:11 Uhr &#8211; &#8216;ne sch\u00f6ne Line kammt da auf mich runter (8 sec ISO 400)<\/p>\n<p><img src=http:\/\/extra.inmontanis.info\/d\/18792-2\/DSC08944.jpg \/><br \/>\n^ 00:18 Uhr &#8211; der Nachteil wenn die Dinger \u00fcber einem sind, dass man von der Landschaft nur schwer was mit drauf bekommt. (15 sec ISO 400)<\/p>\n<p><img src=http:\/\/extra.inmontanis.info\/d\/18796-2\/DSC08948.jpg \/><br \/>\n^ 01:00 Uhr &#8211; Oberhalb von Ulsv\u00e5g mit Blick zu den Lofoten, und immer noch etwas Polarlichtaktivit\u00e4t (25 sec ISO 400)<\/p>\n<p><img src=http:\/\/extra.inmontanis.info\/d\/18800-2\/DSC08950.jpg \/><br \/>\n^ 01:03 Uhr &#8211; Oberhalb von Ulsv\u00e5g mit Blick zu den Lofoten und ein paar Polarlichtern (25 sec ISO 400)<\/p>\n<p><a href='http:\/\/extra.inmontanis.info\/d\/18936-2\/DSC08952.jpg'><img src=http:\/\/extra.inmontanis.info\/d\/18934-3\/DSC08952.jpg \/><\/a><br \/>\n^ 02:15 Uhr &#8211; n\u00e4he Sirines (Sagfjorden). Weiterhin stark bew\u00f6lkt, keine Polarlichter mehr und ich bin hundem\u00fcde und hatt absolut keine Lust mehr, noch irgendwas an zu fahren um auf Polarlichtsuche zu gehen. Ende Gel\u00e4nde, die Fahrerei und das laufende Aussteigen, Stativ ausladen, aufstellen, Foto machen, Stativ zusammenklappen, einladen, das x-malige Checken der Wetterberichte, wo es Chancen auf wolkenlosen Himmel geben k\u00f6nnte &#8211; es reicht. Hier am Parkplatz wird \u00fcbernachtet. <\/p>\n<p><em>(Fortsetzung folgt)<\/em> <\/p>\n","protected":false},"excerpt":{"rendered":"<p>Skandinavien &#8211; Lichter des Nordens Tag 8 &#8211; Di, 17.9.2013 &#8211; Lofoten (Skigebiet Stamsund) + Ofoten<\/p>\n<p>Die Nacht verlief erneut sehr st\u00fcrmisch, diesmal bin ich allerdings vom Geschaukel und Gejohle einige Male aufgewacht. Um 8 Uhr war ich dann endg\u00fcltig wach. Eine kurze und gest\u00f6rte Nacht. Na wenigstens musste ich heute nicht 4x den Wecker <a href=\"http:\/\/blog.inmontanis.info\/?p=2519\">[&#8230;]<\/a><\/p>\n","protected":false},"author":1,"featured_media":0,"comment_status":"open","ping_status":"closed","sticky":false,"template":"","format":"standard","meta":{"footnotes":""},"categories":[126,601,18,30],"tags":[102,90,100,37,96,45,47],"class_list":["post-2519","post","type-post","status-publish","format-standard","hentry","category-2013-09-skandinavien-nordlichttour","category-lofoten","category-norwegennorway","category-wandern","tag-360-pano","tag-infrarot","tag-langzeitbelichtung","tag-meer","tag-polarlicht","tag-see","tag-sl","odd"],"_links":{"self":[{"href":"http:\/\/blog.inmontanis.info\/index.php?rest_route=\/wp\/v2\/posts\/2519","targetHints":{"allow":["GET"]}}],"collection":[{"href":"http:\/\/blog.inmontanis.info\/index.php?rest_route=\/wp\/v2\/posts"}],"about":[{"href":"http:\/\/blog.inmontanis.info\/index.php?rest_route=\/wp\/v2\/types\/post"}],"author":[{"embeddable":true,"href":"http:\/\/blog.inmontanis.info\/index.php?rest_route=\/wp\/v2\/users\/1"}],"replies":[{"embeddable":true,"href":"http:\/\/blog.inmontanis.info\/index.php?rest_route=%2Fwp%2Fv2%2Fcomments&post=2519"}],"version-history":[{"count":2,"href":"http:\/\/blog.inmontanis.info\/index.php?rest_route=\/wp\/v2\/posts\/2519\/revisions"}],"predecessor-version":[{"id":2521,"href":"http:\/\/blog.inmontanis.info\/index.php?rest_route=\/wp\/v2\/posts\/2519\/revisions\/2521"}],"wp:attachment":[{"href":"http:\/\/blog.inmontanis.info\/index.php?rest_route=%2Fwp%2Fv2%2Fmedia&parent=2519"}],"wp:term":[{"taxonomy":"category","embeddable":true,"href":"http:\/\/blog.inmontanis.info\/index.php?rest_route=%2Fwp%2Fv2%2Fcategories&post=2519"},{"taxonomy":"post_tag","embeddable":true,"href":"http:\/\/blog.inmontanis.info\/index.php?rest_route=%2Fwp%2Fv2%2Ftags&post=2519"}],"curies":[{"name":"wp","href":"https:\/\/api.w.org\/{rel}","templated":true}]}}