{"id":2517,"date":"2013-09-16T23:26:42","date_gmt":"2013-09-16T21:26:42","guid":{"rendered":"http:\/\/blog.inmontanis.info\/?p=2517"},"modified":"2023-08-04T21:05:48","modified_gmt":"2023-08-04T19:05:48","slug":"raftsundet-polarlichter-lofoten-16-9-2013","status":"publish","type":"post","link":"http:\/\/blog.inmontanis.info\/?p=2517","title":{"rendered":"Raftsundet, Polarlichter, Lofoten, 16.9.2013"},"content":{"rendered":"<p><strong>Skandinavien &#8211; Lichter des Nordens<br \/>\nTag 7 &#8211; Mo, 16.9.2013<\/strong> &#8211; Lofoten I: Raftsund und Polarlichter <\/p>\n<p>In der Nacht gab es wieder einmal einen starken Sturm, das Auto schaukelte, als w\u00e4ren wir auf einem Schiff. Gest\u00f6rt hat&#8217;s mich aber komischerweise nicht. Nach etwas \u00fcber 6h Schlaf kam ich wieder nur sehr schwer aus den Federn (das funktioniert daheim besser).<\/p>\n<p>Wieder einmal stellte sich die Frage des Wohin. Gleich auf die Lofoten oder erst noch Abisko die DSB fahren? Zuallererstmal eine Tankstselle suchen, auf&#8217;s WC gehen und ein Hotdog kaufen. Dann eine kurze LSAP-Wanderung. Und dann ein paar Wetter-Checks. Und die Erkenntnis, dass ich die alte DSB in Absiko ja schon mal zur Mitternachtssonne gefahren bin, und die Landsschaft auf den Lofoten eh viel besser ist. Also hab ich den Raftsundet angepeilt, gesch\u00e4tzte Ankunft ca. 15 Uhr. Lt. Fahrplan und meiner Einsch\u00e4tzung m\u00fcsste um ca. 16 Uhr die Hurtigruten hier durch fahren &#8211; da lohnt es sich doch zu warten. Was dann auch fast gestimmt hat, kurz nach 16 Uhr tauchte sie auf.<\/p>\n<p>(Fotos anklicken zum Vergr\u00f6\u00dfern, soweit nicht vergr\u00f6\u00dfert gepostet.)<\/p>\n<p><img src=http:\/\/extra.inmontanis.info\/d\/18680-2\/ge-20131016-17e.jpg \/><br \/>\n^ Fahrstrecke und POI 16.+17.9.2013, Magenta = 16.9.<br \/>\nJ) Stillgelegtes Skigebiet bei Andselv\/Heggelia<br \/>\nK) Tjeldsund bru<br \/>\nL) Raftsundet<\/p>\n<p><a href='http:\/\/extra.inmontanis.info\/d\/18398-2\/DSC07977.jpg'><img src=http:\/\/extra.inmontanis.info\/d\/18396-3\/DSC07977.jpg \/><\/a><br \/>\n^ Stillgelegtes Skigebiet bei Andselv\/Heggelia<\/p>\n<p>Hab mich dann erst mal in Richtung der linken Trasse aufgemacht &#8230;<\/p>\n<p><a href='http:\/\/extra.inmontanis.info\/d\/18402-2\/DSC09158.jpg'><img src=http:\/\/extra.inmontanis.info\/d\/18400-3\/DSC09158.jpg \/><\/a><br \/>\n^ die linke Trasse ist allerdings nur eine Stromleitung<\/p>\n<p>.. dann zur rechten Trasse, leider war der Weg doch l\u00e4nger als gedacht (h\u00e4tte ich meinen Bergm\u00f6nch mitnehmen k\u00f6nnen) &#8211; und zus\u00e4tzlich auch noch die Cam und das Handy vergessen, so dass ich nur die IR-Cam dabei hatte.<\/p>\n<p>Allerdings gab&#8217;s eh nichts zu sehen, falls hier mal ein Lift stand, wurde er inzwischen abgebaut.<\/p>\n<p><a href='http:\/\/extra.inmontanis.info\/d\/18406-2\/DSC09163.jpg'><img src=http:\/\/extra.inmontanis.info\/d\/18404-3\/DSC09163.jpg \/><\/a><br \/>\n^ Also wird der Lift wohl in dieser Trasse gewesen sein&#8230;<\/p>\n<p><a href='http:\/\/extra.inmontanis.info\/d\/18410-2\/ge_andselv2.jpg'><img src=http:\/\/extra.inmontanis.info\/d\/18408-3\/ge_andselv2.jpg \/><\/a><br \/>\n^ Satbild vom wohl ehemaligen Skigebiet bei Andselv\/Heggelia<br \/>\n(Bin bis zum Ende des Weges, der ehemaligen Parkpl\u00e4tze, gegangen.)<\/p>\n<p><a href='http:\/\/extra.inmontanis.info\/d\/8138-3\/DSC02417.jpg'><img src=http:\/\/extra.inmontanis.info\/d\/8136-4\/DSC02417.jpg \/><\/a><br \/>\n^ 2.4.2011<\/p>\n<p><a href='http:\/\/extra.inmontanis.info\/d\/18414-2\/DSC07986.jpg'><img src=http:\/\/extra.inmontanis.info\/d\/18412-3\/DSC07986.jpg \/><\/a><br \/>\n^ E6 n\u00e4he Storfossen<\/p>\n<p><img src=http:\/\/extra.inmontanis.info\/d\/18418-2\/DSC07987.jpg \/><br \/>\n^ 825 \/ Gratangsbotn<\/p>\n<p><a href='http:\/\/extra.inmontanis.info\/d\/18422-2\/DSC07991.jpg'><img src=http:\/\/extra.inmontanis.info\/d\/18420-3\/DSC07991.jpg \/><\/a><br \/>\n^ 825 \/ Gratangen<\/p>\n<p><img src=http:\/\/extra.inmontanis.info\/d\/18426-2\/DSC07993.jpg \/><br \/>\n^ Parkplatz an der 825 \/ Gratangen<\/p>\n<p><img src=http:\/\/extra.inmontanis.info\/d\/18430-2\/DSC07995.jpg \/><br \/>\n^ Gratangen<\/p>\n<p><a href='http:\/\/extra.inmontanis.info\/d\/18434-2\/DSC08004.jpg'><img src=http:\/\/extra.inmontanis.info\/d\/18432-3\/DSC08004.jpg \/><\/a><br \/>\n^ 825 \/ Gratangen<\/p>\n<p><a href='http:\/\/extra.inmontanis.info\/d\/18438-2\/DSC08025.jpg'><img src=http:\/\/extra.inmontanis.info\/d\/18436-3\/DSC08025.jpg \/><\/a><br \/>\n^ E10 \/ Tjeldsund bru von der 825 kommend<\/p>\n<p><img src=http:\/\/extra.inmontanis.info\/d\/18442-2\/DSC08033.jpg \/><br \/>\n^ E10 \/ Tjeldsund bru von Narvik kommend<\/p>\n<p><img src=http:\/\/extra.inmontanis.info\/d\/18446-2\/DSC08037.jpg \/><br \/>\n^ E10 \/ Tjeldsund bru von Hinn\u00f8ya<\/p>\n<p><img src=http:\/\/extra.inmontanis.info\/d\/18450-2\/DSC08038.jpg \/><br \/>\n^ E10 \/ Tjeldsund bru von Hinn\u00f8ya<\/p>\n<p><a href='http:\/\/extra.inmontanis.info\/d\/18454-2\/DSC08043.jpg'><img src=http:\/\/extra.inmontanis.info\/d\/18452-3\/DSC08043.jpg \/><\/a><br \/>\n^ E10 \/ Tjeldsundet<\/p>\n<p><img src=http:\/\/extra.inmontanis.info\/d\/18458-2\/DSC08068.jpg \/><br \/>\n^ E10 \/ Tjeldsundet<\/p>\n<p><a href='http:\/\/extra.inmontanis.info\/d\/18464-2\/DSC08077.jpg'><img src=http:\/\/extra.inmontanis.info\/d\/18462-3\/DSC08077.jpg \/><\/a><br \/>\n^ E10 \/ Gullesfjord-\u00d8ksfjord, die Anfang der 2000er Jahre gebaute Direktverbindung auf die Lofoten<\/p>\n<p><a href='http:\/\/extra.inmontanis.info\/d\/18468-2\/DSC08083.jpg'><img src=http:\/\/extra.inmontanis.info\/d\/18467-3\/DSC08083.jpg \/><\/a><br \/>\n^ E10 \/ Gullesfjord-\u00d8ksfjord<\/p>\n<p><a href='http:\/\/extra.inmontanis.info\/d\/18472-2\/DSC08085.jpg'><img src=http:\/\/extra.inmontanis.info\/d\/18471-3\/DSC08085.jpg \/><\/a><br \/>\n^ E10 \/ \u00d8ksfjorden<\/p>\n<p><a href='http:\/\/extra.inmontanis.info\/d\/18476-2\/DSC08089.jpg'><img src=http:\/\/extra.inmontanis.info\/d\/18475-3\/DSC08089.jpg \/><\/a><br \/>\n^ E10 \/ \u00d8ksfjorden-Raftsundet<\/p>\n<p>Am Raftsundet hatte ich ja 2006 eins meiner besten Fotos gemacht:<\/p>\n<p><img src=http:\/\/ski.inmontanis.info\/d\/41886-2\/P1080633.jpg \/><br \/>\n^ 21.6.2006, 21:45 Uhr<\/p>\n<p><a href='http:\/\/extra.inmontanis.info\/d\/18480-2\/DSC08094.jpg'><img src=http:\/\/extra.inmontanis.info\/d\/18479-3\/DSC08094.jpg \/><\/a><br \/>\n^ Raftsund n\u00f6rdl. der Br\u00fccke<\/p>\n<p><a href='http:\/\/extra.inmontanis.info\/d\/18484-2\/DSC08093.jpg'><img src=http:\/\/extra.inmontanis.info\/d\/18483-3\/DSC08093.jpg \/><\/a><br \/>\n^ Raftsund s\u00fcdlich der Br\u00fccke<\/p>\n<p><img src=http:\/\/extra.inmontanis.info\/d\/18488-2\/DSC08097.jpg \/><br \/>\n^ Raftsund s\u00fcdlich der Br\u00fccke<\/p>\n<p><img src=http:\/\/extra.inmontanis.info\/d\/18492-2\/DSC08098.jpg \/><br \/>\n^ Raftsund n\u00f6rdl. der Br\u00fccke<\/p>\n<p><a href='http:\/\/extra.inmontanis.info\/d\/18496-2\/DSC08106.jpg'><img src=http:\/\/extra.inmontanis.info\/d\/18495-3\/DSC08106.jpg \/><\/a><br \/>\n^ Hurtigruten-Schiff<\/p>\n<p><a href='http:\/\/extra.inmontanis.info\/d\/18500-2\/DSC08110.jpg'><img src=http:\/\/extra.inmontanis.info\/d\/18499-3\/DSC08110.jpg \/><\/a><br \/>\n^ Hurtigruten-Schiff &#8211; scharfe Kurve :)<\/p>\n<p><img src=http:\/\/extra.inmontanis.info\/d\/18504-2\/DSC08119.jpg \/><br \/>\n^ Raftsundet-Hurtigruten<\/p>\n<p><img src=http:\/\/extra.inmontanis.info\/d\/18508-2\/DSC08122.jpg \/><br \/>\n^ Raftsundet-Hurtigruten<\/p>\n<p><img src=http:\/\/extra.inmontanis.info\/d\/18512-2\/DSC08124.jpg \/><br \/>\n^ Raftsundet-Hurtigruten<\/p>\n<p><img src=http:\/\/extra.inmontanis.info\/d\/18516-2\/DSC08128.jpg \/><br \/>\n^ Raftsundet-Hurtigruten<\/p>\n<p><img src=http:\/\/extra.inmontanis.info\/d\/18520-2\/DSC08134.jpg \/><br \/>\n^ Raftsundet-Hurtigruten<\/p>\n<p><a href='http:\/\/extra.inmontanis.info\/d\/18524-2\/DSC08139.jpg'><img src=http:\/\/extra.inmontanis.info\/d\/18523-3\/DSC08139.jpg \/><\/a><br \/>\n^ Raftsundet-Hurtigruten<\/p>\n<p>Danach mal wieder Wettervorhersagen checken. Morgen soll&#8217;s auf den Lofoten leider doch nicht mehr so sonnig werden wie vor kurzem noch gemeldet. Auch und insbesondere nicht am Abend. Da es ja morgen (wie auch \u00fcbermorgen) lt. Aurora-Forecast nochmal wenigstens einen 3er geben sollte, wollte ich aber schon noch ein letztes Mal auf Polarlichtsuche gehen&#8230;. <\/p>\n<p>Aber erst mal an die Westk\u00fcste und auf den Sonnenuntergang warten.<\/p>\n<p><img src=http:\/\/extra.inmontanis.info\/d\/18528-2\/DSC08154.jpg \/><br \/>\n^ E10 \/ n\u00e4he Myrland<\/p>\n<p><img src=http:\/\/extra.inmontanis.info\/d\/17440-3\/DSC08157.jpg \/><br \/>\n^ ebendort<\/p>\n<p><a href='http:\/\/extra.inmontanis.info\/d\/18532-2\/DSC08164.jpg'><img src=http:\/\/extra.inmontanis.info\/d\/18531-3\/DSC08164.jpg \/><\/a><br \/>\n^ Zw. Fiskeb\u00f8l-Sanden<\/p>\n<p><a href='http:\/\/extra.inmontanis.info\/d\/18536-2\/DSC08169.jpg'><img src=http:\/\/extra.inmontanis.info\/d\/18535-3\/DSC08169.jpg \/><\/a><br \/>\n^ 17:50 Uhr &#8211; N\u00e4he Sanden, Warten auf den Sonnenuntergang<\/p>\n<p><img src=http:\/\/extra.inmontanis.info\/d\/18540-2\/DSC08175.jpg \/><br \/>\n^ N\u00e4he Sanden<\/p>\n<p>Egtl. k\u00f6nnte man hier auch noch warten, ob man nicht trotz 1er ein paar Polarlichter zu sehen bekommt &#8211; aber da ich au\u00dfer dem Hotdog heute fr\u00fch um 10 Uhr zu nichts mehr gekommen bin, werd ich wohl doch noch Richtung Svolv\u00e6r m\u00fcssen, zumindest bis ich irgendwann an einer Tankstelle vorbei kommm. Nachdem ich inzwischen 5.700 km gefahren bin (in genau 7 Tagen jetzt) &#8211; werd ich des Fahrens doch langsam m\u00fcde&#8230;<\/p>\n<p>Hatte ja schon mit dem Gedanken gespielt, heute Abend einen Campingplatz aufzusuchen &#8211; na zum Gl\u00fcck hab ich das nicht gemacht!!<\/p>\n<p><img src=http:\/\/extra.inmontanis.info\/d\/18544-2\/DSC08188.jpg \/><br \/>\n^ Kurz vor Sonnenuntergang<\/p>\n<p><a href='http:\/\/extra.inmontanis.info\/d\/18548-2\/DSC08194.jpg'><img src=http:\/\/extra.inmontanis.info\/d\/18547-3\/DSC08194.jpg \/><\/a><br \/>\n^ 19:15 Uhr &#8211; Umsonst gewartet, der Sonnenuntergang findet mal wieder in den Wolken, nicht im Meer statt.<\/p>\n<p>Nach dem Sonnenuntergang ging&#8217;s erst mal nach Svolv\u00e6r und dort in ein Imbiss-Restaurant (inkl. Hakenkreuze am WC, vmtl. weil der Inhaber ein T\u00fcrke o.\u00e4. ist&#8230;) und ein Kebabtellerken um 129,- (+29,- Cola 0,5l) gekauft. Gro\u00dfe Portion, guter Geschmack, alles verputzt.<\/p>\n<p><a href='http:\/\/extra.inmontanis.info\/d\/18552-2\/DSC08200.jpg'><img src=http:\/\/extra.inmontanis.info\/d\/18551-3\/DSC08200.jpg \/><\/a><br \/>\n^ Interessante Felsformationskombination, die an einen Adler oder eine Fledermaus erinnert<\/p>\n<p><a href='http:\/\/extra.inmontanis.info\/d\/18556-2\/DSC08205.jpg'><img src=http:\/\/extra.inmontanis.info\/d\/18555-3\/DSC08205.jpg \/><\/a><br \/>\n^ .. von anderer Perspektive, selbst ohne des Haifischflossengipfels schaut die Felsformation da hinten immer noch stark nach Fledermaus \/ Adlersymbol aus<\/p>\n<p><a href='http:\/\/extra.inmontanis.info\/d\/18560-2\/DSC08217.jpg'><img src=http:\/\/extra.inmontanis.info\/d\/18559-3\/DSC08217.jpg \/><\/a><br \/>\n^ E10 \/ Vestpollen-Svolv\u00e6r<\/p>\n<p><img src=http:\/\/extra.inmontanis.info\/d\/18564-2\/DSC08225.jpg \/><br \/>\n^ 19:58 Uhr &#8211; Flugplatz n\u00e4he Svolv\u00e6r<\/p>\n<p><a href='http:\/\/extra.inmontanis.info\/d\/18568-2\/DSC08226.jpg'><img src=http:\/\/extra.inmontanis.info\/d\/18567-3\/DSC08226.jpg \/><\/a><br \/>\n^ n\u00e4he Svolv\u00e6r<\/p>\n<p><img src=http:\/\/extra.inmontanis.info\/d\/18572-2\/DSC08231.jpg \/><br \/>\n^ 20:05 Uhr &#8211; Svolv\u00e6r<\/p>\n<p><a href='http:\/\/extra.inmontanis.info\/d\/18676-2\/IMG_0483.jpg'><img src=http:\/\/extra.inmontanis.info\/d\/18674-3\/IMG_0483.jpg \/><\/a><br \/>\n^ 20:35 Uhr &#8211; Kebabtellerken in einem Imbissrestaurant in Svolv\u00e6r (129,- NOK = ca. 16,- \u0080\u20ac, durchaus \u00fcblicher Preis in Norwegen)<\/p>\n<p>Danach wollte ich wieder an die Nordk\u00fcste, aber nicht auf der gleichen Strecke. Und retour egtl. auch nicht. Erst mal am Hafen vorbei, wo  diesmal zuf\u00e4llig &#8211; gerade ein Hurtigrutenschiff einfuhr.<\/p>\n<p><img src=http:\/\/extra.inmontanis.info\/d\/18576-2\/DSC08236.jpg \/><br \/>\n^ 21:07 Uhr &#8211; Zuf\u00e4llig die Einfahrt des Hurtigrutenschiffs in Svolv\u00e6r erwischt (1\/8 sec ISO 1600)<\/p>\n<p><img src=http:\/\/extra.inmontanis.info\/d\/18580-2\/DSC08244.jpg \/><br \/>\n^ Hafen Svolv\u00e6r (8 sec ISO 100)<\/p>\n<p><img src=http:\/\/extra.inmontanis.info\/d\/18584-2\/DSC08248.jpg \/><br \/>\n^ Hafen Svolv\u00e6r (8 sec ISO 100)<\/p>\n<p>Weiter die Lofoten hinab und schnell gemerkt, dass es &#8211; auch dank des klaren Himmels und des guten Blick nach Nordens &#8211; bessere Nordlichter gab als gestern. Somit bin ich immer weiter runter gefahren und hab immer wieder Ausschau gehalten nach Motiven. <\/p>\n<p>Zus\u00e4tzlich zu den Polarlichtern war ja heute oder morgen auch noch Vollmond, was ja ebenfalls tolle Nachtbilder liefert.<\/p>\n<p>Im oberen Teil der Lofoten bzw. an der E10 ist es sehr schwierig, brauchbare Pl\u00e4tze zu finden. Entweder man kann nicht am Stra\u00dfenrand halten oder die B\u00fcsche sind zu hoch. Ziemlich nervig, das war weiter im Norden Norwegens die letzten Tage definitiv besser. Stellenweise war es auch wieder sehr st\u00fcrmisch, so dass dadurch das Stativ kaum &#8220;statisch&#8221; war&#8230;<\/p>\n<p><img src=http:\/\/extra.inmontanis.info\/d\/18588-2\/DSC08249.jpg \/><br \/>\n^ 21:33 Uhr &#8211; E10 \/ nach Kabelv\u00e5g (8 sec ISO 200)<\/p>\n<p><img src=http:\/\/extra.inmontanis.info\/d\/18592-2\/DSC08253.jpg \/><br \/>\n^ 21:58 Uhr \/ E10 Br\u00fccke nach Gims\u00f8ya \/ Gims\u00f8ystraumen (8 sec ISO 400)<\/p>\n<p><img src=http:\/\/extra.inmontanis.info\/d\/18596-2\/DSC08256.jpg \/><br \/>\n^ Gims\u00f8ystraumen \/ Br\u00fccke im Mondschein (8 sec ISO 800)<\/p>\n<p><img src=http:\/\/extra.inmontanis.info\/d\/18600-2\/DSC08257.jpg \/><br \/>\n^ 22:04 Uhr &#8211; Gims\u00f8ystraumen mit Br\u00fccke (nochmal) (10 sec ISO 400)<\/p>\n<p><img src=http:\/\/extra.inmontanis.info\/d\/18604-2\/DSC08262.jpg \/><br \/>\n^ 22:15 Uhr &#8211; Gims\u00f8y, Blick zu den Vester\u00e5len mit den ersten Polarlichtern des heutigen Abends (13 sec ISO 800)<\/p>\n<p><img src=http:\/\/extra.inmontanis.info\/d\/18608-2\/DSC08266.jpg \/><br \/>\n^ 22:26 Uhr &#8211; Lofoten \/ Vester\u00e5len (13 sec ISO 800)<\/p>\n<p><a href='http:\/\/extra.inmontanis.info\/d\/18612-2\/DSC08270.jpg'><img src=http:\/\/extra.inmontanis.info\/d\/18611-3\/DSC08270.jpg \/><\/a><br \/>\n^ 22:36 Uhr &#8211; Bissl Vollmond zur Abwechslung :) (8 sec ISO 400)<\/p>\n<p><img src=http:\/\/extra.inmontanis.info\/d\/18616-2\/DSC08273.jpg \/><br \/>\n^ 22:54 Uhr &#8211; Polarlicht und mondbeschienene Landschaft auf Gims\u00f8ya (10 sec ISO 800)<\/p>\n<p><img src=http:\/\/extra.inmontanis.info\/d\/18620-2\/DSC08279.jpg \/><br \/>\n^ 23:14 Uhr &#8211; Polarlichter \u00fcber Gims\u00f8ya (15 sec ISO 400)<\/p>\n<p><img src=http:\/\/extra.inmontanis.info\/d\/18624-2\/DSC08281.jpg \/><br \/>\n^ 23:18 Uhr &#8211; Polarlichter \u00fcber Gims\u00f8ya (15 sec ISO 400)<\/p>\n<p><img src=http:\/\/extra.inmontanis.info\/d\/18628-2\/DSC08282.jpg \/><br \/>\n^ 23:31 Uhr \/ Auf dem Weg richtung Kvalnes; ziemlich bunte Stra\u00dfenbeleuchtung da gegen\u00fcber :)<\/p>\n<p><img src=http:\/\/extra.inmontanis.info\/d\/18632-2\/DSC08283.jpg \/><br \/>\n^ 23:39 Uhr &#8211; Na bitte, geht doch ganz sch\u00f6n was ab heute mit den Polarlichtern, mehr als gemeldet. Hinten mit den Vester\u00e5len, genauso hatte ich mir das vorgestellt :) (15 sec ISO 400)<\/p>\n<p><img src=http:\/\/extra.inmontanis.info\/d\/17444-3\/DSC08284.jpg \/><br \/>\n^ ebenso<\/p>\n<p><img src=http:\/\/extra.inmontanis.info\/d\/18636-2\/DSC08290.jpg \/><br \/>\n^ 00:01 Uhr &#8211; Zur Abwechslung mal wieder Mondschein (nach Kvalnes) (6 sec ISO 400)<\/p>\n<p><img src=http:\/\/extra.inmontanis.info\/d\/18640-2\/DSC08292.jpg \/><br \/>\n^ 00:13 Uhr &#8211; Polarlichter auf Vest\u00e5g\u00f8ya (10 sec ISO 400)<\/p>\n<p><img src=http:\/\/extra.inmontanis.info\/d\/18644-2\/DSC08294.jpg \/><br \/>\n^ 00:15 Uhr  &#8211; E10 n\u00e4he Borge \/ Seen bei Mondlicht (5 sec ISO 400)<\/p>\n<p><img src=http:\/\/extra.inmontanis.info\/d\/18648-2\/DSC08296.jpg \/><br \/>\n^ Seen bei Vollmond n\u00e4he Borge (10 sec ISO 800)<\/p>\n<p><img src=http:\/\/extra.inmontanis.info\/d\/17448-3\/DSC08299.jpg \/><br \/>\n^ ebendort. Vollmond und Polarlichter auf einem Bild, na bitte :)<\/p>\n<p><img src=http:\/\/extra.inmontanis.info\/d\/18652-2\/DSC08301.jpg \/><br \/>\n^ 00:23 Uhr &#8211; Weitere Nordlichter (bin immer noch an der gleichen Stelle) (8 sec ISO 800)<\/p>\n<p><img src=http:\/\/extra.inmontanis.info\/d\/18656-2\/DSC08305.jpg \/><br \/>\n^ 00:59 Uhr &#8211; E10 unter Leknes und wieder ein paar Polarlichter (25 sec ISO 400)<\/p>\n<p><img src=http:\/\/extra.inmontanis.info\/d\/18660-2\/DSC08308.jpg \/><br \/>\n^ 01:09 Uhr &#8211; Geringe Aktivit\u00e4t am Nappstraumen (25 sec ISO 200)<\/p>\n<p><img src=http:\/\/extra.inmontanis.info\/d\/18664-2\/DSC08310.jpg \/><br \/>\n^ 1:12 Uhr &#8211; Noch am Nappstraumen, jetzt mit mehr Polarlichter (25 sec ISO 200)<\/p>\n<p><img src=http:\/\/extra.inmontanis.info\/d\/18668-2\/DSC08312.jpg \/><br \/>\n^ 01:32 Uhr &#8211; E10 n\u00e4he Kilan (Flakstad\u00f8ya), kaum noch Polarlichter (25 sec ISO 400)<\/p>\n<p><img src=http:\/\/extra.inmontanis.info\/d\/18672-2\/DSC08316.jpg \/><br \/>\n^ 01:59 Uhr &#8211; Ramberg (Flakstad\u00f8ya) (20 sec ISO 400)<\/p>\n<p>Bin also fast bis ganz runter gekommen, erst nach 2 Uhr kam ich ins Bett, Polarlichter gab&#8217;s in letzter Zeit keine mehr, auch am Himmel immer dichtere Wolken. So weit runter wollte ich heuer eigentlich gar nicht fahren :-) <\/p>\n<p>Kleines Roadmovie von heute und morgen:<\/p>\n<p><object style=\"height: 500px; width: 900px\"><param name=\"movie\" value=\"http:\/\/www.youtube.com\/v\/-Vc3q6KIwu4\"><\/param><param name=\"wmode\" value=\"transparent\"><\/param><embed src=\"http:\/\/www.youtube.com\/v\/-Vc3q6KIwu4\" type=\"application\/x-shockwave-flash\" wmode=\"transparent\"  width=\"900\" height=\"480\"><\/embed><\/object><\/p>\n<p><em>(Fortsetzung folgt.)<\/em> <\/p>\n","protected":false},"excerpt":{"rendered":"<p>Skandinavien &#8211; Lichter des Nordens Tag 7 &#8211; Mo, 16.9.2013 &#8211; Lofoten I: Raftsund und Polarlichter <\/p>\n<p>In der Nacht gab es wieder einmal einen starken Sturm, das Auto schaukelte, als w\u00e4ren wir auf einem Schiff. Gest\u00f6rt hat&#8217;s mich aber komischerweise nicht. Nach etwas \u00fcber 6h Schlaf kam ich wieder nur sehr schwer aus den <a href=\"http:\/\/blog.inmontanis.info\/?p=2517\">[&#8230;]<\/a><\/p>\n","protected":false},"author":1,"featured_media":0,"comment_status":"open","ping_status":"closed","sticky":false,"template":"","format":"standard","meta":{"footnotes":""},"categories":[126,601,18],"tags":[100,37,96,45],"class_list":["post-2517","post","type-post","status-publish","format-standard","hentry","category-2013-09-skandinavien-nordlichttour","category-lofoten","category-norwegennorway","tag-langzeitbelichtung","tag-meer","tag-polarlicht","tag-see","odd"],"_links":{"self":[{"href":"http:\/\/blog.inmontanis.info\/index.php?rest_route=\/wp\/v2\/posts\/2517","targetHints":{"allow":["GET"]}}],"collection":[{"href":"http:\/\/blog.inmontanis.info\/index.php?rest_route=\/wp\/v2\/posts"}],"about":[{"href":"http:\/\/blog.inmontanis.info\/index.php?rest_route=\/wp\/v2\/types\/post"}],"author":[{"embeddable":true,"href":"http:\/\/blog.inmontanis.info\/index.php?rest_route=\/wp\/v2\/users\/1"}],"replies":[{"embeddable":true,"href":"http:\/\/blog.inmontanis.info\/index.php?rest_route=%2Fwp%2Fv2%2Fcomments&post=2517"}],"version-history":[{"count":1,"href":"http:\/\/blog.inmontanis.info\/index.php?rest_route=\/wp\/v2\/posts\/2517\/revisions"}],"predecessor-version":[{"id":2518,"href":"http:\/\/blog.inmontanis.info\/index.php?rest_route=\/wp\/v2\/posts\/2517\/revisions\/2518"}],"wp:attachment":[{"href":"http:\/\/blog.inmontanis.info\/index.php?rest_route=%2Fwp%2Fv2%2Fmedia&parent=2517"}],"wp:term":[{"taxonomy":"category","embeddable":true,"href":"http:\/\/blog.inmontanis.info\/index.php?rest_route=%2Fwp%2Fv2%2Fcategories&post=2517"},{"taxonomy":"post_tag","embeddable":true,"href":"http:\/\/blog.inmontanis.info\/index.php?rest_route=%2Fwp%2Fv2%2Ftags&post=2517"}],"curies":[{"name":"wp","href":"https:\/\/api.w.org\/{rel}","templated":true}]}}