{"id":2514,"date":"2013-09-15T19:14:57","date_gmt":"2013-09-15T17:14:57","guid":{"rendered":"http:\/\/blog.inmontanis.info\/?p=2514"},"modified":"2013-10-08T19:17:56","modified_gmt":"2013-10-08T17:17:56","slug":"zwischen-hammerfest-und-tromso-15-9-2013","status":"publish","type":"post","link":"http:\/\/blog.inmontanis.info\/?p=2514","title":{"rendered":"Zwischen Hammerfest und Troms\u00f8, 15.9.2013"},"content":{"rendered":"<p><strong>Skandinavien &#8211; Lichter des Nordens<br \/>\nTag 6 &#8211; So, 15.9.2013<\/strong> &#8211; Von Hammerfest \u00fcber Alta nach Troms\u00f8 <\/p>\n<p>Heute sollte wetterberichtsm\u00e4\u00dfig der schlechteste Tag der Woche werden. Egal, war heute eh nur im Auto. Wobei, egtl. h\u00e4tte ich erst an der PB in Troms\u00f8 oder der DSB in Abisko vorbei schauen wollen, aber keines von beiden war lang genug ge\u00f6ffnet, als dass ich es h\u00e4tte anfahren k\u00f6nnen. Da ich beide ja schon im Rahmen meiner 2006er Tour zur Mitternachtssonnenzeit gefahren bin und Abisko eh mal im Winter fahren m\u00f6chte, hatte ich beide auch f\u00fcr morgen nicht mehr auf den Plan gestellt.<\/p>\n<p>Der leichte Nieselregen wollte leider auch nicht aufh\u00f6ren, damit man wenigstens mal eine kleine Wanderung h\u00e4tte machen k\u00f6nnen. Daf\u00fcr hab ich einige Schneereste bzw. Gletscher gesehen, die in Form von kleinen Rinnen hier sogar noch bis fast auf Meeresh\u00f6he abgehen. <\/p>\n<p>Wetterm\u00e4\u00dfig bin ich aber dann doch noch nach Troms\u00f8 gefahren, da es hier f\u00fcr den Anfang der Nacht einiges an klaren Himmel geben sollte.<\/p>\n<p>(Fotos anklicken zum Vergr\u00f6\u00dfern, soweit nicht vergr\u00f6\u00dfert gepostet.)<\/p>\n<p><a href='http:\/\/extra.inmontanis.info\/d\/18394-2\/ge20130915.jpg'><img src=http:\/\/extra.inmontanis.info\/d\/18392-3\/ge20130915.jpg \/><\/a><br \/>\n^ gefahrene Strecke 15.9.2013<\/p>\n<p><img src=http:\/\/extra.inmontanis.info\/d\/18318-2\/DSC07729.jpg \/><br \/>\n^ E6 \/ Skaidi-Alta<\/p>\n<p><a href='http:\/\/extra.inmontanis.info\/d\/18322-2\/DSC07742.jpg'><img src=http:\/\/extra.inmontanis.info\/d\/18320-3\/DSC07742.jpg \/><\/a><br \/>\n^ Die einzige gr\u00f6\u00dfere Rentierherde auf der Stra\u00dfe in diesem Urlaub<\/p>\n<p><a href='http:\/\/extra.inmontanis.info\/d\/18326-2\/DSC07747.jpg'><img src=http:\/\/extra.inmontanis.info\/d\/18324-3\/DSC07747.jpg \/><\/a><br \/>\n^ Dank 80 km\/h Beschr\u00e4nkung, geringen Verkehr, usw. brauch ich hier im Norden Norwegens einen Liter weniger Sprit als im normalen Durchschnitt, also 4,3-4,4 l.<\/p>\n<p>Das relativiert die hohen Benzin\/Dieselpreise. Diesel kostete im Norden meist so um die 14,50-14,90 NOK, im S\u00fcden hab ich auch Preise um die 12,80 NOK gesehen.<\/p>\n<p>Netterweise ist die norwegische Krone im letzen halben Jahr um ca. 10% g\u00fcnstiger geworden. W\u00e4ren die 14,90 NOK um den Jahreswechsel noch knapp 2,- \u20ac gewesen, so waren es w\u00e4hrend meiner Reise nur noch ca. 1,85 &#8211; 1,90 \u20ac. Die 12,80 NOK w\u00e4ren aktuell 1,58 \u20ac.<\/p>\n<p>Minimumkurs NOK\/EUR der letzten 52 Wochen: 7,28; Maximum: 8,19, das entspricht momentan den Kursen von vor 3 Jahren; vor 4-5 Jahren war man ab und zu sogar \u00fcber 9,- mit Maximum um ca. 10,-<\/p>\n<p><a href='http:\/\/www.finanzen.net\/devisen\/euro-norwegische_krone\/chart'>http:\/\/www.finanzen.net\/devisen\/euro-norwegische_krone\/chart<\/a><\/p>\n<p>4,4 statt 5,5 Liter \/ 100 km machen eine Ersparnis von 20% aus &#8211; somit w\u00e4re der \u00e4quivalente Literpreis nur noch 1,48 \u20ac ;-)<\/p>\n<p>Man kann sich die teuren Preise in Norwegen also sch\u00f6n reden. Ansonsten ist ja alles in NOK angeschrieben, was es kost, das kost&#8217;s, umgerechnet wird nicht, dann passt das schon&#8230;<\/p>\n<p><a href='http:\/\/extra.inmontanis.info\/d\/18330-2\/DSC07753.jpg'><img src=http:\/\/extra.inmontanis.info\/d\/18328-3\/DSC07753.jpg \/><\/a><br \/>\n^ E6 \/ kurz unter Alta, Neubau der Stra\u00dfe<\/p>\n<p><a href='http:\/\/extra.inmontanis.info\/d\/18334-2\/DSC07768.jpg'><img src=http:\/\/extra.inmontanis.info\/d\/18332-3\/DSC07768.jpg \/><\/a><br \/>\n^ E6 \/ kurz unter Alta, Neubau der Stra\u00dfe mit Tunnel und Br\u00fccke, wird vmtl. die Fahrzeit von ca. 10 Minuten auf vielleicht 2 verk\u00fcrzen.<\/p>\n<p><img src=http:\/\/extra.inmontanis.info\/d\/18338-2\/DSC07777.jpg \/><br \/>\n^ E6 \/ Altafjord<\/p>\n<p><a href='http:\/\/extra.inmontanis.info\/d\/18342-2\/DSC07787.jpg'><img src=http:\/\/extra.inmontanis.info\/d\/18340-3\/DSC07787.jpg \/><\/a><br \/>\n^ E6 Langjord\/n\u00e4he Ulvsv\u00e5g<\/p>\n<p><a href='http:\/\/extra.inmontanis.info\/d\/18346-2\/DSC07794.jpg'><img src=http:\/\/extra.inmontanis.info\/d\/18344-3\/DSC07794.jpg \/><\/a><br \/>\n^ E6 \/ n\u00e4he Alteidet<\/p>\n<p><img src=http:\/\/extra.inmontanis.info\/d\/18350-2\/DSC07813.jpg \/><br \/>\n^ E6 \/ Badderfjord<\/p>\n<p><img src=http:\/\/extra.inmontanis.info\/d\/18354-2\/DSC07819.jpg \/><br \/>\n^ E6 \/ n\u00e4he Rakkenes<\/p>\n<p><img src=http:\/\/extra.inmontanis.info\/d\/18358-2\/DSC07829.jpg \/><br \/>\n^ E6 \/ Kv\u00e6nangen<\/p>\n<p><img src=http:\/\/extra.inmontanis.info\/d\/18362-2\/DSC07827.jpg \/><br \/>\n^ E6 \/ Kv\u00e6nangen-Oksfjord (gleicher Standort wie vorheriges Foto)<\/p>\n<p><img src=http:\/\/extra.inmontanis.info\/d\/18366-2\/DSC07846.jpg \/><br \/>\n^ E6 \/ Rotsund mit den vergletscherten Bergen des Lyngfjellan<\/p>\n<p><img src=http:\/\/extra.inmontanis.info\/d\/18370-2\/DSC07867.jpg \/><br \/>\n^ E6 \/ n\u00e4he Odden bzw. Lyngseidet gegen\u00fcber<\/p>\n<p><img src=http:\/\/extra.inmontanis.info\/d\/18374-2\/DSC07870.jpg \/><br \/>\n^ Nett-neblige Herbststimmung in der anderen Blickrichtung<\/p>\n<p><img src=http:\/\/extra.inmontanis.info\/d\/18378-2\/DSC07879.jpg \/><br \/>\n^ E6 \/ n\u00e4he Sandnes (Storfjord)<\/p>\n<p><img src=http:\/\/extra.inmontanis.info\/d\/18382-2\/DSC07885.jpg \/><br \/>\n^ E6 \/ n\u00e4he Sandnes (Storfjord). W\u00e4re vmtl. bei Sonnenschein noch sch\u00f6ner, aber so \u00fcbel ist&#8217;s ja auch nicht :)<\/p>\n<p><a href='http:\/\/extra.inmontanis.info\/d\/18386-2\/DSC07893.jpg'><img src=http:\/\/extra.inmontanis.info\/d\/18384-3\/DSC07893.jpg \/><\/a><br \/>\n^ E6-E8 n\u00e4he \u00d8verg\u00e5rd. Die Gletscherreste da oben (ca. auf 1.000 m) werden wohl auch bald Geschichte sein.<\/p>\n<p><a href='http:\/\/extra.inmontanis.info\/d\/18390-2\/DSC07905.jpg'><img src=http:\/\/extra.inmontanis.info\/d\/18388-3\/DSC07905.jpg \/><\/a><br \/>\n^ E8 richtung Troms\u00f8 (Balsfjord)<\/p>\n<p><a href='http:\/\/ski.inmontanis.info\/d\/169533-2\/DSC07932.jpg'><img src=http:\/\/ski.inmontanis.info\/d\/169532-3\/DSC07932.jpg \/><\/a><br \/>\n^ Ankunft in Troms\u00f8<\/p>\n<p><img src=http:\/\/ski.inmontanis.info\/d\/169537-2\/DSC07936.jpg \/><br \/>\n^ Troms\u00f8 \/ \u00f6stliche Br\u00fccke (dahinter gibt&#8217;s auch noch einen Tunnel)<\/p>\n<p>Gegen 19 Uhr kam ich am Skigebiet Kroken kurz hinter Troms\u00f8 an und machte ein paar Fotos. F\u00fcr eine Wanderung zum oberen SL war es mir schon zu dunkel (und der Boden egtl. auch zu nass), also nur ein paar Fotos gemacht&#8230;<\/p>\n<p><a href='http:\/\/ski.inmontanis.info\/d\/169541-2\/DSC07942.jpg'><img src=http:\/\/ski.inmontanis.info\/d\/169540-3\/DSC07942.jpg \/><\/a><br \/>\n^ Unterer Teil des Skigebiets von Troms\u00f8 (Kroken)<\/p>\n<p><a href='http:\/\/ski.inmontanis.info\/d\/169545-2\/DSC07946.jpg'><img src=http:\/\/ski.inmontanis.info\/d\/169544-3\/DSC07946.jpg \/><\/a><br \/>\n^ 2 SL, rechts geht noch einer ein St\u00fcck weiter runter und oben gibt&#8217;s noch einen weiteren<\/p>\n<p><a href='http:\/\/ski.inmontanis.info\/d\/169549-2\/DSC07948.jpg'><img src=http:\/\/ski.inmontanis.info\/d\/169548-3\/DSC07948.jpg \/><\/a><br \/>\n^ Talstationen der beiden Hauptlifte<\/p>\n<p><a href='http:\/\/ski.inmontanis.info\/d\/169553-2\/DSC07949.jpg'><img src=http:\/\/ski.inmontanis.info\/d\/169552-3\/DSC07949.jpg \/><\/a><br \/>\n^ Alle 3 SL im Talbereich<\/p>\n<p><a href='http:\/\/ski.inmontanis.info\/d\/169557-2\/DSC07950.jpg'><img src=http:\/\/ski.inmontanis.info\/d\/169556-3\/DSC07950.jpg \/><\/a><br \/>\n^ Talstation des untersten SL<\/p>\n<p>Danach einen Hamburger (diesmal von der Shell-Tanke) gekauft und zur PB-Talstation rauf (der Weg war alles andere als leicht zu finden), aber man hatte vom Parkplatz aus auch keinen sinnvollen Blick runter. <\/p>\n<p>Hier und da bissl rumgefahren, aber irgendwie keine gro\u00dfe Lust gehabt. Da ich au\u00dferdem nicht wusste, wo die Nordlichter von hier aus heute sein werden, und ja nur ein 2er vorhergesagt wurde, hab ich auch nicht l\u00e4nger gewartet. Viel vern\u00fcnftige Parkpl\u00e4tze gab&#8217;s da eh nicht. Bin ja noch \u00fcber den Tunnel auf die Insel und \u00fcber die Br\u00fccke auf die andere Seite und ein St\u00fcck in S\u00fcden und sogar auf so eine Halbinsel noch rumgefahren, aber entweder es waren H\u00e4user oder Str\u00e4ucher \/ B\u00e4ume richtung Fjord, kein brauchbarer Standplatz zum Fotografieren. Hat mich schwer genervt nach den vielen einsamen Gegenden der letzten Tage.<\/p>\n<p><img src=http:\/\/ski.inmontanis.info\/d\/169561-2\/DSC07952.jpg \/><br \/>\n^ Troms\u00f8 \/ S\u00fcdzipfel<\/p>\n<p><img src=http:\/\/extra.inmontanis.info\/d\/17436-3\/DSC07958.jpg \/><br \/>\n^ Troms\u00f8 \/ \u00d6stliche Br\u00fccke<\/p>\n<p><img src=http:\/\/ski.inmontanis.info\/d\/169565-2\/DSC07961.jpg \/><br \/>\n^ Troms\u00f8 \/ Westseite der Insel<\/p>\n<p><img src=http:\/\/ski.inmontanis.info\/d\/169569-2\/DSC07964.jpg \/><br \/>\n^ Troms\u00f8 \/ West &#8211; Selnes<\/p>\n<p><img src=http:\/\/ski.inmontanis.info\/d\/169573-2\/DSC07965.jpg \/><br \/>\n^ Troms\u00f8 \/ westliche Br\u00fccke<\/p>\n<p><img src=http:\/\/ski.inmontanis.info\/d\/169577-2\/DSC07967.jpg \/><br \/>\n^ \u00d6stliche Br\u00fccke<\/p>\n<p>F\u00fcr die Nachtfotos hab ich meist das 28mm Canon FD &#8211; Objektiv genommen, da das bei f\/4 so sch\u00f6n filligrane Blendensterne macht<\/p>\n<p><img src=http:\/\/ski.inmontanis.info\/d\/169581-2\/DSC07968.jpg \/><br \/>\n^ \u00d6stliche Br\u00fccke<\/p>\n<p>Sp\u00e4ter am Parkplatz an der E8 hab ich doch noch ein paar Nordlichter gesehen, allerdings hatte es wg. B\u00fcschen (und wie die letzten Tage wg. starken Sturms) keinen Sinn gehabt, dort noch gro\u00df Fotos zu machen. <\/p>\n<p>Morgen soll&#8217;s ja noch weniger geben (nur ein 1er vorhergesagt) &#8211; aber aufpassen sollte man schon, weil zwischen Vorhersage und Wirklichkeit ja Welten liegen k\u00f6nnen. K\u00f6nnte ja trotz vorhergesagtem Level 1 pl\u00f6tzlich ein 4er oder noch mehr auftreten, so genau sind die Vorhersagen ja auch nicht. Sonderliche Umwege werd ich mir morgen aber sparen. Dienstag+Mittwoch soll&#8217;s dann wieder mit einem 3er wenigstens etwas st\u00e4rker werden, aber ob ich bis Mittwoch noch hier oben bleiben kann&#8230; Ich f\u00fcrchte, von der Nordlichtst\u00e4rke war die Reise nicht ganz so wie erwartet. <\/p>\n<p>Wenn ich die Gaustabahn in Rjukan noch fahren m\u00f6chte, die Fahrzeit bis dort runter sind lt. Routenplaner 19 Stunden. Meine letzte Heimreisem\u00f6glichkeit, also F\u00e4hre Norwegen-D\u00e4nemark, ist Samstag gegen 17 Uhr, damit ich am Sonntag Abend noch gut nach Hause komme. Von Rjukan zur F\u00e4hre sinds ca. 3 Stunden, d.h. Samstag Gausta &#8211; wird schon knapp. Vielleicht besser am Freitag. Oder eben wann das bessere Wetter ist.<\/p>\n<p>Sehr nervig fand ich heute die Stra\u00dfenverh\u00e4ltnisse. Sehr lange Strecken relativ neuer Asphalt\/Teer, trotzdem sehr unruhig (ruppig). Dazu tiefschwarz und lichtschluckend, teils ohne Markierung &#8211; da siehst bei Dunkelheit herzlich wenig von der Stra\u00dfe, egal ob mit Fern- oder Nebellicht. Wenn man dazu bedenkt, wie lang die N\u00e4chte hier oben im Winter sind, kann ich das absolut nicht nachvollziehen.<\/p>\n<p>Hatte kurz mit dem Gedanken gespielt, von Troms\u00f8 morgen via zweier F\u00e4ren auf die Vester\u00e5len zu fahren, musste dann aber bei der Fahrplansuche im Internet feststellen, dass beide F\u00e4hrverbindungen nur bis 1.9. in Betrieb sind. Dann morgen also die E6 gen Narvik und r\u00fcber auf die Lofoten.<\/p>\n<p><em>(Fortsetzung folgt.)<\/em> <\/p>\n","protected":false},"excerpt":{"rendered":"<p>Skandinavien &#8211; Lichter des Nordens Tag 6 &#8211; So, 15.9.2013 &#8211; Von Hammerfest \u00fcber Alta nach Troms\u00f8 <\/p>\n<p>Heute sollte wetterberichtsm\u00e4\u00dfig der schlechteste Tag der Woche werden. Egal, war heute eh nur im Auto. Wobei, egtl. h\u00e4tte ich erst an der PB in Troms\u00f8 oder der DSB in Abisko vorbei schauen wollen, aber keines von <a href=\"http:\/\/blog.inmontanis.info\/?p=2514\">[&#8230;]<\/a><\/p>\n","protected":false},"author":1,"featured_media":0,"comment_status":"open","ping_status":"closed","sticky":false,"template":"","format":"standard","meta":{"footnotes":""},"categories":[126,18],"tags":[100,37,45,47],"class_list":["post-2514","post","type-post","status-publish","format-standard","hentry","category-2013-09-skandinavien-nordlichttour","category-norwegennorway","tag-langzeitbelichtung","tag-meer","tag-see","tag-sl","odd"],"_links":{"self":[{"href":"http:\/\/blog.inmontanis.info\/index.php?rest_route=\/wp\/v2\/posts\/2514","targetHints":{"allow":["GET"]}}],"collection":[{"href":"http:\/\/blog.inmontanis.info\/index.php?rest_route=\/wp\/v2\/posts"}],"about":[{"href":"http:\/\/blog.inmontanis.info\/index.php?rest_route=\/wp\/v2\/types\/post"}],"author":[{"embeddable":true,"href":"http:\/\/blog.inmontanis.info\/index.php?rest_route=\/wp\/v2\/users\/1"}],"replies":[{"embeddable":true,"href":"http:\/\/blog.inmontanis.info\/index.php?rest_route=%2Fwp%2Fv2%2Fcomments&post=2514"}],"version-history":[{"count":1,"href":"http:\/\/blog.inmontanis.info\/index.php?rest_route=\/wp\/v2\/posts\/2514\/revisions"}],"predecessor-version":[{"id":2515,"href":"http:\/\/blog.inmontanis.info\/index.php?rest_route=\/wp\/v2\/posts\/2514\/revisions\/2515"}],"wp:attachment":[{"href":"http:\/\/blog.inmontanis.info\/index.php?rest_route=%2Fwp%2Fv2%2Fmedia&parent=2514"}],"wp:term":[{"taxonomy":"category","embeddable":true,"href":"http:\/\/blog.inmontanis.info\/index.php?rest_route=%2Fwp%2Fv2%2Fcategories&post=2514"},{"taxonomy":"post_tag","embeddable":true,"href":"http:\/\/blog.inmontanis.info\/index.php?rest_route=%2Fwp%2Fv2%2Ftags&post=2514"}],"curies":[{"name":"wp","href":"https:\/\/api.w.org\/{rel}","templated":true}]}}