{"id":2512,"date":"2013-09-14T18:36:53","date_gmt":"2013-09-14T16:36:53","guid":{"rendered":"http:\/\/blog.inmontanis.info\/?p=2512"},"modified":"2013-10-04T18:38:42","modified_gmt":"2013-10-04T16:38:42","slug":"ilfjordfjellet-silfar-canyon-hammerfest-14-9-2013","status":"publish","type":"post","link":"http:\/\/blog.inmontanis.info\/?p=2512","title":{"rendered":"Ilfjordfjellet, Silfar Canyon, Hammerfest, 14.9.2013"},"content":{"rendered":"<p><strong>Skandinavien &#8211; Lichter des Nordens<br \/>\nTag 5 &#8211; Sa, 14.9.2013<\/strong> &#8211; Ilfjordfjellet, Silfar Canyon, Hammerfest<\/p>\n<p>Da ich heute nichts weiter vorhatte, au\u00dfer irgendwann beim KSSL im Hammerfest vorbeizuschauen, ging&#8217;s gem\u00fctlich los, \u00fcber die Tana bru &#8211; und an der n\u00e4chsten Tankstelle gleich mal ein Hotdog (mit Bernerw\u00fcrstl) verdr\u00fcckt. War heut wohl ein Hotdog-Tag, sp\u00e4ter hab ich noch ein Grillw\u00fcrstl-Hotdog und abends noch einen Hamburger-Hotdog (Roller-Burger) mit Pommes gegessen, Einkaufen war ich auch 2x.<\/p>\n<p>Landschaftlich war der Tag wieder sehr interessant, 2 Fjelle mit weiten Hochebenen und einigen Fjorden. Wetterm\u00e4\u00dfig kam es zum Gl\u00fcck auch nicht so schlecht, wie erst f\u00fcr das WE vorhergesagt.<\/p>\n<p>Beim ersten Fjell, Ifordfjellet, hab ich gleich mal eine kleine Wanderung unternommen&#8230;<\/p>\n<p>(Fotos anklicken zum Vergr\u00f6\u00dfern, soweit nicht vergr\u00f6\u00dfert gepostet.)<\/p>\n<p><a href='http:\/\/extra.inmontanis.info\/d\/18042-2\/ge-20130913-14b.jpg'><img src=http:\/\/extra.inmontanis.info\/d\/18040-3\/ge-20130913-14b.jpg \/><\/a><br \/>\n^ Magenta links: Fahrstrecke 14.9.2013<br \/>\nG) Ifjordfjellet<br \/>\nH) Silfar Canyon<br \/>\nI) Hammerfest<\/p>\n<p><a href='http:\/\/extra.inmontanis.info\/d\/18096-2\/DSC07309.jpg'><img src=http:\/\/extra.inmontanis.info\/d\/18094-3\/DSC07309.jpg \/><\/a><br \/>\n^ 98 \/ Tanafjord<\/p>\n<p><a href='http:\/\/extra.inmontanis.info\/d\/18100-2\/DSC07313.jpg'><img src=http:\/\/extra.inmontanis.info\/d\/18098-3\/DSC07313.jpg \/><\/a><br \/>\n^ 98 \/ Vestertana<\/p>\n<p><a href='http:\/\/extra.inmontanis.info\/d\/18104-2\/DSC07317.jpg'><img src=http:\/\/extra.inmontanis.info\/d\/18102-3\/DSC07317.jpg \/><\/a><br \/>\n^ 98 \/ Ifjordfjellet; die Stra\u00dfe f\u00fchrt in den Einschnitt oben in Bildmitte hinauf<\/p>\n<p><img src=http:\/\/extra.inmontanis.info\/d\/18108-2\/DSC07320.jpg \/><br \/>\n^ 98 \/ Ifjordfjellet (R\u00fcckblick zum vorherigen Foto)<\/p>\n<p><img src=http:\/\/extra.inmontanis.info\/d\/18112-2\/DSC07324.jpg \/><br \/>\n^ 98 \/ Ifjordfjellet. Kurz nach dem H\u00fcgel gibt&#8217;s einen See und einen kleinen Parkplatz, wo ich zu dem H\u00fcgel rechts der Stra\u00dfe aufgestiegen bin<\/p>\n<p><img src=http:\/\/extra.inmontanis.info\/d\/18116-2\/DSC07335.jpg \/><br \/>\n^ Ifjordfjellet \/ Pano von dem besagten H\u00fcgelchen<\/p>\n<p><img src=http:\/\/extra.inmontanis.info\/d\/17424-3\/DSC07333.jpg \/><br \/>\n^ mit Stra\u00dfe<\/p>\n<p><img src=http:\/\/extra.inmontanis.info\/d\/18120-2\/DSC07337.jpg \/><br \/>\n^ Hinten sieht man zum Fjord. Hier k\u00f6nnte man nett wandern, von H\u00fcgel zu H\u00fcgel und h\u00e4tte laufend neue Aussichten. W\u00e4re sicher interessant! Keine Sicht st\u00f6renden W\u00e4lder &#8230;<\/p>\n<p><img src=http:\/\/extra.inmontanis.info\/d\/18124-2\/DSC07338.jpg \/><br \/>\n^ Unendliche Weiten ;-)<\/p>\n<p><a href='http:\/\/extra.inmontanis.info\/d\/18128-2\/DSC09153.jpg'><img src=http:\/\/extra.inmontanis.info\/d\/18126-3\/DSC09153.jpg \/><\/a><br \/>\n^ 98 \/ Ifjordfjellet, Neutrassierung der Stra\u00dfe<\/p>\n<p><a href='http:\/\/extra.inmontanis.info\/d\/18132-2\/DSC07344.jpg'><img src=http:\/\/extra.inmontanis.info\/d\/18130-3\/DSC07344.jpg \/><\/a><br \/>\n^ 98 \/ Ifjordfjellet, hier ist die Stra\u00dfe bereits ausgebaut<\/p>\n<p><a href='http:\/\/extra.inmontanis.info\/d\/18136-2\/DSC07384.jpg'><img src=http:\/\/extra.inmontanis.info\/d\/18134-3\/DSC07384.jpg \/><\/a><br \/>\n^ 98 \/ Stor-Porsanger<\/p>\n<p>Beim 2. Fjell bzw. an dessen Ende sah ich ein Parkplatzschild zu einem Canyon &#8211; scharf abgebogen, kurzes St\u00fcck unruhiger Feldweg, dann kommt man zu einem gr\u00f6\u00dferen Parkplatz (mit &#8220;C&#8221;, also halt ein WC ohne W ;) )<\/p>\n<p>Der Fu\u00dfweg zum Canyon war gut ausgetreten, bin erst zum unteren Ende gegangen und hab mich dann langsam nach oben gearbeitet. Es gab immer wieder verschiedene Wegvarianten und Stichpfade zum Grat, wo es manchmal schon sehr gef\u00e4hrlich abw\u00e4rts ging. Weiter bergauf wurde der Weg auch immer schwieriger. Irgendwann dachte ich mir dann, ob es nicht eine andere R\u00fcckwegm\u00f6glichkeit geben k\u00f6nnte, bin noch ein St\u00fcck steilen Hang hinauf und befand mich auf einer etwas flacheren Fl\u00e4che, auf der ich wieder richtung Parkplatz ging. Hier und da sah man mal etwas, was man als Weg deuten h\u00e4tte k\u00f6nnen, wirklich nach unten kam man aber nicht. Aber irgendwann kam doch etwas wie ein Weg, auf dem man tats\u00e4chlich einfacher absteigen konnte als am Weg am Canyon &#8211; und ich hab mein Auto auch ohne Einsatz des GPS gefunden ;-)<\/p>\n<p><a href='http:\/\/extra.inmontanis.info\/d\/18048-2\/DSC07397.jpg'><img src=http:\/\/extra.inmontanis.info\/d\/18046-3\/DSC07397.jpg \/><\/a><br \/>\n^ Zugang vom Parkplatz zum Silfar Canyon<\/p>\n<p><img src=http:\/\/extra.inmontanis.info\/d\/18052-2\/DSC07399.jpg \/><br \/>\n^ Selten gr\u00fcnes Wasser<\/p>\n<p><img src=http:\/\/extra.inmontanis.info\/d\/18056-2\/DSC07400.jpg \/><br \/>\n^ Unteres Ende des Canyon<\/p>\n<p><img src=http:\/\/extra.inmontanis.info\/d\/18060-2\/DSC07403.jpg \/><br \/>\n^ Silfar Canyon, unterer Teil.<\/p>\n<p><img src=http:\/\/extra.inmontanis.info\/d\/18064-2\/DSC07412.jpg \/><br \/>\n^ Der Weg f\u00fchrt teilweise am Grat entlang bzw. bietet immer wieder Stichpfade zum Felsrand<\/p>\n<p><a href='http:\/\/extra.inmontanis.info\/d\/18068-2\/DSC07416.jpg'><img src=http:\/\/extra.inmontanis.info\/d\/18067-3\/DSC07416.jpg \/><\/a><br \/>\n^ Die Pfade enden teilweise direkt an der Kante &#8211; nix f\u00fcr schwache Nerven ;-)<\/p>\n<p><a href='http:\/\/extra.inmontanis.info\/d\/18076-2\/DSC07426.jpg'><img src=http:\/\/extra.inmontanis.info\/d\/18075-3\/DSC07426.jpg \/><\/a><br \/>\n^ Unterer Teil<\/p>\n<p><img src=http:\/\/extra.inmontanis.info\/d\/17428-3\/DSC07428.jpg \/><br \/>\n^ Ja, den Pfad bin ich bis ganz vor gegangen!<\/p>\n<p><img src=http:\/\/extra.inmontanis.info\/d\/18072-2\/DSC07422.jpg \/><br \/>\n^ Mittlerer Teil<\/p>\n<p><a href='http:\/\/extra.inmontanis.info\/d\/18080-2\/DSC07435.jpg'><img src=http:\/\/extra.inmontanis.info\/d\/18079-3\/DSC07435.jpg \/><\/a><br \/>\n^ Mittlerer Teil von weiter oben<\/p>\n<p><a href='http:\/\/extra.inmontanis.info\/d\/18084-2\/DSC07440.jpg'><img src=http:\/\/extra.inmontanis.info\/d\/18083-3\/DSC07440.jpg \/><\/a><br \/>\n^ Und noch weiter oben. Hier ist die Schlucht teilweise schon so tief, dass man das Wasser nur noch selten sieht<\/p>\n<p><img src=http:\/\/extra.inmontanis.info\/d\/18088-2\/DSC07444.jpg \/><br \/>\n^ Steilw\u00e4nde<\/p>\n<p><img src=http:\/\/extra.inmontanis.info\/d\/18092-2\/DSC07447.jpg \/><br \/>\n^ Hm, anstatt runter zu kommen steh ich jezt hier oben &#8211; na, f\u00fcr ein Foto reicht&#8217;s und irgendwo querfeldein wird&#8217;s schon runter gehen .. ;-)<\/p>\n<p><a href='http:\/\/extra.inmontanis.info\/d\/18140-2\/DSC07457.jpg'><img src=http:\/\/extra.inmontanis.info\/d\/18138-3\/DSC07457.jpg \/><\/a><br \/>\n^ 98 \/ Porsangerfjord<\/p>\n<p><a href='http:\/\/extra.inmontanis.info\/d\/18144-2\/DSC07497.jpg'><img src=http:\/\/extra.inmontanis.info\/d\/18142-3\/DSC07497.jpg \/><\/a><br \/>\n^ E6 \/ Porsangerfjord bzw. Olderfjord<\/p>\n<p><a href='http:\/\/extra.inmontanis.info\/d\/18148-2\/DSC07505.jpg'><img src=http:\/\/extra.inmontanis.info\/d\/18146-3\/DSC07505.jpg \/><\/a><br \/>\n^ E6 \/ Hatter<\/p>\n<p><a href='http:\/\/extra.inmontanis.info\/d\/18152-2\/DSC07528.jpg'><img src=http:\/\/extra.inmontanis.info\/d\/18150-3\/DSC07528.jpg \/><\/a><br \/>\n^ 94 \/ Reparfjorden-Sammelsundet<\/p>\n<p><a href='http:\/\/extra.inmontanis.info\/d\/18158-2\/DSC07532.jpg'><img src=http:\/\/extra.inmontanis.info\/d\/18156-3\/DSC07532.jpg \/><\/a><br \/>\n^ 94 \/ Stallogargotunnelen. Wie so h\u00e4ufig werden auch in NO immer mehr Berg- und K\u00fcstenstra\u00dfen durch Tunnel abgek\u00fcrzt, was ich sehr schade finde.<\/p>\n<p><img src=http:\/\/extra.inmontanis.info\/d\/18162-2\/DSC07535.jpg \/><br \/>\n^ Ausblick an der 94 richtung Hammerfest<\/p>\n<p><a href='http:\/\/extra.inmontanis.info\/d\/18166-2\/DSC07538.jpg'><img src=http:\/\/extra.inmontanis.info\/d\/18165-3\/DSC07538.jpg \/><\/a><br \/>\n^ Vargsundet<\/p>\n<p><img src=http:\/\/extra.inmontanis.info\/d\/18170-2\/DSC07548.jpg \/><br \/>\n^ 94 \/ paar km vor Hammerfest<\/p>\n<p><img src=http:\/\/extra.inmontanis.info\/d\/18174-2\/DSC07554.jpg \/><br \/>\n^ Endlich mal Rentiere. Im Vgl. zu  meinen letzten beiden Urlauben hatte ich kaum Rentiere gesehen und nur 1-2x bremsen m\u00fcssen.<\/p>\n<p><img src=http:\/\/extra.inmontanis.info\/d\/18178-2\/DSC07567.jpg \/><br \/>\n^ 94 \/ Parkplatz vorm n\u00e4chsten Tunnel<\/p>\n<p>Egtl. h\u00e4tte ich ja heute an einem Campingplatz \u00fcbernachten wollen, aber der Wetterbericht meldete jetzt f\u00fcr die erste Nachth\u00e4lfte in Hammerfest recht freies Wetter &#8211; also musste ich dort nat\u00fcrlich abends bleiben ;) Obwohl ich eine Dusche schon echt n\u00f6tig h\u00e4tte. Aber das ist leider ein Problem bei dieser Reise, wenn man nachts immer so lang unterwegs sein will und in der kurzen Zeit so viel fahren m\u00f6chte&#8230;<\/p>\n<p>Aber wie so meist &#8211; man muss sich nur zu helfen wissen. Handy aufs Lenkrad legen und w\u00e4hrend der Fahrt die Wetterberichte im Internet angesehen, hab ich in den letzten Tagen schon h\u00e4ufiger. Gut, nachts ist das weniger zu empfehlen, da man in Norwegen jederzeit mit Rentieren auf der Stra\u00dfe rechnen muss. Und viel Tippen kann man da auch nicht. Aber f\u00fcr eine Google-Suche nach &#8220;Norwegen duschen&#8221; hat&#8217;s noch gereicht. <\/p>\n<p>Die Tipps waren aber entweder &#8220;einfach bei einem Campingplatz fragen&#8221; oder &#8220;eine Solardusche mitnehmen&#8221;. Na-ja. Campingplatz h\u00e4tte ich anfahren wollen, war mir dann aber doch zu bl\u00f6d, zu fragen, ob ich einfach nur duschen k\u00f6nne &#8211; und was das kosten w\u00fcrde.<\/p>\n<p>Auf dem Parkplatz vor Hammerfest mit dem \u00fcblichen Plumpskloh\u00e4uschen kam mir eine Idee, da es dort &#8211; im Gegensatz zu den vorherigen &#8211; Desinfektionsspender gab, und ich mir eine Ladung ins Haar geschmiert hatte&#8230; das ist die L\u00f6sung: Haarewaschen im Plumpsklo! Die F\u00fc\u00dfe und Achseln und so kann man sich ja auch abends im Auto mit ein bisschen Wasser, Duschgel und dem alten Unterhemd frisch machen. Daher noch kurz im Supermarkt eine Flasche Wasser gekauft, dann das Haar etwas befeuchtet, mit Duschgel eingerieben und selbiges mit m\u00f6glichst wenig Wasser wieder rausgesp\u00fclt. Das ganze hat (am n\u00e4chsten Tag) insoweit problemlos funktioniert, nur ist es nicht gerade angenehm, den Kopf \u00fcber das stinkende Plumpsklo zu halten &#8230; Jedenfalls f\u00fchlte sich mein Kopf danach endlich wieder frisch an :) Und Dank L\u00fcftung im Auto ist das Haar auch schnell wieder trocken&#8230; <\/p>\n<p>Aber zur\u00fcck zur Fahrt nach Hammerfest und besagtem Parkplatz&#8230;<\/p>\n<p><img src=http:\/\/extra.inmontanis.info\/d\/18182-2\/DSC07559.jpg \/><br \/>\n^ 94 \/ Das sichtbare St\u00fcck Stra\u00dfe oben wurde mal wieder durch einen Tunnel abgek\u00fcrzt.<\/p>\n<p><img src=http:\/\/extra.inmontanis.info\/d\/18186-2\/DSC07570.jpg \/><br \/>\n^ 94 \/ Ein St\u00fcckchen nach dem Tunnel<\/p>\n<p><a href='http:\/\/extra.inmontanis.info\/d\/18190-2\/DSC07578.jpg'><img src=http:\/\/extra.inmontanis.info\/d\/18189-3\/DSC07578.jpg \/><\/a><br \/>\n^ 94<\/p>\n<p><img src=http:\/\/extra.inmontanis.info\/d\/18194-2\/DSC07582.jpg \/><br \/>\n^ 94<\/p>\n<p><a href='http:\/\/extra.inmontanis.info\/d\/18198-2\/DSC07589.jpg'><img src=http:\/\/extra.inmontanis.info\/d\/18197-3\/DSC07589.jpg \/><\/a><br \/>\n^ 94 \/ Cam aus dem Fenster und etwas r\u00fcckw\u00e4rts fotografiert<\/p>\n<p><img src=http:\/\/extra.inmontanis.info\/d\/18202-2\/DSC07592.jpg \/><br \/>\n^ Rypefjord, kurz vor Hammerfest<\/p>\n<p><img src=http:\/\/extra.inmontanis.info\/d\/18206-2\/DSC07595.jpg \/><br \/>\n^ Der B\u00e4r gr\u00fc\u00dft richtung Hammerfest<\/p>\n<p><a href='http:\/\/extra.inmontanis.info\/d\/18210-2\/DSC07598.jpg'><img src=http:\/\/extra.inmontanis.info\/d\/18209-3\/DSC07598.jpg \/><\/a><br \/>\n^ Hammerfest<\/p>\n<p>Eher sp\u00e4t kam ich am KSSL an, aber da war eh alles abgesperrt, h\u00e4tte also maximal mit gro\u00dfem Umweg zum Gipfel gehen k\u00f6nnen. Irgendwas von wegen Rentieren &#8211; entweder sollten die nicht zum Gipfel, oder von dort nicht in die Stadt. Jedenfalls sehr schade, dass das Skigebiet so bl\u00f6d liegt (total abgewandt zum Fjord, glaub kaum, dass man da all zu viel sehen d\u00fcrfte)&#8230;<\/p>\n<p><img src=http:\/\/ski.inmontanis.info\/d\/169249-2\/DSC07606.jpg \/><br \/>\n^ Skigebiet Reindalen \/ kurz hinter Hammerfest gelegen<\/p>\n<p><a href='http:\/\/ski.inmontanis.info\/d\/169253-2\/DSC07609.jpg'><img src=http:\/\/ski.inmontanis.info\/d\/169252-3\/DSC07609.jpg \/><\/a><br \/>\n^ Talstation des KSSL. Leider viele st\u00f6rende Z\u00e4une, die man nicht so einfach umgehen konnte<\/p>\n<p><img src=http:\/\/ski.inmontanis.info\/d\/169257-2\/DSC07611.jpg \/><br \/>\n^ KSSL und Abfahrten. Wenn genug Schnee liegt, hat man wohl gen\u00fcgend Gel\u00e4nde zum Fahren. Leider d\u00fcrfte sich das Pano zum Fjord in Grenzen halten<\/p>\n<p><img src=http:\/\/extra.inmontanis.info\/d\/18214-2\/DSC07614.jpg \/><br \/>\n^ Flughafen in Hammerfest<\/p>\n<p><img src=http:\/\/extra.inmontanis.info\/d\/18218-2\/DSC07621.jpg \/><br \/>\n^ Die Stra\u00dfe weiter gefahren, um zur anderen Seite der Insel zu gelangen<\/p>\n<p><img src=http:\/\/extra.inmontanis.info\/d\/18222-2\/DSC07628.jpg \/><br \/>\n^ Am Ende der Stra\u00dfe erreicht man Fors\u00f8l<\/p>\n<p><img src=http:\/\/extra.inmontanis.info\/d\/18226-2\/DSC07631.jpg \/><br \/>\n^ .. mit netter Landschaft und f\u00fcr mich mit einem kleinen Aufstieg auf den Berg.<\/p>\n<p><img src=http:\/\/extra.inmontanis.info\/d\/18230-2\/DSC07638.jpg \/><br \/>\n^ .. um einen besseren Blick nach Fors\u00f8l zu haben<\/p>\n<p><img src=http:\/\/extra.inmontanis.info\/d\/18234-2\/DSC07648.jpg \/><br \/>\n^ .. und auf&#8217;s Meer<\/p>\n<p><img src=http:\/\/extra.inmontanis.info\/d\/18238-2\/DSC07639.jpg \/><br \/>\n^ Und in die andere Richtung (zur\u00fcck zum Auto)<\/p>\n<p><img src=http:\/\/extra.inmontanis.info\/d\/18242-2\/DSC07652.jpg \/><br \/>\n^ Wieder auf der Stra\u00dfe nach Hammerfest. Die n\u00e4chste Stra\u00dfe rechts und man k\u00e4me wieder ins Skigebiet. Ich hab kurz am Supermarkt gehalten (die oben gesagte Flasche Wasser gekauft) und an einer Tankstelle in Hammerfest noch &#8216;was zum Futtern gekauft&#8230;<\/p>\n<p>Polarlichtm\u00e4\u00dfig war heute ja nicht all zu viel zu erwarten, glaub ein 2er, und obwohl man so weit oben war, waren die Lichter immer noch im Norden. Vor ein paar Jahren im Winter, als ich s\u00fcd\u00f6stlich von Alta war, gingen sie ja direkt \u00fcber mir runter. Dennoch, einige sah man heute Nacht mit blo\u00dfem Auge, mit Langzeitbelichtung sieht man noch mehr und es gab doch einige nette Motive, mit denen ich heute gar nicht gerechnet h\u00e4tte.<\/p>\n<p><img src=http:\/\/extra.inmontanis.info\/d\/18246-2\/DSC07655.jpg \/><br \/>\n^ abendliches Pano aus Hammerfest (2 sec ISO 100)<\/p>\n<p><a href='http:\/\/extra.inmontanis.info\/d\/18250-2\/DSC07659.jpg'><img src=http:\/\/extra.inmontanis.info\/d\/18249-3\/DSC07659.jpg \/><\/a><br \/>\n^ 20:35 Uhr &#8211; Hammerfest von kurz dahinter, mit beleuchteter Zufahrtsstra\u00dfe und Mond (4 sec ISO 100)<\/p>\n<p><img src=http:\/\/extra.inmontanis.info\/d\/17432-3\/DSC07660.jpg \/><br \/>\n^ Melk\u00f8ya<br \/>\n-> http:\/\/de.wikipedia.org\/wiki\/Melk%C3%B8ya<\/p>\n<p><img src=http:\/\/extra.inmontanis.info\/d\/18254-2\/DSC07669.jpg \/><br \/>\n^ 21:21 Uhr &#8211; Nochmal auf die andere Seite am Kvalfjord (15 sec ISO 400)<\/p>\n<p><img src=http:\/\/extra.inmontanis.info\/d\/18258-2\/DSC07670.jpg \/><br \/>\n^ .. und weil&#8217;s so sch\u00f6n war, nochmal die Polarlichtspuren (10 sec ISO 400)<\/p>\n<p><a href='http:\/\/extra.inmontanis.info\/d\/18262-2\/DSC07673.jpg'><img src=http:\/\/extra.inmontanis.info\/d\/18261-3\/DSC07673.jpg \/><\/a><br \/>\n^ 21:30 Uhr &#8211; Nochmal in Fors\u00f8l (10 sec ISO 400)<\/p>\n<p><img src=http:\/\/extra.inmontanis.info\/d\/18266-2\/DSC07672.jpg \/><br \/>\n^ Bei Fors\u00f8l (10 sec ISO 400)<\/p>\n<p><img src=http:\/\/extra.inmontanis.info\/d\/18270-3\/DSC07676.jpg \/><br \/>\n^ Bei Fors\u00f8l. Das ist \u00fcbrigens das H\u00fcgelchen, auf das ich vorhin, wenn auch nicht ganz, aufgestiegen bin. (30 sec ISO 100)<\/p>\n<p><img src=http:\/\/extra.inmontanis.info\/d\/18274-2\/DSC07689.jpg \/><br \/>\n^ 22:17 Uhr &#8211; Hafen in Hammerfest (5 sec ISO 100)<\/p>\n<p><img src=http:\/\/extra.inmontanis.info\/d\/18278-2\/DSC07691.jpg \/><br \/>\n^ Hammerfest City ;-) (5 sec ISO 100)<\/p>\n<p><img src=http:\/\/extra.inmontanis.info\/d\/18282-2\/DSC07703.jpg \/><br \/>\n^ 22:35 Uhr &#8211; Polarlichter \u00fcber Hammerfest (13 sec ISO 200), fotografiert von dort wo der B\u00e4r ist<\/p>\n<p><img src=http:\/\/extra.inmontanis.info\/d\/18286-2\/DSC07704.jpg \/><br \/>\n^ Polarlichter \u00fcber Melk\u00f8ya (13 sec ISO 200)<\/p>\n<p><img src=http:\/\/extra.inmontanis.info\/d\/18290-2\/DSC07712.jpg \/><br \/>\n^ 23:11 Uhr &#8211; Verschiedene Lichter beleuchten den Himmel, Standort der Parkplatz vor dem Tunnel<\/p>\n<p><img src=http:\/\/extra.inmontanis.info\/d\/18294-2\/DSC07721.jpg \/><br \/>\n^ 23:36 Uhr &#8211; Polarlichter und die Br\u00fccke, die das Festland mit der Insel Kval\u00f8ya verbindet, auf der Hammerfest liegt (20 sec ISO 800)<\/p>\n<p><img src=http:\/\/extra.inmontanis.info\/d\/18298-2\/DSC07719.jpg \/><br \/>\n^ .. leider sind die Wolken mal wieder zur falschen Zeit am falschen Ort<\/p>\n<p><img src=http:\/\/extra.inmontanis.info\/d\/18302-2\/DSC07724.jpg \/><br \/>\n^ 23:40 Uhr \/ Kval\u00f8ya \/ Br\u00fccke<\/p>\n<p><em>(Fortsetzung folgt.)<\/em><\/p>\n","protected":false},"excerpt":{"rendered":"<p>Skandinavien &#8211; Lichter des Nordens Tag 5 &#8211; Sa, 14.9.2013 &#8211; Ilfjordfjellet, Silfar Canyon, Hammerfest<\/p>\n<p>Da ich heute nichts weiter vorhatte, au\u00dfer irgendwann beim KSSL im Hammerfest vorbeizuschauen, ging&#8217;s gem\u00fctlich los, \u00fcber die Tana bru &#8211; und an der n\u00e4chsten Tankstelle gleich mal ein Hotdog (mit Bernerw\u00fcrstl) verdr\u00fcckt. War heut wohl ein Hotdog-Tag, sp\u00e4ter hab <a href=\"http:\/\/blog.inmontanis.info\/?p=2512\">[&#8230;]<\/a><\/p>\n","protected":false},"author":1,"featured_media":0,"comment_status":"open","ping_status":"closed","sticky":false,"template":"","format":"standard","meta":{"footnotes":""},"categories":[126,18,30],"tags":[87,48,100,37,96,45],"class_list":["post-2512","post","type-post","status-publish","format-standard","hentry","category-2013-09-skandinavien-nordlichttour","category-norwegennorway","category-wandern","tag-grotteklamm","tag-kssl","tag-langzeitbelichtung","tag-meer","tag-polarlicht","tag-see","odd"],"_links":{"self":[{"href":"http:\/\/blog.inmontanis.info\/index.php?rest_route=\/wp\/v2\/posts\/2512","targetHints":{"allow":["GET"]}}],"collection":[{"href":"http:\/\/blog.inmontanis.info\/index.php?rest_route=\/wp\/v2\/posts"}],"about":[{"href":"http:\/\/blog.inmontanis.info\/index.php?rest_route=\/wp\/v2\/types\/post"}],"author":[{"embeddable":true,"href":"http:\/\/blog.inmontanis.info\/index.php?rest_route=\/wp\/v2\/users\/1"}],"replies":[{"embeddable":true,"href":"http:\/\/blog.inmontanis.info\/index.php?rest_route=%2Fwp%2Fv2%2Fcomments&post=2512"}],"version-history":[{"count":1,"href":"http:\/\/blog.inmontanis.info\/index.php?rest_route=\/wp\/v2\/posts\/2512\/revisions"}],"predecessor-version":[{"id":2513,"href":"http:\/\/blog.inmontanis.info\/index.php?rest_route=\/wp\/v2\/posts\/2512\/revisions\/2513"}],"wp:attachment":[{"href":"http:\/\/blog.inmontanis.info\/index.php?rest_route=%2Fwp%2Fv2%2Fmedia&parent=2512"}],"wp:term":[{"taxonomy":"category","embeddable":true,"href":"http:\/\/blog.inmontanis.info\/index.php?rest_route=%2Fwp%2Fv2%2Fcategories&post=2512"},{"taxonomy":"post_tag","embeddable":true,"href":"http:\/\/blog.inmontanis.info\/index.php?rest_route=%2Fwp%2Fv2%2Ftags&post=2512"}],"curies":[{"name":"wp","href":"https:\/\/api.w.org\/{rel}","templated":true}]}}