{"id":2509,"date":"2013-09-13T23:24:28","date_gmt":"2013-09-13T21:24:28","guid":{"rendered":"http:\/\/blog.inmontanis.info\/?p=2509"},"modified":"2013-10-01T23:25:44","modified_gmt":"2013-10-01T21:25:44","slug":"kirkenes-berlevag-13-9-2013","status":"publish","type":"post","link":"http:\/\/blog.inmontanis.info\/?p=2509","title":{"rendered":"Kirkenes-Berlev\u00e5g, 13.9.2013"},"content":{"rendered":"<p><strong>Skandinavien &#8211; Lichter des Nordens<br \/>\nTag 4 &#8211; Fr, 13.9.2013<\/strong> &#8211; Kirkenes &#8211; Berlev\u00e5g<\/p>\n<p>Der Tag an der norwegisch-russischen Grenze begann sonnig, so dass es morgens sehr warm im Auto war. Zus\u00e4tzlich zur W\u00e4rme wurde ich durch ein Klobed\u00fcrfnis geweckt, somit wieder nur 5 Stunden Schlaf (statt der geplanten, \u00fcblichen 6). Praktischerweise gab es an dem Parkplatz hier ein WC und ein tolles Panorama. Wobei WC ist ja falsch, da es wie die meisten Toiletten an den Parkpl\u00e4tzen im Norden nur ein Plumsklo ohne Wasser ist. Jedenfalls hatte es eine interessante Besonderheit &#8230; <\/p>\n<p>(Fotos anklicken zum Vergr\u00f6\u00dfern, soweit nicht vergr\u00f6\u00dfert gepostet.)<\/p>\n<p><a href='http:\/\/extra.inmontanis.info\/d\/18042-2\/ge-20130913-14b.jpg'><img src=http:\/\/extra.inmontanis.info\/d\/18040-3\/ge-20130913-14b.jpg \/><\/a><br \/>\n^ T\u00fcrkis: Fahrstrecke 13.9.2013<br \/>\nF) Berlev\u00e5g<\/p>\n<p><img src=http:\/\/extra.inmontanis.info\/d\/17420-3\/DSC07002.jpg \/><br \/>\n^ Tolles Pano an meinem Parkplatz mit einem interessanten Toilettenh\u00e4uschen am Ende meines Schattens &#8230;..<\/p>\n<p><a href='http:\/\/extra.inmontanis.info\/d\/17942-2\/DSC06997.jpg'><img src=http:\/\/extra.inmontanis.info\/d\/17941-3\/DSC06997.jpg \/><\/a><br \/>\n^ Wer wollte nicht schon immer mal zu zweit auf&#8217;s Klo, um Hand in Hand zu k&#8230;.? :-)<\/p>\n<p><img src=http:\/\/extra.inmontanis.info\/d\/17946-2\/DSC07004.jpg \/><br \/>\n^ Farbige Landschaften auf der 886 von Grense Jakobselv nach Kirkenes<\/p>\n<p><img src=http:\/\/extra.inmontanis.info\/d\/17950-2\/DSC07006.jpg \/><br \/>\n^ Bunter Herbst<\/p>\n<p><img src=http:\/\/extra.inmontanis.info\/d\/17954-2\/DSC07011.jpg \/><br \/>\n^ Auf der 886 von Grense Jakobselv nach Kirkenes<\/p>\n<p>Sehr sch\u00f6ne Landschaft hier. Eigentlich dachte ich ja, hmm, Herbst, Nordnorwegen, nass, kalt, kein fotogener Schnee mehr auf den Gipfeln &#8230; aber es gibt auch Tage mit sch\u00f6nem Wetter, zumindest noch im September &#8211; und dann ist auch hier &#8220;Indian Summer&#8221; angesagt &#8211; und wenn das noch mit tiefblauen Seen, Fjorden oder dem Meer kombiniert wird, und man abends noch ein paar Nordlichter sehen kann &#8211; ist das doch viel sch\u00f6ner als der Juni mit seiner Mitternachtssonne. Zumal es zu der Zeit ja auch oft genug regnet in Norwegen ;)<\/p>\n<p>Retour nach Kirkenes, kurz zuvor hab ich einen kleinen Zwischenhalt an der Grenze gemacht. Dort gab es durchaus immer wieder einige Russen aber auch einig Norweger, die durch die Grenze durchgefahren sind. Anscheinend gibt es (inzwischen?) doch einige gewisse grenz\u00fcbergreifende Gesch\u00e4fte, Kontakte.<\/p>\n<p><a href='http:\/\/extra.inmontanis.info\/d\/17958-2\/DSC07020.jpg'><img src=http:\/\/extra.inmontanis.info\/d\/17957-3\/DSC07020.jpg \/><\/a><br \/>\n^ Grenz\u00fcbergang Norwegen-Russland<\/p>\n<p><a href='http:\/\/extra.inmontanis.info\/d\/17962-2\/DSC07023.jpg'><img src=http:\/\/extra.inmontanis.info\/d\/17961-3\/DSC07023.jpg \/><\/a><br \/>\n^ Grenz\u00fcbergang Norwegen-Russland<\/p>\n<p><a href='http:\/\/extra.inmontanis.info\/d\/17966-2\/DSC07024.jpg'><img src=http:\/\/extra.inmontanis.info\/d\/17965-3\/DSC07024.jpg \/><\/a><br \/>\n^ Infotafel zur norwegisch-russischen Grenze (Die Stra\u00dfe zum s\u00fcdlichen Zipfel fahr ich halt das n\u00e4chste Mal. Ehrlich, keine Ahnung mehr, warum ich die absichtlich auslassen hab. Aber sch\u00f6n, hab ich einen Grund, mal wieder her zu fahren ;-) )<\/p>\n<p><a href='http:\/\/extra.inmontanis.info\/d\/17970-2\/DSC07029.jpg'><img src=http:\/\/extra.inmontanis.info\/d\/17969-3\/DSC07029.jpg \/><\/a><br \/>\n^ Am Grenz\u00fcbergang Norwegen-Russland<\/p>\n<p><em>Retour nach Kirkenes<\/em> ist an sich eine sehr ungew\u00f6hnliche Wortkombination f\u00fcr alle, die nicht von hier sind, denn es liegt ja eigentlich schon &#8220;ganz am Ende&#8221; von Norwegen. Aber es geht halt noch 60 km weiter. Wobei 60 km in Norwegens Dimensionen eben Nichts sind. Mal kurz nachgerechnet: Die k\u00fcrzeste Strecke von Oslo nach Kirkenes (via Schweden) ist lt. Routenplaner 2.109 km. Die k\u00fcrzeste Strecke nicht \u00fcber Schweden, sondern innerhalb Norwegens bleibend, betr\u00e4gt 2.361 km. Und von Kristiansand, an der s\u00fcdlichen K\u00fcste Norwegens, aus sind es 2.670 km. Im Vergleich: Hamburg &#8211; Palermo (k\u00fcrzeste Strecke): &#8220;nur&#8221; 2.488 km<\/p>\n<p>F\u00fcr die meisten Norwegen-Urlauber d\u00fcrfte ja das Nordkapp das Non-Plus-Ultra sein. &#8220;Weil&#8217;s der n\u00f6rdlichste anfahrbare Punkt ist und man dann nicht mehr weiter fahren kann ohne Schiff&#8221; usw. Nun, ich war noch nie dort &#8211; nicht nur wg. den teuren Geb\u00fchren, mich hat dieses Argument nie gereizt. Es gibt viele Stra\u00dfen in Norwegen, die am Meer enden, wo es nicht mehr weiter geht. Viel faszinierender fand ich den Gedanken, ans Ende diese riesigen Norwegens zu fahren, ans Ende der europ\u00e4ischen Reisefreiheit, an die Grenze zum (leider!) noch recht verschlossenen Russland&#8230; <\/p>\n<p>Nachdem ich dieses Ziel somit bereits am 3. Tag erreicht hatte, geht es nun eigentlich nur noch zur\u00fcck. Ganz ehrlich, das tr\u00fcbt das Urlaubsgef\u00fchl doch ein wenig. Die Tour im Uhrzeigersinn d\u00fcrfte, was dieses &#8220;Am-Ende-sein-Gef\u00fchl&#8221; angeht, interessanter sein.<\/p>\n<p><img src=http:\/\/extra.inmontanis.info\/d\/17974-2\/DSC07034.jpg \/><br \/>\n^ Hier war ich letzte Nacht schon: Auf der Stra\u00dfe nach Rein\u00f8ysund. Diesmal bin ich aber nicht weiter gefahren.. Diesmal bin ich aber nicht weiter gefahren.<\/p>\n<p><img src=http:\/\/extra.inmontanis.info\/d\/17978-2\/DSC07037.jpg \/><br \/>\n^ Gleicher Standort, entgegengesetzte Richtung<\/p>\n<p><a href='http:\/\/extra.inmontanis.info\/d\/17982-2\/DSC07044.jpg'><img src=http:\/\/extra.inmontanis.info\/d\/17981-3\/DSC07044.jpg \/><\/a><br \/>\n^ Kurzer Abstecher nach Kirkenes<\/p>\n<p>In Kirkenes selbst wollte ich erst gar nicht vorbei, da es etwas abseits der Hauptstra\u00dfe liegt. Bin aber doch kurz zum Geld abheben rein gefahren. Dann weiter auf die E6 und sp\u00e4ter an einer Tankstelle gehalten und einen &#8220;Biffburger&#8221; gekauft.<\/p>\n<p><a href='http:\/\/extra.inmontanis.info\/d\/17986-2\/DSC07047.jpg'><img src=http:\/\/extra.inmontanis.info\/d\/17985-3\/DSC07047.jpg \/><\/a><br \/>\n^ Hach, ich liebe diese 4-stelligen Entfernungsangaben auf norwegischen Stra\u00dfen :) Schade, dass sie nicht auch noch Trondheim angegeben haben, w\u00e4ren nochmal 900 km mehr gewesen .. Wobei ich nach Tana bru ein St\u00fcck weit (morgen) nicht mehr die E6 gefahren bin.<\/p>\n<p><img src=http:\/\/extra.inmontanis.info\/d\/17990-2\/DSC07050.jpg \/><br \/>\n^ E6 vor dem Flughafen bei Kirkenes; ab der Br\u00fccke gibt&#8217;s f\u00fcr mehrere km einige milit\u00e4risch begr\u00fcndete Beschr\u00e4nkungen: Kein Halten, kein Fotografieren, etc.<\/p>\n<p><img src=http:\/\/extra.inmontanis.info\/d\/17994-2\/DSC07055.jpg \/><br \/>\n^ E6 \/ Neidenfjorden<\/p>\n<p><img src=http:\/\/extra.inmontanis.info\/d\/17998-2\/DSC07062.jpg \/><br \/>\n^ Durch das herbstliche Braun beinahe w\u00fcsten\u00e4hnliche Landschaften an der E6 \/ Neiden-Bug\u00f8y<\/p>\n<p><img src=http:\/\/extra.inmontanis.info\/d\/18002-2\/DSC07065.jpg \/><br \/>\n^ &#8230; allerdings gibt&#8217;s doch auch einige tiefblaue Seen hier (E6 \/ Neiden-Bug\u00f8y)<\/p>\n<p><img src=http:\/\/extra.inmontanis.info\/d\/18006-2\/DSC07076.jpg \/><br \/>\n^ E6 \/ Neiden-Bug\u00f8y<\/p>\n<p><img src=http:\/\/extra.inmontanis.info\/d\/18010-2\/DSC07083.jpg \/><br \/>\n^ E6 \/ Bug\u00f8y-Juvravuonna<\/p>\n<p><img src=http:\/\/extra.inmontanis.info\/d\/18014-2\/DSC07086.jpg \/><br \/>\n^ E6 \/ Bug\u00f8y-Juvravuonna<\/p>\n<p><img src=http:\/\/extra.inmontanis.info\/d\/18018-2\/DSC07092.jpg \/><br \/>\n^ E6 Juvravuonna \/ Varangerfjord<\/p>\n<p><img src=http:\/\/extra.inmontanis.info\/d\/18022-2\/DSC07094.jpg \/><br \/>\n^ Varangerfjord und Vads\u00f8<\/p>\n<p><img src=http:\/\/extra.inmontanis.info\/d\/18026-2\/DSC07101.jpg \/><br \/>\n^ E6 \/ Njuk\u010daj\u00e1vri<\/p>\n<p><img src=http:\/\/extra.inmontanis.info\/d\/18030-2\/DSC07106.jpg \/><br \/>\n^ E6 \/ Varangerfjord<\/p>\n<p><a href='http:\/\/extra.inmontanis.info\/d\/18034-2\/DSC07116.jpg'><img src=http:\/\/extra.inmontanis.info\/d\/18032-3\/DSC07116.jpg \/><\/a><br \/>\n^ E6 nahe Karlebotn<\/p>\n<p><a href='http:\/\/extra.inmontanis.info\/d\/18038-2\/IMG_0472.jpg'><img src=http:\/\/extra.inmontanis.info\/d\/18036-3\/IMG_0472.jpg \/><\/a><br \/>\n^ Biffburger von der Esso-Tankstelle mit Bacon. Lecker, auch wg. des  orientalischen (?) Gew\u00fcrzes<\/p>\n<p>Bei der Gelegenheit hab ich auch mal wieder Wettervorhersagen gecheckt. Das gestern noch f\u00fcr heute Nacht favorisierte Kiruna\/Umgebung war nun nicht mehr so positiv, daf\u00fcr sollte es hier in der Gegend, genauer gesagt in Berlev\u00e5g, nach Mitternacht einigerma\u00dfen sonnig &#8211; \u00e4h &#8211; wolkenfrei sein. <\/p>\n<p>Gut, dann eben dort hin. Am Anfang, nach Tana bru, war die Strecke noch recht unspektakul\u00e4r, und ich begann zu verstehen, warum diese Strecke in der Karte keine &#8220;gr\u00fcne Linie&#8221; hatte &#8211; aber das sollte sich doch bald \u00e4ndern, da man im Landesinneren \u00fcber ein weites, kahles &#8220;Hochplateau&#8221; f\u00e4hrt und sp\u00e4ter lange Strecke an der bergigen K\u00fcste entlang. <em>Absolut<\/em> sehenswerte Strecke!<\/p>\n<p>Da die Fahrt heute nicht mehr sehr weit war, konnte ich mir Zeit lassen, einkaufen, bin einmal sogar zum Sandstrand runter. War noch nicht sehr h\u00e4ufig an einem Sandstrand, wenn \u00fcberhaupt. Das Grau hier entsteht durch kleine wei\u00dfe und schwarze K\u00f6rner. Die vielen Muschelst\u00fccke deuten wohl darauf hin, dass der Sand gro\u00dfteils oder komplett aus Muschelresten stammt und somit ein Muschelsand ist? Noch weiter zum Meer gegangen und vielleicht zum ersten Mal Finger rein und abgeschleckt. Dass es <em>so<\/em> salzig schmeckt, h\u00e4tte ich nicht erwartet. Ob das Meer wohl deshalb so salzig ist, weil die Fische alle reinpinkeln? *Scherz*<\/p>\n<p><a href='http:\/\/extra.inmontanis.info\/d\/17770-2\/DSC07123.jpg'><img src=http:\/\/extra.inmontanis.info\/d\/17768-3\/DSC07123.jpg \/><\/a><br \/>\n^ 890 \/ Tana<\/p>\n<p><img src=http:\/\/extra.inmontanis.info\/d\/17774-2\/DSC07127.jpg \/><br \/>\n^ 890 \/ Leirpollen. Interessante Gesteinsschichten<\/p>\n<p><img src=http:\/\/extra.inmontanis.info\/d\/17778-2\/DSC07131.jpg \/><br \/>\n^ 890 \/ Leirpollen<\/p>\n<p><img src=http:\/\/extra.inmontanis.info\/d\/17782-2\/DSC07141.jpg \/><br \/>\n^ Kongsfjordfjellet, mit 326m \u00fc.d.M. w\u00fcrde man das in einigen L\u00e4ndern als Tiefebene bezeichnen, hier geht&#8217;s als Hochebene durch ;-)<\/p>\n<p><img src=http:\/\/extra.inmontanis.info\/d\/17786-2\/DSC07144.jpg \/><br \/>\n^ 890 \/ Kongsfjordfjellet. Am n\u00e4chsten Parkplatz hielt ich an und wollte egtl. nach links auf den H\u00fcgel aufsteigen, allerdings ist da alles abgez\u00e4unt &#8211; und da wusst ich dann auch nicht, ob man dann so einfach gehen sollte&#8230;<\/p>\n<p><a href='http:\/\/extra.inmontanis.info\/d\/17790-2\/DSC07149.jpg'><img src=http:\/\/extra.inmontanis.info\/d\/17789-3\/DSC07149.jpg \/><\/a><br \/>\n^ 890 nahe Gednjeh\u00f8gda<\/p>\n<p><a href='http:\/\/extra.inmontanis.info\/d\/17794-2\/DSC07155.jpg'><img src=http:\/\/extra.inmontanis.info\/d\/17793-3\/DSC07155.jpg \/><\/a><br \/>\n^ Infotafel, ich bin die 890 bis zum Schluss gefahren<\/p>\n<p><a href='http:\/\/extra.inmontanis.info\/d\/17798-2\/DSC07158.jpg'><img src=http:\/\/extra.inmontanis.info\/d\/17797-3\/DSC07158.jpg \/><\/a><br \/>\n^ 890 nahe Gednjeh\u00f8gda. Kurioserweise gibt&#8217;s hier ein paar recht flache &#8220;Steinh\u00fcgel&#8221;, an denen kaum etwas w\u00e4chst.<\/p>\n<p><img src=http:\/\/extra.inmontanis.info\/d\/17802-2\/DSC07161.jpg \/><br \/>\n^ 890 \/ Gednjeh\u00f8gda-Kongsfjord<\/p>\n<p><img src=http:\/\/extra.inmontanis.info\/d\/17806-2\/DSC07172.jpg \/><br \/>\n^ 890 \/ Gednjeh\u00f8gda-Kongsfjord (Vesterbotn)<\/p>\n<p><img src=http:\/\/extra.inmontanis.info\/d\/17810-2\/DSC07173.jpg \/><br \/>\n^ 890 \/ Kongsfjord<\/p>\n<p><img src=http:\/\/extra.inmontanis.info\/d\/17814-2\/DSC07178.jpg \/><br \/>\n^ Kongsfjord<\/p>\n<p><img src=http:\/\/extra.inmontanis.info\/d\/17818-2\/DSC07180.jpg \/><br \/>\n^ 890 \/ Kongsfjord-Veines<\/p>\n<p><img src=http:\/\/extra.inmontanis.info\/d\/17822-2\/DSC07181.jpg \/><br \/>\n^ K\u00fcstenpano an der 890 Kongsfjord-Berlev\u00e5g<\/p>\n<p><img src=http:\/\/extra.inmontanis.info\/d\/17826-2\/DSC07190.jpg \/><br \/>\n^ 890 \/ Kongsfjord-Berlev\u00e5g<\/p>\n<p><a href='http:\/\/extra.inmontanis.info\/d\/17830-2\/DSC07193.jpg'><img src=http:\/\/extra.inmontanis.info\/d\/17829-3\/DSC07193.jpg \/><\/a><br \/>\n^ 890 \/ Kongsfjord-Berlev\u00e5g<\/p>\n<p><img src=http:\/\/extra.inmontanis.info\/d\/17834-2\/DSC07201.jpg \/><br \/>\n^ Farbige Felsen<\/p>\n<p><img src=http:\/\/extra.inmontanis.info\/d\/17838-2\/DSC07205.jpg \/><br \/>\n^ 890 \/ Sandfjord<\/p>\n<p><img src=http:\/\/extra.inmontanis.info\/d\/17842-2\/DSC07206.jpg \/><br \/>\n^ 890 \/ Sandfjord<\/p>\n<p><img src=http:\/\/extra.inmontanis.info\/d\/17846-2\/DSC07210.jpg \/><br \/>\n^ Sandstrand am Sandfjord<\/p>\n<p><img src=http:\/\/extra.inmontanis.info\/d\/17850-2\/DSC07217.jpg \/><br \/>\n^ Sandfjord<\/p>\n<p><a href='http:\/\/extra.inmontanis.info\/d\/17854-2\/DSC07219.jpg'><img src=http:\/\/extra.inmontanis.info\/d\/17853-3\/DSC07219.jpg \/><\/a><br \/>\n^ Der Muschelsand besteht aus lauter zerkleinerter Muschelschalen verschiedener Farben, die in Summe dann dieses Grau-Braun ergeben.<\/p>\n<p><img src=http:\/\/extra.inmontanis.info\/d\/17858-2\/DSC07221.jpg \/><br \/>\n^ Nette Linien im Sand<\/p>\n<p><img src=http:\/\/extra.inmontanis.info\/d\/17862-2\/DSC07225.jpg \/><br \/>\n^ Hm, wo wohl der Rest des Bootes gelandet ist?<\/p>\n<p><img src=http:\/\/extra.inmontanis.info\/d\/17866-2\/DSC07227.jpg \/><br \/>\n^ Sandfjord<\/p>\n<p><img src=http:\/\/extra.inmontanis.info\/d\/17870-2\/DSC07229.jpg \/><br \/>\n^ Seepocken (Tiere)<\/p>\n<p><a href='http:\/\/extra.inmontanis.info\/d\/17874-2\/DSC07237.jpg'><img src=http:\/\/extra.inmontanis.info\/d\/17873-3\/DSC07237.jpg \/><\/a><br \/>\n^ 890 \/ Sandfjord-Berlev\u00e5g<\/p>\n<p><img src=http:\/\/extra.inmontanis.info\/d\/17878-2\/DSC07245.jpg \/><br \/>\n^ Kurz vor Berlev\u00e5g<\/p>\n<p><img src=http:\/\/extra.inmontanis.info\/d\/17882-2\/DSC07247.jpg \/><br \/>\n^ 890 \/ Sandfjord-Berlev\u00e5g<\/p>\n<p><a href='http:\/\/extra.inmontanis.info\/d\/17886-2\/DSC07248.jpg'><img src=http:\/\/extra.inmontanis.info\/d\/17885-3\/DSC07248.jpg \/><\/a><br \/>\n^ Berlev\u00e5g<\/p>\n<p>In Berlev\u00e5g bin ich kurz in den lokalen Spar um was zu futtern zu organisieren (leider keine Tankstelle oder Burgerladen \/ Imbiss gesehen) und dann weiter zum Ende der Stra\u00dfe (mal wieder nicht geteert, aber die erdigen Stra\u00dfen machen mit 80 km\/h eh Spa\u00df, da man so \u00fcber die Schlagl\u00f6cher fliegt :)), wo ich egtl. bis zur Nacht warten wollte &#8211; aber hier war alles so grau in grau, dass ich noch nicht mal zum Fotografieren ausgestiegen bin.<\/p>\n<p><a href='http:\/\/extra.inmontanis.info\/d\/17890-2\/DSC07252.jpg'><img src=http:\/\/extra.inmontanis.info\/d\/17889-3\/DSC07252.jpg \/><\/a><br \/>\n^ Berlev\u00e5g &#8211; Store Molvik<\/p>\n<p><a href='http:\/\/extra.inmontanis.info\/d\/17894-2\/DSC07257.jpg'><img src=http:\/\/extra.inmontanis.info\/d\/17893-3\/DSC07257.jpg \/><\/a><br \/>\n^ Berlev\u00e5g &#8211; Store Molvik<\/p>\n<p><a href='http:\/\/extra.inmontanis.info\/d\/17898-2\/DSC07263.jpg'><img src=http:\/\/extra.inmontanis.info\/d\/17897-3\/DSC07263.jpg \/><\/a><br \/>\n^ Store Molvik<\/p>\n<p>Wieder retour, gegessen und noch 4 Stunden bis Mitternacht. Leider war der Wetterbericht inzwischen wesentlich schlechter, f\u00fcr \u00fcberall, also viel freier Himmel war hier nicht mehr zu erwarten, aber viel soll es auch wo anders nicht geben. Allerdings meldete der Wetterbericht nun f\u00fcr n\u00e4chste Woche sehr sonnig. So viel Sonne hab ich die letzten Wochen in der Langzeitvorhersage auf yr.no f\u00fcr die Gegend hier nie gesehen! Das baut doch wenigstens auf.<\/p>\n<p>W\u00e4hrend in den Alpen die D\u00e4mmerung ja so ca. 1 Stunde dauert, dauert es hier oben im Norden ca. 3. Also wenn um 5 Uhr die Sonne aufgehen soll, kann man um 2 Uhr schon einen helleren Himmel in richtung Nordost erkennen. Abends entsprechend, aber bisher hatte ich halt immer bedeckten Himmel, so dass es dunkler ist als es eigentlich sein k\u00f6nnte.<\/p>\n<p><a href='http:\/\/extra.inmontanis.info\/d\/17902-2\/DSC07274.jpg'><img src=http:\/\/extra.inmontanis.info\/d\/17901-3\/DSC07274.jpg \/><\/a><br \/>\n^ Berlev\u00e5g (5 sec ISO 100)<\/p>\n<p>Gegen 21:30 gab es einiges an Polarlicht-Aktivit\u00e4t, sp\u00e4ter noch mal kurz etwas, aber nicht unbedingt in meiner Richtung, danach war&#8217;s ruhig. Obwohl ich einiges an freiem Himmel hatte. Hatte auch gehofft, evtl. am Hochplateau mehr Chancen zu haben, aber auch hier nichts mehr &#8211; zudem ein kalter, starker Sturm, nicht nur an der K\u00fcste, auch hier oben. Vom dauernden Nach-oben-Schauen (&#8220;Kommt was?&#8221;) bekam ich schon langsam Kopfschmerzen und schlie\u00dflich hatte ich keine Lust mehr. Um 1 Uhr war ich wieder kurz vor Tana bru und bin ins Bett. So genial fotogen wie der Tag heute wieder war, der Abend bzw. die Nacht war heut ziemlich &#8220;f\u00fcr die Tonne&#8221;.<\/p>\n<p><a href='http:\/\/extra.inmontanis.info\/d\/17906-2\/DSC07275.jpg'><img src=http:\/\/extra.inmontanis.info\/d\/17904-3\/DSC07275.jpg \/><\/a><br \/>\n^ 21:21 Uhr &#8211; Berlev\u00e5g mit leichter Aurora-Aktivit\u00e4t (3,2 sec ISO 800)<\/p>\n<p><img src=http:\/\/extra.inmontanis.info\/d\/17910-2\/DSC07282.jpg \/><br \/>\n^ 21:40 Uhr &#8211; bissl mehr Aktivit\u00e4t und freierer Himmel (13 sec ISO 400)<\/p>\n<p><img src=http:\/\/extra.inmontanis.info\/d\/17914-2\/DSC07284.jpg \/><br \/>\n^ 21:46 Uhr (13 sec ISO 800)<\/p>\n<p><img src=http:\/\/extra.inmontanis.info\/d\/17918-2\/DSC07291.jpg \/><br \/>\n^ 21:57 Uhr (20 sec ISO 800)<\/p>\n<p><a href='http:\/\/extra.inmontanis.info\/d\/17922-2\/DSC07293.jpg'><img src=http:\/\/extra.inmontanis.info\/d\/17920-3\/DSC07293.jpg \/><\/a><br \/>\n^ 20 sec ISO 800<\/p>\n<p><img src=http:\/\/extra.inmontanis.info\/d\/17926-2\/DSC07294.jpg \/><br \/>\n^ 22:05 Uhr (30 sec ISO 800) &#8211; irgendwie war ich nicht ganz zufrieden, was die Position der Lichter heute angeht&#8230;<\/p>\n<p><a href='http:\/\/extra.inmontanis.info\/d\/17930-2\/DSC07295.jpg'><img src=http:\/\/extra.inmontanis.info\/d\/17928-3\/DSC07295.jpg \/><\/a><br \/>\n^ 22:12 Uhr &#8211; Bl\u00f6de Wolken (30 sec ISO 800)<\/p>\n<p><a href='http:\/\/extra.inmontanis.info\/d\/17934-2\/DSC07302.jpg'><img src=http:\/\/extra.inmontanis.info\/d\/17932-3\/DSC07302.jpg \/><\/a><br \/>\n^ 22:43 Uhr &#8211; etwas verdeckt .. (20 sec ISO 1600)<\/p>\n<p><img src=http:\/\/extra.inmontanis.info\/d\/17938-2\/DSC07304.jpg \/><br \/>\n^ 22:51 Uhr &#8211; Kurzes Aufb\u00e4umen (20 sec ISO 800)<\/p>\n<p>Noch ein kurzes Strecken-Video, bis auf das letze Bisschen waren die gefahrenen Strecken alle vom heutigen Tag (das Ende vom morgigen):<br \/>\n<object style=\"height: 500px; width: 900px\"><param name=\"movie\" value=\"http:\/\/www.youtube.com\/v\/h6Gk92XuODw\"><\/param><param name=\"wmode\" value=\"transparent\"><\/param><embed src=\"http:\/\/www.youtube.com\/v\/h6Gk92XuODw\" type=\"application\/x-shockwave-flash\" wmode=\"transparent\"  width=\"900\" height=\"480\"><\/embed><\/object><\/p>\n<p><em>(Fortsetzung folgt.)<\/em><\/p>\n","protected":false},"excerpt":{"rendered":"<p>Skandinavien &#8211; Lichter des Nordens Tag 4 &#8211; Fr, 13.9.2013 &#8211; Kirkenes &#8211; Berlev\u00e5g<\/p>\n<p>Der Tag an der norwegisch-russischen Grenze begann sonnig, so dass es morgens sehr warm im Auto war. Zus\u00e4tzlich zur W\u00e4rme wurde ich durch ein Klobed\u00fcrfnis geweckt, somit wieder nur 5 Stunden Schlaf (statt der geplanten, \u00fcblichen 6). Praktischerweise gab es an <a href=\"http:\/\/blog.inmontanis.info\/?p=2509\">[&#8230;]<\/a><\/p>\n","protected":false},"author":1,"featured_media":0,"comment_status":"open","ping_status":"closed","sticky":false,"template":"","format":"standard","meta":{"footnotes":""},"categories":[126,18],"tags":[100,37,96,45],"class_list":["post-2509","post","type-post","status-publish","format-standard","hentry","category-2013-09-skandinavien-nordlichttour","category-norwegennorway","tag-langzeitbelichtung","tag-meer","tag-polarlicht","tag-see","odd"],"_links":{"self":[{"href":"http:\/\/blog.inmontanis.info\/index.php?rest_route=\/wp\/v2\/posts\/2509","targetHints":{"allow":["GET"]}}],"collection":[{"href":"http:\/\/blog.inmontanis.info\/index.php?rest_route=\/wp\/v2\/posts"}],"about":[{"href":"http:\/\/blog.inmontanis.info\/index.php?rest_route=\/wp\/v2\/types\/post"}],"author":[{"embeddable":true,"href":"http:\/\/blog.inmontanis.info\/index.php?rest_route=\/wp\/v2\/users\/1"}],"replies":[{"embeddable":true,"href":"http:\/\/blog.inmontanis.info\/index.php?rest_route=%2Fwp%2Fv2%2Fcomments&post=2509"}],"version-history":[{"count":1,"href":"http:\/\/blog.inmontanis.info\/index.php?rest_route=\/wp\/v2\/posts\/2509\/revisions"}],"predecessor-version":[{"id":2510,"href":"http:\/\/blog.inmontanis.info\/index.php?rest_route=\/wp\/v2\/posts\/2509\/revisions\/2510"}],"wp:attachment":[{"href":"http:\/\/blog.inmontanis.info\/index.php?rest_route=%2Fwp%2Fv2%2Fmedia&parent=2509"}],"wp:term":[{"taxonomy":"category","embeddable":true,"href":"http:\/\/blog.inmontanis.info\/index.php?rest_route=%2Fwp%2Fv2%2Fcategories&post=2509"},{"taxonomy":"post_tag","embeddable":true,"href":"http:\/\/blog.inmontanis.info\/index.php?rest_route=%2Fwp%2Fv2%2Ftags&post=2509"}],"curies":[{"name":"wp","href":"https:\/\/api.w.org\/{rel}","templated":true}]}}