{"id":2506,"date":"2013-09-12T23:13:56","date_gmt":"2013-09-12T21:13:56","guid":{"rendered":"http:\/\/blog.inmontanis.info\/?p=2506"},"modified":"2013-09-28T00:16:47","modified_gmt":"2013-09-27T22:16:47","slug":"pyha-dsb-norwegisch-russische-grenze-polarlichter-12-9-2013","status":"publish","type":"post","link":"http:\/\/blog.inmontanis.info\/?p=2506","title":{"rendered":"Pyh\u00e4 (DSB) + Norwegisch-Russische Grenze (Polarlichter), 12.9.2013"},"content":{"rendered":"<p><strong>Skandinavien &#8211; Lichter des Nordens<br \/>\nTag 3 &#8211; Do, 12.9.2013<\/strong> &#8211; Pyh\u00e4 (DSB) + Nordlichter an der Norwegisch-Russischen Grenze<\/p>\n<p><em>Um 2:30 Uhr fing es bereits wieder leicht zu d\u00e4mmern an, ich fuhr runter auf den unteren Parkplatz und wollte schlafen, doch &#8230;<\/em><\/p>\n<p>.. nach eineinhalb Stunden musste ich wieder aufstehen &#8211; es war einfach zu kalt. Lt. Wetterbericht h\u00e4tte es egtl. nur ca. 7\u00b0 geben sollen, in Wirklichkeit waren es 0\u00b0. Dazu kam, dass ich durch die n\u00e4chtliche Fotografiererei eh schon ziemlich gefroren habe und das Auto war dadurch auch schon arg ausgek\u00fchlt. <\/p>\n<p>Fuhr also weiter richtung Finnland, gegen 6:45 Uhr war es mit 4\u00b0 etwas angenehmer, und als ich ein brauchbares Pl\u00e4tzchen gefunden hab, schlief ich die restlichen 4,5 Stunden :-)<\/p>\n<p>(Fotos anklicken zum Vergr\u00f6\u00dfern, soweit nicht vergr\u00f6\u00dfert gepostet.)<\/p>\n<p><img src=http:\/\/extra.inmontanis.info\/d\/17760-2\/ge20130913b.jpg \/><br \/>\n^ Fahrstrecke 12.9.<br \/>\nD) Pyh\u00e4<br \/>\nE) Grense Jakobselv<\/p>\n<p><img src=http:\/\/extra.inmontanis.info\/d\/17708-2\/DSC06753.jpg \/><br \/>\n^ Morgenstimmung um 5:22 Uhr auf der 394 von Schweden richtung Finnland<\/p>\n<p><img src=http:\/\/extra.inmontanis.info\/d\/17712-2\/DSC06758.jpg \/><br \/>\n^ Auf der 394 von Schweden richtung Finnland<\/p>\n<p><img src=http:\/\/extra.inmontanis.info\/d\/17716-2\/DSC06761.jpg \/><br \/>\n^ Morgenstimmung um 5:46 Uhr auf der 394 von Schweden richtung Finnland<\/p>\n<p><img src=http:\/\/extra.inmontanis.info\/d\/17720-2\/DSC06766.jpg \/><br \/>\n^ Morgenstimmung um 5:51 Uhr auf der 394 von Schweden richtung Finnland<\/p>\n<p><img src=http:\/\/extra.inmontanis.info\/d\/17724-2\/DSC06769.jpg \/><br \/>\n^ Nebel am fr\u00fchen Morgen<\/p>\n<p>Kurz vor 11 Uhr bin ich aber aufgewacht und somit aufgestanden. Weiter im Nebel nach Finnland und etwas s\u00fcd\u00f6stlich nach Pyh\u00e4, wo ich eine alte DSB mit blauen Holzsitzen besuchen wollte und gegen 16 Uhr Ortszeit ankam.<\/p>\n<p><img src=http:\/\/extra.inmontanis.info\/d\/17728-2\/DSC06773.jpg \/><br \/>\n^ Auf der 394 von Schweden richtung Finnland, in dem Bereich ist sie pl\u00f6tzlich doppelt so breit, als ob darauf ein Flugzeug landen k\u00f6nnte?<\/p>\n<p><img src=http:\/\/ski.inmontanis.info\/d\/169163-2\/DSC06776.jpg \/><br \/>\n^ Stra\u00dfe zum Skigebiet Luosto (Skigebiet ist von hier aus betrachtet auf der R\u00fcckseite)<\/p>\n<p><a href='http:\/\/ski.inmontanis.info\/d\/169167-2\/DSC06778.jpg'><img src=http:\/\/ski.inmontanis.info\/d\/169166-3\/DSC06778.jpg \/><\/a><br \/>\n^ Talstation SL in Luosto<\/p>\n<p><a href='http:\/\/ski.inmontanis.info\/d\/169171-2\/DSC06779.jpg'><img src=http:\/\/ski.inmontanis.info\/d\/169170-3\/DSC06779.jpg \/><\/a><br \/>\n^ Pistenplan Luosto<\/p>\n<p><a href='http:\/\/ski.inmontanis.info\/d\/169175-2\/DSC06780.jpg'><img src=http:\/\/ski.inmontanis.info\/d\/169174-3\/DSC06780.jpg \/><\/a><br \/>\n^ Abfart<\/p>\n<p>Ein St\u00fcck hinter Luosto kommt man dann in Pyh\u00e4 an, wo die DSB etwas versteckt liegt.<\/p>\n<p><img src=http:\/\/ski.inmontanis.info\/d\/169065-2\/DSC06783.jpg \/><br \/>\n^ Stra\u00dfe in sch\u00f6nen Herbstt\u00f6nen zum Skigebiet Pyh\u00e4 (hinten am Berg). Im Sommer und Winter fand ich diese endlosen schwedisch-finnischen Waldgegenden ja langweilig, aber jetzt im Herbst in den bunten Farben ist das viel sch\u00f6ner!<\/p>\n<p><a href='http:\/\/ski.inmontanis.info\/d\/169069-2\/DSC06787.jpg'><img src=http:\/\/ski.inmontanis.info\/d\/169068-3\/DSC06787.jpg \/><\/a><br \/>\n^ Pistenplan Pyh\u00e4. Die DSB ist ganz links und vmtl. im Winter geschlossen oder nur f\u00fcr Nicht-Skifahrer offen.<\/p>\n<p><a href='http:\/\/ski.inmontanis.info\/d\/169073-2\/DSC06786.jpg'><img src=http:\/\/ski.inmontanis.info\/d\/169072-3\/DSC06786.jpg \/><\/a><br \/>\n^ 6KSB und 3SB<\/p>\n<p><a href='http:\/\/ski.inmontanis.info\/d\/169077-2\/DSC06788.jpg'><img src=http:\/\/ski.inmontanis.info\/d\/169076-3\/DSC06788.jpg \/><\/a><br \/>\n^ SL und links oben die Abfahrt rechts der DSB<\/p>\n<p><a href='http:\/\/ski.inmontanis.info\/d\/169081-2\/DSC06792.jpg'><img src=http:\/\/ski.inmontanis.info\/d\/169080-3\/DSC06792.jpg \/><\/a><br \/>\n^ Talstation DSB, etwas versteckt im Wald<\/p>\n<p><a href='http:\/\/ski.inmontanis.info\/d\/169085-2\/DSC06798.jpg'><img src=http:\/\/ski.inmontanis.info\/d\/169084-3\/DSC06798.jpg \/><\/a><br \/>\n^ Talstation DSB<\/p>\n<p><img src=http:\/\/ski.inmontanis.info\/d\/169089-2\/DSC06800.jpg \/><br \/>\n^ DSB-Strecke<\/p>\n<p><img src=http:\/\/ski.inmontanis.info\/d\/169093-2\/DSC06805.jpg \/><br \/>\n^ DSB St\u00fctzen 4+5<\/p>\n<p><img src=http:\/\/ski.inmontanis.info\/d\/169097-2\/DSC06808.jpg \/><br \/>\n^ Weitblick mit DSB-Talstation<\/p>\n<p><img src=http:\/\/ski.inmontanis.info\/d\/169101-2\/DSC06813.jpg \/><br \/>\n^ DSB und Abfahrt<\/p>\n<p><img src=http:\/\/ski.inmontanis.info\/d\/169105-2\/DSC06815.jpg \/><br \/>\n^ DSB im oberen Teil. Auch sch\u00f6ne Farben heute.<\/p>\n<p><img src=http:\/\/ski.inmontanis.info\/d\/169109-2\/DSC06820.jpg \/><br \/>\n^ DSB im oberen Teil<\/p>\n<p><a href='http:\/\/ski.inmontanis.info\/d\/169113-2\/DSC06827.jpg'><img src=http:\/\/ski.inmontanis.info\/d\/169112-3\/DSC06827.jpg \/><\/a><br \/>\n^ Bergstation DSB, SL und KSB<\/p>\n<p><a href='http:\/\/ski.inmontanis.info\/d\/169121-2\/DSC06835.jpg'><img src=http:\/\/ski.inmontanis.info\/d\/169120-3\/DSC06835.jpg \/><\/a><br \/>\n^ Leider ist der Gipfelbereich weitr\u00e4umig abgesperrt<\/p>\n<p><img src=http:\/\/ski.inmontanis.info\/d\/169117-2\/DSC06830.jpg \/><br \/>\n^ Gipfelpano<\/p>\n<p><img src=http:\/\/ski.inmontanis.info\/d\/169125-2\/DSC06838.jpg \/><br \/>\n^ Der lange SL, der von der anderen Seite aus raufkommt<\/p>\n<p><img src=http:\/\/ski.inmontanis.info\/d\/169129-2\/DSC06839.jpg \/><br \/>\n^ KSB-Seite<\/p>\n<p><img src=http:\/\/ski.inmontanis.info\/d\/169133-2\/DSC06842.jpg \/><br \/>\n^ Talfahrt DSB<\/p>\n<p><img src=http:\/\/ski.inmontanis.info\/d\/169137-2\/DSC06850.jpg \/><br \/>\n^ Holzsitze<\/p>\n<p><img src=http:\/\/ski.inmontanis.info\/d\/169141-2\/DSC06853.jpg \/><br \/>\n^ Talblick<\/p>\n<p><a href='http:\/\/ski.inmontanis.info\/d\/169145-2\/DSC06856.jpg'><img src=http:\/\/ski.inmontanis.info\/d\/169144-3\/DSC06856.jpg \/><\/a><br \/>\n^ Talblick<\/p>\n<p><a href='http:\/\/ski.inmontanis.info\/d\/169149-2\/DSC06866.jpg'><img src=http:\/\/ski.inmontanis.info\/d\/169148-3\/DSC06866.jpg \/><\/a><br \/>\n^ Talstation DSB<\/p>\n<p><a href='http:\/\/ski.inmontanis.info\/d\/169153-2\/DSC06874.jpg'><img src=http:\/\/ski.inmontanis.info\/d\/169152-3\/DSC06874.jpg \/><\/a><br \/>\n^ Antrieb DSB, angeschrieben mit Doppelmayr<\/p>\n<p><a href='http:\/\/ski.inmontanis.info\/d\/169157-2\/DSC06877.jpg'><img src=http:\/\/ski.inmontanis.info\/d\/169156-3\/DSC06877.jpg \/><\/a><br \/>\n^ Na sowas, wo kommt denn dieser Graffer-Sessel her?<\/p>\n<p>Noch ein Filmchen von der DSB:<br \/>\n<object style=\"height: 500px; width: 900px\"><param name=\"movie\" value=\"http:\/\/www.youtube.com\/v\/nwWkk74brnc\"><\/param><param name=\"wmode\" value=\"transparent\"><\/param><embed src=\"http:\/\/www.youtube.com\/v\/nwWkk74brnc\" type=\"application\/x-shockwave-flash\" wmode=\"transparent\"  width=\"900\" height=\"480\"><\/embed><\/object><\/p>\n<p>Nach der DSB-Fahrt ein kurzer Wetter-Check. N\u00e4chste Woche soll&#8217;s in Nordnorwegen sehr sonnig werden, wenn auch wohl nicht f\u00fcr die Lofoten. Und heute abend? Da hab ich mich f\u00fcr eine Fahrt noch bis nach Kirkenes entschieden, wo es halbwegs brauchbares Wetter geben sollte.<\/p>\n<p>Auf dem Weg in einem finnischen kleinen Burgerrestaurant noch einen Burger gekauft (riesiges teil, 10,90 \u20ac, um 18:45 gerade noch rechtzeitig vor dem Schlie\u00dfen)<\/p>\n<p><a href='http:\/\/extra.inmontanis.info\/d\/17732-3\/IMG_0465.jpg'><img src=http:\/\/extra.inmontanis.info\/d\/17730-4\/IMG_0465.jpg \/><\/a><br \/>\n^ Einer der leckersten Burger meiner Tour. 2 Lagen Fleisch, Speck, Ei, eine leckere Sauce und Salat. J\u00e4ttipekoni-ateria, rolls.fi<\/p>\n<p><img src=http:\/\/extra.inmontanis.info\/d\/17736-2\/DSC06878.jpg \/><br \/>\n^ Auf der E 75 n\u00f6rdlich von Sodankyl\u00e4 (18:41 Uhr)<\/p>\n<p><a href='http:\/\/extra.inmontanis.info\/d\/17740-2\/DSC06886.jpg'><img src=http:\/\/extra.inmontanis.info\/d\/17738-3\/DSC06886.jpg \/><\/a><br \/>\n^ Abendstimmung seitlich der E 75<\/p>\n<p><img src=http:\/\/extra.inmontanis.info\/d\/17744-2\/DSC06888.jpg \/><br \/>\n^ Auf der E 75 (Yl\u00e4postojoki)<\/p>\n<p><img src=http:\/\/extra.inmontanis.info\/d\/17748-2\/DSC06890.jpg \/><br \/>\n^ Abendstimmung seitlich der E 75 (19:00 Uhr)<\/p>\n<p><img src=http:\/\/extra.inmontanis.info\/d\/17752-2\/DSC06894.jpg \/><br \/>\n^ Abendstimmung seitlich der E 75 (19:18 Uhr)<\/p>\n<p>In Kirkenes angekommen, war kein Stern zu sehen &#8211; alles bedeckt. Im Laufe der Nacht klarte es aber doch noch gut auf, und ich fuhr bis zum Ende Norwegens, direkt an der russischen Grenze entlang. Das Wegziel dieser Reise war erreicht. Was die Nordlichtintensit\u00e4t anging, gab&#8217;s wohl keinen 3er Level heute, aber f\u00fcr die Region hier ist ein 2er vielleicht sogar besser.<\/p>\n<p><a href='http:\/\/extra.inmontanis.info\/d\/17764-2\/ge20130913_no-ru.jpg'><img src=http:\/\/extra.inmontanis.info\/d\/17762-3\/ge20130913_no-ru.jpg \/><\/a><br \/>\n^ Grenzbereich Norwegen-Russland und die heute Nacht gefahrene Strecke. Die P10 ist \u00fcbrigens die Stra\u00dfe nach Murmansk und der einzige Grenz\u00fcbertritt zwischen Norwegen und Russland.<\/p>\n<p><a href='http:\/\/extra.inmontanis.info\/d\/17616-2\/DSC06920.jpg'><img src=http:\/\/extra.inmontanis.info\/d\/17613-3\/DSC06920.jpg \/><\/a><br \/>\n^ Abzweigung nach Rein\u00f8ysund nach Kirkenes, bin ich ein St\u00fcck rauf gefahren, gab aber kaum brauchbare Fotostellpl\u00e4tze. Sp\u00e4ter ging&#8217;s dann weiter nach Grense Jakobselv. Und schon wieder kyrillische Ortsbezeichnungen, hatte ich doch erst bei meiner letzten Winterreise ;-)<\/p>\n<p><img src=http:\/\/extra.inmontanis.info\/d\/17620-2\/DSC06923.jpg \/><br \/>\n^ 23:50 Uhr &#8211; Auf der Stra\u00dfe nach Rein\u00f8ysund, hinten sind die Lichter von Kirkenes zu sehen (30 sec ISO 800)<\/p>\n<p><img src=http:\/\/extra.inmontanis.info\/d\/17624-2\/DSC06922.jpg \/><br \/>\n^ Gleicher Standort, R\u00fcckblick. Noch ziemlich bew\u00f6lkt, aber schon recht gr\u00fcn (30 sec ISO 800)<\/p>\n<p><img src=http:\/\/extra.inmontanis.info\/d\/17628-2\/DSC06928.jpg \/><br \/>\n^ 0:45 Uhr &#8211; Leider war das noch der beste Parkplatz, um nach Kirkenes r\u00fcber zu sehen. Bl\u00f6des Geb\u00fcsch &#8230; (20 sec ISO 800)<\/p>\n<p><img src=http:\/\/extra.inmontanis.info\/d\/17632-2\/DSC06929.jpg \/><br \/>\n^ Polarlichter \u00fcber Kirkenes (20 sec ISO 800)<\/p>\n<p><img src=http:\/\/extra.inmontanis.info\/d\/17636-2\/DSC06930.jpg \/><br \/>\n^ Ich frag mich, ob dieser lilane Anteil in den Polarlichtern von der Cam kommen oder echt sind &#8230; (30 sec ISO 400)<\/p>\n<p><a href='http:\/\/extra.inmontanis.info\/d\/17640-2\/DSC06938.jpg'><img src=http:\/\/extra.inmontanis.info\/d\/17639-3\/DSC06938.jpg \/><\/a><br \/>\n^ 1:11 Uhr &#8211; Polarlichtkurve &#8230; Polarkurvenlicht .. Nordlichtkurve .. Nordkurvenlicht .. (25 sec ISO 400)<\/p>\n<p><img src=http:\/\/extra.inmontanis.info\/d\/17644-2\/DSC06940.jpg \/><br \/>\n^ 1:30 Uhr &#8211; Inzwischen auf der 886 in Richtung Grense Jakobselv (30 sec ISO 800)<\/p>\n<p><img src=http:\/\/extra.inmontanis.info\/d\/17648-2\/DSC06941.jpg \/><br \/>\n^ Polarlichter im Fischauge (30 sec ISO 800)<\/p>\n<p><img src=http:\/\/extra.inmontanis.info\/d\/17652-2\/DSC06942.jpg \/><br \/>\n^ 1:42 Uhr &#8211; auf einer kleinen Passh\u00f6he legte ich eine kleine Rast ein &#8230;. (30 sec ISO 400)<\/p>\n<p><img src=http:\/\/extra.inmontanis.info\/d\/17656-2\/DSC06943.jpg \/><br \/>\n^ 1:44 Uhr &#8211; Da hinten d\u00e4mmerts schon &#8230; (30 sec ISO 800)<\/p>\n<p><a href='http:\/\/extra.inmontanis.info\/d\/17660-2\/DSC06946.jpg'><img src=http:\/\/extra.inmontanis.info\/d\/17659-3\/DSC06946.jpg \/><\/a><br \/>\n^ 1:50 Uhr &#8211; mal mit einem anderen Objektiv (13 sec ISO 1600)<\/p>\n<p><img src=http:\/\/extra.inmontanis.info\/d\/17664-2\/DSC06948.jpg \/><br \/>\n^ 1:53 Uhr &#8211; Polarlichter \u00fcber meinem Qubo (15 sec ISO 1600)<\/p>\n<p><img src=http:\/\/extra.inmontanis.info\/d\/17668-2\/DSC06952.jpg \/><br \/>\n^ 2:10 Uhr &#8211; Auf dieser Stra\u00dfe wimmelt es nur so von Fjorden und Seen. Und heute auch von Polarlichtern. (30 sec ISO 400)<\/p>\n<p><img src=http:\/\/extra.inmontanis.info\/d\/17672-2\/DSC06953.jpg \/><br \/>\n^ 2:11 Uhr &#8211; D\u00e4mmerung<\/p>\n<p><img src=http:\/\/extra.inmontanis.info\/d\/17676-2\/DSC06956.jpg \/><br \/>\n^ Tafel mit einigen interessanten Vorschriften am norwegisch-russischen Grenzbereich<\/p>\n<p><a href='http:\/\/extra.inmontanis.info\/d\/17680-2\/DSC06958.jpg'><img src=http:\/\/extra.inmontanis.info\/d\/17679-3\/DSC06958.jpg \/><\/a><br \/>\n^ Die 886 nach Grense Jakobselv f\u00fchrt teilweise ganz nah am Grenzfluss zu Russland vorbei<\/p>\n<p><a href='http:\/\/extra.inmontanis.info\/d\/17684-2\/DSC06964.jpg'><img src=http:\/\/extra.inmontanis.info\/d\/17683-3\/DSC06964.jpg \/><\/a><br \/>\n^ 2:39 Uhr &#8211; Auf der 886 mit Polarlicht und Grenzstein (rechts ist dann der Fluss und auf der russischen Seite kommt dann ein weiterer Grenzstein, und ich glaub, man darf sich nicht zwischen den beiden Markierungen aufhalten.) (2,5 sec ISO 1600)<\/p>\n<p><img src=http:\/\/extra.inmontanis.info\/d\/17688-2\/DSC06966.jpg \/><br \/>\n^ 2:41 Uhr &#8211; Leider darf man hier ja kein Stativ verwenden (2 sec ISO 1600)<\/p>\n<p><img src=http:\/\/extra.inmontanis.info\/d\/17692-2\/DSC06967.jpg \/><br \/>\n^ 2:43 Uhr &#8211; Aber die Cam auf&#8217;s Auto stellen darf man doch, oder? Mein erster Blick nach Russland (13 sec ISO 400)<\/p>\n<p><img src=http:\/\/extra.inmontanis.info\/d\/17696-2\/DSC06968.jpg \/><br \/>\n^ 2:45 Uhr &#8211; Grense Jakobselv, am Ende macht die Stra\u00dfe noch einen kleinen Bogen um den Berg herum (25 sec ISO 400)<\/p>\n<p><img src=http:\/\/extra.inmontanis.info\/d\/17700-2\/DSC06974.jpg \/><br \/>\n^ 2:53 Uhr &#8211; Morgend\u00e4mmerung. Rein Zeitzonenm\u00e4\u00dfig m\u00fcssten wir hier ja wie in Finnland auf +1 zu unserer Zeit sein. Also w\u00e4re ja egtl. 3:53. Aufgrund der Sommerzeit ist 2:53 aber doch wieder richtig&#8230;. (6 sec ISO 400)<\/p>\n<p>\u00dcbrigens, der Ostzipfel Norwegens liegt \u00f6stlicher als St. Petersburg und so weit \u00f6stlich, dass es selbst in Finnland nur sehr wenig gibt, das noch \u00f6stlicher ist!<\/p>\n<p><img src=http:\/\/extra.inmontanis.info\/d\/17704-2\/DSC06977.jpg \/><br \/>\n^ Morgend\u00e4mmerung in Grense Jakobselv (2 sec ISO 800)<\/p>\n<p><a href='http:\/\/extra.inmontanis.info\/d\/17756-2\/DSC06987.jpg'><img src=http:\/\/extra.inmontanis.info\/d\/17754-3\/DSC06987.jpg \/><\/a><br \/>\n^ Von hier aus w\u00e4ren&#8217;s also 3.500 km zur\u00fcck nach Innsbruck. Wir haben gerade mal den 3. Tag und ich mach mich jetzt eigentlich schon wieder auf den Heimweg. Wenn auch ganz anders als hier gezeigt, aber trotzdem irgendwie komisch &#8230;<\/p>\n<p>Direkt an der K\u00fcste h\u00e4tte es zwar einen Parkplatz gegeben, aber mir war&#8217;s hier mit dem Wind zu kalt und bin ein St\u00fcck retour, genauer gesagt wieder weg vom norwegisch-russischen Grenzstreifen.<\/p>\n<p>Noch ein kleines Video mit einigen Zeitraffer-Autofahrten, vom 10.-12.9.:<br \/>\n<object style=\"height: 500px; width: 900px\"><param name=\"movie\" value=\"http:\/\/www.youtube.com\/v\/NWGF8dIGrHI\"><\/param><param name=\"wmode\" value=\"transparent\"><\/param><embed src=\"http:\/\/www.youtube.com\/v\/NWGF8dIGrHI\" type=\"application\/x-shockwave-flash\" wmode=\"transparent\"  width=\"900\" height=\"480\"><\/embed><\/object><\/p>\n<p><em>(Fortsetzung folgt.)<\/em><\/p>\n","protected":false},"excerpt":{"rendered":"<p>Skandinavien &#8211; Lichter des Nordens Tag 3 &#8211; Do, 12.9.2013 &#8211; Pyh\u00e4 (DSB) + Nordlichter an der Norwegisch-Russischen Grenze<\/p>\n<p>Um 2:30 Uhr fing es bereits wieder leicht zu d\u00e4mmern an, ich fuhr runter auf den unteren Parkplatz und wollte schlafen, doch &#8230;<\/p>\n<p>.. nach eineinhalb Stunden musste ich wieder aufstehen &#8211; es war einfach zu <a href=\"http:\/\/blog.inmontanis.info\/?p=2506\">[&#8230;]<\/a><\/p>\n","protected":false},"author":1,"featured_media":0,"comment_status":"open","ping_status":"closed","sticky":false,"template":"","format":"standard","meta":{"footnotes":""},"categories":[126,20,18,19],"tags":[38,100,37,96,45,47],"class_list":["post-2506","post","type-post","status-publish","format-standard","hentry","category-2013-09-skandinavien-nordlichttour","category-finnlandfinland","category-norwegennorway","category-schwedensweden","tag-dsb","tag-langzeitbelichtung","tag-meer","tag-polarlicht","tag-see","tag-sl","odd"],"_links":{"self":[{"href":"http:\/\/blog.inmontanis.info\/index.php?rest_route=\/wp\/v2\/posts\/2506","targetHints":{"allow":["GET"]}}],"collection":[{"href":"http:\/\/blog.inmontanis.info\/index.php?rest_route=\/wp\/v2\/posts"}],"about":[{"href":"http:\/\/blog.inmontanis.info\/index.php?rest_route=\/wp\/v2\/types\/post"}],"author":[{"embeddable":true,"href":"http:\/\/blog.inmontanis.info\/index.php?rest_route=\/wp\/v2\/users\/1"}],"replies":[{"embeddable":true,"href":"http:\/\/blog.inmontanis.info\/index.php?rest_route=%2Fwp%2Fv2%2Fcomments&post=2506"}],"version-history":[{"count":2,"href":"http:\/\/blog.inmontanis.info\/index.php?rest_route=\/wp\/v2\/posts\/2506\/revisions"}],"predecessor-version":[{"id":2508,"href":"http:\/\/blog.inmontanis.info\/index.php?rest_route=\/wp\/v2\/posts\/2506\/revisions\/2508"}],"wp:attachment":[{"href":"http:\/\/blog.inmontanis.info\/index.php?rest_route=%2Fwp%2Fv2%2Fmedia&parent=2506"}],"wp:term":[{"taxonomy":"category","embeddable":true,"href":"http:\/\/blog.inmontanis.info\/index.php?rest_route=%2Fwp%2Fv2%2Fcategories&post=2506"},{"taxonomy":"post_tag","embeddable":true,"href":"http:\/\/blog.inmontanis.info\/index.php?rest_route=%2Fwp%2Fv2%2Ftags&post=2506"}],"curies":[{"name":"wp","href":"https:\/\/api.w.org\/{rel}","templated":true}]}}