{"id":2504,"date":"2013-09-11T22:08:40","date_gmt":"2013-09-11T20:08:40","guid":{"rendered":"http:\/\/blog.inmontanis.info\/?p=2504"},"modified":"2023-08-05T13:23:12","modified_gmt":"2023-08-05T11:23:12","slug":"nolbybacken-dundret-polarlichter-11-9-2013","status":"publish","type":"post","link":"http:\/\/blog.inmontanis.info\/?p=2504","title":{"rendered":"Nolbybacken + Dundret (Polarlichter), 11.9.2013"},"content":{"rendered":"<p><strong>Skandinavien &#8211; Lichter des Nordens<br \/>\nTag 2 &#8211; Mi, 11.9.2013<\/strong> &#8211; Nolbybacken + Dundret (Polarlichter)<\/p>\n<p>Nach dem Aufstehen ging&#8217;s r\u00fcber zur schwedischen Ostk\u00fcste und dann die E4 hinauf. Kurzer Zwischenhalt am Skigebiet Nolbybacken und kleine Wanderung zum Gipfel. Dort wurde gerade die Piste gem\u00e4ht, was insofern ganz praktisch war, da es von der Talstation aus anscheinend keinen direkten Fu\u00dfweg hinauf gibt.<\/p>\n<p>Scheint mir ein ganz nettes kleines Skigebietchen zu sein, steiler SL, steile Abfahrten mit ein paar Varianten &#8230;<\/p>\n<p>(Fotos anklicken zum Vergr\u00f6\u00dfern, soweit nicht vergr\u00f6\u00dfert gepostet.)<\/p>\n<p><a href='http:\/\/extra.inmontanis.info\/d\/17568-3\/ge-20130911.jpg'><img src=http:\/\/extra.inmontanis.info\/d\/17566-4\/ge-20130911.jpg \/><\/a><br \/>\n^ T\u00fcrkis: Fahrstrecke 11.9.<br \/>\nB) Nolbybacken<br \/>\nC) G\u00e4llivare<\/p>\n<p><a href='http:\/\/extra.inmontanis.info\/d\/17572-2\/DSC06559.jpg'><img src=http:\/\/extra.inmontanis.info\/d\/17570-3\/DSC06559.jpg \/><\/a><br \/>\n^ D\u00fcrfte wohl auf der Stra\u00dfe nach G\u00e4vle sein<\/p>\n<p><a href='http:\/\/extra.inmontanis.info\/d\/17576-2\/DSC06562.jpg'><img src=http:\/\/extra.inmontanis.info\/d\/17574-3\/DSC06562.jpg \/><\/a><br \/>\n^ Auf der schwedischen Autobahn (E4)<\/p>\n<p><a href='http:\/\/extra.inmontanis.info\/d\/17580-2\/DSC06565.jpg'><img src=http:\/\/extra.inmontanis.info\/d\/17578-3\/DSC06565.jpg \/><\/a><br \/>\n^ Auf der E4<\/p>\n<p><img src=http:\/\/ski.inmontanis.info\/d\/168965-2\/DSC06567.jpg \/><br \/>\n^ Ankunft am Nolbybacken s\u00fcdlich von Sundsvall, hinten zu sehen der kurze \u00dcbungslift; der Hauptlift geht links hinterm Haus rauf<\/p>\n<p><img src=http:\/\/ski.inmontanis.info\/d\/168969-2\/DSC06568.jpg \/><br \/>\n^ Hauptlift mit (relativ steilen) Abfahrten<\/p>\n<p><a href='http:\/\/ski.inmontanis.info\/d\/168973-2\/DSC06571.jpg'><img src=http:\/\/ski.inmontanis.info\/d\/168972-3\/DSC06571.jpg \/><\/a><br \/>\n^ Talstationsbereich<\/p>\n<p><a href='http:\/\/ski.inmontanis.info\/d\/168977-2\/DSC06572.jpg'><img src=http:\/\/ski.inmontanis.info\/d\/168976-3\/DSC06572.jpg \/><\/a><br \/>\n^ Oberer Teil<\/p>\n<p><img src=http:\/\/ski.inmontanis.info\/d\/168981-2\/DSC06591.jpg \/><br \/>\n^ Abfahrt von oben, kurz unterhalb der Bergstation; hinten das Meer<\/p>\n<p><a href='http:\/\/ski.inmontanis.info\/d\/168985-2\/DSC06575.jpg'><img src=http:\/\/ski.inmontanis.info\/d\/168984-3\/DSC06575.jpg \/><\/a><br \/>\n^ Bergstation<\/p>\n<p><a href='http:\/\/ski.inmontanis.info\/d\/168989-2\/DSC06578.jpg'><img src=http:\/\/ski.inmontanis.info\/d\/168988-3\/DSC06578.jpg \/><\/a><br \/>\n^ Bergstation. Hier oben waren auch noch Fundamente eines Vorg\u00e4ngerlifts.<\/p>\n<p><img src=http:\/\/ski.inmontanis.info\/d\/168993-2\/DSC06580.jpg \/><br \/>\n^ Pano mit Meer<\/p>\n<p><img src=http:\/\/ski.inmontanis.info\/d\/168997-2\/DSC06588.jpg \/><br \/>\n^ S\u00fcdpano<\/p>\n<p><img src=http:\/\/ski.inmontanis.info\/d\/169001-2\/DSC09125.jpg \/><br \/>\n^ Meer-Pano (IR)<\/p>\n<p><img src=http:\/\/ski.inmontanis.info\/d\/169005-2\/DSC09126.jpg \/><br \/>\n^ Meer-Pano (IR)<\/p>\n<p><a href='http:\/\/ski.inmontanis.info\/d\/169009-2\/DSC06585.jpg'><img src=http:\/\/ski.inmontanis.info\/d\/169008-3\/DSC06585.jpg \/><\/a><br \/>\n^ R\u00fcckseite mit Neubau der E4<\/p>\n<p><a href='http:\/\/extra.inmontanis.info\/d\/17584-2\/DSC06594.jpg'><img src=http:\/\/extra.inmontanis.info\/d\/17582-3\/DSC06594.jpg \/><\/a><br \/>\n^ Neubau der E4 in Sundsvall<\/p>\n<p>Weiter in den Norden, kurzer Halt an einem gr\u00f6\u00dferen Supermarkt &#8211; wer wei\u00df, ob ich nochmal nach Schweden komme&#8230;<\/p>\n<p>Am Parkplatz: Wetter-Check im Internet, wo ist&#8217;s am klarsten heute Nacht und was ist noch anfahrbar? Schlie\u00dflich hab ich mich f\u00fcr G\u00e4llivare entschieden. Noch ein paar km an der E4 entlang, dann ging&#8217;s auf Nebenstra\u00dfen weiter.<\/p>\n<p><a href='http:\/\/extra.inmontanis.info\/d\/17588-2\/DSC06598.jpg'><img src=http:\/\/extra.inmontanis.info\/d\/17586-3\/DSC06598.jpg \/><\/a><br \/>\n^ Irgendwo auf der E4, hinten evtl ein Skigebiet?<\/p>\n<p><a href='http:\/\/extra.inmontanis.info\/d\/17592-2\/DSC06600.jpg'><img src=http:\/\/extra.inmontanis.info\/d\/17590-3\/DSC06600.jpg \/><\/a><br \/>\n^ Br\u00fccke an der E4 n\u00e4he Utansj\u00f6<\/p>\n<p><img src=http:\/\/extra.inmontanis.info\/d\/17596-2\/DSC06603.jpg \/><br \/>\n^ Auf der 352<\/p>\n<p><a href='http:\/\/extra.inmontanis.info\/d\/17600-2\/DSC06607.jpg'><img src=http:\/\/extra.inmontanis.info\/d\/17598-3\/DSC06607.jpg \/><\/a><br \/>\n^ Immer noch einige Zeit vor Lycksele<\/p>\n<p>In Lycksele getankt, praktischerweise war ein Frasses-Hamburger-Laden direkt daneben, somit ein Lachsburger-Men\u00fc gekauft. <\/p>\n<p>Die Nacht brach langsam rein, der Himmel war manchmal klar und manchmal bedeckt, manchmal gab es Bodennebel. Das Ziel: Noch weit.<\/p>\n<p><a href='http:\/\/extra.inmontanis.info\/d\/17604-2\/DSC06641.jpg'><img src=http:\/\/extra.inmontanis.info\/d\/17602-3\/DSC06641.jpg \/><\/a><br \/>\n^ N\u00e4chtliche Autofahrt (ISO 12800, 1\/80sec)<\/p>\n<p><img src=http:\/\/extra.inmontanis.info\/d\/17608-2\/DSC06669.jpg \/><br \/>\n^ 23:20 Uhr &#8211; Sternenhimmel mit Milchstra\u00dfe und Aurora-Aktivit\u00e4t (rechts unten) (20 Sec ISO 800)<\/p>\n<p>Um 0:30 Uhr hab ich die ersten gr\u00fcnen Erscheinungen w\u00e4hrend der Autofahrt gesehen, gegen 1 Uhr war ich endlich im Gipfelbereich des Skigebiets Dundret oberhalb G\u00e4llivare angelangt (es geht netterweise eine Stra\u00dfe zum Gipfel, oben sind auch Parkpl\u00e4tze).<\/p>\n<p>Es war eisig kalt, nur knapp \u00fcber 0 Grad, und dazu windig. Ich zog mir einen Pulli und die Regenjacke an, mein Stirnband und meine Skihandschuhe, schnappte mein Stativ und ging einige Meter hinauf vom Parkplatz zum Gipfel, auf der Suche nach dem Skilift. Warum hatte ich egtl. keine lange Unterhose eingepackt? Und warum hab ich nicht die Skischuhheizung in die Schuhe gesteckt, meine F\u00fc\u00dfe waren eiskalt.<\/p>\n<p>Ein Level 4 (wie vorhergesagt) gab&#8217;s leider nicht, d\u00fcrfte wohl 2-3 gewesen sein. Dennoch gab&#8217;s einige nette Bilder:<\/p>\n<p><img src=http:\/\/ski.inmontanis.info\/d\/169015-2\/DSC06705.jpg \/><br \/>\n^ 01:05 Uhr &#8211; Ankunft im Gipfelbereich des Skigebiets Dundret oberhalb von G\u00e4llivare (der leuchtende Ort); die Wolken waren gerade noch akzeptabel. (13 sec ISO 400)<\/p>\n<p><img src=http:\/\/ski.inmontanis.info\/d\/169019-2\/DSC06710.jpg \/><br \/>\n^ Milchstra\u00dfe und Polarlichter (30 sec ISO 1600)<\/p>\n<p><img src=http:\/\/ski.inmontanis.info\/d\/169023-2\/DSC06712.jpg \/><br \/>\n^ Polarlichter oberhalb G\u00e4llivare (30 sec ISO 800)<\/p>\n<p><img src=http:\/\/ski.inmontanis.info\/d\/169027-2\/DSC06714.jpg \/><br \/>\n^ Polarlichter oberhalb G\u00e4llivare (10 sec ISO 400)<\/p>\n<p><img src=http:\/\/ski.inmontanis.info\/d\/169031-2\/DSC06720.jpg \/><br \/>\n^ 01:44:21 Uhr: Bergstation SL im Skigebiet Dundret\/G\u00e4llivare vs. Nordlichter (10 sec ISO 800)<\/p>\n<p><img src=http:\/\/ski.inmontanis.info\/d\/169035-2\/DSC06721.jpg \/><br \/>\n^ 01:45:09 Uhr: Hellere Lichter (10 sec ISO 400)<\/p>\n<p><img src=http:\/\/ski.inmontanis.info\/d\/169039-2\/DSC06724.jpg \/><br \/>\n^ Bergstation SL und Polarlichter (20 sec ISO 800)<\/p>\n<p><img src=http:\/\/ski.inmontanis.info\/d\/169043-2\/DSC06725.jpg \/><br \/>\n^ Bergstation SL, Milchstra\u00dfe und Polarlicht (20 sec ISO 3200)<\/p>\n<p><img src=http:\/\/ski.inmontanis.info\/d\/169047-2\/DSC06728.jpg \/><br \/>\n^ Bergstation SL, mit Taschenlampe beschienen (30 sec ISO 1600)<\/p>\n<p><img src=http:\/\/ski.inmontanis.info\/d\/169051-2\/DSC06729.jpg \/><br \/>\n^ 02:02 Uhr: Bergstation SL und Polarlichtstreifen (30 sec ISO 800)<\/p>\n<p><img src=http:\/\/ski.inmontanis.info\/d\/169055-2\/DSC06732.jpg \/><br \/>\n^ SL, G\u00e4llivare und Polarlicht (30 sec ISO 400)<\/p>\n<p><img src=http:\/\/ski.inmontanis.info\/d\/169059-2\/DSC06736.jpg \/><br \/>\n^ 2:12 Uhr &#8211; Bergstation SL und Polarlichter<\/p>\n<p>Um 2:30 Uhr fing es bereits wieder leicht zu d\u00e4mmern an, ich fuhr runter auf den unteren Parkplatz und wollte schlafen, doch &#8230;<\/p>\n<p><em>(Fortsetzung folgt.)<\/em><\/p>\n","protected":false},"excerpt":{"rendered":"<p>Skandinavien &#8211; Lichter des Nordens Tag 2 &#8211; Mi, 11.9.2013 &#8211; Nolbybacken + Dundret (Polarlichter)<\/p>\n<p>Nach dem Aufstehen ging&#8217;s r\u00fcber zur schwedischen Ostk\u00fcste und dann die E4 hinauf. Kurzer Zwischenhalt am Skigebiet Nolbybacken und kleine Wanderung zum Gipfel. Dort wurde gerade die Piste gem\u00e4ht, was insofern ganz praktisch war, da es von der Talstation aus <a href=\"http:\/\/blog.inmontanis.info\/?p=2504\">[&#8230;]<\/a><\/p>\n","protected":false},"author":1,"featured_media":0,"comment_status":"open","ping_status":"closed","sticky":false,"template":"","format":"standard","meta":{"footnotes":""},"categories":[126,682,641,19,30],"tags":[100,37,96,47],"class_list":["post-2504","post","type-post","status-publish","format-standard","hentry","category-2013-09-skandinavien-nordlichttour","category-dundret","category-nolbybacken","category-schwedensweden","category-wandern","tag-langzeitbelichtung","tag-meer","tag-polarlicht","tag-sl","odd"],"_links":{"self":[{"href":"http:\/\/blog.inmontanis.info\/index.php?rest_route=\/wp\/v2\/posts\/2504","targetHints":{"allow":["GET"]}}],"collection":[{"href":"http:\/\/blog.inmontanis.info\/index.php?rest_route=\/wp\/v2\/posts"}],"about":[{"href":"http:\/\/blog.inmontanis.info\/index.php?rest_route=\/wp\/v2\/types\/post"}],"author":[{"embeddable":true,"href":"http:\/\/blog.inmontanis.info\/index.php?rest_route=\/wp\/v2\/users\/1"}],"replies":[{"embeddable":true,"href":"http:\/\/blog.inmontanis.info\/index.php?rest_route=%2Fwp%2Fv2%2Fcomments&post=2504"}],"version-history":[{"count":2,"href":"http:\/\/blog.inmontanis.info\/index.php?rest_route=\/wp\/v2\/posts\/2504\/revisions"}],"predecessor-version":[{"id":9130,"href":"http:\/\/blog.inmontanis.info\/index.php?rest_route=\/wp\/v2\/posts\/2504\/revisions\/9130"}],"wp:attachment":[{"href":"http:\/\/blog.inmontanis.info\/index.php?rest_route=%2Fwp%2Fv2%2Fmedia&parent=2504"}],"wp:term":[{"taxonomy":"category","embeddable":true,"href":"http:\/\/blog.inmontanis.info\/index.php?rest_route=%2Fwp%2Fv2%2Fcategories&post=2504"},{"taxonomy":"post_tag","embeddable":true,"href":"http:\/\/blog.inmontanis.info\/index.php?rest_route=%2Fwp%2Fv2%2Ftags&post=2504"}],"curies":[{"name":"wp","href":"https:\/\/api.w.org\/{rel}","templated":true}]}}