{"id":2502,"date":"2013-09-10T22:48:50","date_gmt":"2013-09-10T20:48:50","guid":{"rendered":"http:\/\/blog.inmontanis.info\/?p=2502"},"modified":"2013-09-25T22:51:14","modified_gmt":"2013-09-25T20:51:14","slug":"fahrt-nach-schweden-9-10-9-2013","status":"publish","type":"post","link":"http:\/\/blog.inmontanis.info\/?p=2502","title":{"rendered":"Fahrt nach Schweden, 9.+10.9.2013"},"content":{"rendered":"<p><strong>Skandinavien &#8211; Lichter des Nordens<br \/>\nTag 0 \u00bd &#8211; Mo, 9.9.2013<\/strong> &#8211; Vollgas<\/p>\n<p><em>Ja, eine kuriose Tagesbezeichnung, aber einerseits z\u00e4hl ich den 9.9. nicht zu diesem Urlaub, da ich noch ganztags gearbeitet hab &#8211; andererseits bin ich im Anschluss noch so weit gefahren, dass er definitiv mehr als &#8220;Tag 0&#8221; ist &#8230;<\/em><\/p>\n<p>Meine Sachen sind verladen, inkl. Ski, falls ich auf dem Heimweg in Bottrop vorbei kommen sollte (die Gletscher in NO sind wg. Schneemangels leider schon einige Zeit dicht), und ich ging ganz normal Arbeiten. Bei der Ankunft in der Arbeit fiel mir auf &#8211; mist, meine Sonnenbrille vergessen. Also fuhr ich zu Mittag nochmals heim. Dabei hab ich auch gemerkt, dass ich eine andere Hose anziehen wollte. Und dass ich noch eine Playlist am iPod erg\u00e4nzen m\u00f6chte, getan und iPod in die Hosentasche gesteckt. <\/p>\n<p>Dann fiel mir auf, ne, das ist nicht die Hose, die ich anziehen wollte. Umgezogen und zur Arbeit. Dort angekommen &#8211; mist, der iPod steckt noch in der anderen Hose. Also nach der Arbeit um 17 Uhr nochmals heimfahren und iPod holen&#8230;<\/p>\n<p>So kam ich um 17:30 Uhr aus Innsbruck raus, die Fahrt \u00fcber M\u00fcnchen war problemlos, in Ingolstadt legte ich die erste Pause am KFC ein.<\/p>\n<p>Von N\u00fcrnberg aus waren sich meine beiden Navis nicht einig, das eine sagte links zur A7, das andere erst noch weiter richtung Berlin. Ich entschied mich f\u00fcr die A7. Dass ich heute nicht wie sonst nur 110-120 km\/h fuhr, versteht sich von selbst, aber bis ich mal auf 150, 160 km\/h war, wurde ich schon wieder von irgendeinem LKW oder einer Begrenzung abgebremst. <\/p>\n<p>Bis Hamburg musste ich noch 2x tanken, bei den Geschwindigkeiten brauchte ich 7,5 Liter im Durchschnitt &#8211; statt 5,5 wie sonst. Von 2:00 bis 2:20 Uhr fuhr ich an Hamburg vorbei und hab mich doch etwas ge\u00e4rgert, wieder nur vorbei zu fahren, wo ich schon lange mal wieder nach Hamburg und ins Miwula wollte (zuletzt 2006). Vielleicht am R\u00fcckweg? Oder n\u00e4chsten Sommer? Wenn man um 17:30 von Innsbruck losf\u00e4hrt und um 2 Uhr schon in Hamburg ist &#8211; so weit ist das ja gar nicht weg! <\/p>\n<p>Mein Ziel h\u00e4tte ich somit f\u00fcr heute erreicht, aber .. jetzt schlafen, wenn die Autobahn so sch\u00f6n leer ist und man mal l\u00e4nger 150-160 fahren kann? N\u00f6! Also weiter bis nach Flensburg und kurz vor der d\u00e4nischen Grenze den Skandinavienpark angesteuert &#8211; Autohof samt Einkaufszentrum, am Parkplatz des letzteren hingestellt.<\/p>\n<p>Um 4 Uhr bin ich nach \u00fcber 1000 km Fahrt ins Bett gekommen. Wecker vorichtshalber auf 9:30 gestellt, falls es noch irgendwelche Staus bis zur F\u00e4hre geben sollte&#8230; <\/p>\n<p><strong>Skandinavien &#8211; Lichter des Nordens<br \/>\nTag 1 &#8211; Di, 10.9.2013<\/strong> &#8211; F\u00e4hre DK-SE<\/p>\n<p>Die Nacht verlief mit Ausnahme einer Anlieferung kurz vor&#8217;m Schafengehen ungest\u00f6rt. Um 9 Uhr schreckte ich nach oben, die Sonne schien auf meine mit Schaumstoff verh\u00fcllten Scheiben &#8211; ich blickte auf die Uhr. Puh, nicht verschlafen. Aber jetzt noch &#8216;ne halbe Stunde d\u00f6sen, das bringts ja auch nicht. Aufgestanden, im Einkaufszentrum auf&#8217;s Klo, bissl eingekauft, ja, jetzt sp\u00fcr ich, ich bin im Urlaub:<\/p>\n<p>Der Supermarkt ist recht nett, da es dort einige Sachen gibt, die man weiter s\u00fcdlich nicht bekommt. Neben einigen skandinavischen Leckereien auch S\u00fc\u00dfigkeiten, die ich aus England letztes Jahr kannte! Super, gleich eingedeckt. Und woran merkt man, dass man weit oben im Norden ist? Eine ganze Regalreihe von oben bis unten mit verschiedenen Lakritznaschereien! <\/p>\n<p>Bis 17 Uhr in Innsbruck zu arbeiten und am n\u00e4chsten Morgen in Flensburg an der Nordsee aufzustehen und gleich in D\u00e4nemark sein, dass muss man (ohne in zu fliegen) auch erst mal schaffen!<\/p>\n<p>Noch getankt und an der Tankstelle um 3,- geduscht. Um 10 Uhr kam ich von dort weg, geplante Ankunftszeit am F\u00e4hrhafen in Gren\u00e5 12:50 Uhr. Dann hab ich ja noch eine Stunde Pufferzeit, gut.<\/p>\n<p>Problemlos und leer ging&#8217;s p\u00fcnktlich zum Hafen, wo ich somit in Ruhe noch ein paar Planugen machen konnte. Auf dem Schiff vor der Abfahrt noch etwas gekauft und gegegessen, um 14:10 fuhr die F\u00e4hre etwas verfr\u00fcht los. Hatte ich gar nicht bemerkt, so ruhig wie diese F\u00e4hre hatte ich glaub ich noch keine&#8230;<\/p>\n<p>In Schweden (bereits nach 18:30 Uhr) ging&#8217;s \u00fcber G\u00f6teborg (zum Gl\u00fcck um die Uhrzeit mautfrei) weiter nach Nordosten bis auf die andere Seite Schwedens, was sich doch l\u00e4nger hinzog als man von der Karte her meinen w\u00fcrde. Erst sp\u00e4t in der Nacht, mehr oder weniger weit \u00f6stlich, nutzte ich einen ruhigen Rastplatz neben der Stra\u00dfe.<\/p>\n<p>Erstaunt war ich, an wieviel McDonalds ich auf dieser Strecke vorbei gekommen bin. Wahnsinn! Selbst dort, wo es beim Durchfahren total l\u00e4ndlich ausschaut, steht ein McD :-)<\/p>\n<p>(Fotos anklicken zum Vergr\u00f6\u00dfern, soweit nicht vergr\u00f6\u00dfert gepostet.)<\/p>\n<p><a href='http:\/\/extra.inmontanis.info\/d\/17568-2\/ge-20130911.jpg'><img src=http:\/\/extra.inmontanis.info\/d\/17566-3\/ge-20130911.jpg \/><\/a><br \/>\n^ Track und POI 10.9. (magenta unten) und 11.9. (t\u00fcrkis)<br \/>\nA: F\u00e4hre Gren\u00e5-Varberg<\/p>\n<p><a href='http:\/\/extra.inmontanis.info\/d\/17488-2\/DSC06410.jpg'><img src=http:\/\/extra.inmontanis.info\/d\/17486-3\/DSC06410.jpg \/><\/a><br \/>\n^ Auf der d\u00e4nischen Autobahn. Mautfrei, und D\u00e4nemark ist so kurz, da muss man auch nicht tanken &#8230;<\/p>\n<p><a href='http:\/\/extra.inmontanis.info\/d\/17492-2\/DSC06420.jpg'><img src=http:\/\/extra.inmontanis.info\/d\/17490-3\/DSC06420.jpg \/><\/a><br \/>\n^ Am Hafen in Gren\u00e5 mit meiner F\u00e4hre<\/p>\n<p><a href='http:\/\/extra.inmontanis.info\/d\/17496-2\/DSC06421.jpg'><img src=http:\/\/extra.inmontanis.info\/d\/17494-3\/DSC06421.jpg \/><\/a><br \/>\n^ Hafen Gren\u00e5<\/p>\n<p><img src=http:\/\/extra.inmontanis.info\/d\/17500-2\/DSC06422.jpg \/><br \/>\n^ Gren\u00e5 Hafen<\/p>\n<p><a href='http:\/\/extra.inmontanis.info\/d\/17504-2\/IMG_0453.jpg'><img src=http:\/\/extra.inmontanis.info\/d\/17502-3\/IMG_0453.jpg \/><\/a><br \/>\n^ Lecker, aber leider nur gek\u00fchlt.<\/p>\n<p><a href='http:\/\/extra.inmontanis.info\/d\/17508-2\/DSC06431.jpg'><img src=http:\/\/extra.inmontanis.info\/d\/17506-3\/DSC06431.jpg \/><\/a><br \/>\n^ \u00c4h, braunes Meer? Was da denn passiert&#8230;.<\/p>\n<p><img src=http:\/\/extra.inmontanis.info\/d\/17512-2\/DSC06444.jpg \/><br \/>\n^ R\u00fcckblick D\u00e4nemark<\/p>\n<p><a href='http:\/\/extra.inmontanis.info\/d\/17516-2\/DSC09083.jpg'><img src=http:\/\/extra.inmontanis.info\/d\/17514-3\/DSC09083.jpg \/><\/a><br \/>\n^ Windpark mitten im Meer<\/p>\n<p><a href='http:\/\/extra.inmontanis.info\/d\/17520-2\/DSC06467.jpg'><img src=http:\/\/extra.inmontanis.info\/d\/17518-3\/DSC06467.jpg \/><\/a><br \/>\n^ F\u00e4hre und Meer.<\/p>\n<p>War kaum was los, paar LKW und paar PKW, ob da die Kosten f\u00fcr Personal und Treibstoff zusammengekommen sind, ist wohl fraglich. Ich hatte ja 86,- \u20ac gezahlt. WLan ist gratis.<\/p>\n<p><img src=http:\/\/extra.inmontanis.info\/d\/17524-2\/DSC06502.jpg \/><br \/>\n^ Schiffsspur ;)<\/p>\n<p><img src=http:\/\/extra.inmontanis.info\/d\/17528-2\/DSC06486.jpg \/><br \/>\n^ Schaum und verschiedene Blaut\u00f6ne<\/p>\n<p><a href='http:\/\/extra.inmontanis.info\/d\/17532-2\/DSC06499.jpg'><img src=http:\/\/extra.inmontanis.info\/d\/17530-3\/DSC06499.jpg \/><\/a><br \/>\n^ Tanker<\/p>\n<p><a href='http:\/\/extra.inmontanis.info\/d\/17536-2\/DSC06509.jpg'><img src=http:\/\/extra.inmontanis.info\/d\/17534-3\/DSC06509.jpg \/><\/a><br \/>\n^ Sonnendeck mit .. Blumen ..<\/p>\n<p><a href='http:\/\/extra.inmontanis.info\/d\/17540-2\/DSC06513.jpg'><img src=http:\/\/extra.inmontanis.info\/d\/17538-3\/DSC06513.jpg \/><\/a><br \/>\n^ Vor der schwedischen K\u00fcste schwammen lauter Tennisb\u00e4lle oder was das sein soll herum?!<\/p>\n<p><a href='http:\/\/extra.inmontanis.info\/d\/17544-2\/DSC06516.jpg'><img src=http:\/\/extra.inmontanis.info\/d\/17542-3\/DSC06516.jpg \/><\/a><br \/>\n^ Sonnensternchen auf der Meeresoberfl\u00e4che<\/p>\n<p><img src=http:\/\/extra.inmontanis.info\/d\/17548-2\/DSC06521.jpg \/><br \/>\n^ Ankunft in Schweden (Varberg)<\/p>\n<p><img src=http:\/\/extra.inmontanis.info\/d\/17552-2\/DSC06523.jpg \/><br \/>\n^ Schwedische K\u00fcste bei Varberg<\/p>\n<p><a href='http:\/\/extra.inmontanis.info\/d\/17556-2\/DSC06534.jpg'><img src=http:\/\/extra.inmontanis.info\/d\/17554-3\/DSC06534.jpg \/><\/a><br \/>\n^ Auf der schwedischen Autobahn in Richtung G\u00f6teborg &#8230;<\/p>\n<p><a href='http:\/\/extra.inmontanis.info\/d\/17560-2\/DSC06535.jpg'><img src=http:\/\/extra.inmontanis.info\/d\/17558-3\/DSC06535.jpg \/><\/a><br \/>\n^ ebenso<\/p>\n<p><a href='http:\/\/extra.inmontanis.info\/d\/17564-2\/DSC06548.jpg'><img src=http:\/\/extra.inmontanis.info\/d\/17562-3\/DSC06548.jpg \/><\/a><br \/>\n^ Hell leuchtender Regenbogen<\/p>\n","protected":false},"excerpt":{"rendered":"<p>Skandinavien &#8211; Lichter des Nordens Tag 0 \u00bd &#8211; Mo, 9.9.2013 &#8211; Vollgas<\/p>\n<p>Ja, eine kuriose Tagesbezeichnung, aber einerseits z\u00e4hl ich den 9.9. nicht zu diesem Urlaub, da ich noch ganztags gearbeitet hab &#8211; andererseits bin ich im Anschluss noch so weit gefahren, dass er definitiv mehr als &#8220;Tag 0&#8221; ist &#8230;<\/p>\n<p>Meine Sachen sind <a href=\"http:\/\/blog.inmontanis.info\/?p=2502\">[&#8230;]<\/a><\/p>\n","protected":false},"author":1,"featured_media":0,"comment_status":"open","ping_status":"closed","sticky":false,"template":"","format":"standard","meta":{"footnotes":""},"categories":[126,19],"tags":[37],"class_list":["post-2502","post","type-post","status-publish","format-standard","hentry","category-2013-09-skandinavien-nordlichttour","category-schwedensweden","tag-meer","odd"],"_links":{"self":[{"href":"http:\/\/blog.inmontanis.info\/index.php?rest_route=\/wp\/v2\/posts\/2502","targetHints":{"allow":["GET"]}}],"collection":[{"href":"http:\/\/blog.inmontanis.info\/index.php?rest_route=\/wp\/v2\/posts"}],"about":[{"href":"http:\/\/blog.inmontanis.info\/index.php?rest_route=\/wp\/v2\/types\/post"}],"author":[{"embeddable":true,"href":"http:\/\/blog.inmontanis.info\/index.php?rest_route=\/wp\/v2\/users\/1"}],"replies":[{"embeddable":true,"href":"http:\/\/blog.inmontanis.info\/index.php?rest_route=%2Fwp%2Fv2%2Fcomments&post=2502"}],"version-history":[{"count":1,"href":"http:\/\/blog.inmontanis.info\/index.php?rest_route=\/wp\/v2\/posts\/2502\/revisions"}],"predecessor-version":[{"id":2503,"href":"http:\/\/blog.inmontanis.info\/index.php?rest_route=\/wp\/v2\/posts\/2502\/revisions\/2503"}],"wp:attachment":[{"href":"http:\/\/blog.inmontanis.info\/index.php?rest_route=%2Fwp%2Fv2%2Fmedia&parent=2502"}],"wp:term":[{"taxonomy":"category","embeddable":true,"href":"http:\/\/blog.inmontanis.info\/index.php?rest_route=%2Fwp%2Fv2%2Fcategories&post=2502"},{"taxonomy":"post_tag","embeddable":true,"href":"http:\/\/blog.inmontanis.info\/index.php?rest_route=%2Fwp%2Fv2%2Ftags&post=2502"}],"curies":[{"name":"wp","href":"https:\/\/api.w.org\/{rel}","templated":true}]}}