{"id":2497,"date":"2013-08-31T19:58:47","date_gmt":"2013-08-31T17:58:47","guid":{"rendered":"http:\/\/blog.inmontanis.info\/?p=2497"},"modified":"2023-07-01T20:57:42","modified_gmt":"2023-07-01T18:57:42","slug":"hintertuxer-gletscher-31-8-2013","status":"publish","type":"post","link":"http:\/\/blog.inmontanis.info\/?p=2497","title":{"rendered":"Hintertuxer Gletscher, 31.8.2013"},"content":{"rendered":"<p>2 Wochen nach meinem letzten Besuch ging&#8217;s heute wieder nach Hintertux. Nicht dass ich&#8217;s unbedingt n\u00f6tig gehabt h\u00e4tte, aber wer wei\u00df, wie&#8217;s n\u00e4chste Woche wird, au\u00dferdem wird&#8217;s jetzt immer herbstlicher (und somit f\u00fcr mich uninteressanter) &#8230;<\/p>\n<p>\u00dcberhaupt war&#8217;s morgens schon sehr herbstlich. Kalt, hart, f\u00fcr etwas \u00fcber 1 Stunde waren sogar beide Olperer-SL in Betrieb. Dort wurde es auch bald angenehmer &#8211; w\u00e4rmer und weicher. Wobei selbst nach Mittag die Talstation der SL problemlos und ohne sonderlichen Schussfahrten zu erreichen waren!<\/p>\n<p>An der geforeren Wand war ich abgesehen von der schon letztes Mal gefahrenen Offpistevariante zwischen den Felsen noch anderswo abseits unterwegs, und zwar ganz am Rand richtung 3SB &#8211; dort gab&#8217;s nach Mittag guten Firn. Jedenfalls war ich da im Sommer auch noch nie (oder wenn dann schon lang nicht mehr) unterwegs&#8230;<\/p>\n<p>Etwas anstrengender war heut stellenweise der TFH-Hang, da man nicht mehr so gut abseits ausweichen konnte. <\/p>\n<p>Da die DSB Sektion IV wg. Revision au\u00dfer Betrieb war, war der SL ge\u00f6ffnet &#8211; tolles Service, mehr als 6 Leute waren hier nachmittags nie gleichzeitig unterwegs&#8230;<\/p>\n<p>Obwohl ich erst nach 9 Uhr rauf gefahren bin und um 15:45 die letzte Bergfahrt am SL gemacht hab, hab ich doch wieder knapp die 100 km geknackt &#8211; Muskelkater inklusive.<\/p>\n<p><em>(Fotos anklicken zum Vergr\u00f6\u00dfern, soweit nicht vergr\u00f6\u00dfert gepostet)<\/em><\/p>\n<p><img src=http:\/\/ski.inmontanis.info\/d\/168435-2\/DSC06299.jpg \/><br \/>\n^ 2 Tourengeher zu Fu\u00df bergauf an der Sektion II .. \u00e4h?!<\/p>\n<p><a href='http:\/\/ski.inmontanis.info\/d\/168383-3\/DSC06300.jpg'><img src=http:\/\/ski.inmontanis.info\/d\/168381-3\/DSC06300.jpg \/><\/a><br \/>\n^ Matten mal anders &#8230; anscheinend irgendein M\u00fcll.. Anz\u00fcnden und weg :)<\/p>\n<p><a href='http:\/\/ski.inmontanis.info\/d\/168387-3\/DSC06304.jpg'><img src=http:\/\/ski.inmontanis.info\/d\/168385-3\/DSC06304.jpg \/><\/a><br \/>\n^ TFH-Abfahrt<\/p>\n<p><img src=http:\/\/ski.inmontanis.info\/d\/168391-3\/DSC06307.jpg \/><br \/>\n^ Kaserer-\u00dcbergang<\/p>\n<p><img src=http:\/\/ski.inmontanis.info\/d\/168395-3\/DSC06308.jpg \/><br \/>\n^ Gr\u00f6\u00dfere Revision an der DSB Sektion IV &#8211; Umlenkscheibe fehlt, daher heute kein Betrieb.<\/p>\n<p><img src=http:\/\/ski.inmontanis.info\/d\/168399-3\/DSC06311.jpg \/><br \/>\n^ SL Olperer, zwischen 9:45 und 11 Uhr waren sogar beide in Betrieb.<\/p>\n<p><img src=http:\/\/ski.inmontanis.info\/d\/168403-3\/DSC06316.jpg \/><br \/>\n^ TFH-Hang-Standardfoto<\/p>\n<p><img src=http:\/\/ski.inmontanis.info\/d\/168407-3\/DSC06319.jpg \/><br \/>\n^ GW- und Olperer von der 10EUB Bergstation aus<\/p>\n<p><img src=http:\/\/ski.inmontanis.info\/d\/168411-3\/DSC06322.jpg \/><br \/>\n^ Standard-Foto Olperer zu GW<\/p>\n<p><img src=http:\/\/ski.inmontanis.info\/d\/168419-3\/DSC06326.jpg \/><br \/>\n^ Offpiste an der Gefrorenen Wand<\/p>\n<p><img src=http:\/\/ski.inmontanis.info\/d\/168415-3\/DSC06328.jpg \/><br \/>\n^ Offpiste an der Gefrorenen Wand, nach Mittag toller Firn<\/p>\n<p><a href='http:\/\/ski.inmontanis.info\/d\/168423-3\/DSC06341.jpg'><img src=http:\/\/ski.inmontanis.info\/d\/168421-3\/DSC06341.jpg \/><\/a><br \/>\n^ Felsriegel am Gletscher zwischen den Gondelbahnen<\/p>\n<p><a href='http:\/\/ski.inmontanis.info\/d\/168427-3\/DSC06346.jpg'><img src=http:\/\/ski.inmontanis.info\/d\/168425-3\/DSC06346.jpg \/><\/a><br \/>\n^ Gletscher zwischen den Gondelbahnen &#8230; der untere Teil d\u00fcrfte in ein paar Tagen \/ Wochen wohl erstmals keine Verbindung mehr zum oberen Teil haben &#8230;<\/p>\n<p><a href='http:\/\/ski.inmontanis.info\/d\/168431-3\/DSC06350.jpg'><img src=http:\/\/ski.inmontanis.info\/d\/168429-3\/DSC06350.jpg \/><\/a><br \/>\n^ Was man in so mancher Gletscherspalte findet..<\/p>\n<p>Noch ein Filmchen, ein paar Abfahrten on- und offpiste, die 2 Offpiste-Varianten an der Geforenen Wand, der Trainingshang und die Abfahrt runter zum TFH, allesamt nachmittags zwischen 14:10 und 15 Uhr gefilmt, wo kaum mehr jemand unterwegs ist &#8211; was ich so gar nicht nachvollziehen kann, geht doch noch so gut:<\/p>\n<p><object style=\"height: 500px; width: 900px\"><param name=\"movie\" value=\"http:\/\/www.youtube.com\/v\/JwZSiO2h-V0\"><\/param><param name=\"wmode\" value=\"transparent\"><\/param><embed src=\"http:\/\/www.youtube.com\/v\/JwZSiO2h-V0\" type=\"application\/x-shockwave-flash\" wmode=\"transparent\"  width=\"900\" height=\"480\"><\/embed><\/object><\/p>\n<p>Fazit: Wetter h\u00e4tte etwas besser sein k\u00f6nnen, vom Schnee her war&#8217;s f\u00fcr Ende August wieder mal sehr gut. Sogar offpiste ging immer noch was. <\/p>\n<p>Wird jetzt voraussichtlich mein letzter Hintertux-Besuch f\u00fcr diesen Sommer sein. Der n\u00e4chste Skitag wird sp\u00e4testens Ende September am Stubaier zum Saisonkartenschluss sein. Oder fr\u00fcher in einem Mattenskigebiet (Polen, Ungarn, Frankreich), einer Skihalle (Deutschland) oder einem anderen Gletscher sein &#8230;<\/p>\n","protected":false},"excerpt":{"rendered":"<p>2 Wochen nach meinem letzten Besuch ging&#8217;s heute wieder nach Hintertux. Nicht dass ich&#8217;s unbedingt n\u00f6tig gehabt h\u00e4tte, aber wer wei\u00df, wie&#8217;s n\u00e4chste Woche wird, au\u00dferdem wird&#8217;s jetzt immer herbstlicher (und somit f\u00fcr mich uninteressanter) &#8230;<\/p>\n<p>\u00dcberhaupt war&#8217;s morgens schon sehr herbstlich. Kalt, hart, f\u00fcr etwas \u00fcber 1 Stunde waren sogar beide Olperer-SL in Betrieb. <a href=\"http:\/\/blog.inmontanis.info\/?p=2497\">[&#8230;]<\/a><\/p>\n","protected":false},"author":1,"featured_media":0,"comment_status":"open","ping_status":"closed","sticky":false,"template":"","format":"standard","meta":{"footnotes":""},"categories":[246,25,13,28],"tags":[38,47],"class_list":["post-2497","post","type-post","status-publish","format-standard","hentry","category-hintertux","category-noreport","category-austria","category-skifahren-sommer","tag-dsb","tag-sl","odd"],"_links":{"self":[{"href":"http:\/\/blog.inmontanis.info\/index.php?rest_route=\/wp\/v2\/posts\/2497","targetHints":{"allow":["GET"]}}],"collection":[{"href":"http:\/\/blog.inmontanis.info\/index.php?rest_route=\/wp\/v2\/posts"}],"about":[{"href":"http:\/\/blog.inmontanis.info\/index.php?rest_route=\/wp\/v2\/types\/post"}],"author":[{"embeddable":true,"href":"http:\/\/blog.inmontanis.info\/index.php?rest_route=\/wp\/v2\/users\/1"}],"replies":[{"embeddable":true,"href":"http:\/\/blog.inmontanis.info\/index.php?rest_route=%2Fwp%2Fv2%2Fcomments&post=2497"}],"version-history":[{"count":1,"href":"http:\/\/blog.inmontanis.info\/index.php?rest_route=\/wp\/v2\/posts\/2497\/revisions"}],"predecessor-version":[{"id":2498,"href":"http:\/\/blog.inmontanis.info\/index.php?rest_route=\/wp\/v2\/posts\/2497\/revisions\/2498"}],"wp:attachment":[{"href":"http:\/\/blog.inmontanis.info\/index.php?rest_route=%2Fwp%2Fv2%2Fmedia&parent=2497"}],"wp:term":[{"taxonomy":"category","embeddable":true,"href":"http:\/\/blog.inmontanis.info\/index.php?rest_route=%2Fwp%2Fv2%2Fcategories&post=2497"},{"taxonomy":"post_tag","embeddable":true,"href":"http:\/\/blog.inmontanis.info\/index.php?rest_route=%2Fwp%2Fv2%2Ftags&post=2497"}],"curies":[{"name":"wp","href":"https:\/\/api.w.org\/{rel}","templated":true}]}}