{"id":2493,"date":"2013-08-18T19:55:23","date_gmt":"2013-08-18T17:55:23","guid":{"rendered":"http:\/\/blog.inmontanis.info\/?p=2493"},"modified":"2023-08-04T18:34:46","modified_gmt":"2023-08-04T16:34:46","slug":"2493","status":"publish","type":"post","link":"http:\/\/blog.inmontanis.info\/?p=2493","title":{"rendered":"Aviatico\/Poieto, Prada\/Costabella, Molveno\/Pradel, 18.8.2013"},"content":{"rendered":"<p><strong>Teil 4: 18.8.2013 &#8211; Aviatico, Monte Poieto<\/strong><\/p>\n<p>Da der Gondellift in Aviatico erst um 9 Uhr in Betrieb geht, musste ich ja nicht so fr\u00fch aufstehen. Also egtl. hatte ich mir eingebildet, am Abend 1,5 Stunden Fahrzeit am Navi gelesen zu haben &#8211; komischerweie waren&#8217;s aber am Morgen doch 2h, die hier und da jedoch unterboten werden konnten. War also doch kurz nach 9 Uhr am Lift. Auffahrt allerdings nicht \u00fcber Selvino, sondern das zumeist nur einspurige Str\u00e4\u00dfchen \u00fcber Orezzo. <\/p>\n<p>W\u00e4hrend der Bergfahrt sind mir 2 Neuigkeiten aufgefallen:<\/p>\n<p>1) es wurden Skik\u00f6cher an den Kabinen montiert<br \/>\n2) die Mittelstation wurde fertig gebaut, war aber im Sommer nicht offen.<\/p>\n<p>Es gab ja einige Ideen zur Reaktivierung des Skibetriebs, einerseits den Ersatz des stillgelegten SL mit einer DSB (noch nicht gemacht), andererseits die Installation einer Mittelstation, falls der Schnee nicht mehr bis in Tal reicht.<\/p>\n<p>Anscheinend hat man also wieder vor, offiziell Skibetrieb am Gondellift anzubieten? Nicht nur die Kinder-F\u00f6rderb\u00e4nder an der Bergstation wie bei meinem letzten Winterbesuch? Jedenfalls w\u00fcrd ich gern mal wieder vorbeischauen n\u00e4chsten Winter, Abfahrt und alles fand ich 2009 sehr cool.<\/p>\n<p>Auch wenn eine Reaktivierung des SL schon sehr nett w\u00e4re&#8230;.<\/p>\n<p>Oben an der Bergstation noch gem\u00fctlich die \u00fcblichen Dinge geknippst, dann ging es wieder ins Tal.<\/p>\n<p><em>(Fotos anklicken zum Vergr\u00f6\u00dfern, soweit nicht vergr\u00f6\u00dfert gepostet)<\/em><\/p>\n<p><a href='http:\/\/ski.inmontanis.info\/d\/65173-3\/P1290523.JPG'><img src=http:\/\/ski.inmontanis.info\/d\/65171-4\/P1290523.JPG \/><\/a><br \/>\n^ Talstation (Foto vom 22.8.2008)<\/p>\n<p><a href='http:\/\/ski.inmontanis.info\/d\/168447-2\/DSC05536.jpg'><img src=http:\/\/ski.inmontanis.info\/d\/168446-3\/DSC05536.jpg \/><\/a><br \/>\n^ Talstation, links einer der alten K\u00f6rbe<\/p>\n<p><a href='http:\/\/ski.inmontanis.info\/d\/168451-2\/DSC05541.jpg'><img src=http:\/\/ski.inmontanis.info\/d\/168450-3\/DSC05541.jpg \/><\/a><br \/>\n^ Ger\u00e4umige Kabine<\/p>\n<p><a href='http:\/\/ski.inmontanis.info\/d\/168455-2\/DSC05549.jpg'><img src=http:\/\/ski.inmontanis.info\/d\/168454-3\/DSC05549.jpg \/><\/a><br \/>\n^ Strecke Talstation<\/p>\n<p><a href='http:\/\/ski.inmontanis.info\/d\/168459-2\/DSC05551.jpg'><img src=http:\/\/ski.inmontanis.info\/d\/168458-3\/DSC05551.jpg \/><\/a><br \/>\n^ Mittelstation, inzwischen fertig gebaut<\/p>\n<p><a href='http:\/\/ski.inmontanis.info\/d\/65229-3\/P1290546.JPG'><img src=http:\/\/ski.inmontanis.info\/d\/65228-4\/P1290546.JPG \/><\/a><br \/>\n^ Mittelstation am 22.8.2008, die K\u00f6rbe damals noch ohne Skik\u00f6cher<\/p>\n<p><a href='http:\/\/ski.inmontanis.info\/d\/91810-3\/P1330948.JPG'><img src=http:\/\/ski.inmontanis.info\/d\/91809-4\/P1330948.JPG \/><\/a><br \/>\n^ Mittelstation am 25.1.2009 &#8211; noch unfertig<\/p>\n<p><img src=http:\/\/ski.inmontanis.info\/d\/168463-2\/DSC05556.jpg \/><br \/>\n^ Mittelstation und weites Pano in die Ebene<\/p>\n<p><img src=http:\/\/ski.inmontanis.info\/d\/168467-2\/DSC05561.jpg \/><br \/>\n^ Gipfelplateau<\/p>\n<p><a href='http:\/\/ski.inmontanis.info\/d\/168471-2\/DSC05564.jpg'><img src=http:\/\/ski.inmontanis.info\/d\/168470-3\/DSC05564.jpg \/><\/a><br \/>\n^ Ex-SL-Bergstation<\/p>\n<p><img src=http:\/\/ski.inmontanis.info\/d\/168475-2\/DSC08928.jpg \/><br \/>\n^ Ex-SL-Bergstation in IR<\/p>\n<p><img src=http:\/\/ski.inmontanis.info\/d\/168479-2\/DSC05565.jpg \/><br \/>\n^ Rifugio mit Korblift-Bergstation und Ex-SL<\/p>\n<p><img src=http:\/\/ski.inmontanis.info\/d\/168483-2\/DSC05566.jpg \/><br \/>\n^ Abfahrt am stillgelegten SL. S\u00e4he sehr nett aus&#8230;<\/p>\n<p><img src=http:\/\/ski.inmontanis.info\/d\/168487-2\/DSC08917.jpg \/><br \/>\n^ ..und der SL-Hang in IR, macht die Berge hinten gleich sichtbarer<\/p>\n<p><a href='http:\/\/ski.inmontanis.info\/d\/168491-2\/DSC05568.jpg'><img src=http:\/\/ski.inmontanis.info\/d\/168490-3\/DSC05568.jpg \/><\/a><br \/>\n^ Strecke SL<\/p>\n<p><a href='http:\/\/ski.inmontanis.info\/d\/168495-2\/DSC05571.jpg'><img src=http:\/\/ski.inmontanis.info\/d\/168494-3\/DSC05571.jpg \/><\/a><br \/>\n^ Bergstation Ex-ESL<\/p>\n<p><img src=http:\/\/ski.inmontanis.info\/d\/168499-2\/DSC05573.jpg \/><br \/>\n^ ESL-Strecke<\/p>\n<p><img src=http:\/\/ski.inmontanis.info\/d\/168503-2\/DSC05579.jpg \/><br \/>\n^ Ex-ESL-St\u00fctze<\/p>\n<p><a href='http:\/\/ski.inmontanis.info\/d\/168507-2\/DSC05582.jpg'><img src=http:\/\/ski.inmontanis.info\/d\/168506-3\/DSC05582.jpg \/><\/a><br \/>\n^ Ex-ESL-St\u00fctze<\/p>\n<p><a href='http:\/\/ski.inmontanis.info\/d\/168511-2\/DSC05584.jpg'><img src=http:\/\/ski.inmontanis.info\/d\/168510-3\/DSC05584.jpg \/><\/a><br \/>\n^ Ex-ESL-St\u00fctze<\/p>\n<p><img src=http:\/\/ski.inmontanis.info\/d\/91838-3\/P1330959.JPG \/><br \/>\n^ Am 25.1.2009<\/p>\n<p><a href='http:\/\/ski.inmontanis.info\/d\/168515-2\/DSC05590.jpg'><img src=http:\/\/ski.inmontanis.info\/d\/168514-3\/DSC05590.jpg \/><\/a><br \/>\n^ Ausstieg Ex-ESL<\/p>\n<p><img src=http:\/\/ski.inmontanis.info\/d\/91963-3\/P1330914.JPG \/><br \/>\n^ Zoom vom Skigebiet Colere am 25.1.2009, in der Mitte die genau vertikale Schneise d\u00fcrfte der ESL sein, der SL m\u00fcsste dann links am Sonnenhang liegen.<\/p>\n<p><img src=http:\/\/ski.inmontanis.info\/d\/168519-2\/DSC05592.jpg \/><br \/>\n^ Gondellift mit Po-Ebene<\/p>\n<p><a href='http:\/\/ski.inmontanis.info\/d\/168523-2\/DSC08932.jpg'><img src=http:\/\/ski.inmontanis.info\/d\/168522-3\/DSC08932.jpg \/><\/a><br \/>\n^ IR-Pano-Zoom in die Po-Ebene<\/p>\n<p><a href='http:\/\/ski.inmontanis.info\/d\/168527-2\/DSC05595.jpg'><img src=http:\/\/ski.inmontanis.info\/d\/168526-3\/DSC05595.jpg \/><\/a><br \/>\n^ Bergstation Gondellift. Man beachte die seit meinem letzten Besuch neu montierten Skik\u00f6cher!<\/p>\n<p><a href='http:\/\/ski.inmontanis.info\/d\/168531-2\/DSC05597.jpg'><img src=http:\/\/ski.inmontanis.info\/d\/168530-3\/DSC05597.jpg \/><\/a><br \/>\n^ Bergstation Gondellift<\/p>\n<p><a href='http:\/\/ski.inmontanis.info\/d\/168535-2\/DSC05602.jpg'><img src=http:\/\/ski.inmontanis.info\/d\/168534-3\/DSC05602.jpg \/><\/a><br \/>\n^ Zoom zum kleinen Skigebiet bei Selvino mit seiner Mattenskipiste, f\u00fcr die ich heute aber keine Zeit hatte. Der SL zum Gipfel ist ja schon lange stillgelegt. Jetzt plant man eine gro\u00dfe Skihalle hier!<\/p>\n<p><img src=http:\/\/ski.inmontanis.info\/d\/168539-2\/DSC05607.jpg \/><br \/>\n^ Mittelstation, inzwischen fertig gebaut, im Sommer aber geschlossen. Skik\u00f6cher und eine Mittelstation f\u00fcr den Winter? Anscheinend hat man wieder ernsthaft Skibetrieb. Der Gondellift f\u00e4hrt zwar langsamer als eine DSB, aber die Abfahrt (bis zur Talstation) ist alles andere als langweilig.<\/p>\n<p><a href='http:\/\/ski.inmontanis.info\/d\/168543-2\/DSC05615.jpg'><img src=http:\/\/ski.inmontanis.info\/d\/168542-3\/DSC05615.jpg \/><\/a><br \/>\n^ Talstation und die verschiedenen Parkpl\u00e4tze<\/p>\n<p>Kurzes Filmchen:<br \/>\n<object style=\"height: 500px; width: 900px\"><param name=\"movie\" value=\"http:\/\/www.youtube.com\/v\/xZfyZrxqLxU\"><\/param><param name=\"wmode\" value=\"transparent\"><\/param><embed src=\"http:\/\/www.youtube.com\/v\/xZfyZrxqLxU\" type=\"application\/x-shockwave-flash\" wmode=\"transparent\"  width=\"900\" height=\"480\"><\/embed><\/object><\/p>\n<p>Und ein Link zu meinem Winterbericht 2009 (untere H\u00e4lfte):<br \/>\n<a href='http:\/\/www.alpinforum.com\/forum\/viewtopic.php?f=48&#038;t=30264'>http:\/\/www.alpinforum.com\/forum\/viewtopic.php?f=48&#038;t=30264<\/a><\/p>\n<p>Weiter ging&#8217;s zum Gardasee zu den Liften in Prada. Durch Selvino war mal wieder die H\u00f6lle &#8211; warum muss ich immer hier sein, wenn die irgendein gro\u00dfes Stra\u00dfenfest haben?! <\/p>\n<p><strong>Teil 5: 18.8.2013 &#8211; Prada-Costabella, Gardasee<\/strong><\/p>\n<p>Nach Aviatico ging&#8217;s \u00fcber die Autobahn zum Gardasee, nach Prada. An der Schnellstra\u00dfe wurde ich vor Affi pl\u00f6tzlich mit einem Stau konfrontiert &#8211; zweispurig stehend. Zum Gl\u00fcck kam gleich eine Ausfahrt, an der kaum welche abgefahren sind, so konnte ich problemlos nach und durch Affi und weiter rauf, da die anderen alle zur Autobahn wollten. Puh.<\/p>\n<p>Am Korblift angekommen schienen die Parkpl\u00e4tze voll zu sein, selbst einige Meter entfernt auf Feldern wurden Ersatzparkpl\u00e4tze eingerichtet. Allerdings gab&#8217;s an der Seitenstra\u00dfe zum Lift eine M\u00f6glichkeit, die wohl f\u00fcr viele zu gef\u00e4hrlich schien (ungesicherter Rand zu den parkenden Autos einen Stock tiefer) &#8211; da waren gerade noch 2 Pl\u00e4tzchen frei.<\/p>\n<p>Die beiden Lifte hier, Korblift + ESL von Graffer, waren ja der Grund f\u00fcr meine Reise dieses Wochenende. Sollten sie doch am 22.8. stillgelegt werden. Nachdem man bereits 2x 2 Jahre verl\u00e4ngern konnte. Weil bei der gro\u00dfen Renovierung im Jahr 2005, bei der die Lift um 1,8 Mio \u20ac (\u00f6ffentliche Gelder) quasi komplett abgebaut, revisioniert und neu aufgebaut wurden, keine CE-Teile eingesetzt wurden (und man somit die vita tecnica nicht verl\u00e4ngern konnte). Was f\u00fcr ein Irrsinn!<\/p>\n<p>Graffer-Korblifte gibt es ja noch den einen und anderen, Graffer-ESL egtl. auch, aber \u00f6ffentliche Graffer-ESL &#8211; mit diesen Sesseln &#8211; da d\u00fcrfte dieser hier leider der letzte (gewesen) sein :-(<\/p>\n<p>Also sollte man die vielleicht letzte Fahrt genie\u00dfen &#8211; aber auch nochmal m\u00f6glichst viel Fotos und Filme machen&#8230;.<\/p>\n<p><em>(Fotos anklicken zum Vergr\u00f6\u00dfern, soweit nicht vergr\u00f6\u00dfert gepostet)<\/em><\/p>\n<p><a href='http:\/\/ski.inmontanis.info\/d\/168547-2\/DSC05618.jpg'><img src=http:\/\/ski.inmontanis.info\/d\/168546-3\/DSC05618.jpg \/><\/a><br \/>\n^ Talstation Sektion I Korblift<\/p>\n<p><a href='http:\/\/ski.inmontanis.info\/d\/168551-2\/DSC05620.jpg'><img src=http:\/\/ski.inmontanis.info\/d\/168550-3\/DSC05620.jpg \/><\/a><br \/>\n^ Talstation<\/p>\n<p><a href='http:\/\/ski.inmontanis.info\/d\/168555-2\/DSC05624.jpg'><img src=http:\/\/ski.inmontanis.info\/d\/168554-3\/DSC05624.jpg \/><\/a><br \/>\n^ Kreuzung mit dem ehemaligen Tal-SL<\/p>\n<p><a href='http:\/\/ski.inmontanis.info\/d\/168559-2\/DSC05626.jpg'><img src=http:\/\/ski.inmontanis.info\/d\/168558-3\/DSC05626.jpg \/><\/a><br \/>\n^ Auffahrt Korblift<\/p>\n<p><a href='http:\/\/ski.inmontanis.info\/d\/168563-2\/DSC05628.jpg'><img src=http:\/\/ski.inmontanis.info\/d\/168562-3\/DSC05628.jpg \/><\/a><br \/>\n^ Nach der Betonst\u00fctze kommt auch langsam der Gardasee ins Blickfeld<\/p>\n<p><img src=http:\/\/ski.inmontanis.info\/d\/168567-2\/DSC05633.jpg \/><br \/>\n^ Gardasee und (ehemalige) Skiabfahrt<\/p>\n<p>Immerhin ist die Fernsicht besser als bei meinen letzten beiden Sommer-Besuchen. Noch besser geht&#8217;s aber mal wieder mit Infrarot&#8230;<\/p>\n<p><img src=http:\/\/ski.inmontanis.info\/d\/168571-2\/DSC08945.jpg \/><br \/>\n^ Gardasee und Korblift in IR<\/p>\n<p><img src=http:\/\/ski.inmontanis.info\/d\/168575-2\/DSC05637.jpg \/><br \/>\n^ Korblift und Gardasee<\/p>\n<p><a href='http:\/\/ski.inmontanis.info\/d\/168579-2\/DSC08953.jpg'><img src=http:\/\/ski.inmontanis.info\/d\/168578-3\/DSC08953.jpg \/><\/a><br \/>\n^ Zoom Ende Gardasee und Po-Ebene (IR)<\/p>\n<p><a href='http:\/\/ski.inmontanis.info\/d\/168583-2\/DSC08957.jpg'><img src=http:\/\/ski.inmontanis.info\/d\/168582-3\/DSC08957.jpg \/><\/a><br \/>\n^ Graffer-St\u00fctze und Gardasee (IR)<\/p>\n<p><img src=http:\/\/ski.inmontanis.info\/d\/168587-2\/DSC05640.jpg \/><br \/>\n^ See-Pano vom Korblift<\/p>\n<p><img src=http:\/\/ski.inmontanis.info\/d\/168591-2\/DSC08968.jpg \/><br \/>\n^ Gardasee (IR)<\/p>\n<p><img src=http:\/\/ski.inmontanis.info\/d\/168595-2\/DSC05646.jpg \/><br \/>\n^ Korblift und Gardasee von der Mittelstation (sowie links einer der stillgelegte SL)<\/p>\n<p><a href='http:\/\/ski.inmontanis.info\/d\/168599-2\/DSC08976.jpg'><img src=http:\/\/ski.inmontanis.info\/d\/168598-3\/DSC08976.jpg \/><\/a><br \/>\n^ Gardasee und Berge dahinter (IR)<\/p>\n<p><a href='http:\/\/ski.inmontanis.info\/d\/168603-2\/DSC05654.jpg'><img src=http:\/\/ski.inmontanis.info\/d\/168602-3\/DSC05654.jpg \/><\/a><br \/>\n^ Mittelstation, 2. Sektion ESL<\/p>\n<p><a href='http:\/\/ski.inmontanis.info\/d\/168607-2\/DSC05658.jpg'><img src=http:\/\/ski.inmontanis.info\/d\/168606-3\/DSC05658.jpg \/><\/a><br \/>\n^ Auffahrt ESL<\/p>\n<p><img src=http:\/\/ski.inmontanis.info\/d\/168611-2\/DSC05661.jpg \/><br \/>\n^ ESL und Gardasee<\/p>\n<p><a href='http:\/\/ski.inmontanis.info\/d\/168615-2\/DSC05666.jpg'><img src=http:\/\/ski.inmontanis.info\/d\/168614-3\/DSC05666.jpg \/><\/a><br \/>\n^ ESL Bergstation und Rifugio<\/p>\n<p><img src=http:\/\/ski.inmontanis.info\/d\/168619-2\/DSC05671.jpg \/><br \/>\n^ Bergstation ESL<\/p>\n<p><img src=http:\/\/ski.inmontanis.info\/d\/168623-2\/DSC05673.jpg \/><br \/>\n^ Bergstation ESL und Gardasee<\/p>\n<p><img src=http:\/\/ski.inmontanis.info\/d\/168627-2\/DSC08980.jpg \/><br \/>\n^ ESL und See in IR<\/p>\n<p><img src=http:\/\/ski.inmontanis.info\/d\/168631-2\/DSC08984.jpg \/><br \/>\n^ ESL, See und Po-Ebene in IR<\/p>\n<p><img src=http:\/\/ski.inmontanis.info\/d\/168635-2\/DSC05676.jpg \/><br \/>\n^ ESL Bergstation und Gardasee<\/p>\n<p><img src=http:\/\/ski.inmontanis.info\/d\/168639-2\/DSC05680.jpg \/><br \/>\n^ ESL und Gardasee und &#8230;<\/p>\n<p><img src=http:\/\/ski.inmontanis.info\/d\/168643-2\/DSC08987.jpg \/><br \/>\n^ ESL und Gardasee (IR)<\/p>\n<p><a href='http:\/\/ski.inmontanis.info\/d\/168647-2\/DSC08988.jpg'><img src=http:\/\/ski.inmontanis.info\/d\/168646-3\/DSC08988.jpg \/><\/a><br \/>\n^ Zoom See, Ebene und ein Hampelmann :)<\/p>\n<p><img src=http:\/\/ski.inmontanis.info\/d\/168651-2\/DSC05667.jpg \/><br \/>\n^ R\u00fcckseiten-Pano<\/p>\n<p><a href='http:\/\/ski.inmontanis.info\/d\/168655-2\/DSC08994.jpg'><img src=http:\/\/ski.inmontanis.info\/d\/168654-3\/DSC08994.jpg \/><\/a><br \/>\n^ R\u00fcckseiten-Pano und Po-Ebene in IR<\/p>\n<p><a href='http:\/\/ski.inmontanis.info\/d\/168659-2\/DSC05685.jpg'><img src=http:\/\/ski.inmontanis.info\/d\/168658-3\/DSC05685.jpg \/><\/a><br \/>\n^ ESL und Rifugio<\/p>\n<p><img src=http:\/\/ski.inmontanis.info\/d\/168663-2\/DSC05687.jpg \/><br \/>\n^ ESL und Gardasee<\/p>\n<p><a href='http:\/\/ski.inmontanis.info\/d\/168667-2\/DSC05691.jpg'><img src=http:\/\/ski.inmontanis.info\/d\/168666-3\/DSC05691.jpg \/><\/a><br \/>\n^ Graffer-ESL-St\u00fctze<\/p>\n<p><img src=http:\/\/ski.inmontanis.info\/d\/168671-2\/DSC05692.jpg \/><br \/>\n^ Viva Italia. Oder doch nicht? Wg. dieser bl\u00f6den &#8220;vita tecnica&#8221; &#8230;<\/p>\n<p><img src=http:\/\/ski.inmontanis.info\/d\/168675-2\/DSC05697.jpg \/><br \/>\n^ ESL und Gardasee<\/p>\n<p><a href='http:\/\/ski.inmontanis.info\/d\/168679-2\/DSC05699.jpg'><img src=http:\/\/ski.inmontanis.info\/d\/168678-3\/DSC05699.jpg \/><\/a><br \/>\n^ Liftloses Pano zum See<\/p>\n<p><a href='http:\/\/ski.inmontanis.info\/d\/168683-2\/DSC05703.jpg'><img src=http:\/\/ski.inmontanis.info\/d\/168682-3\/DSC05703.jpg \/><\/a><br \/>\n^ ESL<\/p>\n<p><img src=http:\/\/ski.inmontanis.info\/d\/168687-2\/DSC09008.jpg \/><br \/>\n^ ESL und Gardasee (IR)<\/p>\n<p><img src=http:\/\/ski.inmontanis.info\/d\/168691-2\/DSC09007.jpg \/><br \/>\n^ ESL-Pano (IR)<\/p>\n<p><a href='http:\/\/ski.inmontanis.info\/d\/168695-2\/DSC09014.jpg'><img src=http:\/\/ski.inmontanis.info\/d\/168694-3\/DSC09014.jpg \/><\/a><br \/>\n^ ESL, Mittelstation, Korblift und Gardasee (IR)<\/p>\n<p><a href='http:\/\/ski.inmontanis.info\/d\/168699-2\/DSC05719.jpg'><img src=http:\/\/ski.inmontanis.info\/d\/168698-3\/DSC05719.jpg \/><\/a><br \/>\n^ ESL vs. Gipfel<\/p>\n<p><a href='http:\/\/ski.inmontanis.info\/d\/168703-2\/DSC05704.jpg'><img src=http:\/\/ski.inmontanis.info\/d\/168702-3\/DSC05704.jpg \/><\/a><br \/>\n^ ESL vs. See<\/p>\n<p><a href='http:\/\/ski.inmontanis.info\/d\/168707-2\/DSC05730.jpg'><img src=http:\/\/ski.inmontanis.info\/d\/168706-3\/DSC05730.jpg \/><\/a><br \/>\n^ Graffer-ESL-St\u00fctze  und Sessel im Profil<\/p>\n<p><img src=http:\/\/ski.inmontanis.info\/d\/168711-2\/DSC05735.jpg \/><br \/>\n^ Talfahrt ESL mit See-Pano. Mit einer geschlossenen Kabine in Zukunft wird die Liftfahrt hier leider viel an Wert verlieren.<\/p>\n<p><img src=http:\/\/ski.inmontanis.info\/d\/168715-2\/DSC05739.jpg \/><br \/>\n^ ESL-St\u00fctze im Zoom<\/p>\n<p><a href='http:\/\/ski.inmontanis.info\/d\/168719-2\/DSC05740.jpg'><img src=http:\/\/ski.inmontanis.info\/d\/168718-3\/DSC05740.jpg \/><\/a><br \/>\n^ ESL, Mittelstation und Korblift im Zoom<\/p>\n<p><img src=http:\/\/ski.inmontanis.info\/d\/168723-2\/DSC05748.jpg \/><br \/>\n^ ESL und See im Zoom<\/p>\n<p><a href='http:\/\/ski.inmontanis.info\/d\/168727-2\/DSC05753.jpg'><img src=http:\/\/ski.inmontanis.info\/d\/168726-3\/DSC05753.jpg \/><\/a><br \/>\n^ Mittelstation im Zoom<\/p>\n<p><a href='http:\/\/ski.inmontanis.info\/d\/168731-2\/DSC05765.jpg'><img src=http:\/\/ski.inmontanis.info\/d\/168730-3\/DSC05765.jpg \/><\/a><br \/>\n^ Mittelstation<\/p>\n<p><a href='http:\/\/ski.inmontanis.info\/d\/168735-2\/DSC09023.jpg'><img src=http:\/\/ski.inmontanis.info\/d\/168734-3\/DSC09023.jpg \/><\/a><br \/>\n^ Mittelstation in IR, mal etwas anders gef\u00e4rbt<\/p>\n<p><img src=http:\/\/ski.inmontanis.info\/d\/168739-2\/DSC05767.jpg \/><br \/>\n^ ESL bergw\u00e4rts. Die Wolke \u00fcber dem Monte Baldo war leider sehr hartn\u00e4ckig.<\/p>\n<p><img src=http:\/\/ski.inmontanis.info\/d\/168743-2\/DSC05768.jpg \/><br \/>\n^ Mittelstation und Gardasee<\/p>\n<p><img src=http:\/\/ski.inmontanis.info\/d\/168747-2\/DSC05771.jpg \/><br \/>\n^ Korblift und Gardasee von der Mittelstation aus<\/p>\n<p><a href='http:\/\/ski.inmontanis.info\/d\/168751-2\/DSC05786.jpg'><img src=http:\/\/ski.inmontanis.info\/d\/168750-3\/DSC05786.jpg \/><\/a><br \/>\n^ Bergstation Korblift und Pistenraupe<\/p>\n<p><img src=http:\/\/ski.inmontanis.info\/d\/168755-2\/DSC05779.jpg \/><br \/>\n^ Bergstation Korblift mit Italienfahne<\/p>\n<p><img src=http:\/\/ski.inmontanis.info\/d\/168759-2\/DSC05808.jpg \/><br \/>\n^ Talfahrt Korblift mit Blick zum ESL<\/p>\n<p><img src=http:\/\/ski.inmontanis.info\/d\/168763-2\/DSC05812.jpg \/><br \/>\n^ Auch auf der 1. Sektion wird eine geschlossene Kabine in Zukunft das Fahrgef\u00fchl stark tr\u00fcben.<\/p>\n<p><a href='http:\/\/ski.inmontanis.info\/d\/168767-2\/DSC05823.jpg'><img src=http:\/\/ski.inmontanis.info\/d\/168766-3\/DSC05823.jpg \/><\/a><br \/>\n^ Zoom Gardasee mit Miniatureffekt, weil&#8217;s gerade passend war<\/p>\n<p><a href='http:\/\/ski.inmontanis.info\/d\/168771-2\/DSC05828.jpg'><img src=http:\/\/ski.inmontanis.info\/d\/168770-3\/DSC05828.jpg \/><\/a><br \/>\n^ Zoom Korblift-Strecke<\/p>\n<p><a href='http:\/\/ski.inmontanis.info\/d\/168775-2\/DSC05831.jpg'><img src=http:\/\/ski.inmontanis.info\/d\/168774-3\/DSC05831.jpg \/><\/a><br \/>\n^ Korb von unten mit interessantem Zoomeffekt: Vom Boden her scheint der Korb wesentlich tiefer (l\u00e4nger) als man vom oberen Bereich (Hintert\u00fcr und Scharniere) den Eindruck h\u00e4tte.<\/p>\n<p><a href='http:\/\/ski.inmontanis.info\/d\/168779-2\/DSC05840.jpg'><img src=http:\/\/ski.inmontanis.info\/d\/168778-3\/DSC05840.jpg \/><\/a><br \/>\n^ Graffer Korblift-St\u00fctze<\/p>\n<p><a href='http:\/\/ski.inmontanis.info\/d\/168783-2\/DSC05856.jpg'><img src=http:\/\/ski.inmontanis.info\/d\/168782-3\/DSC05856.jpg \/><\/a><br \/>\n^ Beton-Niederhalter<\/p>\n<p><img src=http:\/\/ski.inmontanis.info\/d\/168787-2\/DSC05860.jpg \/><br \/>\n^ Beton-Niederhalter<\/p>\n<p><a href='http:\/\/ski.inmontanis.info\/d\/168791-2\/DSC05862.jpg'><img src=http:\/\/ski.inmontanis.info\/d\/168790-3\/DSC05862.jpg \/><\/a><br \/>\n^ Netz \u00fcber den ehemaligen Tal-SL<\/p>\n<p><img src=http:\/\/ski.inmontanis.info\/d\/168795-2\/DSC05870.jpg \/><br \/>\n^ Talstation<\/p>\n<p><img src=http:\/\/ski.inmontanis.info\/d\/168799-2\/DSC05872.jpg \/><br \/>\n^ Talstation Korblift<\/p>\n<p>Film beider Lifte inkl. einiger Zeitraffer und inkl. einiger IR-Sequenzen. Ist glaub ich diesmal ganz gut geworden:<br \/>\n<object style=\"height: 500px; width: 900px\"><param name=\"movie\" value=\"http:\/\/www.youtube.com\/v\/kIvbqjoWDWM\"><\/param><param name=\"wmode\" value=\"transparent\"><\/param><embed src=\"http:\/\/www.youtube.com\/v\/kIvbqjoWDWM\" type=\"application\/x-shockwave-flash\" wmode=\"transparent\"  width=\"900\" height=\"480\"><\/embed><\/object><\/p>\n<p>Als letztes Ziel stand noch Molveno am Plan. Ein weiterer Graffer-Korblift, der ebenfalls heuer zum letzten Mal in Betrieb sein soll. <\/p>\n<p><strong>Teil 6: 18.8.2013 &#8211; Molveno (Ende)<\/strong><\/p>\n<p>\u00dcber die schmale und steile Stra\u00dfe ging&#8217;s runter zum Gardasee und bis zum n\u00f6rdlichen Ende. Ab hier g\u00e4be es wieder mehrere Varianten, um weiter nach Molveno zu fahren &#8211; ich entschied mich bl\u00f6derweise f\u00fcr die rechte \u00fcber den Berg. Bl\u00f6d deshalb, weil mitten auf dem Weg ein Stau war. R\u00fcckstau vom Kreisverkehr oder gar noch weiter, die wollten nat\u00fcrlich zur Autobahn. Umkehren und retour? Da standen vorhin auch schon etliche &#8230; also dann halt die bittere Pille schlucken&#8230;<\/p>\n<p><em>(Fotos anklicken zum Vergr\u00f6\u00dfern, soweit nicht vergr\u00f6\u00dfert gepostet)<\/em><\/p>\n<p><a href='http:\/\/ski.inmontanis.info\/d\/168803-2\/DSC05881.jpg'><img src=http:\/\/ski.inmontanis.info\/d\/168802-3\/DSC05881.jpg \/><\/a><br \/>\n^ Schmale und steile Stra\u00dfe runter zum See. Also, hier ist ist sie ja relativ breit &#8230;<\/p>\n<p><a href='http:\/\/extra.inmontanis.info\/d\/17402-2\/DSC05888.jpg'><img src=http:\/\/extra.inmontanis.info\/d\/17400-3\/DSC05888.jpg \/><\/a><br \/>\n^ Wenn man im Stau steht &#8230; Seitenblick zum Gardasee<\/p>\n<p>Nach dem Kreisverkehr ging&#8217;s f\u00fcr mich wieder problemlos weiter. Dennoch war&#8217;s inzwischen schon ganz sch\u00f6n sp\u00e4t. Um 17:50 Uhr kam ich am Korblift in Molveno an und kaufte die Berg- und Talfahrt der ersten Sektion. Aber die neue DSB als 2. Sektion wollte ich ja eh nicht fahren. Bin ich schon 2010 gefahren, als ich mich auf die Suche nach \u00dcberresten des ehemaligen SL machte.<\/p>\n<p>Wie schon bei den ersten Teilen der Reise, sind auch die Sommerbilder und Videos vom 2.10.2010 noch nicht online gewesen &#8211; also hab ich auch einige Fotos und etliche Videoclips von damals verwurstet. Damals war egtl. nicht abzusehen, dass der Korblift noch bis 2013 in Betrieb sein w\u00fcrde, denn der Ersatz mit einer 8EUB war schon f\u00fcr 2011 ziemlich fix. Herbst 2013 soll&#8217;s jetzt &#8220;endlich&#8221; so weit sein. Leider. Denn vom Alter her d\u00fcrfte der Korblift noch einige Jahre fahren.<\/p>\n<p>An der DSB kann man im Winter ja auch Ski fahren, am 3.1.2009 war ich dort:<\/p>\n<p>http:\/\/www.sommerschi.com\/forum\/reportagen-f8\/rittnerhorn-molveno-3-1-2009-panostalgie-t1639.html#p20044<\/p>\n<p>War egtl. ganz nett und egtl. h\u00e4tte ich auch noch mal fahren wollen &#8211; aber ohne Korblift ist&#8217;s jetzt auch nicht mehr so interessant.<\/p>\n<p><a href='http:\/\/ski.inmontanis.info\/d\/168807-2\/DSC05889.jpg'><img src=http:\/\/ski.inmontanis.info\/d\/168806-3\/DSC05889.jpg \/><\/a><br \/>\n^ Talstation Korblift Molveno<\/p>\n<p><img src=http:\/\/ski.inmontanis.info\/d\/168811-2\/DSC05890.jpg \/><br \/>\n^ Talstation, Parkplatz und See<\/p>\n<p><img src=http:\/\/ski.inmontanis.info\/d\/168815-2\/DSC05903.jpg \/><br \/>\n^ Zoom zum See (HDR, weil der Lift gerade stand)<\/p>\n<p><a href='http:\/\/ski.inmontanis.info\/d\/168819-2\/DSC05905.jpg'><img src=http:\/\/ski.inmontanis.info\/d\/168818-3\/DSC05905.jpg \/><\/a><br \/>\n^ Obwohl es vergleichsweise ein recht neuer Korblift ist, hat dieser hier einen Holzboden und kein Blech.<\/p>\n<p><a href='http:\/\/ski.inmontanis.info\/d\/168823-2\/DSC09043.jpg'><img src=http:\/\/ski.inmontanis.info\/d\/168822-3\/DSC09043.jpg \/><\/a><br \/>\n^ See-Blick in IR<\/p>\n<p><a href='http:\/\/ski.inmontanis.info\/d\/168827-2\/DSC05911.jpg'><img src=http:\/\/ski.inmontanis.info\/d\/168826-3\/DSC05911.jpg \/><\/a><br \/>\n^ Blick zum See<\/p>\n<p><a href='http:\/\/ski.inmontanis.info\/d\/168831-2\/DSC05931.jpg'><img src=http:\/\/ski.inmontanis.info\/d\/168830-3\/DSC05931.jpg \/><\/a><br \/>\n^ St\u00fctze 13<\/p>\n<p><img src=http:\/\/ski.inmontanis.info\/d\/168835-2\/DSC05938.jpg \/><br \/>\n^ St\u00fctzen 12 bis 14<\/p>\n<p><img src=http:\/\/ski.inmontanis.info\/d\/168839-2\/DSC05941.jpg \/><br \/>\n^ Bergstation Korblift<\/p>\n<p><img src=http:\/\/ski.inmontanis.info\/d\/168847-2\/DSC05943.jpg \/><br \/>\n^ Die 3 St\u00fctzen vor der Bergstation mit Blick zum See<\/p>\n<p><a href='http:\/\/ski.inmontanis.info\/d\/168843-2\/DSC05942.jpg'><img src=http:\/\/ski.inmontanis.info\/d\/168842-3\/DSC05942.jpg \/><\/a><br \/>\n^ Bergstation\/Antrieb Korblift<\/p>\n<p><a href='http:\/\/ski.inmontanis.info\/d\/168851-2\/DSC05946.jpg'><img src=http:\/\/ski.inmontanis.info\/d\/168850-3\/DSC05946.jpg \/><\/a><br \/>\n^ Graffer-St\u00fctzen<\/p>\n<p><a href='http:\/\/ski.inmontanis.info\/d\/168855-2\/DSC05949.jpg'><img src=http:\/\/ski.inmontanis.info\/d\/168854-3\/DSC05949.jpg \/><\/a><br \/>\n^ Korb 12 und See<\/p>\n<p><a href='http:\/\/ski.inmontanis.info\/d\/168859-2\/DSC05954.jpg'><img src=http:\/\/ski.inmontanis.info\/d\/168858-3\/DSC05954.jpg \/><\/a><br \/>\n^ Bergstation<\/p>\n<p><img src=http:\/\/ski.inmontanis.info\/d\/168863-2\/DSC05961.jpg \/><br \/>\n^ Steil abw\u00e4rts<\/p>\n<p><img src=http:\/\/ski.inmontanis.info\/d\/168867-2\/DSC05978.jpg \/><br \/>\n^ Molveno mit See<\/p>\n<p><a href='http:\/\/ski.inmontanis.info\/d\/168871-2\/DSC05981.jpg'><img src=http:\/\/ski.inmontanis.info\/d\/168870-3\/DSC05981.jpg \/><\/a><br \/>\n^ Talstation<\/p>\n<p><img src=http:\/\/ski.inmontanis.info\/d\/168875-2\/DSC05992.jpg \/><br \/>\n^ Strecke Korblift<\/p>\n<p><img src=http:\/\/ski.inmontanis.info\/d\/168879-2\/DSC05997.jpg \/><br \/>\n^ Korblift-Strecke<\/p>\n<p>Und hier noch die bisher nicht ver\u00f6ffentlichten Bilder vom 2.10.2010, als ich mich auf die Suche nach \u00dcberresten des ehemals rechten SL gemacht hatte. (Damals hatte ich leider diese uns\u00e4gliche Fuji &#8211; Digicam, deren Bildqualit\u00e4t einfach nur mies war.)<\/p>\n<p>Zum \u00dcberblick:<\/p>\n<p><img src=http:\/\/ski.inmontanis.info\/d\/97357-3\/ge_molveno2.jpg \/><br \/>\n^ GPS-Track Skifahren 3.1.2009 und alte Lifte: Rot der ESL, Magenta die beiden SL (gesch\u00e4tzt)<\/p>\n<p><a href='http:\/\/ski.inmontanis.info\/d\/168883-2\/DSCF2037.jpg'><img src=http:\/\/ski.inmontanis.info\/d\/168882-3\/DSCF2037.jpg \/><\/a><br \/>\n^ Skik\u00f6cher<\/p>\n<p><a href='http:\/\/ski.inmontanis.info\/d\/168887-2\/DSCF2080.jpg'><img src=http:\/\/ski.inmontanis.info\/d\/168886-3\/DSCF2080.jpg \/><\/a><br \/>\n^ Ex-ESL-Trasse<\/p>\n<p><a href='http:\/\/ski.inmontanis.info\/d\/168891-2\/DSCF2083.jpg'><img src=http:\/\/ski.inmontanis.info\/d\/168890-3\/DSCF2083.jpg \/><\/a><br \/>\n^ DSB Talstation<\/p>\n<p><a href='http:\/\/ski.inmontanis.info\/d\/168895-2\/DSCF2090.jpg'><img src=http:\/\/ski.inmontanis.info\/d\/168894-3\/DSCF2090.jpg \/><\/a><br \/>\n^ DSB Bergstation<\/p>\n<p><a href='http:\/\/ski.inmontanis.info\/d\/168899-2\/DSCF2092.jpg'><img src=http:\/\/ski.inmontanis.info\/d\/168898-3\/DSCF2092.jpg \/><\/a><br \/>\n^ Ex-SL-Trasse<\/p>\n<p><a href='http:\/\/ski.inmontanis.info\/d\/168903-2\/DSCF2093.jpg'><img src=http:\/\/ski.inmontanis.info\/d\/168902-3\/DSCF2093.jpg \/><\/a><br \/>\n^ Ehemaliger Start der Abfahrt am SL; links das Rifugio<\/p>\n<p><img src=http:\/\/ski.inmontanis.info\/d\/168907-2\/DSCF2106.jpg \/><br \/>\n^ Blick in den Talschluss vom Rifugio aus<\/p>\n<p><img src=http:\/\/ski.inmontanis.info\/d\/168911-2\/DSCF2116.jpg \/><br \/>\n^ Vernebelte Gipfel<\/p>\n<p><a href='http:\/\/ski.inmontanis.info\/d\/168915-2\/DSCF2128.jpg'><img src=http:\/\/ski.inmontanis.info\/d\/168914-3\/DSCF2128.jpg \/><\/a><br \/>\n^ Ex-SL-Abfahrt<\/p>\n<p><a href='http:\/\/ski.inmontanis.info\/d\/168919-2\/DSCF2129.jpg'><img src=http:\/\/ski.inmontanis.info\/d\/168918-3\/DSCF2129.jpg \/><\/a><br \/>\n^ Ex-SL-Abfahrt<\/p>\n<p><a href='http:\/\/ski.inmontanis.info\/d\/168923-2\/DSCF2132.jpg'><img src=http:\/\/ski.inmontanis.info\/d\/168922-3\/DSCF2132.jpg \/><\/a><br \/>\n^ Ex-SL-Abfahrt<\/p>\n<p><a href='http:\/\/ski.inmontanis.info\/d\/168927-2\/DSCF2137.jpg'><img src=http:\/\/ski.inmontanis.info\/d\/168926-3\/DSCF2137.jpg \/><\/a><br \/>\n^ Ex-SL-Abfahrt, im unteren Bereich dann recht flach.<\/p>\n<p><a href='http:\/\/ski.inmontanis.info\/d\/168931-2\/DSCF2139.jpg'><img src=http:\/\/ski.inmontanis.info\/d\/168930-3\/DSCF2139.jpg \/><\/a><br \/>\n^ Ex-SL-Trasse<\/p>\n<p><a href='http:\/\/ski.inmontanis.info\/d\/168935-2\/DSCF2145.jpg'><img src=http:\/\/ski.inmontanis.info\/d\/168934-3\/DSCF2145.jpg \/><\/a><br \/>\n^ Ex-SL-Trasse und Abfahrt. Evtl. war in dem Bereich die Talstation<\/p>\n<p><a href='http:\/\/ski.inmontanis.info\/d\/168939-2\/DSCF2151.jpg'><img src=http:\/\/ski.inmontanis.info\/d\/168938-3\/DSCF2151.jpg \/><\/a><br \/>\n^ Baita Pineta<\/p>\n<p><img src=http:\/\/ski.inmontanis.info\/d\/168943-2\/DSCF2156.jpg \/><br \/>\n^ Korblift-3-fach-St\u00fctze an der Bergstation<\/p>\n<p><img src=http:\/\/ski.inmontanis.info\/d\/168947-2\/DSCF2175.jpg \/><br \/>\n^ Korblift talw\u00e4rts<\/p>\n<p><img src=http:\/\/ski.inmontanis.info\/d\/168951-2\/DSCF2177.jpg \/><br \/>\n^ Korblift<\/p>\n<p><img src=http:\/\/ski.inmontanis.info\/d\/168955-2\/DSCF2198.jpg \/><br \/>\n^ Zoom oberer Streckenteil<\/p>\n<p><a href='http:\/\/ski.inmontanis.info\/d\/168959-2\/DSCF2204.jpg'><img src=http:\/\/ski.inmontanis.info\/d\/168958-3\/DSCF2204.jpg \/><\/a><br \/>\n^ Korblift und See<\/p>\n<p>Und noch das Video von 2013 &#038; 2010:<br \/>\n<object style=\"height: 500px; width: 900px\"><param name=\"movie\" value=\"http:\/\/www.youtube.com\/v\/PY-AQhckNcY\"><\/param><param name=\"wmode\" value=\"transparent\"><\/param><embed src=\"http:\/\/www.youtube.com\/v\/PY-AQhckNcY\" type=\"application\/x-shockwave-flash\" wmode=\"transparent\"  width=\"900\" height=\"480\"><\/embed><\/object><\/p>\n<p>\u00dcber Fai und Mezzolombardo ging&#8217;s auf die Autobahn, die inzwischen staufrei war. Da ich den teuren Diesel in Italien nicht mehr tanken wollte, ging&#8217;s mit gem\u00fctlichen 100 km\/h auf der Autobahn nach Innsbruck, wo es neben Sprit auch Regen gab. In Summe bin ich an diesem Wochenende 1.020 km gefahren &#8211; und war aber doch sehr froh \u00fcber meine Entscheidung, nicht nur Korblift + ESL in Prada besucht zu haben, sondern auch noch 5 weitere.<\/p>\n","protected":false},"excerpt":{"rendered":"<p>Teil 4: 18.8.2013 &#8211; Aviatico, Monte Poieto<\/p>\n<p>Da der Gondellift in Aviatico erst um 9 Uhr in Betrieb geht, musste ich ja nicht so fr\u00fch aufstehen. Also egtl. hatte ich mir eingebildet, am Abend 1,5 Stunden Fahrzeit am Navi gelesen zu haben &#8211; komischerweie waren&#8217;s aber am Morgen doch 2h, die hier und da jedoch <a href=\"http:\/\/blog.inmontanis.info\/?p=2493\">[&#8230;]<\/a><\/p>\n","protected":false},"author":1,"featured_media":0,"comment_status":"open","ping_status":"closed","sticky":false,"template":"","format":"standard","meta":{"footnotes":""},"categories":[527,15,458,59,420,81],"tags":[35,90,63,45,47],"class_list":["post-2493","post","type-post","status-publish","format-standard","hentry","category-aviatico","category-italienitaly","category-molveno","category-nostalgie","category-prada-costabella","category-kurztrips","tag-esl","tag-infrarot","tag-korblift","tag-see","tag-sl","odd"],"_links":{"self":[{"href":"http:\/\/blog.inmontanis.info\/index.php?rest_route=\/wp\/v2\/posts\/2493","targetHints":{"allow":["GET"]}}],"collection":[{"href":"http:\/\/blog.inmontanis.info\/index.php?rest_route=\/wp\/v2\/posts"}],"about":[{"href":"http:\/\/blog.inmontanis.info\/index.php?rest_route=\/wp\/v2\/types\/post"}],"author":[{"embeddable":true,"href":"http:\/\/blog.inmontanis.info\/index.php?rest_route=\/wp\/v2\/users\/1"}],"replies":[{"embeddable":true,"href":"http:\/\/blog.inmontanis.info\/index.php?rest_route=%2Fwp%2Fv2%2Fcomments&post=2493"}],"version-history":[{"count":3,"href":"http:\/\/blog.inmontanis.info\/index.php?rest_route=\/wp\/v2\/posts\/2493\/revisions"}],"predecessor-version":[{"id":2496,"href":"http:\/\/blog.inmontanis.info\/index.php?rest_route=\/wp\/v2\/posts\/2493\/revisions\/2496"}],"wp:attachment":[{"href":"http:\/\/blog.inmontanis.info\/index.php?rest_route=%2Fwp%2Fv2%2Fmedia&parent=2493"}],"wp:term":[{"taxonomy":"category","embeddable":true,"href":"http:\/\/blog.inmontanis.info\/index.php?rest_route=%2Fwp%2Fv2%2Fcategories&post=2493"},{"taxonomy":"post_tag","embeddable":true,"href":"http:\/\/blog.inmontanis.info\/index.php?rest_route=%2Fwp%2Fv2%2Ftags&post=2493"}],"curies":[{"name":"wp","href":"https:\/\/api.w.org\/{rel}","templated":true}]}}