{"id":2489,"date":"2013-08-17T19:50:39","date_gmt":"2013-08-17T17:50:39","guid":{"rendered":"http:\/\/blog.inmontanis.info\/?p=2489"},"modified":"2023-08-03T22:17:51","modified_gmt":"2023-08-03T20:17:51","slug":"cortinastaunies-fedaiafiacconi-sellapasslangkofelscharte-17-8-2013","status":"publish","type":"post","link":"http:\/\/blog.inmontanis.info\/?p=2489","title":{"rendered":"Cortina\/Staunies, Fedaia\/Fiacconi, Sellapass\/Langkofelscharte, 17.8.2013"},"content":{"rendered":"<p>Da die Lifte in Prada\/Gardasee ja am 21.8. schlie\u00dfen sollten, musste ich nat\u00fcrlich noch mal hinfahren. Und wenn man schon mal in der Gegend ist, k\u00f6nnte man doch auch das Wochenende bleiben und alle Gondel- und Korblifte in der Gegend abfahren?<\/p>\n<p>Mal ein \u00dcberblick, was in den Alpen noch rumsteht, von Ost nach West:<\/p>\n<p>&#8211; Cortina d&#8217;Ampezzo, Cristallo \/ Forcella Staunies, Gondellift Leitner, alt, soll 2013 oder 2014 das letzte Mal in Betrieb sein<br \/>\n&#8211; Passo Fedaia \/ Marmolada, Pian Fiacconi, Korblift Graffer, Zukunft ungewiss, k\u00f6nnte evtl. noch ein paar Jahre fahren<br \/>\n&#8211; Sellapass, Langkofelscharte, Gondellift Trojer, Zukunft ungewiss, k\u00f6nnte evtl. noch ein paar Jahre fahren<br \/>\n&#8211; Vellau Leiteralm, ESL + Korblift Trojer, wird uns die n\u00e4chsten Jahre ziemlich sicher erhalten bleiben<br \/>\n&#8211; Molveno, Pradel, Korblift Graffer, wird im Herbst 2013 ziemlich definitiv mit neuer EUB ersetzt<br \/>\n&#8211; Prada\/Gardasee, Costabella \/ Monte Baldo, Korblift + ESL Graffer, Betriebseinstellung 21.8.2013, evtl. Verl\u00e4ngerungen um 1-2 Jahre werden angestrebt<br \/>\n&#8211; Aviatico, Monte Poieto, Gondellift MEB, wurde vor wenigen Jahren neu gebaut<br \/>\n&#8211; Laveno \/ Lago Maggiore, Gondellift CCM, wurde vor wenigen Jahren neu gebaut<br \/>\n&#8211; Oropa, Monte Camino, Korblift Marchisio\/CCM, Betrieb im Fr\u00fchjahr 2013 eingestellt, voraussichtlich ab Winter nochmal 1-2 Jahre Verl\u00e4ngerung<br \/>\n&#8211; Lurisia, Monte Pigna, Gondellift CCM, wurde vor wenigen Jahren neu gebaut, trotzdem wg. finanzieller Schwierigkeiten eher ungewisse Zukunft<\/p>\n<p>Die letzten 3 waren f\u00fcr diese WE-Rundfahrt zu weit weg, und ob ich Aviatio oder Vellau fahren w\u00fcrde, war mir nicht ganz klar &#8211; und hing auch damit zusammen, ob ich am Samstag 3 oder 4 Lifte schaffen w\u00fcrde.<\/p>\n<p>Da ich alle Lifte schon kenne, wollte ich nicht all zu viele Fotos machen. Aber schlussendlich sind es in den 2 Tagen doch knapp 1.000 Fotos und Filme geworden &#8230;..<\/p>\n<p><img src=http:\/\/extra.inmontanis.info\/d\/17398-2\/ge-20130817-18a.jpg \/><br \/>\n^ Fahrstrecke und Seilbahnen 17.+18.8.2013<\/p>\n<p><strong>Teil 1: 17.8.2013 &#8211; Cortina d&#8217;Ampezzo, Cristallo \/ Forcella Staunies<\/strong><\/p>\n<p>Fr\u00fch ging&#8217;s los, so dass ich um 8:20 Uhr an der Talstation der 4KSB war und um 23,- \u20ac die A&#038;R-Fahrkarte f\u00fcr beide Sektionen nahm. Es g\u00e4be zwar eine Sommer-Punktekarte im Dolomiti-Superski-Bereich, allerdings scheint man damit tats\u00e4chlich drauf zu zahlen&#8230;<\/p>\n<p>Obwohl ich viele Fotos gemacht hab, hab ich nur wenige upgeloadet, da ich letzten Herbst ja bereits sehr viele sch\u00f6ne Fotos gemacht hab, somit erst mal der Link zum letztj\u00e4hrigen Beitrag:<\/p>\n<p><a href='http:\/\/www.sommerschi.com\/forum\/reportagen-f8\/die-legende-22-9-2012-eine-wuerdigung-in-150-bilde-t2872-s15.html'>http:\/\/www.sommerschi.com\/forum\/reportagen-f8\/die-legende-22-9-2012-eine-wuerdigung-in-150-bilde-t2872-s15.html<\/a><\/p>\n<p>Interessanterweise hatte ich letztes Jahr vergessen, die Videos zusammen zu schneiden &#8211; so dass sich mit den wenigeren von diesem Mal ein sch\u00f6nes Gesamtvideo ergibt. Link wie \u00fcblich am Ende.<\/p>\n<p><em>(Fotos anklicken zum Vergr\u00f6\u00dfern, soweit nicht vergr\u00f6\u00dfert gepostet)<\/em><\/p>\n<p><a href='http:\/\/ski.inmontanis.info\/d\/168025-2\/DSC05167.jpg'><img src=http:\/\/ski.inmontanis.info\/d\/168024-3\/DSC05167.jpg \/><\/a><br \/>\n^ Talstation Cristallo-Gebiet<\/p>\n<p><a href='http:\/\/ski.inmontanis.info\/d\/168029-2\/DSC05170.jpg'><img src=http:\/\/ski.inmontanis.info\/d\/168028-3\/DSC05170.jpg \/><\/a><br \/>\n^ Wird die Abfahrt hier jedes Fr\u00fchjahr auf- und im Herbst wieder zugebaggert? Auch ungew\u00f6hnlich&#8230;.<\/p>\n<p><img src=http:\/\/ski.inmontanis.info\/d\/168033-2\/DSC05174.jpg \/><br \/>\n^ Gondellift Forcella Staunies<\/p>\n<p><img src=http:\/\/ski.inmontanis.info\/d\/168037-2\/DSC05177.jpg \/><br \/>\n^ Zoom St\u00fctze 3 bis Bergstation<\/p>\n<p><img src=http:\/\/ski.inmontanis.info\/d\/168041-2\/DSC05186.jpg \/><br \/>\n^ Glaub &#8216;ne 3S-Bahn w\u00fcrde von der Breite nicht in die Scharte passen :-)<\/p>\n<p><img src=http:\/\/ski.inmontanis.info\/d\/168045-2\/DSC05191.jpg \/><br \/>\n^ Jetzt am Morgen ist nat\u00fcrlich noch alles schattig&#8230; aber immerhin ganz schattig, was somit wieder angenehmer zum Fotografieren ist als Halb-Sonne-Halb-Schatten-Verh\u00e4ltnisse.<\/p>\n<p><img src=http:\/\/ski.inmontanis.info\/d\/168049-2\/DSC05197.jpg \/><br \/>\n^ Mittelstation, das Schneefeld ist heuer noch recht gro\u00df<\/p>\n<p><img src=http:\/\/ski.inmontanis.info\/d\/168053-2\/DSC05200.jpg \/><br \/>\n^ Oberer Teil der Scharte und weitere Schneefelder<\/p>\n<p><img src=http:\/\/ski.inmontanis.info\/d\/168057-2\/DSC05204.jpg \/><br \/>\n^ Talblick<\/p>\n<p><img src=http:\/\/ski.inmontanis.info\/d\/168061-2\/DSC05206.jpg \/><br \/>\n^ Bergstation<\/p>\n<p><img src=http:\/\/ski.inmontanis.info\/d\/168065-2\/DSC05210.jpg \/><br \/>\n^ 4-fach-St\u00fctze 15<\/p>\n<p><img src=http:\/\/ski.inmontanis.info\/d\/168069-2\/DSC05214.jpg \/><br \/>\n^ Kabine<\/p>\n<p><img src=http:\/\/ski.inmontanis.info\/d\/168073-2\/DSC05218.jpg \/><br \/>\n^ Komplette Strecke<\/p>\n<p><a href='http:\/\/ski.inmontanis.info\/d\/168077-2\/DSC05222.jpg'><img src=http:\/\/ski.inmontanis.info\/d\/168076-3\/DSC05222.jpg \/><\/a><br \/>\n^ Die Scharte auf der R\u00fcckseite. Ganz sch\u00f6n eng &#8211; und im Winter fahren da manche Skifahrer runter&#8230;<\/p>\n<p><a href='http:\/\/ski.inmontanis.info\/d\/168081-2\/DSC05226.jpg'><img src=http:\/\/ski.inmontanis.info\/d\/168080-3\/DSC05226.jpg \/><\/a><br \/>\n^ St\u00fctze 15, 15, 15 und 15, die vorderen Rollen waren etwas arg schief &#8230; Rechts das Solar-Panel ist \u00fcbrigens neu.<\/p>\n<p><img src=http:\/\/ski.inmontanis.info\/d\/168085-2\/DSC08863.jpg \/><br \/>\n^ IR-Pano<\/p>\n<p><a href='http:\/\/ski.inmontanis.info\/d\/168089-2\/DSC08869.jpg'><img src=http:\/\/ski.inmontanis.info\/d\/168088-3\/DSC08869.jpg \/><\/a><br \/>\n^ Gondellift-Talstationsbereich in IR<\/p>\n<p><a href='http:\/\/ski.inmontanis.info\/d\/168093-2\/DSC05230.jpg'><img src=http:\/\/ski.inmontanis.info\/d\/168092-3\/DSC05230.jpg \/><\/a><br \/>\n^ Kurz vor der Talstation<\/p>\n<p><a href='http:\/\/ski.inmontanis.info\/d\/168097-2\/DSC05233.jpg'><img src=http:\/\/ski.inmontanis.info\/d\/168096-3\/DSC05233.jpg \/><\/a><br \/>\n^ Weil&#8217;s grad passend war :)<\/p>\n<p><a href='http:\/\/ski.inmontanis.info\/d\/168105-2\/DSC05242.jpg'><img src=http:\/\/ski.inmontanis.info\/d\/168104-3\/DSC05242.jpg \/><\/a><br \/>\n^ Seite der Talstation<\/p>\n<p><img src=http:\/\/ski.inmontanis.info\/d\/168101-2\/DSC05238.jpg \/><br \/>\n^ Forcella-Staunies-Gondellift komplette Strecke von unten<\/p>\n<p>Und der Film, wie gesagt, von meinen Besuchen 2012 (bisher unver\u00f6ffentlicht) und 2013:<br \/>\n<object style=\"height: 500px; width: 900px\"><param name=\"movie\" value=\"http:\/\/www.youtube.com\/v\/k9RrjY9z8lA\"><\/param><param name=\"wmode\" value=\"transparent\"><\/param><embed src=\"http:\/\/www.youtube.com\/v\/k9RrjY9z8lA\" type=\"application\/x-shockwave-flash\" wmode=\"transparent\"  width=\"900\" height=\"480\"><\/embed><\/object><\/p>\n<p><strong>Teil 2: 17.8.2013 &#8211; Passo Fedaia, Pian Fiacconi \/ Marmolada<\/strong><\/p>\n<p>Von Cortina aus ging&#8217;s \u00fcber den Passo Giau zum Passo Fedaia. Verkehrm\u00e4\u00dfig doch einiges mehr los gewesen als nach dem Sommerski im Juni, insb. mehr Langsamfahrer. Die mich heute und morgen noch \u00f6fters \u00e4rgern sollten&#8230;<\/p>\n<p>Gegen Mittag war ich am Korblift und zahlte die Berg- und Talfahrt. Neu seit meinem letzten Besuch war hier und da etwas Farbe, und ein Fernseher neben dem Kassenh\u00e4uschen, auf dem ein Non-Stop-Film lief, wie man an diesem Lift richtig auszusteigen hat.<\/p>\n<p>Zum Aussteigen bei Korb- und Gondellifte kommt es n\u00e4mlich auf die Bauart an:<\/p>\n<p>Wenn man genau von hinten einsteigt (Graffer, oder auch der Gondellift am Langkofel), sollte man r\u00fcckw\u00e4rts aussteigen. Was immer etwas problematisch ist, weil man nat\u00fcrlich erst mal suchen muss, wo der Korb aufh\u00f6rt :) Daf\u00fcr ist die Bodenber\u00fchrung dadurch sehr angenehm und man kann auch nicht umfallen etc.<\/p>\n<p>Bei Korb- und Gondelliften, wo man schr\u00e4g einsteigt (also so zwischen &#8220;3 und 6 Uhr&#8221;, wie z.B. beim Marchisio-Korblift oder den anderen 2er Kabinen), sollte man besser vorw\u00e4rts aussteigen (so wie man wohl fr\u00fcher auch von langsam fahrenden Stra\u00dfenbahnen abgestiegen ist).<\/p>\n<p>Wie im Sommer bei Sesselliften wird einem leider mittlerweile auch bei allen Gondel- und Korbliften &#8220;geholfen&#8221; und man &#8220;darf&#8221; nicht mehr alleine aussteigen, immer will einem der Bedienstete helfen und fasst einen an und zerrt an einen und will einen festhalten usw. Echt, das nervt. Am schlimmsten sind die an den Sesselliften, die einem dann auch noch das Fu\u00dfraster von hinten runterschubsen oder beim Aussteigen auf die rote Schuhmarkierung deuten. Hallo! Ich wei\u00df wie das geht, ich bin nicht behindert, ich bin keine 80 Jahre alt! Teilweise nervt mich das so, dass ich schon gar keine Sessellifte im Sommer mehr fahren will.<\/p>\n<p>Wie schon beim vorherigen Bericht hab ich auch am Fedaia eine Leiche gefunden &#8211; sogar noch krasser: Ich hab es doch tats\u00e4chlich geschafft, bei meinem letzten Besuch im Mai 2011 den Film zu schneiden, auf Youtube upzuloaden &#8211; und dann vergess ich ihn dort als &#8220;privat&#8221;, so dass ihn keiner ansehen kann!! Nun, dann eben diesmal wieder eine Mischung aus Winter und Sommer, neu zusammengemischt.<\/p>\n<p>(Wobei, vom Langkofelscharten-Gondellift hatte ich von meinem letzten Sommerbesuch glaub ich noch nicht mal die Fotos upgeloadet, also egtl. noch eine fettere Leiche&#8230;)<\/p>\n<p><em>(Fotos anklicken zum Vergr\u00f6\u00dfern, soweit nicht vergr\u00f6\u00dfert gepostet)<\/em><\/p>\n<p><img src=http:\/\/ski.inmontanis.info\/d\/168109-2\/DSC05254.jpg \/><br \/>\n^ Korblift und Stausee am Fedaiapass; man beachte auch den ziemlich vollen oberen Parkplatz (der im Winter ja nicht  zum Parken ge\u00f6ffnet ist).<\/p>\n<p><img src=http:\/\/ski.inmontanis.info\/d\/168113-2\/DSC05255.jpg \/><br \/>\n^ Graffer<\/p>\n<p><img src=http:\/\/ski.inmontanis.info\/d\/168117-2\/DSC05258.jpg \/><br \/>\n^ Stausee, Lift und Abfahrt<\/p>\n<p><img src=http:\/\/ski.inmontanis.info\/d\/168121-2\/DSC05259.jpg \/><br \/>\n^ Ist das in der Bildmitte jetzt Fels oder schuttbedeckter Altschnee \/ Gletscher? Kaum zu unterschieden von hier aus&#8230;<\/p>\n<p><a href='http:\/\/ski.inmontanis.info\/d\/168125-2\/DSC05263.jpg'><img src=http:\/\/ski.inmontanis.info\/d\/168124-3\/DSC05263.jpg \/><\/a><br \/>\n^ Steilstufe<\/p>\n<p><img src=http:\/\/ski.inmontanis.info\/d\/168129-2\/DSC05274.jpg \/><br \/>\n^ Oberer Teil<\/p>\n<p><img src=http:\/\/ski.inmontanis.info\/d\/168133-2\/DSC05278.jpg \/><br \/>\n^ Bergstation und Gletscher, fast keine Blankeisstellen heuer!<\/p>\n<p><a href='http:\/\/ski.inmontanis.info\/d\/168137-2\/DSC05285.jpg'><img src=http:\/\/ski.inmontanis.info\/d\/168136-3\/DSC05285.jpg \/><\/a><br \/>\n^ H\u00f6hlen vom Krieg und PB-Mittelstation<\/p>\n<p><a href='http:\/\/ski.inmontanis.info\/d\/168141-2\/DSC08887.jpg'><img src=http:\/\/ski.inmontanis.info\/d\/168140-3\/DSC08887.jpg \/><\/a><br \/>\n^ Korblift und See in Falschfarb-IR<\/p>\n<p><img src=http:\/\/ski.inmontanis.info\/d\/168145-2\/DSC05297.jpg \/><br \/>\n^ Pano an der Bergstation zu See, Langkofel und Sella<\/p>\n<p><a href='http:\/\/ski.inmontanis.info\/d\/168149-2\/DSC05296.jpg'><img src=http:\/\/ski.inmontanis.info\/d\/168148-3\/DSC05296.jpg \/><\/a><br \/>\n^ Bergstation<\/p>\n<p><img src=http:\/\/ski.inmontanis.info\/d\/168153-2\/DSC05302.jpg \/><br \/>\n^ St\u00fctze 26 und Gletscher<\/p>\n<p><a href='http:\/\/ski.inmontanis.info\/d\/168157-2\/DSC05307.jpg'><img src=http:\/\/ski.inmontanis.info\/d\/168156-3\/DSC05307.jpg \/><\/a><br \/>\n^ Rifugio<\/p>\n<p><a href='http:\/\/ski.inmontanis.info\/d\/168161-2\/DSC05308.jpg'><img src=http:\/\/ski.inmontanis.info\/d\/168160-3\/DSC05308.jpg \/><\/a><br \/>\n^ Bergstation<\/p>\n<p><img src=http:\/\/ski.inmontanis.info\/d\/168165-2\/DSC05309.jpg \/><br \/>\n^ Bergstation und komplette Strecke (naja, zumindest sieht man den See unten)<\/p>\n<p><img src=http:\/\/ski.inmontanis.info\/d\/168169-2\/DSC05320.jpg \/><br \/>\n^ Wieder die Kriegsh\u00f6hlen, diesmal mit der Antriebsstation des Gletscher-SL im Zoom<\/p>\n<p><img src=http:\/\/ski.inmontanis.info\/d\/168173-2\/DSC05321.jpg \/><br \/>\n^ Korblift und See im Zoom<br \/>\n(Ab hier hab ich den See farblich vom Gr\u00fcnen etwas mehr ins Blaue verschoben.)<\/p>\n<p><img src=http:\/\/ski.inmontanis.info\/d\/168177-2\/DSC05329.jpg \/><br \/>\n^ St\u00fctze und See<\/p>\n<p><img src=http:\/\/ski.inmontanis.info\/d\/168181-2\/DSC05335.jpg \/><br \/>\n^ Graffer-St\u00fctze und Stausee. Mit dem neuen EVF kann ich jetzt auch w\u00e4hrend des Liftfahrens mit dem Zoom-Objektiv gut fokusieren.<\/p>\n<p><img src=http:\/\/ski.inmontanis.info\/d\/168185-2\/DSC05339.jpg \/><br \/>\n^ Der bl\u00e4ulichere See schaut einfach besser aus :) (Ganz blau wollt ich ihn aber dann doch nicht machen.) (Die Fundamente am Boden waren wohl von der nie fertig gebauten Agudio-EUB)<\/p>\n<p><img src=http:\/\/ski.inmontanis.info\/d\/168189-2\/DSC05348.jpg \/><br \/>\n^ Alte ESL-St\u00fctze. Der Korblift ist ja immerhin schon die 3. Liftgeneration.<\/p>\n<p><img src=http:\/\/ski.inmontanis.info\/d\/168193-2\/DSC05349.jpg \/><br \/>\n^ St\u00fctzentrippel mit See<\/p>\n<p><img src=http:\/\/ski.inmontanis.info\/d\/168197-2\/DSC05351.jpg \/><br \/>\n^ Die St\u00fctzen und der See geben einen sch\u00f6nen Kontrast<\/p>\n<p><img src=http:\/\/ski.inmontanis.info\/d\/168201-2\/DSC05353.jpg \/><br \/>\n^ .. wobei, die Wartungspodeste st\u00f6ren optisch, selbst hochgeklappt.<\/p>\n<p><img src=http:\/\/ski.inmontanis.info\/d\/168205-2\/DSC05356.jpg \/><br \/>\n^ Unterer Streckenteil und Staumauer<\/p>\n<p><img src=http:\/\/ski.inmontanis.info\/d\/168209-2\/DSC05359.jpg \/><br \/>\n^ Mal nochmal mit der Bergkette im Hintergrund ..<\/p>\n<p><img src=http:\/\/ski.inmontanis.info\/d\/168213-2\/DSC08891.jpg \/><br \/>\n^ Stausee und Korblift in Falschfarb-IR .. als optischer Ausgleich f\u00fcr die Augen, weil in den letzten Bildern so viel gr\u00fcn und blau und so wenig rot zu sehen war ;-)<\/p>\n<p><a href='http:\/\/ski.inmontanis.info\/d\/168217-2\/DSC05360.jpg'><img src=http:\/\/ski.inmontanis.info\/d\/168216-3\/DSC05360.jpg \/><\/a><br \/>\n^ Abspannung an der Talstation, wurde vor kurzem &#8230; \u00e4h.. tapeziert? War egtl. ein Holzverschlag &#8230;. Und auch das Schild wurde neu gemalt, wieder handschriftlich wie bisher (selbe Schrift).<\/p>\n<p><img src=http:\/\/ski.inmontanis.info\/d\/168221-2\/DSC05363.jpg \/><br \/>\n^ Talstation und unterer Streckenabschnitt. Neben der Kasse steht ein TV und zeigt einen Film, wie man an diesem Korblift richtig auszusteigen hat.<\/p>\n<p><img src=http:\/\/ski.inmontanis.info\/d\/168225-2\/DSC05365.jpg \/><br \/>\n^ Staumauer .. ne, wollte einfach mal wieder mein Auto im Bild haben :)<\/p>\n<p><img src=http:\/\/ski.inmontanis.info\/d\/168229-2\/DSC05413.jpg \/><br \/>\n^ Marmolada von Gegen\u00fcber (Langkofelscharte)<\/p>\n<p><img src=http:\/\/ski.inmontanis.info\/d\/168233-2\/DSC05415.jpg \/><br \/>\n^ Zoom zum Korblift vom (Gondel-) Korblift gegen\u00fcber. Kann man au\u00dfer in Gegenrichtung sonst wohl auch nirgends mehr machen, dass man von einem Gondel\/Korblift zum anderen schauen kann&#8230;<\/p>\n<p><img src=http:\/\/ski.inmontanis.info\/d\/168237-2\/DSC05416.jpg \/><br \/>\n^ Zoom Gletscher-SL und Serauta. Wird der SL noch regelm\u00e4\u00dfig versetzt? Die St\u00fctzen stehen noch so gut rum. L\u00e4uft ja schon jahrelang nicht mehr. Gut zu sehen auch der heuer noch sehr gut eingeschneite Gletscher.<\/p>\n<p>Der angesprochene Videoclip Winter 2011 + Sommer 2013:<br \/>\n<object style=\"height: 500px; width: 900px\"><param name=\"movie\" value=\"http:\/\/www.youtube.com\/v\/tXNeX-AlTE0\"><\/param><param name=\"wmode\" value=\"transparent\"><\/param><embed src=\"http:\/\/www.youtube.com\/v\/tXNeX-AlTE0\" type=\"application\/x-shockwave-flash\" wmode=\"transparent\"  width=\"900\" height=\"480\"><\/embed><\/object><\/p>\n<p><strong>Teil 3: 17.8.2013 &#8211; Langkofelscharte\/Sassolungo, Sellapass + Tremalzo<\/strong><\/p>\n<p>An einer der Bars im Bereich der Talstation des Fedaia-Korblifts hab ich mir erst noch ein Panino con salsiccia gekauft, bevor es weiter zum Sellapass ging, was ja nur ein Katzensprung ist.<\/p>\n<p>Oben angekommen. Hm. 4,- \u20ac Parkplatzgeb\u00fchren, an irgendeiner Bar zu bezahlen. F\u00fcr die paar Minuten Berg- und Talfahrt? Och n\u00f6.. fahr ich noch etwas rum, zum Gl\u00fcck fuhr dann auf einem der kleinen Parkpl\u00e4tze weiter oben einer raus. Bissl Fu\u00dfweg, was soll&#8217;s.<\/p>\n<p>An der Kasse die Andata &#038; Ritorno &#8211; Fahrkarte gekauft. Erst als ich am Rifugio an der Bergstation beim Vorbeigehen die deutsche Speisekarte las, fiel mir ein, dass ich die Fahrkarte ja auch in Deutsch h\u00e4tte ordern k\u00f6nnen :)<\/p>\n<p><em>(Fotos anklicken zum Vergr\u00f6\u00dfern, soweit nicht vergr\u00f6\u00dfert gepostet)<\/em><\/p>\n<p><img src=http:\/\/ski.inmontanis.info\/d\/168241-3\/DSC05319.jpg \/><br \/>\n^ Langkofelscharte mit fast unsichtbarem Gondellift im Zoom vom Fedaia-Korblift aus.<\/p>\n<p><img src=http:\/\/ski.inmontanis.info\/d\/168245-3\/DSC05495.jpg \/><br \/>\n^ Langkofel und Gondellift. Selbst von hier aus kaum sichtbar.<\/p>\n<p><a href='http:\/\/ski.inmontanis.info\/d\/168249-3\/DSC05381.jpg'><img src=http:\/\/ski.inmontanis.info\/d\/168248-4\/DSC05381.jpg \/><\/a><br \/>\n^ In der Kabine<\/p>\n<p><a href='http:\/\/ski.inmontanis.info\/d\/168253-3\/DSC05384.jpg'><img src=http:\/\/ski.inmontanis.info\/d\/168252-4\/DSC05384.jpg \/><\/a><br \/>\n^ Kabine mit T\u00fcr<\/p>\n<p><a href='http:\/\/ski.inmontanis.info\/d\/168257-3\/DSC05388.jpg'><img src=http:\/\/ski.inmontanis.info\/d\/168256-4\/DSC05388.jpg \/><\/a><br \/>\n^ Auffahrt<\/p>\n<p><a href='http:\/\/ski.inmontanis.info\/d\/168261-3\/DSC05391.jpg'><img src=http:\/\/ski.inmontanis.info\/d\/168260-4\/DSC05391.jpg \/><\/a><br \/>\n^ Felsnah<\/p>\n<p><img src=http:\/\/ski.inmontanis.info\/d\/168265-3\/DSC05393.jpg \/><br \/>\n^ Nah an den Felsen vorbei<\/p>\n<p><img src=http:\/\/ski.inmontanis.info\/d\/168269-3\/DSC05395.jpg \/><br \/>\n^ Zoom St\u00fctze 13 und Bergstation<\/p>\n<p><img src=http:\/\/ski.inmontanis.info\/d\/168273-3\/DSC05402.jpg \/><br \/>\n^ Quasi die gesamte Liftstrecke<\/p>\n<p><a href='http:\/\/ski.inmontanis.info\/d\/168277-3\/DSC05418.jpg'><img src=http:\/\/ski.inmontanis.info\/d\/168276-4\/DSC05418.jpg \/><\/a><br \/>\n^ Leichter Zoom richtung Talstation<\/p>\n<p><a href='http:\/\/ski.inmontanis.info\/d\/168281-3\/DSC05407.jpg'><img src=http:\/\/ski.inmontanis.info\/d\/168280-4\/DSC05407.jpg \/><\/a><br \/>\n^ Betonst\u00fctze an der Bergstation<\/p>\n<p><a href='http:\/\/ski.inmontanis.info\/d\/168285-3\/DSC05411.jpg'><img src=http:\/\/ski.inmontanis.info\/d\/168284-4\/DSC05411.jpg \/><\/a><br \/>\n^ St\u00fctzenzoom<\/p>\n<p><img src=http:\/\/ski.inmontanis.info\/d\/168289-3\/DSC05424.jpg \/><br \/>\n^ Bergstation Gondellift Langkofelscharte Sassolungo<\/p>\n<p><img src=http:\/\/ski.inmontanis.info\/d\/168293-3\/DSC05433.jpg \/><br \/>\n^ Bergstation und Rifugio von hinten<\/p>\n<p><a href='http:\/\/ski.inmontanis.info\/d\/168297-3\/DSC05434.jpg'><img src=http:\/\/ski.inmontanis.info\/d\/168296-4\/DSC05434.jpg \/><\/a><br \/>\n^ Die hohen Felsw\u00e4nde sind selbst mit dem Fischauge nur sehr schwierig einzufangen :)<\/p>\n<p><a href='http:\/\/ski.inmontanis.info\/d\/168301-3\/DSC05451.jpg'><img src=http:\/\/ski.inmontanis.info\/d\/168300-4\/DSC05451.jpg \/><\/a><br \/>\n^ Umlenkung<\/p>\n<p><a href='http:\/\/ski.inmontanis.info\/d\/168305-3\/DSC05458.jpg'><img src=http:\/\/ski.inmontanis.info\/d\/168304-4\/DSC05458.jpg \/><\/a><br \/>\n^ Bergstation<\/p>\n<p><img src=http:\/\/ski.inmontanis.info\/d\/168309-3\/DSC05463.jpg \/><br \/>\n^ Ausfahrt Kabine Bergstation im Zoom gegen Marmolada<\/p>\n<p><a href='http:\/\/ski.inmontanis.info\/d\/168313-3\/DSC05466.jpg'><img src=http:\/\/ski.inmontanis.info\/d\/168312-4\/DSC05466.jpg \/><\/a><br \/>\n^ Betonst\u00fctze an der Bergstation<\/p>\n<p><a href='http:\/\/ski.inmontanis.info\/d\/168317-3\/DSC05477.jpg'><img src=http:\/\/ski.inmontanis.info\/d\/168316-4\/DSC05477.jpg \/><\/a><br \/>\n^ Bergstation<\/p>\n<p><img src=http:\/\/ski.inmontanis.info\/d\/168321-3\/DSC05478.jpg \/><br \/>\n^ Wieder der felsnahe Streckenteil<\/p>\n<p><a href='http:\/\/ski.inmontanis.info\/d\/168325-3\/DSC05480.jpg'><img src=http:\/\/ski.inmontanis.info\/d\/168324-4\/DSC05480.jpg \/><\/a><br \/>\n^ St\u00fctze im Detail<\/p>\n<p><img src=http:\/\/ski.inmontanis.info\/d\/168329-3\/DSC08902.jpg \/><br \/>\n^ Seitenblick in Falschfarb-IR<\/p>\n<p><img src=http:\/\/ski.inmontanis.info\/d\/168333-3\/DSC08905.jpg \/><br \/>\n^ Falschfarb-IR mal mit etwas anderer Farbgebung<\/p>\n<p><img src=http:\/\/ski.inmontanis.info\/d\/168337-3\/DSC05489.jpg \/><br \/>\n^ Unterer Streckenteil und Sellapass<\/p>\n<p><img src=http:\/\/ski.inmontanis.info\/d\/168341-3\/DSC05493.jpg \/><br \/>\n^ Nochmal die Gondelliftstrecken; an der neuen (K)SB unten m\u00fcssen im Sommer die ersten beiden St\u00fctzen seilm\u00e4\u00dfig ausgeh\u00e4ngt werden.<\/p>\n<p><a href='http:\/\/ski.inmontanis.info\/d\/168345-3\/DSC05492.jpg'><img src=http:\/\/ski.inmontanis.info\/d\/168344-4\/DSC05492.jpg \/><\/a><br \/>\n^ Talstation, im Hintergrund die zweite St\u00fctze, bei der das Seil ausgeh\u00e4ngt werden muss, damit der Gondellift noch fahren kann<\/p>\n<p>Video:<br \/>\n<object style=\"height: 500px; width: 900px\"><param name=\"movie\" value=\"http:\/\/www.youtube.com\/v\/5lMMmM0LXe0\"><\/param><param name=\"wmode\" value=\"transparent\"><\/param><embed src=\"http:\/\/www.youtube.com\/v\/5lMMmM0LXe0\" type=\"application\/x-shockwave-flash\" wmode=\"transparent\"  width=\"900\" height=\"480\"><\/embed><\/object><\/p>\n<p>Das n\u00e4chste Ziel war etwas ehrgeizig &#8211; Molveno. War lt. Website momentan noch bis 18:45 in Betrieb, mein Navi meldete ca. 18:00 Uhr Ankunft und ich war kurz ver\u00e4rgert, dass ich mir so viel Zeit gelassen hab &#8211; weil ich vorm letzten Lift doch egtl. nachgeschaut hatte und egtl. noch viel mehr Zeit h\u00e4tte haben m\u00fcssen! Aber der Fu\u00dfweg vom Auto und das bissl Gem\u00fctlichkeit an der Bergstation &#8230;.<\/p>\n<p>Nun, es sollte ja trotzdem noch reichen. Von hier aus g\u00e4be es 2 Fahrvarianten, durch&#8217;s Fassatal oder durch&#8217;s Gr\u00f6dnertal. Lt. Navi war Gr\u00f6dnertal und Autobahn schneller. Im Gr\u00f6dnertal waren doch etliche Schleicher unterwegs, aber das w\u00e4re im Fassatal nicht anders gewesen, das kannte ich dort schon.<\/p>\n<p>Autobahneinfahrt Bozen Nord. Auf den Schildern stand: Staugefahr Bozen Nord bis Avio oder so. Umweg lt. Navi ohne Autobahn w\u00e4re zu lang gewesen, also auf die Autobahn. Staugefahr ist ja noch kein Stau. M\u00f6\u00f6p. Kaum um die kurve auf die Rampe gefahren &#8211; Stau. <\/p>\n<p>Zeitverlust bis Bozen S\u00fcd \u00fcber 10 Minuten, wobei es hier wieder ging. Wie man&#8217;s also macht, ist&#8217;s falsch? Ich bin runter gefahren. km-m\u00e4\u00dfig w\u00e4re der zu erwartende Zeitverlust hochgerechnet bei 20-30 Minuten gewesen &#8211; da w\u00e4re sich Molveno nicht mehr ausgegangen. Zeitverlust durch Autobahnvermeidung: 20 Minuten. Na gut, da k\u00f6nnte man ja noch etwas Zeit gut machen?<\/p>\n<p>Ja, nachts.. aber nicht tags\u00fcber mit den ganzen Schnarchnasen. Schlussendlich war ich um kurz nach 18:25 an der Talstation in Molveno. H\u00e4tte ja egtl. reichen m\u00fcssen f\u00fcr die Bergfahrt, um dann um 18:45 noch die Talfahrt zu schaffen. Schnell aus dem Auto ausgestiegen und zum  Bediensteten r\u00fcbergeschrien: e ancora possibile un&#8217; andata e ritorno? Er sah dann auf die Uhr, verzog etwas das Gesicht und entschied sich doch f\u00fcr ein &#8220;nnnnnno, solo andata&#8221; &#8230;<\/p>\n<p>\u00c4rgerlich. H\u00e4tte ich mal irgendwo 5 Minuten weniger rumgetr\u00f6delt &#8211; oder w\u00e4re die Strecke durch&#8217;s Fassatal gefahren&#8230;<\/p>\n<p>Jedenfalls wurden dadurch (endlich) einige Weichen f\u00fcr morgen gestellt:<\/p>\n<p>1) Da Vellau n\u00e4her an Innsbruck ist, werd ich es morgen nochmal in Molveno probieren und Vellau somit auslassen. Aviatico+Prada+Vellau w\u00e4re von der Zeit her eh sehr knapp geworden. (und retrospektiv betrachtet an diesem Wochenende nicht m\u00f6glich gewesen, da am Sonntag richtung Norden viel zu viel Stau gewesen)<\/p>\n<p>2) Da Molveno etwas n\u00e4her an Prada liegt (wenn auch zeitlich nur ca. 30 Minuten k\u00fcrzer) kann ich mir morgen in Aviatico und Prada etwas mehr Zeit lassen.<\/p>\n<p>Die weitere Routenwahl dagegen hatte ich mir schon vorgelegt &#8211; ich wollte \u00fcber Gaver fahren und dort am Passo Crocedomini irgendwo \u00fcbernachten. Eine alternative Bergstrecke mit Pano \u00fcber die Po-Ebene wusste ich in der Gegend keine, und auf der Karte stach mir auch nichts ins Auge. <\/p>\n<p>Ganz ohne Blick in die Po-Ebene wollt ich den Tag aber auch nicht ausklingen lassen, und der Blick auf die Stra\u00dfenkarte lie\u00df f\u00fcr den Tremalzo-Pass Hoffnung aufkommen.<\/p>\n<p>Zudem wollt ich da eh schon seit l\u00e4ngerem mal rauf, war doch fr\u00fcher ein Skigebiet dort oben. Wobei ich egtl. ja die Passstra\u00dfe mal im Gesamten fahren wollte. Die Seite zum Gardasee ist ja nur geschottert und soll schon recht kriminell sein ..<\/p>\n<p>Von Molveno aus zum Gardasee gibt&#8217;s mehrere M\u00f6glichkeiten, ich und 50% meiner Navis entschieden sich f\u00fcr die westlichste Variante, die ich noch nie gefahren bin und nebenbei den Vorteil hatte, dass man schon oberhalb von Riva abbiegen kann und nach einigen Tunnels zum Lago di Ledro kommt, von wo aus in weiterer Folge die geteerte West-Rampe zum Tremalzo abzweigt.<\/p>\n<p><a href='http:\/\/extra.inmontanis.info\/d\/17394-2\/DSC05500.jpg'><img src=http:\/\/extra.inmontanis.info\/d\/17392-3\/DSC05500.jpg \/><\/a><br \/>\n^ Gardasee<\/p>\n<p>Bis ich oben am Tremalzo war, war&#8217;s aber doch schon sp\u00e4ter als erwartet und man sah kaum noch was. Dass die Lifte nicht mehr st\u00fcnden, wusste ich nat\u00fcrlich. Allerdings hab ich mir halt ein &#8220;typisches Pass-Skigebiet&#8221; vorgestellt, und das trifft hier \u00fcberhaupt nicht zu. Ein bisschen Pano in die Ebene ging sich auch noch aus.<\/p>\n<p><a href='http:\/\/ski.inmontanis.info\/d\/168351-3\/DSC05509.jpg'><img src=http:\/\/ski.inmontanis.info\/d\/168349-4\/DSC05509.jpg \/><\/a><br \/>\n^ Auffahrt Tremalzo, ehemaliges Skigebiet<\/p>\n<p><a href='http:\/\/ski.inmontanis.info\/d\/168355-3\/DSC05511.jpg'><img src=http:\/\/ski.inmontanis.info\/d\/168354-4\/DSC05511.jpg \/><\/a><br \/>\n^ Tremalzo<\/p>\n<p><a href='http:\/\/ski.inmontanis.info\/d\/168359-3\/DSC05514.jpg'><img src=http:\/\/ski.inmontanis.info\/d\/168358-4\/DSC05514.jpg \/><\/a><br \/>\n^ Tremalzo, gegen\u00fcber die vermutlich ehemalige schwarze Abfahrt am SL Negritella<\/p>\n<p><a href='http:\/\/ski.inmontanis.info\/d\/168363-3\/DSC05515.jpg'><img src=http:\/\/ski.inmontanis.info\/d\/168362-4\/DSC05515.jpg \/><\/a><br \/>\n^ H\u00e4nge am Ex-SL Scoiattolo 2 oder Olandese (ging von links ca. am Waldrand hinauf)<\/p>\n<p><a href='http:\/\/ski.inmontanis.info\/d\/168367-3\/DSC05516.jpg'><img src=http:\/\/ski.inmontanis.info\/d\/168366-4\/DSC05516.jpg \/><\/a><br \/>\n^ Blick zum unbefestigten Teil der Tremalzo-Stra\u00dfe, Auffahrt zum Scheiteltunnel<\/p>\n<p><a href='http:\/\/ski.inmontanis.info\/d\/168371-3\/DSC05520.jpg'><img src=http:\/\/ski.inmontanis.info\/d\/168370-4\/DSC05520.jpg \/><\/a><br \/>\n^ Unbefestigter Teil der Tremalzo-Stra\u00dfe. Also prinzipiell ist generelles Fahrverbot? Aber anscheinend ganz besonders aber f\u00fcr LKW ab 3,5t, Wohnwagen, Gespanne, Motorcross und Motorr\u00e4der :)<\/p>\n<p><img src=http:\/\/ski.inmontanis.info\/d\/168375-3\/DSC05526.jpg \/><br \/>\n^ Abendlicher Blick vom Tremalzo-Pass in die Po-Ebene<\/p>\n<p><img src=http:\/\/ski.inmontanis.info\/d\/168379-3\/DSC05527.jpg \/><br \/>\n^ Zoom Po-Ebene bzw. Ende vom Gardasee<\/p>\n<p>Paar Fotos aus den 70ern hab ich inzwischen auch noch gefunden:<br \/>\n<a href='http:\/\/www.itwww.it\/index.php?view=detail&#038;id=1092&#038;option=com_joomgallery&#038;Itemid=69'>http:\/\/www.itwww.it\/index.php?view=detail&#038;id=1092&#038;option=com_joomgallery&#038;Itemid=69<\/a><br \/>\n<a href='http:\/\/www.itwww.it\/index.php?view=detail&#038;id=1098&#038;option=com_joomgallery&#038;Itemid=69'>http:\/\/www.itwww.it\/index.php?view=detail&#038;id=1098&#038;option=com_joomgallery&#038;Itemid=69<\/a><\/p>\n<p>Weitere Infos und Fotos zum Tremalzo-Skigebiet hab ich in einem anderen Topic zusammengetragen:<br \/>\n<a href='http:\/\/www.sommerschi.com\/forum\/wintersport-infrastruktur-f9\/schigebiete-rund-um-den-gardasee-t701-s15.html#p42000'>http:\/\/www.sommerschi.com\/forum\/wintersport-infrastruktur-f9\/schigebiete-rund-um-den-gardasee-t701-s15.html#p42000<\/a><\/p>\n<p>\u00dcbernachten wollte ich hier am Tremalzo aber nicht, da die Fahrt nach Aviatico morgen fr\u00fch doch etwas weit w\u00e4re, zumindest h\u00e4tte ich vor dem Sonnenaufgang losfahren m\u00fcssen.<\/p>\n<p>Unten im Tal in Storo bin ich erst noch Pizza essen gegangen, auch weil ich kleine Scheine f\u00fcr den Tankautomat ben\u00f6tigt hatte. War leider eine etwas zweifelhafte Aktion, da durch Licht und offene Fenster so derma\u00dfen viel Insekten (inkl. fliegenden Ameisen) in den Gastraum gekommen sind, dass ich mich in eine dunklere Ecke verzogen hatte, am anderen Tisch sind die Viecher reihenweise von den hei\u00dfen Lampen runter auf die Tischdecke gefallen&#8230;<\/p>\n<p>Nach dem Essen ging&#8217;s zur n\u00e4chsten Tankstelle &#8211; lt. Navi sind hier nur 2, und ich will ja auf der Hauptstra\u00dfe nur ein ganz kurzes St\u00fcck fahren, bevor ich nach Bagolino und weiter nach Gaver und zum Passo Crocedomini fahre, ich aber zuvor unbedingt noch tanken musste.<\/p>\n<p>Zwischen Restaurant und Tankstelle war aber noch ein anderes Hindernis &#8211; Polizisten. Schon das zweite Mal heuer in Italien, diesmal musste ich noch l\u00e4nger warten. Da ich das St\u00fcck zuvor nur 40 gefahren bin (weil Kaugummi rausgesucht) und auch sonst nichts zu bef\u00fcrchten hatte, nahm ich&#8217;s mit stoischer Gelassenheit hin, bis er mir nach einer gef\u00fchlten Ewigkeit des Suchens in seinem System mir wieder meine Fahrzeugpapiere gab.<\/p>\n<p>Zum Gl\u00fcck funktionierte wenigstens der Tankautomat problemlos. <\/p>\n<p>Die Auffahrt zum Passo Crocedomini war dann problemlos (wobei ich an diesem Wochenende irgendwo noch fast mit einem Rehkitz zusammengesto\u00dfen w\u00e4re, ob das nun hier war oder wo anders, wei\u00df ich jetzt nicht mehr), aber halt stockduster &#8211; von dem her betrachtet h\u00e4tte ich mir die Fahrt hier r\u00fcber wahrlich sparen k\u00f6nnen, da ich somit nichts sehen konnte, ob es irgendwelche Zeichen f\u00fcr eine Wiederaufnahme des &#8220;richtigen&#8221; Skibetriebs gibt.<\/p>\n<p>Auf der Westseite kurz unterhalb des Passes gab es einen gr\u00f6\u00dferen Parkplatz, an dem ich nicht lang nach Verbotsschildern suchte sondern mich hinstellte und ins Bett verzog&#8230;.<\/p>\n<p>Bei der Gelegenheit wird&#8217;s mal Zeit die Karte zu zeigen, der Tremalzo ist der kurze Abzweig links des Gardasees:<\/p>\n<p><img src=http:\/\/extra.inmontanis.info\/d\/17398-2\/ge-20130817-18a.jpg \/><br \/>\n^ Fahrstrecke und Seilbahnen 17.+18.8.2013<\/p>\n","protected":false},"excerpt":{"rendered":"<p>Da die Lifte in Prada\/Gardasee ja am 21.8. schlie\u00dfen sollten, musste ich nat\u00fcrlich noch mal hinfahren. Und wenn man schon mal in der Gegend ist, k\u00f6nnte man doch auch das Wochenende bleiben und alle Gondel- und Korblifte in der Gegend abfahren?<\/p>\n<p>Mal ein \u00dcberblick, was in den Alpen noch rumsteht, von Ost nach West:<\/p>\n<p>&#8211; <a href=\"http:\/\/blog.inmontanis.info\/?p=2489\">[&#8230;]<\/a><\/p>\n","protected":false},"author":1,"featured_media":0,"comment_status":"open","ping_status":"closed","sticky":false,"template":"","format":"standard","meta":{"footnotes":""},"categories":[500,489,15,59,393,81],"tags":[91,90,63,45],"class_list":["post-2489","post","type-post","status-publish","format-standard","hentry","category-cortina-dampezzo","category-fedaia-fiacconi","category-italienitaly","category-nostalgie","category-sellarunde","category-kurztrips","tag-graffer","tag-infrarot","tag-korblift","tag-see","odd"],"_links":{"self":[{"href":"http:\/\/blog.inmontanis.info\/index.php?rest_route=\/wp\/v2\/posts\/2489","targetHints":{"allow":["GET"]}}],"collection":[{"href":"http:\/\/blog.inmontanis.info\/index.php?rest_route=\/wp\/v2\/posts"}],"about":[{"href":"http:\/\/blog.inmontanis.info\/index.php?rest_route=\/wp\/v2\/types\/post"}],"author":[{"embeddable":true,"href":"http:\/\/blog.inmontanis.info\/index.php?rest_route=\/wp\/v2\/users\/1"}],"replies":[{"embeddable":true,"href":"http:\/\/blog.inmontanis.info\/index.php?rest_route=%2Fwp%2Fv2%2Fcomments&post=2489"}],"version-history":[{"count":3,"href":"http:\/\/blog.inmontanis.info\/index.php?rest_route=\/wp\/v2\/posts\/2489\/revisions"}],"predecessor-version":[{"id":2492,"href":"http:\/\/blog.inmontanis.info\/index.php?rest_route=\/wp\/v2\/posts\/2489\/revisions\/2492"}],"wp:attachment":[{"href":"http:\/\/blog.inmontanis.info\/index.php?rest_route=%2Fwp%2Fv2%2Fmedia&parent=2489"}],"wp:term":[{"taxonomy":"category","embeddable":true,"href":"http:\/\/blog.inmontanis.info\/index.php?rest_route=%2Fwp%2Fv2%2Fcategories&post=2489"},{"taxonomy":"post_tag","embeddable":true,"href":"http:\/\/blog.inmontanis.info\/index.php?rest_route=%2Fwp%2Fv2%2Ftags&post=2489"}],"curies":[{"name":"wp","href":"https:\/\/api.w.org\/{rel}","templated":true}]}}