{"id":2481,"date":"2013-08-04T16:43:34","date_gmt":"2013-08-04T14:43:34","guid":{"rendered":"http:\/\/blog.inmontanis.info\/?p=2481"},"modified":"2023-07-01T20:57:42","modified_gmt":"2023-07-01T18:57:42","slug":"hintertuxer-gletscher-4-8-2013","status":"publish","type":"post","link":"http:\/\/blog.inmontanis.info\/?p=2481","title":{"rendered":"Hintertuxer Gletscher, 4.8.2013"},"content":{"rendered":"<p>Nach 2 Hitze-Wochen ging&#8217;s heute wieder auf&#8217;n Hintertuxer. Dank des k\u00fchlen Fr\u00fchjahrs (und weil es die letzten 2 Wochen nur sehr hei\u00df war, aber nicht so viel geregnet hat wie z.B. letztes Jahr), hielt sich die Schneeschmelze noch in Grenzen&#8230;<\/p>\n<p>&#8220;Leider&#8221; war ich heute nochmal 5-10 Minuten fr\u00fcher dran, so dass ich nicht mehr auf die \u00d6ffnung der Tiefgarage warten wollte. K\u00f6nnten&#8217;s ja auch schon um 8 Uhr aufmachen, wenn die Bahnen ab 8:15 in Betrieb sind&#8230;<\/p>\n<p>Warm war&#8217;s heute, die gefrorene Wand machte ihrem Namen trotzdem Ehre &#8211; die H\u00e4nge waren morgens (dank einigerma\u00dfen klarer Nacht) durchaus einigerma\u00dfen hart. Olperer machte mit Versp\u00e4tung auf und war von der Fr\u00fch weg weich und bremsig, die leichte, \u00e4u\u00dfere Abfahrt machte heute keinen Spa\u00df, die beiden steileren &#8230; naja, leider gibt&#8217;s halt heuer mal wieder keinen Zwischeneinstieg am SL und im Flachteil war heute Schieben angesagt.<\/p>\n<p>Den besten Schnee hatte es auf der TFH-Abfahrt bzw. an der DSB-Abfahrt. Durchaus auch noch bis zum sp\u00e4ten Nachmittag brauchbare Verh\u00e4ltnisse gewesen. Ebenfals toller Firn war auf der Offpiste-Variante zwischen den Gondelbahnen, die ich heute (ab ca. 11 Uhr) nochmal 5x gefahren bin. Hatte versucht, m\u00f6glichst in den spaltenlosen Zonen zu fahren, allerdings liegt da m.E. noch so viel Schnee (und der Schnee war noch so hart), dass man vmtl. auch mittig dr\u00fcber h\u00e4tte fahren k\u00f6nnen&#8230;. aber man muss es ja nicht riskieren :)<\/p>\n<p>Die 10 EUB hatte heute einige Vorteile bei der Bergfahrt &#8211; immer eine Gondel f\u00fcr sich und dank vieler Fenster wesentlich weniger hei\u00df als im GB3. Und in der folgenden DSB sowieso.<\/p>\n<p>Fotos anklicken zum Vegr\u00f6\u00dfern, soweit nicht vergr\u00f6\u00dfert gepostet.<br \/>\nWo passend hab ich gleich einige Vergleichsfotos hinzugef\u00fcgt.<\/p>\n<p><img src=http:\/\/ski.inmontanis.info\/d\/167412-3\/DSC04985.jpg \/><br \/>\n^ Zoom Kaserer-SL vom Tal aus (falls jemand m\u00f6gliche Kaserer-KSB-Trassen einzeichnen m\u00f6chte ;) )<\/p>\n<p><img src=http:\/\/ski.inmontanis.info\/d\/167416-2\/DSC04988.jpg \/><br \/>\n^ TFH-Abfahrt, wird ein interessantes Bild geben, wenn links mal kein Gletscher mehr ist ;)<\/p>\n<p><img src=http:\/\/ski.inmontanis.info\/d\/167420-2\/DSC04994.jpg \/><br \/>\n^ Standard-Foto zur Gefrorenen Wand<\/p>\n<p>Letztes Jahr, 5.8.2012:<br \/>\n<a href='http:\/\/ski.inmontanis.info\/d\/149582-3\/DSC03024.jpg'><img src=http:\/\/ski.inmontanis.info\/d\/149580-4\/DSC03024.jpg \/><\/a><br \/>\n^ 5.8.2012 &#8211; davon sind wir heuer noch weit entfernt.<\/p>\n<p>1.8.2009:<br \/>\n<a href='http:\/\/ski.inmontanis.info\/d\/101487-3\/P1390534.JPG'><img src=http:\/\/ski.inmontanis.info\/d\/101485-4\/P1390534.JPG \/><\/a><br \/>\n^ Vergleichbare Verh\u00e4ltnisse gab es 2009 (abgesehen vom Gletscherschwund seitdem)<\/p>\n<p><a href='http:\/\/ski.inmontanis.info\/d\/167424-2\/DSC04996.jpg'><img src=http:\/\/ski.inmontanis.info\/d\/167422-3\/DSC04996.jpg \/><\/a><br \/>\n^ Beide Funparkteile sind inzwischen geschlossen<\/p>\n<p><a href='http:\/\/ski.inmontanis.info\/d\/167428-2\/DSC04997.jpg'><img src=http:\/\/ski.inmontanis.info\/d\/167426-3\/DSC04997.jpg \/><\/a><br \/>\n^ Gefrorene-Wand-Spitze mit DSB und Abfahrt (und Bagger, der hier eine Spalte f\u00fcllte)<\/p>\n<p>Vergleich 1.8.2009:<br \/>\n<a href='http:\/\/ski.inmontanis.info\/d\/101499-3\/P1390540.JPG'><img src=http:\/\/ski.inmontanis.info\/d\/101497-4\/P1390540.JPG \/><\/a><br \/>\n^ Dank Beschneiung hat man hier den Gletscherstand von 2009 bereits \u00fcbertroffen (2010 sah es schon schlechter aus). Auch gut im Vergleich zu sehen (wenn man die verlinkten, vergr\u00f6\u00dferten Bilder anschaut) die in den letzten Jahren verbreiterte Abfahrt im oberen Bereich<\/p>\n<p><a href='http:\/\/ski.inmontanis.info\/d\/167432-2\/DSC04998.jpg'><img src=http:\/\/ski.inmontanis.info\/d\/167430-3\/DSC04998.jpg \/><\/a><br \/>\n^ Depot<br \/>\nVor 2 Wochen, am 20.7.2013:<br \/>\n<a href='http:\/\/ski.inmontanis.info\/d\/165644-3\/DSC04513.jpg'><img src=http:\/\/ski.inmontanis.info\/d\/165642-4\/DSC04513.jpg \/><\/a><br \/>\n^ 20.7.2013<\/p>\n<p><img src=http:\/\/ski.inmontanis.info\/d\/167436-2\/DSC04999.jpg \/><br \/>\n^ TFH-Hang<\/p>\n<p><img src=http:\/\/ski.inmontanis.info\/d\/167440-2\/DSC05001.jpg \/><br \/>\n^ Beide Gletscherseiten von der DSB aus<\/p>\n<p>(Kein) Vergleich zum 5.8.2012:<br \/>\n<a href='http:\/\/ski.inmontanis.info\/d\/149606-3\/DSC03035.jpg'><img src=http:\/\/ski.inmontanis.info\/d\/149604-4\/DSC03035.jpg \/><\/a><br \/>\n^ 5.8.2012<\/p>\n<p><a href='http:\/\/ski.inmontanis.info\/d\/167444-2\/DSC05002.jpg'><img src=http:\/\/ski.inmontanis.info\/d\/167442-3\/DSC05002.jpg \/><\/a><br \/>\n^ Bauarbeiten TFH<\/p>\n<p><a href='http:\/\/ski.inmontanis.info\/d\/167448-2\/DSC05006.jpg'><img src=http:\/\/ski.inmontanis.info\/d\/167446-3\/DSC05006.jpg \/><\/a><br \/>\n^ Schwarze vom Kaserer-SL, die Felsen werden auch von Jahr zu Jahr mehr &#8230;<\/p>\n<p><a href='http:\/\/ski.inmontanis.info\/d\/167452-2\/DSC05007.jpg'><img src=http:\/\/ski.inmontanis.info\/d\/167450-3\/DSC05007.jpg \/><\/a><br \/>\n^ Zoom Vermattung Kaserer-Zufahrt<\/p>\n<p><img src=http:\/\/ski.inmontanis.info\/d\/167456-2\/DSC05011.jpg \/><br \/>\n^ Offpiste, durchaus toller Firn<\/p>\n<p><img src=http:\/\/ski.inmontanis.info\/d\/167460-2\/DSC05025.jpg \/><br \/>\n^ Offpiste durch die Felsen, da werden wohl keine Spalten sein &#8230;<\/p>\n<p><img src=http:\/\/ski.inmontanis.info\/d\/167464-2\/DSC05032.jpg \/><br \/>\n^ Offpiste-Steilhang (nach der 2. Fahrt)<\/p>\n<p><img src=http:\/\/ski.inmontanis.info\/d\/167468-2\/DSC05033.jpg \/><br \/>\n^ Steine auf Gletschereis<\/p>\n<p><img src=http:\/\/ski.inmontanis.info\/d\/167472-2\/DSC05034.jpg \/><br \/>\n^ Schuttfeld aufm Eis<\/p>\n<p><img src=http:\/\/ski.inmontanis.info\/d\/167476-2\/DSC05041.jpg \/><br \/>\n^ DSB-Zufahrt; auch oben war noch gen\u00fcgend Schnee, so dass man mit angeschnallten Skiern fahren konnte<\/p>\n<p><img src=http:\/\/ski.inmontanis.info\/d\/167480-2\/DSC05046.jpg \/><br \/>\n^ Offpiste-Steilhang nach 4 von 5 Fahrten. Mal auf ein Vergleichsbild n\u00e4chsten September gespannt &#8230;<\/p>\n<p>.. im September 2012 sah es ja so aus:<br \/>\n<a href='http:\/\/ski.inmontanis.info\/d\/150561-3\/DSC05818.jpg'><img src=http:\/\/ski.inmontanis.info\/d\/150559-4\/DSC05818.jpg \/><\/a><br \/>\n^ Aber an den Felsen sieht man ja, dass heuer noch sehr viel Schnee liegt.<\/p>\n<p><img src=http:\/\/ski.inmontanis.info\/d\/167492-2\/DSC05058.jpg \/><br \/>\n^ Meine Offpiste-Spuren nach 4 von 5 Fahrten. Nachtr\u00e4glicher Vergleich mit dem letztj\u00e4hrigen Spalten-Bild: Die linken Spuren unten waren falsch&#8230;<\/p>\n<p><img src=http:\/\/ski.inmontanis.info\/d\/167484-2\/DSC05049.jpg \/><br \/>\n^ Olperer-H\u00e4nge<\/p>\n<p>\u00c4hnliche Verh\u00e4ltnisse 2009:<br \/>\n<a href='http:\/\/ski.inmontanis.info\/d\/101470-3\/P1390521.JPG'><img src=http:\/\/ski.inmontanis.info\/d\/101468-4\/P1390521.JPG \/><\/a><br \/>\n^ 1.8.2009<\/p>\n<p><img src=http:\/\/ski.inmontanis.info\/d\/167488-2\/DSC05050.jpg \/><br \/>\n^ DSB-Abfahrt, mit Teilen der TFH-Abfahrt schneem\u00e4\u00dfig heute am besten<\/p>\n<p><img src=http:\/\/ski.inmontanis.info\/d\/167496-2\/DSC05063.jpg \/><br \/>\n^ 14:30 Uhr, es wird langsam d\u00fcster &#8230; Ab 15 Uhr hat&#8217;s dann leicht zu regnen begonnen, und ich hab mich auf den Weg ins Tal begeben (wo es dann ordentlich geduscht hat). Immerhin bis 15 Uhr war&#8217;s trocken, was doch einiges l\u00e4nger war, als so manche Wetterberichte f\u00fcr heute gemeldet hatten!<\/p>\n<p><img src=http:\/\/ski.inmontanis.info\/d\/167500-2\/DSC05077.jpg \/><br \/>\n^ Offpiste-Hang von oben, das untere Gletscherfeld hab ich einmal mitten durch gequert, einmal nur oben leicht und dreimal unten rum (am Schnee).<\/p>\n<p><a href='http:\/\/ski.inmontanis.info\/d\/167504-2\/DSC05082.jpg'><img src=http:\/\/ski.inmontanis.info\/d\/167502-3\/DSC05082.jpg \/><\/a><br \/>\n^ Schneeh\u00f6hen-Vergleich an der Beschneiungs&#8221;st\u00fctze&#8221; (gleicher Standort wie vor 2 Wochen). Ein drittes wird&#8217;s wohl nicht mehr geben, der Hang darunter hatte schon ein paar Spalten drin &#8230;<\/p>\n<p>20.7.2013:<br \/>\n<a href='http:\/\/ski.inmontanis.info\/d\/165712-3\/DSC04571.jpg'><img src=http:\/\/ski.inmontanis.info\/d\/165710-4\/DSC04571.jpg \/><\/a><br \/>\n^ 20.7.2013.<\/p>\n<p><a href='http:\/\/ski.inmontanis.info\/d\/167508-2\/DSC05079.jpg'><img src=http:\/\/ski.inmontanis.info\/d\/167506-3\/DSC05079.jpg \/><\/a><br \/>\n^ Kurz vor 15 Uhr auf frisch pr\u00e4parierter DSB-Abfahrt. Schade, dass jetzt langsam der Regen eingesetzt hat, sonst w\u00e4r ich noch ein paar mal die DSB gefahren ;)<\/p>\n","protected":false},"excerpt":{"rendered":"<p>Nach 2 Hitze-Wochen ging&#8217;s heute wieder auf&#8217;n Hintertuxer. Dank des k\u00fchlen Fr\u00fchjahrs (und weil es die letzten 2 Wochen nur sehr hei\u00df war, aber nicht so viel geregnet hat wie z.B. letztes Jahr), hielt sich die Schneeschmelze noch in Grenzen&#8230;<\/p>\n<p>&#8220;Leider&#8221; war ich heute nochmal 5-10 Minuten fr\u00fcher dran, so dass ich nicht mehr auf <a href=\"http:\/\/blog.inmontanis.info\/?p=2481\">[&#8230;]<\/a><\/p>\n","protected":false},"author":1,"featured_media":0,"comment_status":"open","ping_status":"closed","sticky":false,"template":"","format":"standard","meta":{"footnotes":""},"categories":[246,25,13,28],"tags":[72,54,47],"class_list":["post-2481","post","type-post","status-publish","format-standard","hentry","category-hintertux","category-noreport","category-austria","category-skifahren-sommer","tag-10eub","tag-gletschervergleich","tag-sl","odd"],"_links":{"self":[{"href":"http:\/\/blog.inmontanis.info\/index.php?rest_route=\/wp\/v2\/posts\/2481","targetHints":{"allow":["GET"]}}],"collection":[{"href":"http:\/\/blog.inmontanis.info\/index.php?rest_route=\/wp\/v2\/posts"}],"about":[{"href":"http:\/\/blog.inmontanis.info\/index.php?rest_route=\/wp\/v2\/types\/post"}],"author":[{"embeddable":true,"href":"http:\/\/blog.inmontanis.info\/index.php?rest_route=\/wp\/v2\/users\/1"}],"replies":[{"embeddable":true,"href":"http:\/\/blog.inmontanis.info\/index.php?rest_route=%2Fwp%2Fv2%2Fcomments&post=2481"}],"version-history":[{"count":2,"href":"http:\/\/blog.inmontanis.info\/index.php?rest_route=\/wp\/v2\/posts\/2481\/revisions"}],"predecessor-version":[{"id":2483,"href":"http:\/\/blog.inmontanis.info\/index.php?rest_route=\/wp\/v2\/posts\/2481\/revisions\/2483"}],"wp:attachment":[{"href":"http:\/\/blog.inmontanis.info\/index.php?rest_route=%2Fwp%2Fv2%2Fmedia&parent=2481"}],"wp:term":[{"taxonomy":"category","embeddable":true,"href":"http:\/\/blog.inmontanis.info\/index.php?rest_route=%2Fwp%2Fv2%2Fcategories&post=2481"},{"taxonomy":"post_tag","embeddable":true,"href":"http:\/\/blog.inmontanis.info\/index.php?rest_route=%2Fwp%2Fv2%2Ftags&post=2481"}],"curies":[{"name":"wp","href":"https:\/\/api.w.org\/{rel}","templated":true}]}}