{"id":2472,"date":"2013-07-13T23:07:02","date_gmt":"2013-07-13T21:07:02","guid":{"rendered":"http:\/\/blog.inmontanis.info\/?p=2472"},"modified":"2023-08-05T15:49:53","modified_gmt":"2023-08-05T13:49:53","slug":"verbier-13-7-2013","status":"publish","type":"post","link":"http:\/\/blog.inmontanis.info\/?p=2472","title":{"rendered":"Verbier, 13.7.2013"},"content":{"rendered":"<p><strong>Westalpen-Sommerski-Tour 2013 Juni\/Juli<br \/>\nVIII. Verbier &#8211; Mont Fort<\/strong><\/p>\n<p><strong>Fr, 12.7.2013<\/strong> (Vorabend)<\/p>\n<p>Egtl. wollte ich ja dieses WE nicht schon wieder in die Westalpen fahren. Aber Verbier hatte nach ca. 14 Jahren wieder Sommerski angeboten &#8211; vorerst nur dieses Wochenende. Um g\u00fcnstige 20,- CHF, das kann man sich nicht entgehen lassen.<\/p>\n<p>Einigerma\u00dfen p\u00fcnktlich kam ich abends weg und fuhr via Arlberg-Oberalp-Furka, wo ich talw\u00e4rts n\u00e4chtigte.<\/p>\n<p><strong>Sa, 13.7.2013<\/strong><\/p>\n<p>Von meiner Schlafst\u00e4tte unterhalb des Furka dauerte es noch gut 2h bis ich in Verbier bzw. Le Ch\u00e2ble war. Da man sagte, man k\u00f6nne von ca. 10-13h skifahren, musste man wenigstens nicht so fr\u00fch dran sein.<\/p>\n<p>(Fotos anklicken zum Vergr\u00f6\u00dfern, soweit nicht vergr\u00f6\u00dfert gepostet.)<\/p>\n<p><a href='http:\/\/extra.inmontanis.info\/d\/17210-2\/DSC04091.jpg'><img src=http:\/\/extra.inmontanis.info\/d\/17208-3\/DSC04091.jpg \/><\/a><br \/>\n^ Die Sch\u00fcsseln stehen ja ganz sch\u00f6n kreuz und quer..<\/p>\n<p><a href='http:\/\/extra.inmontanis.info\/d\/17214-2\/DSC04096.jpg'><img src=http:\/\/extra.inmontanis.info\/d\/17212-3\/DSC04096.jpg \/><\/a><br \/>\n^ Pano im Tal, interessant fand ich diesen geraden Einschnitt im Fels links der Bildmitte.<\/p>\n<p>Gegen 8:30 Uhr kaufte ich mir die Tageskarte und fuhr die 5 Sektionen nach oben (4EUB mit Mittelstation, Kombibahn mit Mittelstation, PB). Der SL fuhr schon, also bin ich 1-2x den SL gefahren, bevor es mir zu voll wurde, danach stellte ich mich an der PB an, bzw. war ganz vorne. Es war jetzt kurz vor 10 Uhr. <\/p>\n<p>Aber wir durften noch nicht rauf. Noch zu hart sei es. Die PB fuhr mit Fu\u00dfg\u00e4nger. Kurz nach 10 kam eine Gruppe von 4-5 Skifahrern\/Bordern runter &#8211; sah egtl. gut aus, der Schnee staubte. Aber auch um 10:15 durften wir noch nicht rauf. 10:25, nochmal eine priviligierte Gruppe mit ca. 3 Fahrern. 10:30, jetzt endlich durften wir rauf! Lautes Gejohle. Mittlerweile standen die Leute schon bis vor&#8217;m Haus&#8230;<\/p>\n<p>Die erste Fahrt &#8211; ja, der Weg r\u00fcber zur Piste ist grenzwertig. Die Piste selbst, so unverbuckelt und griffig wie man sie ja im Winter wohl selten erleben wird &#8211; von der Steilheit problemlos. Am linken Rand (talw\u00e4rts betrachtet) geht die wohl noch als rot durch. Der Nachteil an Steilh\u00e4ngen ist, dass man meist auch irgendwo ein umso flacheres St\u00fcck hat. Bis zum SL kam man nur bei der ersten Fahrt ohne Schieben.<\/p>\n<p>2x mit dem SL rauf (am SL musste man tw. ja auch ein paar Minuten warten), dann hab ich mich in die Schlange gestellt &#8211; und wurde heuer zum zweiten Mal erkannt &#8211; MF3330 dachte, es k\u00f6nne wohl nur einen mit k2-Ski mit Stubaier-Gletscher-Aufkleber geben :)<\/p>\n<p>Weniger sch\u00f6n, die Warteschlange verhie\u00df inzwischen 30 Minuten Wartezeit. Puh. Wenigstens war der Skipass so g\u00fcnstig &#8230;..<\/p>\n<p>Die 2. Abfahrt war schneem\u00e4\u00dfig schon besser. Oben zumindest, unten wurde es schon klebriger. Wieder angestellt, diesmal ging&#8217;s etwas schneller.<\/p>\n<p>Die 3. Abfahrt war dann oben richtig gut.<\/p>\n<p>Leider war das auch schon die letzte Fahrt &#8211; denn um kurz nach 12:45 stand bereits ein &#8220;Piste geschlossen&#8221; &#8211; Schild am Eingang zur PB. Boah. Die machen ein Theater. Die war definitiv noch nicht zu weich oben! Ich dachte, wenn man schon 30 Minuten sp\u00e4ter aufmacht, k\u00f6nnte man auch 30min l\u00e4nger offen lassen!? Der SL fuhr wenigstens noch bis 13:15, was noch ein paar (Offpiste-) Varianten zulie\u00df, bevor es die 3 Seilbahnen in 5 Sektionen wieder talw\u00e4rts ging. Wobei ich wie schon heute morgen am Telemix den 6er Sessel (alleine) fuhr und mich nicht in eine der seltenen 8er Kabinen zw\u00e4ngte, was mir jeweils verwunderte Blicke der anderen Skifahrer bescherte :) Aber aus San Domenico war ich heuer das Ski-Tragen am Sessellift gewohnt &#8211; und vgl. mit den zwei DSBs dort ist so ein kuppelbarer 6er Sessel ja bequem zum Ein- und Aussteigen.<\/p>\n<p><a href='http:\/\/ski.inmontanis.info\/d\/165726-2\/DSC04097.jpg'><img src=http:\/\/ski.inmontanis.info\/d\/165724-3\/DSC04097.jpg \/><\/a><br \/>\n^ Neuer Zubringer ins Skigebiet Bruson &#8211; dadurch Anbindung an die 4V<\/p>\n<p><a href='http:\/\/ski.inmontanis.info\/d\/165730-2\/DSC04099.jpg'><img src=http:\/\/ski.inmontanis.info\/d\/165729-3\/DSC04099.jpg \/><\/a><br \/>\n^ 4EUB Sektion I (Le Chable &#8211; Verbier)<\/p>\n<p><img src=http:\/\/ski.inmontanis.info\/d\/165734-2\/DSC04102.jpg \/><br \/>\n^ Pistenplan<\/p>\n<p><img src=http:\/\/ski.inmontanis.info\/d\/165738-2\/DSC04106.jpg \/><br \/>\n^ Talstation 4EUB Le Ch\u00e2ble mit Bahnhof<\/p>\n<p><a href='http:\/\/ski.inmontanis.info\/d\/165742-2\/DSC04108.jpg'><img src=http:\/\/ski.inmontanis.info\/d\/165741-3\/DSC04108.jpg \/><\/a><br \/>\n^ Blick gegen\u00fcber zur neuen Verbindungsbahn ins Skigebiet von Bruson<\/p>\n<p><a href='http:\/\/ski.inmontanis.info\/d\/165746-2\/DSC04112.jpg'><img src=http:\/\/ski.inmontanis.info\/d\/165745-3\/DSC04112.jpg \/><\/a><br \/>\n^ Tageskarte, g\u00fcnstig.<\/p>\n<p><a href='http:\/\/ski.inmontanis.info\/d\/165750-2\/DSC04118.jpg'><img src=http:\/\/ski.inmontanis.info\/d\/165749-3\/DSC04118.jpg \/><\/a><br \/>\n^ Mittelstation Medran, die 4EUB hat hier Durchfahrbetrieb<\/p>\n<p><img src=http:\/\/ski.inmontanis.info\/d\/165754-2\/DSC04123.jpg \/><br \/>\n^ Mittelstation 4EUB bzw. Talstation 6EUB<\/p>\n<p><img src=http:\/\/ski.inmontanis.info\/d\/165758-2\/DSC04125.jpg \/><br \/>\n^ Talblick<\/p>\n<p><a href='http:\/\/ski.inmontanis.info\/d\/165762-2\/DSC04130.jpg'><img src=http:\/\/ski.inmontanis.info\/d\/165761-3\/DSC04130.jpg \/><\/a><br \/>\n^ Nette Ruine in der Station Les Ruinettes (Bergstation der 4EUB im Untergeschoss, hinter mir beginnt die Kombibahn)<\/p>\n<p><img src=http:\/\/ski.inmontanis.info\/d\/165766-2\/DSC04132.jpg \/><br \/>\n^ Funispace und KSB Attelas<\/p>\n<p><a href='http:\/\/ski.inmontanis.info\/d\/165770-2\/DSC04134.jpg'><img src=http:\/\/ski.inmontanis.info\/d\/165769-3\/DSC04134.jpg \/><\/a><br \/>\n^ SB Les Ruinettes<\/p>\n<p><img src=http:\/\/ski.inmontanis.info\/d\/165774-2\/DSC04137.jpg \/><br \/>\n^ Sektion 3, Kombibahn Chaux-Express<\/p>\n<p><img src=http:\/\/ski.inmontanis.info\/d\/165778-2\/DSC04145.jpg \/><br \/>\n^ Sektor Attelas \/ Mont Gel\u00e9<\/p>\n<p><img src=http:\/\/ski.inmontanis.info\/d\/165782-2\/DSC04147.jpg \/><br \/>\n^ Kombibahn Chaux-Express talw\u00e4rts (nach der Kurvenmittelstation, quasi Sektion 4 also), links die Talstation der PB Jumbo &#8211; Col des Gentianes<\/p>\n<p><img src=http:\/\/ski.inmontanis.info\/d\/165786-2\/DSC04157.jpg \/><br \/>\n^ Blick von der PB zur Abfahrt Gentianes. Hier w\u00e4r&#8217;s ja noch gut gegangen, aber bis zur Talstation der PB w\u00e4re mir der Fu\u00dfweg doch zu weit gewesen.<\/p>\n<p><img src=http:\/\/ski.inmontanis.info\/d\/165790-2\/DSC04158.jpg \/><br \/>\n^ SL Col des Gentianes und PB von Tortin<\/p>\n<p><img src=http:\/\/ski.inmontanis.info\/d\/165794-2\/DSC04160.jpg \/><br \/>\n^ PB Mont Fort<\/p>\n<p><img src=http:\/\/ski.inmontanis.info\/d\/165798-2\/DSC04163.jpg \/><br \/>\n^ PB Mont Fort<\/p>\n<p><img src=http:\/\/ski.inmontanis.info\/d\/165802-2\/DSC04165.jpg \/><br \/>\n^ R\u00fcckbringer-SL zum Col des Gentianes<\/p>\n<p><img src=http:\/\/ski.inmontanis.info\/d\/165806-2\/DSC04166.jpg \/><br \/>\n^ Abfahrt vom Mont Fort, der Skiweg r\u00fcber war nix f\u00fcr schwache Nerven ;-)<\/p>\n<p><img src=http:\/\/ski.inmontanis.info\/d\/165810-2\/DSC04167.jpg \/><br \/>\n^ PB Mont Fort, Abfahrt, usw.<\/p>\n<p><img src=http:\/\/ski.inmontanis.info\/d\/165814-2\/DSC04169.jpg \/><br \/>\n^ Grand Combin<\/p>\n<p><img src=http:\/\/ski.inmontanis.info\/d\/165818-2\/DSC04171.jpg \/><br \/>\n^ Ex-Gletscher-SL<\/p>\n<p><a href='http:\/\/ski.inmontanis.info\/d\/165822-2\/DSC04172.jpg'><img src=http:\/\/ski.inmontanis.info\/d\/165821-3\/DSC04172.jpg \/><\/a><br \/>\n^ \u00dcberreste des Gletscher-SL<\/p>\n<p><a href='http:\/\/ski.inmontanis.info\/d\/165826-2\/DSC04174.jpg'><img src=http:\/\/ski.inmontanis.info\/d\/165825-3\/DSC04174.jpg \/><\/a><br \/>\n^ Reste Gletscher-SL<\/p>\n<p><img src=http:\/\/ski.inmontanis.info\/d\/165830-2\/DSC04175.jpg \/><br \/>\n^ PB Mont Fort und Col des Gentianes<\/p>\n<p><img src=http:\/\/ski.inmontanis.info\/d\/165834-2\/DSC04179.jpg \/><br \/>\n^ R\u00fcckseiten-Pano<\/p>\n<p><img src=http:\/\/ski.inmontanis.info\/d\/165838-2\/DSC04180.jpg \/><br \/>\n^ Treppe runter zur Abfahrt<\/p>\n<p><img src=http:\/\/ski.inmontanis.info\/d\/165842-2\/DSC04181.jpg \/><br \/>\n^ Bergstation, Gipfel und sogar ein kleines Restaurant gibt&#8217;s hier<\/p>\n<p><img src=http:\/\/ski.inmontanis.info\/d\/165846-2\/DSC04182.jpg \/><br \/>\n^ Talblick mit Gletscherabfahrt<\/p>\n<p><img src=http:\/\/ski.inmontanis.info\/d\/165850-2\/DSC04183.jpg \/><br \/>\n^ Gletscherabfahrt<\/p>\n<p><img src=http:\/\/ski.inmontanis.info\/d\/165854-2\/DSC04185.jpg \/><br \/>\n^ Gletscherabfahrt Mont Fort<\/p>\n<p><img src=http:\/\/ski.inmontanis.info\/d\/165858-2\/DSC04186.jpg \/><br \/>\n^ Gletscherabfahrt<\/p>\n<p><img src=http:\/\/ski.inmontanis.info\/d\/165862-2\/DSC04188.jpg \/><br \/>\n^ Col des Gentianes<\/p>\n<p><a href='http:\/\/ski.inmontanis.info\/d\/165866-2\/DSC04189.jpg'><img src=http:\/\/ski.inmontanis.info\/d\/165865-3\/DSC04189.jpg \/><\/a><br \/>\n^ Wartezeiten um 11:04 Uhr &#8230;<\/p>\n<p><img src=http:\/\/ski.inmontanis.info\/d\/165870-2\/DSC04191.jpg \/><br \/>\n^ .. und r\u00fcckblickend um 11:40 Uhr.<\/p>\n<p><img src=http:\/\/ski.inmontanis.info\/d\/165874-2\/DSC04195.jpg \/><br \/>\n^ Gletscherabfahrt Starthang<\/p>\n<p><img src=http:\/\/ski.inmontanis.info\/d\/165878-2\/DSC04202.jpg \/><br \/>\n^ Offpiste am R\u00fcckbringer-SL<\/p>\n<p><img src=http:\/\/ski.inmontanis.info\/d\/165882-2\/DSC04203.jpg \/><br \/>\n^ Mont Fort<\/p>\n<p><img src=http:\/\/ski.inmontanis.info\/d\/165886-2\/DSC04206.jpg \/><br \/>\n^ Blick vom Chaux-Express zu den PBs zum Col des Gentianes und Mont Fort<\/p>\n<p><a href='http:\/\/ski.inmontanis.info\/d\/165890-2\/DSC04210.jpg'><img src=http:\/\/ski.inmontanis.info\/d\/165889-3\/DSC04210.jpg \/><\/a><br \/>\n^ Mittelstation Chaux-Express<\/p>\n<p><img src=http:\/\/ski.inmontanis.info\/d\/165894-2\/DSC04219.jpg \/><br \/>\n^ Les Ruinettes<\/p>\n<p><img src=http:\/\/ski.inmontanis.info\/d\/165898-2\/DSC04221.jpg \/><br \/>\n^ H\u00e4tte gar nicht gedacht, dass Verbier so gro\u00df ist. Jedenfalls .. ist das wirklich noch sch\u00f6ner als ein paar Hochh\u00e4user (wie in Frankreich)?!<\/p>\n<p>(Und sind das alles Fremdenzimmer? Da muss es ja im Winter mordsm\u00e4\u00dfig Wartezeiten an den paar Liften hier geben?!)<\/p>\n<p><a href='http:\/\/ski.inmontanis.info\/d\/165902-2\/DSC04222.jpg'><img src=http:\/\/ski.inmontanis.info\/d\/165901-3\/DSC04222.jpg \/><\/a><br \/>\n^ Verbier und Sektor Savoleyres<\/p>\n<p><a href='http:\/\/ski.inmontanis.info\/d\/165906-2\/DSC04224.jpg'><img src=http:\/\/ski.inmontanis.info\/d\/165905-3\/DSC04224.jpg \/><\/a><br \/>\n^ Talstation 4EUB Le Ch\u00e2ble, wieder mal ein typisch-schweizer-d\u00e4mlicher Umlauf, talw\u00e4rts wird man da ewig gefahren bis man endlich aussteigen darf.<\/p>\n<p><img src=http:\/\/ski.inmontanis.info\/d\/165910-2\/ge_20130713v.jpg \/><br \/>\n^ GPS-Track der Zubringerbahnen (bis zum Mont Fort Gipfel ca. 10 km)<\/p>\n<p><img src=http:\/\/ski.inmontanis.info\/d\/165914-2\/ge_20130713c.jpg \/><br \/>\n^ GPS-Track Sommerski 13.7.2013<\/p>\n<p>Video, leider war die Cam nicht auf Aufnahme beim unteren Teil der Abfahrt :-(<br \/>\n<object style=\"height: 500px; width: 900px\"><param name=\"movie\" value=\"http:\/\/www.youtube.com\/v\/olXAfIu8aTE\"><\/param><param name=\"wmode\" value=\"transparent\"><\/param><embed src=\"http:\/\/www.youtube.com\/v\/olXAfIu8aTE\" type=\"application\/x-shockwave-flash\" wmode=\"transparent\"  width=\"900\" height=\"480\"><\/embed><\/object><\/p>\n<p>Fazit: Wenn nicht gar so viel los gewesen w\u00e4re und man zumindest 5x h\u00e4tte fahren k\u00f6nnen, h\u00e4tte ich das Fazit mit  einem &#8220;geil&#8221; beschlossen &#8211; mit den vielen Wartezeiten und der etwas zu restriktiven \u00d6ffnungspolitik f\u00e4llt es eher in die Kategorie &#8220;es war wichtig, dass man die Chance genutzt hat, aber n\u00e4chstes Jahr w\u00fcrde ich nicht extra wieder vorbeifahren&#8221;.<\/p>\n<p>Weiter ging&#8217;s wieder \u00fcber Chamonix (noch voller als letzte Woche und haufenweise Schnarchnasen auf der Stra\u00dfe) nach Albertville zum Essen,  Einkaufen und Essen (Quick, Casino, Pataterie) &#8230; wieder mal :) Naschsachen hab ich ja haufenweise daheim, noch von der S\u00fcdOsteuropatour, daher hab ich schwerpunktm\u00e4\u00dfig wieder nur (nicht tief) gek\u00fchlte Fertiggerichte gekauft. Angefangen hab ich damit ca. vor einem Jahr mit Quiche Loraine, mittlerweile hab ich so einige weitere Sachen durchprobiert, die tw. ziemlich lecker sind.<\/p>\n<p><a href='http:\/\/extra.inmontanis.info\/d\/17270-2\/DSC04463.jpg'><img src=http:\/\/extra.inmontanis.info\/d\/17268-3\/DSC04463.jpg \/><\/a><br \/>\n^ Zur Abwechslung mal mehr Fertiggerichte als Nachsachen im K\u00fchlschrank :)<\/p>\n<p>Kartoffelchips (Natur\/Salz) mit Mousse-au-Chocolat .. auch sehr lecker, fast so lecker wie Kartoffelchips mit Tiramisu:<br \/>\n<a href='http:\/\/extra.inmontanis.info\/d\/17274-2\/DSC04476.jpg'><img src=http:\/\/extra.inmontanis.info\/d\/17272-3\/DSC04476.jpg \/><\/a><\/p>\n<p>Schlussendlich ging&#8217;s noch \u00fcber dem Cormet de Roselend weiter Richtung Col de l&#8217;Iseran &#8211; damit ich ein paar Flaschen mit Schnee f\u00fcllen kann, damit die gek\u00fchlte Ware in der K\u00fchlbox sch\u00f6n k\u00fchl bleibt.<\/p>\n<p>Gerade noch rechtzeitig erreichte ich den &#8230;<\/p>\n<p><img src=http:\/\/extra.inmontanis.info\/d\/17218-2\/DSC04230.jpg \/><br \/>\n^ Sonnenuntergang am Stausee Lac de Roselend (Albertville &#8211; Beaufort &#8211; Bourg-Saint-Maurice)<\/p>\n<p><img src=http:\/\/extra.inmontanis.info\/d\/17222-2\/DSC04231.jpg \/><br \/>\n^ Sonnenuntergang am Lac de Roselend<\/p>\n<p><img src=http:\/\/extra.inmontanis.info\/d\/17226-2\/DSC04236.jpg \/><br \/>\n^ Sonnenuntergang im Zoom mit Skigebiet Saisies \/ Bisanne<\/p>\n<p><img src=http:\/\/extra.inmontanis.info\/d\/17230-2\/DSC04235.jpg \/><br \/>\n^ Zoom Sonnenuntergang (HDR)<\/p>\n<p><img src=http:\/\/extra.inmontanis.info\/d\/17234-2\/DSC04242.jpg \/><br \/>\n^ Lac de Roselend mit Mond (6 sec.)<\/p>\n<p><img src=http:\/\/extra.inmontanis.info\/d\/17238-2\/DSC04243.jpg \/><br \/>\n^ Wasserfall oberhalb der Stra\u00dfenkurve (20 sec)<\/p>\n<p><img src=http:\/\/extra.inmontanis.info\/d\/17242-2\/DSC04252.jpg \/><br \/>\n^ Abendd\u00e4mmerung am Lac de Roselend (20 sec. ISO 100)<\/p>\n<p><img src=http:\/\/extra.inmontanis.info\/d\/17246-2\/DSC04264.jpg \/><br \/>\n^ Mondsichel im Zoom.<\/p>\n<p>Hab mehrere Male probiert, mit der eingebauten HDR-Funktion die dunkle und helle Seite des Mondes einigerma\u00dfen sichtbar zu machen &#8230;<\/p>\n<p><img src=http:\/\/extra.inmontanis.info\/d\/17250-2\/DSC04268.jpg \/><br \/>\n^ &#8230; das war noch das beste Ergebnis.<br \/>\n(Wer den linken Teil des Mondes nicht sieht, hat seinen Monitor zu dunkel!)<\/p>\n<p><a href='http:\/\/extra.inmontanis.info\/d\/17278-2\/DSC04268_001.jpg'><img src=http:\/\/extra.inmontanis.info\/d\/17276-3\/DSC04268_001.jpg \/><\/a><br \/>\n^ gleiches Bild, noch weiter aufgehellt <\/p>\n<p><img src=http:\/\/extra.inmontanis.info\/d\/17254-2\/DSC04278.jpg \/><br \/>\n^ Gipfel und Sternenhimmel<\/p>\n<p><img src=http:\/\/extra.inmontanis.info\/d\/17258-2\/DSC04281.jpg \/><br \/>\n^ Lac de Roselend (8 sec ISO 1600)<\/p>\n<p><img src=http:\/\/extra.inmontanis.info\/d\/17262-2\/DSC04287.jpg \/><br \/>\n^ Lac de Roselend mit Sternenhimmel (13 sec ISO 800)<\/p>\n<p><img src=http:\/\/extra.inmontanis.info\/d\/17266-2\/DSC04286.jpg \/><br \/>\n^ Bergsilhouetten und Sternenhimmel &#8211; und der Strich k\u00f6nnte die ISS sein. (15 sec ISO 800)<\/p>\n<p>(Fortsetzung folgt.)<\/p>\n","protected":false},"excerpt":{"rendered":"<p>Westalpen-Sommerski-Tour 2013 Juni\/Juli VIII. Verbier &#8211; Mont Fort<\/p>\n<p>Fr, 12.7.2013 (Vorabend)<\/p>\n<p>Egtl. wollte ich ja dieses WE nicht schon wieder in die Westalpen fahren. Aber Verbier hatte nach ca. 14 Jahren wieder Sommerski angeboten &#8211; vorerst nur dieses Wochenende. Um g\u00fcnstige 20,- CHF, das kann man sich nicht entgehen lassen.<\/p>\n<p>Einigerma\u00dfen p\u00fcnktlich kam ich abends <a href=\"http:\/\/blog.inmontanis.info\/?p=2472\">[&#8230;]<\/a><\/p>\n","protected":false},"author":1,"featured_media":0,"comment_status":"open","ping_status":"closed","sticky":false,"template":"","format":"standard","meta":{"footnotes":""},"categories":[125,762,14,28],"tags":[42,56,53,100,52,45,47,86],"class_list":["post-2472","post","type-post","status-publish","format-standard","hentry","category-2013-07-westalpensommerskitour","category-4-vallees","category-swiss","category-skifahren-sommer","tag-4eub","tag-6sb","tag-8eub","tag-langzeitbelichtung","tag-pb","tag-see","tag-sl","tag-wasserfall","odd"],"_links":{"self":[{"href":"http:\/\/blog.inmontanis.info\/index.php?rest_route=\/wp\/v2\/posts\/2472","targetHints":{"allow":["GET"]}}],"collection":[{"href":"http:\/\/blog.inmontanis.info\/index.php?rest_route=\/wp\/v2\/posts"}],"about":[{"href":"http:\/\/blog.inmontanis.info\/index.php?rest_route=\/wp\/v2\/types\/post"}],"author":[{"embeddable":true,"href":"http:\/\/blog.inmontanis.info\/index.php?rest_route=\/wp\/v2\/users\/1"}],"replies":[{"embeddable":true,"href":"http:\/\/blog.inmontanis.info\/index.php?rest_route=%2Fwp%2Fv2%2Fcomments&post=2472"}],"version-history":[{"count":2,"href":"http:\/\/blog.inmontanis.info\/index.php?rest_route=\/wp\/v2\/posts\/2472\/revisions"}],"predecessor-version":[{"id":2474,"href":"http:\/\/blog.inmontanis.info\/index.php?rest_route=\/wp\/v2\/posts\/2472\/revisions\/2474"}],"wp:attachment":[{"href":"http:\/\/blog.inmontanis.info\/index.php?rest_route=%2Fwp%2Fv2%2Fmedia&parent=2472"}],"wp:term":[{"taxonomy":"category","embeddable":true,"href":"http:\/\/blog.inmontanis.info\/index.php?rest_route=%2Fwp%2Fv2%2Fcategories&post=2472"},{"taxonomy":"post_tag","embeddable":true,"href":"http:\/\/blog.inmontanis.info\/index.php?rest_route=%2Fwp%2Fv2%2Ftags&post=2472"}],"curies":[{"name":"wp","href":"https:\/\/api.w.org\/{rel}","templated":true}]}}