{"id":2469,"date":"2013-07-09T23:04:08","date_gmt":"2013-07-09T21:04:08","guid":{"rendered":"http:\/\/blog.inmontanis.info\/?p=2469"},"modified":"2023-07-30T21:21:18","modified_gmt":"2023-07-30T19:21:18","slug":"alpe-dhuez-9-7-2013","status":"publish","type":"post","link":"http:\/\/blog.inmontanis.info\/?p=2469","title":{"rendered":"Alpe d&#8217;Huez, 9.7.2013"},"content":{"rendered":"<p><strong>Westalpen-Sommerski-Tour 2013 Juni\/Juli<br \/>\nVII. Alpe d&#8217;Huez zum zweiten<\/strong><\/p>\n<p><strong>Di, 9.7.2013<\/strong><\/p>\n<p>Heute ging&#8217;s also nochmals nach Alpe d&#8217;Huez. Im Gegensatz zum Sonntag ging&#8217;s heute tats\u00e4chlich mit DMC + PB hinauf. Somit leider keine M\u00f6glichkeit mehr, die Marmottes-EUB-Abfahrt zu fahren :-(<\/p>\n<p>Schnee war Offpiste an der unteren 4SB morgens angenehmer zu fahren, weil weicher. Im oberen Bereich firnte es leider nicht so schnell auf, da bereits im Laufe des Vormittags die Wolken kamen.<\/p>\n<p>Ein paar neue Varianten konnte ich noch fahren, bis ich um kurz vor 11 Uhr sah, dass beide 4SBs standen. Hab dann vorsichtshalber zur oberen 4SB gequert und bin rauf, die untere stand teilweise immer noch. <\/p>\n<p>Oben angekommen wurden wir dann gehindert, wieder abzufahren, mit der Begr\u00fcndung von Elektrizit\u00e4tsproblemen an den beiden 4SBs. Meine Frage, ob ich die Tunnelpiste fahren d\u00fcrfte, wurde zur\u00fcckgewiesen, &#8220;zu eisig&#8221;. Gut, um die Uhrzeit mag das sogar noch stimmiger sein als am Sonntag. <\/p>\n<p>Nach ca. 10-15 Minuten sah ich, dass die Leute von der unteren 4SB endlich zur oberen r\u00fcbergequert sind. Und dass einer die Tunnelpiste runter gefahren ist. Ok, da w\u00e4re heute eh mehr Fu\u00dfweg n\u00f6tig gewesen, da der untere Skiweg seit Sonntag vom Schnee beifreit wurde.<\/p>\n<p>Selbst um 11:45 war die obere 4SB noch in Betrieb. H\u00e4ttens uns ja noch locker an der oberen 4SB fahren lassen k\u00f6nnen. Insofern \u00e4rgerlich, weil ich noch 3 Varianten fahren wollte, die ich weder Sonntag noch heute gefahren bin &#8211; einfach weil es vor 11 Uhr schneem\u00e4\u00dfig noch keinen Sinn gemacht h\u00e4tte. Schade.<\/p>\n<p>Die Bahn um 11:45 wurde dann auf 11:55 verschoben und s\u00e4mtliche G\u00e4ste zusammengesammelt &#8211; aufgrund der nun aufkommenden Gewitter wurden alle 3 Sektionen eingestellt. (Das kommt in Alpe d&#8217;Huez zumindest im Fr\u00fchsommer recht h\u00e4ufig vor &#8211; zumindest schon mehrmals erlebt jetzt ;) )<\/p>\n<p>(Fotos anklicken zum Vergr\u00f6\u00dfern, soweit nicht vergr\u00f6\u00dfert gepostet.)<\/p>\n<p><img src=http:\/\/ski.inmontanis.info\/d\/165468-2\/DSC03736.jpg \/><br \/>\n^ Blick aus dem DMC-Fenster richtung L2A<\/p>\n<p><img src=http:\/\/ski.inmontanis.info\/d\/165472-2\/DSC03738.jpg \/><br \/>\n^ DMC &#8211; Pic Blanc, PB-Bergstation sichtbar<\/p>\n<p><a href='http:\/\/ski.inmontanis.info\/d\/165476-2\/DSC03741.jpg'><img src=http:\/\/ski.inmontanis.info\/d\/165475-3\/DSC03741.jpg \/><\/a><br \/>\n^ Sogar der Starthang von der PB aus hat noch gen\u00fcgend Schnee. 2005 musste man die Treppe absteigen &#8230;<\/p>\n<p><a href='http:\/\/ski.inmontanis.info\/d\/165480-2\/DSC03744.jpg'><img src=http:\/\/ski.inmontanis.info\/d\/165479-3\/DSC03744.jpg \/><\/a><br \/>\n^ Offpiste zwischen den Felsen<\/p>\n<p><img src=http:\/\/ski.inmontanis.info\/d\/165484-2\/DSC03745.jpg \/><br \/>\n^ Blick zur Glacier-4SB<\/p>\n<p><img src=http:\/\/ski.inmontanis.info\/d\/165488-2\/DSC03746.jpg \/><br \/>\n^ Offpiste an der 4SB Herpie<\/p>\n<p><a href='http:\/\/ski.inmontanis.info\/d\/165492-2\/DSC03749.jpg'><img src=http:\/\/ski.inmontanis.info\/d\/165491-3\/DSC03749.jpg \/><\/a><br \/>\n^ \u00dcberreste der Ex-DSB-Talstation (4SB Glacier Vorg\u00e4nger)<\/p>\n<p><a href='http:\/\/ski.inmontanis.info\/d\/165496-2\/DSC03751.jpg'><img src=http:\/\/ski.inmontanis.info\/d\/165495-3\/DSC03751.jpg \/><\/a><br \/>\n^ Ehemaliges Refuge \/ Chalet GUC (Uni Grenoble)<\/p>\n<p><img src=http:\/\/ski.inmontanis.info\/d\/165500-2\/DSC03752.jpg \/><br \/>\n^ Ehemaliges Refuge \/ Chalet GUC (Uni Grenoble)<\/p>\n<p><a href='http:\/\/ski.inmontanis.info\/d\/165504-2\/DSC03755.jpg'><img src=http:\/\/ski.inmontanis.info\/d\/165503-3\/DSC03755.jpg \/><\/a><br \/>\n^ Hm, was steht denn da &#8230;<\/p>\n<p><img src=http:\/\/ski.inmontanis.info\/d\/165508-2\/DSC08856.jpg \/><br \/>\n^ Ein Weg, St\u00fctzen, Lifth\u00e4uschen .. ging da mal einer der fr\u00fcheren Sommerskilifte rauf?<\/p>\n<p><img src=http:\/\/ski.inmontanis.info\/d\/165512-2\/DSC03756.jpg \/><br \/>\n^ Offpiste ganz am Rand der unteren 4SB. Man sollte hier aufpassen, nicht zu sp\u00e4t nach links zur 4SB zur\u00fcck zu queren :)<\/p>\n<p><img src=http:\/\/ski.inmontanis.info\/d\/165516-2\/DSC03759.jpg \/><br \/>\n^ Offpiste an der unteren 4SB.<\/p>\n<p><a href='http:\/\/ski.inmontanis.info\/d\/165520-2\/DSC03760.jpg'><img src=http:\/\/ski.inmontanis.info\/d\/165519-3\/DSC03760.jpg \/><\/a><br \/>\n^ Irgendwie war der Schnee heute sp\u00fcrbar grauer &#8211; anstelle des momentan \u00fcblichen Sandbraun &#8230;<\/p>\n<p><a href='http:\/\/ski.inmontanis.info\/d\/165524-2\/DSC03762.jpg'><img src=http:\/\/ski.inmontanis.info\/d\/165523-3\/DSC03762.jpg \/><\/a><br \/>\n^ Unter den Langlaufspuren k\u00f6nnte noch Gletscher sein &#8230;.<\/p>\n<p><img src=http:\/\/ski.inmontanis.info\/d\/165528-2\/DSC03765.jpg \/><br \/>\n^ Lustig anzusehen, wie die Radler den Skihang runtergekullert sind ;)<\/p>\n<p><img src=http:\/\/ski.inmontanis.info\/d\/165532-2\/DSC03767.jpg \/><br \/>\n^ Fundament oberhalb des GUC-Refuges. Evtl.stand hier mal die Bergstation eines Sommerskilifts.<\/p>\n<p><img src=http:\/\/ski.inmontanis.info\/d\/165536-2\/DSC03769.jpg \/><br \/>\n^ Pano vom Ex-Refuge GUC (links au\u00dferhalb des Bildes). Vorne bei den Steinen, wo der Skiclub ist, steht auch wieder so eine eventuelle St\u00fctze..?<\/p>\n<p><img src=http:\/\/ski.inmontanis.info\/d\/165540-2\/DSC03771.jpg \/><br \/>\n^ Ex-Refuge GUC<\/p>\n<p><a href='http:\/\/ski.inmontanis.info\/d\/165544-2\/DSC03772.jpg'><img src=http:\/\/ski.inmontanis.info\/d\/165543-3\/DSC03772.jpg \/><\/a><br \/>\n^ Ex-Refuge GUC<\/p>\n<p><a href='http:\/\/ski.inmontanis.info\/d\/165548-2\/DSC03774.jpg'><img src=http:\/\/ski.inmontanis.info\/d\/165547-3\/DSC03774.jpg \/><\/a><br \/>\n^ Ex-Refuge GUC<\/p>\n<p><img src=http:\/\/ski.inmontanis.info\/d\/165552-2\/DSC03775.jpg \/><br \/>\n^ Ex-Refuge GUC<\/p>\n<p><a href='http:\/\/ski.inmontanis.info\/d\/165556-2\/DSC03778.jpg'><img src=http:\/\/ski.inmontanis.info\/d\/165555-3\/DSC03778.jpg \/><\/a><br \/>\n^ hm, kein Schloss &#8211; da m\u00fcsste man nur die Bolzen rausschieben .. ;)<\/p>\n<p><img src=http:\/\/ski.inmontanis.info\/d\/165560-2\/DSC03779.jpg \/><br \/>\n^ Ex-Refuge GUC, 4SB und PB-Bergstation<\/p>\n<p><img src=http:\/\/ski.inmontanis.info\/d\/165564-2\/DSC03784.jpg \/><br \/>\n^ Noch so eine St\u00fctze. Aktuell evtl. Lawinensprengbahn. Aber vielleicht fr\u00fcher ein Sommerskilift? Den Sinn der Absperrung versteh ich auch nicht&#8230;<\/p>\n<p><img src=http:\/\/ski.inmontanis.info\/d\/165568-2\/DSC03786.jpg \/><br \/>\n^ Die &#8220;Mini-Au\u00dfenrum-Abfahrt&#8221; (Steilhang) und Ex-Refuge in Bildmitte oben<\/p>\n<p><img src=http:\/\/ski.inmontanis.info\/d\/165572-2\/DSC03797.jpg \/><br \/>\n^ Tunnelausgang und Start Tunnelpiste<\/p>\n<p><img src=http:\/\/ski.inmontanis.info\/d\/165576-2\/DSC03801.jpg \/><br \/>\n^ Starthang Tunnelpiste, unsere Spuren vom Sonntag sind noch zu sehen<\/p>\n<p><a href='http:\/\/ski.inmontanis.info\/d\/165580-2\/DSC03803.jpg'><img src=http:\/\/ski.inmontanis.info\/d\/165579-3\/DSC03803.jpg \/><\/a><br \/>\n^ Sommerskipass<\/p>\n<p>Danach ging&#8217;s via Col du Glandon &#8211; Albertville &#8211; Ugine und Genfersee wieder heim. 2 Zwischenstopps zum Essen (Quick + Buffalo, weil ich mich nicht entscheiden konnte :) ) und Einkaufen in Frankreich. Notiz in eigener Sache: Der Leclerc in Cran-Grevier bei Annecy ist arg klein, nur 16 Kassen, kleiner als der Casino in Albertville (ca. 30 Kassen). N\u00e4chstes Mal besser wieder zum riesigen Leclerc bei Grenoble (\u00fcber 50 Kassen).<\/p>\n<p>Um kurz vor 1 Uhr (nachts) war ich wieder daheim. Die 6 Stunden Fahrt ab Genfer Grenze FR\/CH sind echt m\u00fchselig, insb. die 4 Stunden bis Vorarlberg, langweilig und dennoch kaum l\u00e4ngere Zeit gleichbleibende Geschwindigkeiten &#8211; laufend irgendwelche 100er, Baustellenbereiche, Einfahrten, Kreuze. Z\u00fcrich liegt \u00fcbrigens ca. mit 3h in der Mitte, Feldkirch bei 4 bzw. 2 Stunden.  So m\u00fcde war ich beim Autofahren schon lang nicht mehr, also die gesamte Schweizdurchfahrt will ich so schnell nicht mehr fahren. <\/p>\n<p><a href='http:\/\/extra.inmontanis.info\/d\/17206-2\/DSC03807.jpg'><img src=http:\/\/extra.inmontanis.info\/d\/17204-3\/DSC03807.jpg \/><\/a><br \/>\n^ Hm, mit ISO 6400 kann man bei 1\/60s und einem 28mm-Objektiv bei 2.0 oder 2.8 w\u00e4hrend der Autobahnfahrt durchaus brauchbar scharfe Fotos machen &#8230;.<\/p>\n<p>\u00dcbrigens, weitere Infos \/ Bilder zum Refuge \/ Chalet GUC:<br \/>\n<a href='http:\/\/c-estselon.hautetfort.com\/archive\/2005\/09\/27\/journal-d-al-sarenne-ma-reine.html'>http:\/\/c-estselon.hautetfort.com\/archive\/2005\/09\/27\/journal-d-al-sarenne-ma-reine.html<\/a><br \/>\n<a href='http:\/\/gucski.free.fr\/GUC_ski\/Sarenne.html'>http:\/\/gucski.free.fr\/GUC_ski\/Sarenne.html<\/a><br \/>\n(und weitere Seiten dort!)<\/p>\n<p>An dieser Stelle h\u00e4tte meine Tour egtl. beendet sein sollen &#8211; aber besondere Vorkommnisse erforderten, dass ich noch ein Wochenende dranh\u00e4ngen &#8220;musste&#8221; &#8230;.  :-)<\/p>\n<p>(Fortsetzung folgt.)<\/p>\n","protected":false},"excerpt":{"rendered":"<p>Westalpen-Sommerski-Tour 2013 Juni\/Juli VII. Alpe d&#8217;Huez zum zweiten<\/p>\n<p>Di, 9.7.2013<\/p>\n<p>Heute ging&#8217;s also nochmals nach Alpe d&#8217;Huez. Im Gegensatz zum Sonntag ging&#8217;s heute tats\u00e4chlich mit DMC + PB hinauf. Somit leider keine M\u00f6glichkeit mehr, die Marmottes-EUB-Abfahrt zu fahren :-(<\/p>\n<p>Schnee war Offpiste an der unteren 4SB morgens angenehmer zu fahren, weil weicher. Im oberen Bereich <a href=\"http:\/\/blog.inmontanis.info\/?p=2469\">[&#8230;]<\/a><\/p>\n","protected":false},"author":1,"featured_media":0,"comment_status":"open","ping_status":"closed","sticky":false,"template":"","format":"standard","meta":{"footnotes":""},"categories":[125,288,16,28],"tags":[49,52,78],"class_list":["post-2469","post","type-post","status-publish","format-standard","hentry","category-2013-07-westalpensommerskitour","category-alpe-dhuez","category-france","category-skifahren-sommer","tag-4sb","tag-pb","tag-restschnee","odd"],"_links":{"self":[{"href":"http:\/\/blog.inmontanis.info\/index.php?rest_route=\/wp\/v2\/posts\/2469","targetHints":{"allow":["GET"]}}],"collection":[{"href":"http:\/\/blog.inmontanis.info\/index.php?rest_route=\/wp\/v2\/posts"}],"about":[{"href":"http:\/\/blog.inmontanis.info\/index.php?rest_route=\/wp\/v2\/types\/post"}],"author":[{"embeddable":true,"href":"http:\/\/blog.inmontanis.info\/index.php?rest_route=\/wp\/v2\/users\/1"}],"replies":[{"embeddable":true,"href":"http:\/\/blog.inmontanis.info\/index.php?rest_route=%2Fwp%2Fv2%2Fcomments&post=2469"}],"version-history":[{"count":3,"href":"http:\/\/blog.inmontanis.info\/index.php?rest_route=\/wp\/v2\/posts\/2469\/revisions"}],"predecessor-version":[{"id":5026,"href":"http:\/\/blog.inmontanis.info\/index.php?rest_route=\/wp\/v2\/posts\/2469\/revisions\/5026"}],"wp:attachment":[{"href":"http:\/\/blog.inmontanis.info\/index.php?rest_route=%2Fwp%2Fv2%2Fmedia&parent=2469"}],"wp:term":[{"taxonomy":"category","embeddable":true,"href":"http:\/\/blog.inmontanis.info\/index.php?rest_route=%2Fwp%2Fv2%2Fcategories&post=2469"},{"taxonomy":"post_tag","embeddable":true,"href":"http:\/\/blog.inmontanis.info\/index.php?rest_route=%2Fwp%2Fv2%2Ftags&post=2469"}],"curies":[{"name":"wp","href":"https:\/\/api.w.org\/{rel}","templated":true}]}}