{"id":2466,"date":"2013-07-08T23:52:33","date_gmt":"2013-07-08T21:52:33","guid":{"rendered":"http:\/\/blog.inmontanis.info\/?p=2466"},"modified":"2023-07-30T21:51:51","modified_gmt":"2023-07-30T19:51:51","slug":"les-2-alpes-8-7-2013-offiziell-bis-mittelstation","status":"publish","type":"post","link":"http:\/\/blog.inmontanis.info\/?p=2466","title":{"rendered":"Les 2 Alpes, 8.7.2013 &#8211; offiziell bis Mittelstation"},"content":{"rendered":"<p><strong>Westalpen-Sommerski-Tour 2013 Juni\/Juli<br \/>\nVI. Les 2 Alpes<\/strong><\/p>\n<p><strong>Mo, 8.7.2013<\/strong><\/p>\n<p>Etwas versp\u00e4tet &#8211; ca. 7:30 &#8211; erreichte ich Les 2 Alpes. Die letztes Jahr umgebauten Kassenr\u00e4ume sind wohl wieder in Betrieb, diesmal allerdings nach au\u00dfen gerichtet. Im Innenbereich sind professionellere Services &#8211; und der Abgang zum WC, aber der war abgesperrt. Letztes(?) Jahr musste man die Skip\u00e4sse ja gegen\u00fcber im Office du Tourisme kaufen, wo es auch ein WC gab. Also bin ich rein, nur um dann von einem Bediensteten gesagt zu bekommen, dass man doch noch geschlossen hat. Also dann eben oben am Gletscher..<\/p>\n<p>Tageskarte um 36,- \u20ac gekauft &#8211; die sind in den letzten jahren auch ganz sch\u00f6n teurer geworden &#8211; und um 7:45 an die DMC angestellt, was nat\u00fcrlich die denkbar schlechteste Uhrzeit ist. 23 min Wartezeit, also um 8:08 war ich in der Gondel &#8211; halbvoll, wie es sich f\u00fcr Trainingsmannschaften geh\u00f6rt, man muss sich ja auf die Schuhs\u00e4cke setzen.<\/p>\n<p>Wenigstens musste man diesmal an der Mittelstation nicht warten: Es gab doch tats\u00e4chlich Durchfahrbetrieb! <\/p>\n<p>Oben angekommen bot sich das \u00fcbliche Bild mit einem Zusatz: Die Abfahrt zur DMC-Mittelstation war, wie zuletzt 2010, noch ge\u00f6ffnet und pr\u00e4pariert. Allerdings hat man halt etwas Fu\u00dfweg zur Station. Und im Prinzip hat man ja kaum Zeit, alle Pisten 2x zu fahren. Nachdem ich 2x die Signal-4KSB gefahren bin, gesellten sich Trinc und k2k zu mir, wir nahmen die Abfahrt zur Mittelstation. <\/p>\n<p>Sp\u00e4ter am Lauze-SL gab es mal wieder eklatante Wartezeiten und nervig dr\u00e4ngelnde Kids, so dass wir es bei einer Fahrt belie\u00dfen. Leider hatten wir es auch sp\u00e4ter nicht mehr geschafft, nochmal rauf zu kommen &#8211; die Lifte fahren halt nur bis 12:30, unverst\u00e4ndlicherweise bei der Westausrichtung hier. Nur die 2 SL im Funpark fahren bis 13 Uhr, was wir diesmal auch ausgekosteten. Also die letzten 2 Fahrten nur noch ich allein. Daf\u00fcr gab es auf den Pisten im Funpark Butterfirn vom feinsten, da hier kaum einer gefahren ist. Auch am Steilhang von den Gletscher-SL zur 4KSB gab es wie \u00fcblich zu mittag besten Firn, wobei ich heute sogar die Off-Piste-Variante zwischen den Felsen probiert hab &#8211; dort war&#8217;s aber nicht gut. Im Gegensatz zum Offpistebereich unterhalb der ehemaligen Jandri-DSB, wo wir zuvor waren.<\/p>\n<p>(Fotos anklicken zum Vergr\u00f6\u00dfern, soweit nicht vergr\u00f6\u00dfert gepostet.)<\/p>\n<p><img src=http:\/\/ski.inmontanis.info\/d\/165352-2\/DSC03339.jpg \/><br \/>\n^ Zoom Gletscherbereich La Grave (links) und Les 2 Alpes im Zoom von Alpe d&#8217;Huez<\/p>\n<p><img src=http:\/\/ski.inmontanis.info\/d\/165356-2\/DSC03343.jpg \/><br \/>\n^ Zoom Gletscherbereich Les 2 Alpes im Zoom von Alpe d&#8217;Huez<\/p>\n<p><a href='http:\/\/ski.inmontanis.info\/d\/165360-2\/DSC03612.jpg'><img src=http:\/\/ski.inmontanis.info\/d\/165359-3\/DSC03612.jpg \/><\/a><br \/>\n^ Wenn man um 7:30 oder 7:45 da ist, muss man halt 20-30 Minuten anstehen &#8230; Immerhin war heute Durchfahrbetrieb an der Mittelstation, somit dort keine weiteren Wartezeiten.<\/p>\n<p><img src=http:\/\/ski.inmontanis.info\/d\/165364-2\/DSC03613.jpg \/><br \/>\n^ Bergstation DMC und 3SB<\/p>\n<p><img src=http:\/\/ski.inmontanis.info\/d\/165368-2\/DSC03614.jpg \/><br \/>\n^ Puy Salie &#8211; Standardbild<\/p>\n<p><img src=http:\/\/ski.inmontanis.info\/d\/165372-2\/DSC03619.jpg \/><br \/>\n^ Standardbild von der 4KSB Signal<\/p>\n<p><img src=http:\/\/ski.inmontanis.info\/d\/165376-2\/DSC03621.jpg \/><br \/>\n^ Standardbild von der Bergstation 4KSB Signal zu den Gletscher-SL<\/p>\n<p><img src=http:\/\/ski.inmontanis.info\/d\/165380-2\/DSC03625.jpg \/><br \/>\n^ Gletscher-SL im Zoom &#8211; das \u00fcbliche Renngewusel<\/p>\n<p><img src=http:\/\/ski.inmontanis.info\/d\/165384-2\/DSC03627.jpg \/><br \/>\n^ Funpark-SL im Zoom. Fr\u00fcher, als die Jandri-DSB noch stand, war der Einstieg an St\u00fctze 1, mittlerweile an St\u00fctze 3.<\/p>\n<p><img src=http:\/\/ski.inmontanis.info\/d\/165388-2\/DSC03637.jpg \/><br \/>\n^ DMC und Abfahrten zur Mittelstation<\/p>\n<p><img src=http:\/\/ski.inmontanis.info\/d\/165392-2\/DSC03638.jpg \/><br \/>\n^ Abfahrten zur Mittelstation<\/p>\n<p><img src=http:\/\/ski.inmontanis.info\/d\/165396-2\/DSC03640.jpg \/><br \/>\n^ Mittelstationsabfahrt &#8211; schon fr\u00fch sch\u00f6n firnig<\/p>\n<p><img src=http:\/\/ski.inmontanis.info\/d\/165400-2\/DSC03642.jpg \/><br \/>\n^ Mittelstationsabfahrt<\/p>\n<p><img src=http:\/\/ski.inmontanis.info\/d\/165404-2\/DSC03643.jpg \/><br \/>\n^ Mittelstation<\/p>\n<p>Vergleich 24.6.2010:<br \/>\n<a href='http:\/\/ski.inmontanis.info\/d\/117002-3\/P1530478.JPG'><img src=http:\/\/ski.inmontanis.info\/d\/117001-4\/P1530478.JPG \/><\/a><\/p>\n<p><a href='http:\/\/ski.inmontanis.info\/d\/165408-2\/DSC03645.jpg'><img src=http:\/\/ski.inmontanis.info\/d\/165407-3\/DSC03645.jpg \/><\/a><br \/>\n^ SL Lauze, Wartezeiten und dr\u00e4ngelnde Rennkids *kotz*<\/p>\n<p><img src=http:\/\/ski.inmontanis.info\/d\/165412-2\/DSC03646.jpg \/><br \/>\n^ .. aber toller Firn am SL Lauze<\/p>\n<p><img src=http:\/\/ski.inmontanis.info\/d\/165416-2\/DSC03650.jpg \/><br \/>\n^ SL Lauze<\/p>\n<p><img src=http:\/\/ski.inmontanis.info\/d\/165420-2\/DSC03652.jpg \/><br \/>\n^ Im Funpark, ganz links war eine unbefahrene Abfahrt breit genug mit Butterfirn bis zum Schluss (die Funpark-SL fahren bis 13h, also 30min l\u00e4nger als die anderen)<\/p>\n<p><img src=http:\/\/ski.inmontanis.info\/d\/165424-2\/DSC03655.jpg \/><br \/>\n^ Funpark<\/p>\n<p><img src=http:\/\/ski.inmontanis.info\/d\/165428-2\/DSC03659.jpg \/><br \/>\n^ Gletscherstation<\/p>\n<p><img src=http:\/\/ski.inmontanis.info\/d\/165436-2\/DSC03660.jpg \/><br \/>\n^ Toller Firn an der ehemaligen DSB Jandri 4<\/p>\n<p><img src=http:\/\/ski.inmontanis.info\/d\/165432-2\/DSC03661.jpg \/><br \/>\n^ Gletscherstation mit Bergstationen DMC, 8KSB, 3SB, Talstation Doppel-SL und U-SSB, komplette Strecke Schr\u00e4gaufzug<\/p>\n<p><img src=http:\/\/ski.inmontanis.info\/d\/165440-2\/DSC03662.jpg \/><br \/>\n^ Toller Firn an der ehemaligen DSB Jandri 4<\/p>\n<p><a href='http:\/\/ski.inmontanis.info\/d\/165444-2\/DSC03664.jpg'><img src=http:\/\/ski.inmontanis.info\/d\/165443-3\/DSC03664.jpg \/><\/a><br \/>\n^ U-SSB<\/p>\n<p><a href='http:\/\/ski.inmontanis.info\/d\/165448-2\/DSC03675.jpg'><img src=http:\/\/ski.inmontanis.info\/d\/165447-3\/DSC03675.jpg \/><\/a><br \/>\n^ U-SSB<\/p>\n<p><img src=http:\/\/ski.inmontanis.info\/d\/165452-2\/DSC03676.jpg \/><br \/>\n^ Krass viel Schnee auf diesem Skiweg &#8211; man beachte die Begrenzungsstecken &#8230;<\/p>\n<p><img src=http:\/\/ski.inmontanis.info\/d\/165456-2\/DSC03680.jpg \/><br \/>\n^ On- und Offpiste zur Mittelstation<\/p>\n<p><img src=http:\/\/ski.inmontanis.info\/d\/165460-2\/DSC03682.jpg \/><br \/>\n^ Mittelstation<\/p>\n<p><img src=http:\/\/ski.inmontanis.info\/d\/165464-2\/ge_20130708.jpg \/><br \/>\n^ GPS-Track 8.7.2013 &#8211; in L2A kommt man beim Sommerskifahren pistenanzahlm\u00e4\u00dfig nicht viel rum. Auch bei weitem nicht alle SL gefahren heute.<\/p>\n<p>Wieder unten im Ort gingen wir noch was Essen, danach fuhren die beiden weiter nach Tignes. Ich wollte morgen ja nochmal Alpe d&#8217;Huez ausn\u00fctzen. <\/p>\n<p>Kurzer Check im Internet &#8211; wetterm\u00e4\u00dfig sollte es morgen vormittag in AdH und Tignes recht sonnig werden, evtl. in AdH etwas besser. Bei den ge\u00f6ffneten Liften wurde ich allerdings etwas stutzig &#8211; die Marmottes-Linie war nicht mehr in Betrieb, daf\u00fcr die PB!? Warum man gestern \u00fcberhaupt Marmottes offen hatte, verstand ich ja eh nicht, aber das k\u00f6nnte ja bedeuten, dass die untere 4SB nicht mehr offen w\u00e4re? Also fuhr ich erst mal nach AdH und fragte nach. Ja, Skibetrieb w\u00e4re, sofern sich die Gewitter \u00fcber Nacht legen (es gewitterte gerade und die Bahnen wurden vorzeitig eingestellt). Und es w\u00e4ren auch noch beide 4SBs offen. Na gut, dann bis morgen &#8230; Werd ich die Marmottes-II-Abfahrt also leider nicht mehr fahren k\u00f6nnen :-(<\/p>\n<p>Weiter ging&#8217;s wie gestern \u00fcber den Col de Sarenne und dann vor dem Stausee nach links hinauf. Da sieht man ja eine abenteuerliche Stra\u00dfe &#8211; und gestern Abend in der Pizzeria die Karte zeigte, dass es hier noch eine Rundfahrm\u00f6glichkeit g\u00e4be, gleich eingezeichnet wie die Col-Sarenne-Stra\u00dfe.<\/p>\n<p>Nach einigen Kehren wurde die Stra\u00dfe nur noch ein Schotterweg &#8211; &#8220;Piste Pastorale&#8221;. Weiterfahrt auf eigene Gefahr. Nach ein paar Kehren hab ich gesehen, wo die Stra\u00dfe noch hinauf f\u00fchren soll. Kurzer Check im Navi &#8211; das, was ich bisher gefahren bin, war nur ein ganz kleiner Teil. Ufz. Bei dem Wetter (leichter Regen) auf Schotterstra\u00dfen und zu der sp\u00e4ten Zeit (fast 18 Uhr) &#8211; ich hatte keine gro\u00dfe Lust mehr, die Runde zu fahren und bin umgekehrt. (Daheim auf GE angeschaut &#8211; die Stra\u00dfe dort oben rum muss ziemlich genial sein, also irgendwann sollten wir das machen!)<\/p>\n<p><a href='http:\/\/extra.inmontanis.info\/d\/17174-2\/DSC03691.jpg'><img src=http:\/\/extra.inmontanis.info\/d\/17172-3\/DSC03691.jpg \/><\/a><br \/>\n^ Nette Felsstrecke oberhalb von Mizoen (oberhalb des Stausees unterhalb L2A)<\/p>\n<p><a href='http:\/\/extra.inmontanis.info\/d\/17178-2\/DSC03696.jpg'><img src=http:\/\/extra.inmontanis.info\/d\/17176-3\/DSC03696.jpg \/><\/a><br \/>\n^ Piste Pastorale oberhalb Mizoen<\/p>\n<p><a href='http:\/\/extra.inmontanis.info\/d\/17182-2\/DSC03699.jpg'><img src=http:\/\/extra.inmontanis.info\/d\/17180-3\/DSC03699.jpg \/><\/a><br \/>\n^ Auf der Schotterpiste. Was? Da rauf geht die Stra\u00dfe noch? Ufz.<\/p>\n<p><a href='http:\/\/extra.inmontanis.info\/d\/17186-2\/DSC03701.jpg'><img src=http:\/\/extra.inmontanis.info\/d\/17184-3\/DSC03701.jpg \/><\/a><br \/>\n^ Was? So wenig bin ich in 8-10 Minuten erst gefahren? Und so weit geht die Stra\u00dfe \u00fcber das Hochplateau noch bis Besse? Ne, heute nicht mehr.<\/p>\n<p><a href='http:\/\/extra.inmontanis.info\/d\/17190-2\/DSC03702.jpg'><img src=http:\/\/extra.inmontanis.info\/d\/17188-3\/DSC03702.jpg \/><\/a><br \/>\n^ Felsstra\u00dfe oberhalb Mizoen<\/p>\n<p><img src=http:\/\/extra.inmontanis.info\/d\/17194-2\/DSC03704.jpg \/><br \/>\n^ Mizoen und Stausee<\/p>\n<p>Weiter zum Galibier, wo es just als ich ankam, wieder zu regnen begann. Wieder nix mit einem kurzen Sommerskiintermezzo hier. Tsa. Wobei es einige Radler gab, die den Pass trotz str\u00f6menden Regens hinauf gefahren sind. Als ich den Text hier schrieb versuchen sich einige am Rand des Kiosks ein bisschen unterzustellen, w\u00e4hrend ich im trocknen Auto sitze &#8230; wohlgemerkt waren die Radler alle mit kurzen Hosen und kurzen \u00c4rmeln unterwegs (hier oben am Pass bei k\u00fchlen 6\u00b0!) und ohne Regenbekleidung. Naja, also da h\u00e4lt sich jetzt mein Mitleid doch in Grenzen.<\/p>\n<p><a href='http:\/\/extra.inmontanis.info\/d\/17198-2\/DSC03723.jpg'><img src=http:\/\/extra.inmontanis.info\/d\/17196-3\/DSC03723.jpg \/><\/a><br \/>\n^ Starker Regen am Col du Galibier und etliche Radfahrer unterwegs..<\/p>\n<p><img src=http:\/\/extra.inmontanis.info\/d\/17202-2\/DSC03731.jpg \/><br \/>\n^ Abendstimmung am Col du Lautaret in Blickrichtung Galibier. H\u00e4tt ich doch noch am Galibier ausharren sollen ;)<\/p>\n<p>Leider sind s\u00e4mtliche Restaurants im Lautaret\/Galibier-Berich wohl nur bis Nachmittag offen. Irgendeine S\u00fc\u00dfspeise oder ein Eis h\u00e4tte ich noch ganz gern gegessen, aber wirklich hungrig war ich nach dem Galette-Kebap eh nicht mehr. <\/p>\n<p>Ich blieb noch &#8216;ne Zeit lang am Galibier, danach wieder hinab zum Lautaret, wo ich wie gestern schlafen werd.<\/p>\n<p>Gestern und heute hatten sich verteilt \u00fcber verschiedene Tageszeiten noch einige Bilder von La Grave angesammelt:<\/p>\n<p><img src=http:\/\/ski.inmontanis.info\/d\/165324-2\/DSC03342.jpg \/><br \/>\n^ Zoom La Grave (Bergstation GUB links und Talstation SL Mitte) von Alpe d&#8217;Huez aus<\/p>\n<p><img src=http:\/\/ski.inmontanis.info\/d\/165328-2\/DSC03341.jpg \/><br \/>\n^ Zoom von AdH: Links Bergstationsbereich SL von La Grave, rechts der oberste SL Lauze von Les 2 Alpes<\/p>\n<p><img src=http:\/\/ski.inmontanis.info\/d\/165332-2\/DSC03609.jpg \/><br \/>\n^ Zoom zur oberen Sektion La Grave, links die Abfahrt  w\u00e4r schon ein sch\u00f6nes St\u00fcck machbar, aber zur Mittelstation kommt man halt irgendwie gar nicht &#8230;<\/p>\n<p><img src=http:\/\/ski.inmontanis.info\/d\/165336-2\/DSC03611.jpg \/><br \/>\n^ Zoom obere Sektion mit linker Abfahrt.<\/p>\n<p><img src=http:\/\/ski.inmontanis.info\/d\/165340-2\/DSC03708.jpg \/><br \/>\n^ Blick Skigebiet La Grave von gegen\u00fcber<\/p>\n<p><img src=http:\/\/ski.inmontanis.info\/d\/165344-2\/DSC03713.jpg \/><br \/>\n^ Zoom Mittelstation der GUB<\/p>\n<p><img src=http:\/\/ski.inmontanis.info\/d\/165348-2\/DSC03715.jpg \/><br \/>\n^ Zoom Bergstation GUB und rechte Abfahrt. So ganz klar ist es mir von dem Bild nicht, wie weit unten man nach links queren muss&#8230;<\/p>\n<p>(Fortsetzung folgt.)<\/p>\n","protected":false},"excerpt":{"rendered":"<p>Westalpen-Sommerski-Tour 2013 Juni\/Juli VI. Les 2 Alpes<\/p>\n<p>Mo, 8.7.2013<\/p>\n<p>Etwas versp\u00e4tet &#8211; ca. 7:30 &#8211; erreichte ich Les 2 Alpes. Die letztes Jahr umgebauten Kassenr\u00e4ume sind wohl wieder in Betrieb, diesmal allerdings nach au\u00dfen gerichtet. Im Innenbereich sind professionellere Services &#8211; und der Abgang zum WC, aber der war abgesperrt. Letztes(?) Jahr musste man die <a href=\"http:\/\/blog.inmontanis.info\/?p=2466\">[&#8230;]<\/a><\/p>\n","protected":false},"author":1,"featured_media":0,"comment_status":"open","ping_status":"closed","sticky":false,"template":"","format":"standard","meta":{"footnotes":""},"categories":[125,16,317,28],"tags":[78,45,47,46],"class_list":["post-2466","post","type-post","status-publish","format-standard","hentry","category-2013-07-westalpensommerskitour","category-france","category-les-deux-alpes","category-skifahren-sommer","tag-restschnee","tag-see","tag-sl","tag-ssb","odd"],"_links":{"self":[{"href":"http:\/\/blog.inmontanis.info\/index.php?rest_route=\/wp\/v2\/posts\/2466","targetHints":{"allow":["GET"]}}],"collection":[{"href":"http:\/\/blog.inmontanis.info\/index.php?rest_route=\/wp\/v2\/posts"}],"about":[{"href":"http:\/\/blog.inmontanis.info\/index.php?rest_route=\/wp\/v2\/types\/post"}],"author":[{"embeddable":true,"href":"http:\/\/blog.inmontanis.info\/index.php?rest_route=\/wp\/v2\/users\/1"}],"replies":[{"embeddable":true,"href":"http:\/\/blog.inmontanis.info\/index.php?rest_route=%2Fwp%2Fv2%2Fcomments&post=2466"}],"version-history":[{"count":2,"href":"http:\/\/blog.inmontanis.info\/index.php?rest_route=\/wp\/v2\/posts\/2466\/revisions"}],"predecessor-version":[{"id":2468,"href":"http:\/\/blog.inmontanis.info\/index.php?rest_route=\/wp\/v2\/posts\/2466\/revisions\/2468"}],"wp:attachment":[{"href":"http:\/\/blog.inmontanis.info\/index.php?rest_route=%2Fwp%2Fv2%2Fmedia&parent=2466"}],"wp:term":[{"taxonomy":"category","embeddable":true,"href":"http:\/\/blog.inmontanis.info\/index.php?rest_route=%2Fwp%2Fv2%2Fcategories&post=2466"},{"taxonomy":"post_tag","embeddable":true,"href":"http:\/\/blog.inmontanis.info\/index.php?rest_route=%2Fwp%2Fv2%2Ftags&post=2466"}],"curies":[{"name":"wp","href":"https:\/\/api.w.org\/{rel}","templated":true}]}}