{"id":2458,"date":"2013-07-06T23:45:39","date_gmt":"2013-07-06T21:45:39","guid":{"rendered":"http:\/\/blog.inmontanis.info\/?p=2458"},"modified":"2023-08-02T22:10:24","modified_gmt":"2023-08-02T20:10:24","slug":"macugnaga-6-7-2013-das-kleinste-sommerskigebiet","status":"publish","type":"post","link":"http:\/\/blog.inmontanis.info\/?p=2458","title":{"rendered":"Macugnaga, 6.7.2013 &#8211; das kleinste Sommerskigebiet"},"content":{"rendered":"<p><strong>Westalpen-Sommerski-Tour 2013 Juni\/Juli<br \/>\nIV. Macugnaga<\/strong><\/p>\n<p><strong>5.7.2013<\/strong> (Vorabend)<\/p>\n<p>&#8220;Wie \u00fcblich&#8221; kam ich abends wieder nicht so fr\u00fch weg wie geplant. H\u00e4tte ich mehr Zeit gehabt, w\u00e4re ich ja Mottarone zum N\u00e4chtigen gefahren &#8211; so jedoch hab ich nur an einem Parkplatz der Bernardino-Stra\u00dfe \u00fcbernachtet. Und mehr wie 5 Sunden wollte ich nicht mehr schlafen, um morgen nicht zu sp\u00e4t dran zu sein &#8230; <\/p>\n<p>(Fotos anklicken zum Vergr\u00f6\u00dfern, soweit nicht vergr\u00f6\u00dfert gepostet.)<\/p>\n<p><a href='http:\/\/ski.inmontanis.info\/d\/164976-2\/DSC03132.jpg'><img src=http:\/\/ski.inmontanis.info\/d\/164975-3\/DSC03132.jpg \/><\/a><br \/>\n^ Abends durch St. Anton \u00fcber den Arlbergpass&#8230;<\/p>\n<p><strong>Sa, 6.7.2013<\/strong><\/p>\n<p>Kurz nach 8 war ich am Parkplatz in Macugnaga. Wie zuletzt 2010 (damals nach 1-2 Dekaden) gibt&#8217;s heuer Sommerski am kurzen SL San Pietro, zumindest heute und morgen. Skifahren ist gratis &#8211; wenn man die Hin- &#038; Retourfahrkarte um g\u00fcnstige 17,- \u20ac kauft. Entsprechend war&#8217;s ganz sch\u00f6n voll, hatte ganztags kurze Wartezeiten am SL!<\/p>\n<p>Obwohl der SL sehr kurz ist (ca. 300m), hat man doch etliche M\u00f6glichkeiten. Insb. wenn man den kurzen Weg an der Bergstation raufgeht, hat man etliche Offpistevarianten (teils mit weiteren Schiebest\u00fccken zu erreichen). Schnee war von der fr\u00fch weg angenehm weich. <\/p>\n<p>Der SL f\u00e4hrt bis 12 Uhr, bin kurz vor 12 Uhr ganz au\u00dfenrum gefahren um die Bergstation ohne den Fu\u00dfweg unten zu erreichen. War aber doch fraglich, weil es dort auch gen\u00fcgend Schiebestrecken gab :)<\/p>\n<p><a href='http:\/\/ski.inmontanis.info\/d\/164980-2\/DSC03163.jpg'><img src=http:\/\/ski.inmontanis.info\/d\/164979-3\/DSC03163.jpg \/><\/a><br \/>\n^ Ankunft in Macugnaga<\/p>\n<p><img src=http:\/\/ski.inmontanis.info\/d\/164984-2\/DSC03165.jpg \/><br \/>\n^ PB Sektion I<\/p>\n<p><a href='http:\/\/ski.inmontanis.info\/d\/164988-2\/DSC03172.jpg'><img src=http:\/\/ski.inmontanis.info\/d\/164987-3\/DSC03172.jpg \/><\/a><br \/>\n^ Sektion II samt DSB (und derzeit geschlossenem SL)<\/p>\n<p><img src=http:\/\/ski.inmontanis.info\/d\/164992-2\/DSC03182.jpg \/><br \/>\n^ SL, PB-Bergstation und Offpisteareal<\/p>\n<p><img src=http:\/\/ski.inmontanis.info\/d\/164996-2\/DSC03184.jpg \/><br \/>\n^ Sommerski am SL (und ich bin mal wieder offpiste unterwegs..)<\/p>\n<p><img src=http:\/\/ski.inmontanis.info\/d\/165000-2\/DSC03193.jpg \/><br \/>\n^ Saastal (Schweiz)<\/p>\n<p><img src=http:\/\/ski.inmontanis.info\/d\/165004-2\/DSC03195.jpg \/><br \/>\n^ Offpiste zum SL<\/p>\n<p><img src=http:\/\/ski.inmontanis.info\/d\/165008-2\/DSC03197.jpg \/><br \/>\n^ Pano am Passo Moro Plateau<\/p>\n<p><img src=http:\/\/ski.inmontanis.info\/d\/165012-2\/DSC03201.jpg \/><br \/>\n^ Piste und Offpiste-Varianten, kurz aber steil<\/p>\n<p><img src=http:\/\/ski.inmontanis.info\/d\/165016-2\/DSC03202.jpg \/><br \/>\n^ Offpiste am SL. Auf dieser Seite sind au\u00dfer mir fast keine gefahren.<\/p>\n<p><img src=http:\/\/ski.inmontanis.info\/d\/165020-2\/DSC08814.jpg \/><br \/>\n^ Monte Rosa (IR)<\/p>\n<p><img src=http:\/\/ski.inmontanis.info\/d\/165024-2\/DSC03205.jpg \/><br \/>\n^ SL, gegen\u00fcber gab&#8217;s heute eine Alpenvereinsveranstaltung oder so<\/p>\n<p><img src=http:\/\/ski.inmontanis.info\/d\/165028-2\/DSC03209.jpg \/><br \/>\n^ War ganz sch\u00f6n was los an dem kurzen SL &#8230;<\/p>\n<p><img src=http:\/\/ski.inmontanis.info\/d\/165032-2\/DSC03214.jpg \/><br \/>\n^ Sommerski (Offpiste)<\/p>\n<p><img src=http:\/\/ski.inmontanis.info\/d\/165036-2\/DSC03218.jpg \/><br \/>\n^ Der R\u00fcckbringer-SL zur PB ist ja auch nicht mehr ge\u00f6ffnet, im Winter gibt&#8217;s jetzt ein F\u00f6rderband &#8230;<\/p>\n<p><img src=http:\/\/ski.inmontanis.info\/d\/165040-2\/DSC03221.jpg \/><br \/>\n^ Offpiste-H\u00e4nge, bin zum Schluss links geblieben um etwas weiter oben zu queren :)<\/p>\n<p><img src=http:\/\/ski.inmontanis.info\/d\/165044-2\/DSC03223.jpg \/><br \/>\n^ Sommerskigebiet<\/p>\n<p><img src=http:\/\/ski.inmontanis.info\/d\/165048-2\/DSC03224.jpg \/><br \/>\n^ Sommerskigebiet<\/p>\n<p><a href='http:\/\/ski.inmontanis.info\/d\/165052-2\/ge_20130706.jpg'><img src=http:\/\/ski.inmontanis.info\/d\/165051-3\/ge_20130706.jpg \/><\/a><br \/>\n^ GPS-Track Macugnaga 6.7.2013<\/p>\n<p>Video:<br \/>\n<object style=\"height: 500px; width: 900px\"><param name=\"movie\" value=\"http:\/\/www.youtube.com\/v\/nx9fPBa_fD4\"><\/param><param name=\"wmode\" value=\"transparent\"><\/param><embed src=\"http:\/\/www.youtube.com\/v\/nx9fPBa_fD4\" type=\"application\/x-shockwave-flash\" wmode=\"transparent\"  width=\"900\" height=\"480\"><\/embed><\/object><\/p>\n<p>Fazit: Ganz nett.<\/p>\n<p>Im Anschluss ging&#8217;s \u00fcber den Simplon ins Wallis, hindurch und weiter nach Chamonix und Albertville, wo ich im Buffalo a\u00df (mal wieder ein neues Gericht ausprobiert) und in Folge mautfrei zum Col du Glandon bzw. bis zum Col de la Croix de Fer zu einem kurzen Fotostopp und retour zum Col du Glandon, wo ich \u00fcbernachtet hab.<\/p>\n<p>Nebenbei hab ich heute die 40.000 km bei meinem Auto geknackt. Die Zulassung war am 20.7.2012 &#8211; also immer noch unter 1 Jahr. Heftig viel gefahren heuer&#8230;<\/p>\n<p><img src=http:\/\/ski.inmontanis.info\/d\/164951-2\/DSC03231.jpg \/><br \/>\n^ Argentiere\/Grand Montets<\/p>\n<p><a href='http:\/\/ski.inmontanis.info\/d\/164956-2\/DSC03245.jpg'><img src=http:\/\/ski.inmontanis.info\/d\/164955-3\/DSC03245.jpg \/><\/a><br \/>\n^ Aig. du Midi (rechts in den Wolken)<\/p>\n<p><a href='http:\/\/ski.inmontanis.info\/d\/164960-2\/DSC03236.jpg'><img src=http:\/\/ski.inmontanis.info\/d\/164959-3\/DSC03236.jpg \/><\/a><br \/>\n^ Gletscher nach Chamonix<\/p>\n<p><a href='http:\/\/extra.inmontanis.info\/d\/17134-2\/IMG_0427.jpg'><img src=http:\/\/extra.inmontanis.info\/d\/17132-3\/IMG_0427.jpg \/><\/a><br \/>\n^ Assiette Texane<\/p>\n<p><a href='http:\/\/ski.inmontanis.info\/d\/164964-2\/DSC03248.jpg'><img src=http:\/\/ski.inmontanis.info\/d\/164963-3\/DSC03248.jpg \/><\/a><br \/>\n^ St. Colomban (Les Sybelles) an der Auffahrt zum Col du Glandon<\/p>\n<p><img src=http:\/\/extra.inmontanis.info\/d\/17086-2\/DSC03252.jpg \/><br \/>\n^ Impressionen an der Auffahrt zum Col du Glandon<\/p>\n<p><img src=http:\/\/ski.inmontanis.info\/d\/164968-2\/DSC03272.jpg \/><br \/>\n^ Blick ins Skigebiet Les Sybelles am Col de la Croix de Fer<\/p>\n<p><img src=http:\/\/ski.inmontanis.info\/d\/164972-2\/DSC03274.jpg \/><br \/>\n^ Blick ins Skigebiet Les Sybelles am Col de la Croix de Fer<\/p>\n<p><img src=http:\/\/extra.inmontanis.info\/d\/17090-2\/DSC03276.jpg \/><br \/>\n^ Col de la Croix de Fer<\/p>\n<p><a href='http:\/\/extra.inmontanis.info\/d\/17094-2\/DSC03278.jpg'><img src=http:\/\/extra.inmontanis.info\/d\/17092-3\/DSC03278.jpg \/><\/a><br \/>\n^ Sonnenuntergang am Col de la Croix de Fer<\/p>\n<p><a href='http:\/\/extra.inmontanis.info\/d\/17098-2\/DSC08822.jpg'><img src=http:\/\/extra.inmontanis.info\/d\/17096-3\/DSC08822.jpg \/><\/a><br \/>\n^ IR-Pano am Col de la Croix de Fer<\/p>\n<p><img src=http:\/\/extra.inmontanis.info\/d\/17102-2\/DSC08823.jpg \/><br \/>\n^ Sonnenuntergang am Col de la Croix de Fer in IR<\/p>\n<p><img src=http:\/\/extra.inmontanis.info\/d\/17106-2\/DSC08826.jpg \/><br \/>\n^ IR-Pano am Col de la Croix de Fer<\/p>\n<p><a href='http:\/\/extra.inmontanis.info\/d\/17110-2\/DSC03281.jpg'><img src=http:\/\/extra.inmontanis.info\/d\/17108-3\/DSC03281.jpg \/><\/a><br \/>\n^ Sternenhimmel (30 sek, ISO 800) am Col du Glandon<\/p>\n<p><img src=http:\/\/extra.inmontanis.info\/d\/17114-2\/DSC03282.jpg \/><br \/>\n^ Sternenpano vom Col du Glandon zum Col de la Croix de Fer (30sek)<\/p>\n<p><img src=http:\/\/extra.inmontanis.info\/d\/17118-2\/DSC03283.jpg \/><br \/>\n^ N\u00e4chtliches Pano am Col du Glandon (30 sek)<\/p>\n<p><img src=http:\/\/extra.inmontanis.info\/d\/17122-2\/DSC03284.jpg \/><br \/>\n^ Sternenhimmel (30 sek)<\/p>\n<p><a href='http:\/\/extra.inmontanis.info\/d\/17126-2\/DSC03286.jpg'><img src=http:\/\/extra.inmontanis.info\/d\/17124-3\/DSC03286.jpg \/><\/a><br \/>\n^ Sternenhimmel (30 sek)<\/p>\n<p><img src=http:\/\/extra.inmontanis.info\/d\/17130-2\/DSC03290.jpg \/><br \/>\n^ Sternenhimmel (10 sek, ISO 1600)<\/p>\n<p>(Die Randunsch\u00e4rfe liegt am Objektiv, China-C-Mount f\/1.4)<\/p>\n<p>(Fortsetzung folgt.)<\/p>\n","protected":false},"excerpt":{"rendered":"<p>Westalpen-Sommerski-Tour 2013 Juni\/Juli IV. Macugnaga<\/p>\n<p>5.7.2013 (Vorabend)<\/p>\n<p>&#8220;Wie \u00fcblich&#8221; kam ich abends wieder nicht so fr\u00fch weg wie geplant. H\u00e4tte ich mehr Zeit gehabt, w\u00e4re ich ja Mottarone zum N\u00e4chtigen gefahren &#8211; so jedoch hab ich nur an einem Parkplatz der Bernardino-Stra\u00dfe \u00fcbernachtet. Und mehr wie 5 Sunden wollte ich nicht mehr schlafen, um morgen <a href=\"http:\/\/blog.inmontanis.info\/?p=2458\">[&#8230;]<\/a><\/p>\n","protected":false},"author":1,"featured_media":0,"comment_status":"open","ping_status":"closed","sticky":false,"template":"","format":"standard","meta":{"footnotes":""},"categories":[125,15,465,28],"tags":[90,100,52,78,47],"class_list":["post-2458","post","type-post","status-publish","format-standard","hentry","category-2013-07-westalpensommerskitour","category-italienitaly","category-macugnaga","category-skifahren-sommer","tag-infrarot","tag-langzeitbelichtung","tag-pb","tag-restschnee","tag-sl","odd"],"_links":{"self":[{"href":"http:\/\/blog.inmontanis.info\/index.php?rest_route=\/wp\/v2\/posts\/2458","targetHints":{"allow":["GET"]}}],"collection":[{"href":"http:\/\/blog.inmontanis.info\/index.php?rest_route=\/wp\/v2\/posts"}],"about":[{"href":"http:\/\/blog.inmontanis.info\/index.php?rest_route=\/wp\/v2\/types\/post"}],"author":[{"embeddable":true,"href":"http:\/\/blog.inmontanis.info\/index.php?rest_route=\/wp\/v2\/users\/1"}],"replies":[{"embeddable":true,"href":"http:\/\/blog.inmontanis.info\/index.php?rest_route=%2Fwp%2Fv2%2Fcomments&post=2458"}],"version-history":[{"count":2,"href":"http:\/\/blog.inmontanis.info\/index.php?rest_route=\/wp\/v2\/posts\/2458\/revisions"}],"predecessor-version":[{"id":2460,"href":"http:\/\/blog.inmontanis.info\/index.php?rest_route=\/wp\/v2\/posts\/2458\/revisions\/2460"}],"wp:attachment":[{"href":"http:\/\/blog.inmontanis.info\/index.php?rest_route=%2Fwp%2Fv2%2Fmedia&parent=2458"}],"wp:term":[{"taxonomy":"category","embeddable":true,"href":"http:\/\/blog.inmontanis.info\/index.php?rest_route=%2Fwp%2Fv2%2Fcategories&post=2458"},{"taxonomy":"post_tag","embeddable":true,"href":"http:\/\/blog.inmontanis.info\/index.php?rest_route=%2Fwp%2Fv2%2Ftags&post=2458"}],"curies":[{"name":"wp","href":"https:\/\/api.w.org\/{rel}","templated":true}]}}