{"id":2454,"date":"2013-07-01T23:43:07","date_gmt":"2013-07-01T21:43:07","guid":{"rendered":"http:\/\/blog.inmontanis.info\/?p=2454"},"modified":"2023-07-31T18:23:54","modified_gmt":"2023-07-31T16:23:54","slug":"col-de-liseran-pissaillas-1-7-2013","status":"publish","type":"post","link":"http:\/\/blog.inmontanis.info\/?p=2454","title":{"rendered":"Col de l&#8217;Iseran \/ Pissaillas, 1.7.2013 &#8211; zu kalt+hart"},"content":{"rendered":"<p><strong>Westalpen-Sommerski-Tour 2013 Juni\/Juli<br \/>\nIII. Col de l&#8217;Iseran (Pissaillas)<\/strong><\/p>\n<p>(30.6.2013)<\/p>\n<p>Weiter ging&#8217;s \u00fcber den Petit\/Piccolo San Bernardo nach Frankreich, bl\u00f6derweise musste ich in IT nochmal tanken, weil ich gestern etwas zu wenig getankt hatte&#8230; <\/p>\n<p>Nach einem Abendessen in Albertville  ging&#8217;s nach Val d&#8217;Isere mit kurzem Foto-Zwischenstopp am Stausee und N\u00e4chtigung am Fornet-PB-Parkplatz.<!--more--><\/p>\n<p>(Fotos anklicken zum Vergr\u00f6\u00dfern, soweit nicht vergr\u00f6\u00dfert gepostet.)<\/p>\n<p><a href='http:\/\/extra.inmontanis.info\/d\/17054-2\/DSC02980.jpg'><img src=http:\/\/extra.inmontanis.info\/d\/17052-3\/DSC02980.jpg \/><\/a><br \/>\n^ Im Aostatal<\/p>\n<p><img src=http:\/\/extra.inmontanis.info\/d\/17058-2\/DSC02988.jpg \/><br \/>\n^ Aostatal \/ Mont Blanc<\/p>\n<p><img src=http:\/\/ski.inmontanis.info\/d\/164927-2\/DSC02997.jpg \/><br \/>\n^ La Thuile<\/p>\n<p><a href='http:\/\/ski.inmontanis.info\/d\/164931-2\/DSC02999.jpg'><img src=http:\/\/ski.inmontanis.info\/d\/164930-3\/DSC02999.jpg \/><\/a><br \/>\n^ La Thuile<\/p>\n<p><a href='http:\/\/ski.inmontanis.info\/d\/164935-2\/DSC02998.jpg'><img src=http:\/\/ski.inmontanis.info\/d\/164934-3\/DSC02998.jpg \/><\/a><br \/>\n^ Gletscher oberhalb von La Thuile<\/p>\n<p><a href='http:\/\/extra.inmontanis.info\/d\/17062-2\/DSC03002.jpg'><img src=http:\/\/extra.inmontanis.info\/d\/17060-3\/DSC03002.jpg \/><\/a><br \/>\n^ Bauarbeiten an der Kl. St. Bernard &#8211; Stra\u00dfe<\/p>\n<p><a href='http:\/\/extra.inmontanis.info\/d\/17066-2\/DSC03012.jpg'><img src=http:\/\/extra.inmontanis.info\/d\/17064-3\/DSC03012.jpg \/><\/a><br \/>\n^ Schneew\u00e4lle<\/p>\n<p><a href='http:\/\/ski.inmontanis.info\/d\/164939-2\/DSC03017.jpg'><img src=http:\/\/ski.inmontanis.info\/d\/164938-3\/DSC03017.jpg \/><\/a><br \/>\n^ Piccolo San Bernardo mit KSB<\/p>\n<p><a href='http:\/\/ski.inmontanis.info\/d\/164943-2\/DSC03019.jpg'><img src=http:\/\/ski.inmontanis.info\/d\/164942-3\/DSC03019.jpg \/><\/a><br \/>\n^ Piccolo San Bernardo KSB<\/p>\n<p><img src=http:\/\/extra.inmontanis.info\/d\/17070-2\/DSC03024.jpg \/><br \/>\n^ Piccolo San Bernardo<\/p>\n<p><img src=http:\/\/extra.inmontanis.info\/d\/17074-2\/DSC03025.jpg \/><br \/>\n^ Piccolo San Bernardo<\/p>\n<p><img src=http:\/\/extra.inmontanis.info\/d\/17078-2\/DSC03026.jpg \/><br \/>\n^ Piccolo San Bernardo<\/p>\n<p><a href='http:\/\/extra.inmontanis.info\/d\/17082-2\/DSC03042.jpg'><img src=http:\/\/extra.inmontanis.info\/d\/17080-3\/DSC03042.jpg \/><\/a><br \/>\n^ Endlich &#8211; Bauarbeiten f\u00fcr einen Kreisverkehr an der Kreuzung Rosiere\/Bernard &#8211; Val d&#8217;Isere<\/p>\n<p><img src=http:\/\/ski.inmontanis.info\/d\/164909-2\/DSC03053.jpg \/><br \/>\n^ Stausee bei Tignes (15sek)<\/p>\n<p><img src=http:\/\/ski.inmontanis.info\/d\/164913-2\/DSC03054.jpg \/><br \/>\n^ Stausee bei Tignes (10sek)<\/p>\n<p><img src=http:\/\/ski.inmontanis.info\/d\/164917-2\/DSC03060.jpg \/><br \/>\n^ Stausee und Blick ins Skigebiet von Val d&#8217;Isere (20 sek)<\/p>\n<p><img src=http:\/\/ski.inmontanis.info\/d\/164921-2\/DSC03064.jpg \/><br \/>\n^ Stausee und Stra\u00dfe nach Tignes (13 sek)<\/p>\n<p><strong>1.7.2013<\/strong><\/p>\n<p>Die letzten Jahre war der Sommerskitag am Col de l&#8217;Iseran \/ Pissaillas immer mit das Highlight der Sommerskisaison. <\/p>\n<p>Heute leider nicht.<\/p>\n<p>Gegen 7:30 war ich am Parkplatz, an der Kasse wartete ich gut 20 Minuten, bis die zu sp\u00e4t gekommenen Skiclubs alle ihre Karten hatten. Tageskarte kostete 26,- \u20ac.<\/p>\n<p>Gut, es hat heuer wesentlich mehr Schnee als die letzten Jahre, unten raus war auch wesentlich mehr pr\u00e4pariert, und Pff-piste w\u00e4re ebenfalls wesentlich mehr m\u00f6glich gewesen. Nur &#8230; es war zu kalt. Die Pisten ruppig hart, off-piste durch die Regenmulden ebenfalls extrem ruppig. Bis es auf den Pisten auffirnte, war es nach 11 Uhr, off-piste war es durch die Regenmulden aber selbst dann noch sehr anstrengend. Und da um 12 Uhr der Betrieb eingestellt wird &#8230; das nervt.<\/p>\n<p>Pissaillas sollte man im Sommer echt nur an den hei\u00dfesten Tagen fahren. Wenn&#8217;s in Bourg-St-Maurice weit \u00fcber 30\u00b0 hat. Wenn&#8217;s in der Nacht am Gletscher nur -1\u00b0 und nicht -5\u00b0 gibt.<\/p>\n<p><a href='http:\/\/ski.inmontanis.info\/d\/164836-3\/DSC03066.jpg'><img src=http:\/\/ski.inmontanis.info\/d\/164835-3\/DSC03066.jpg \/><\/a><br \/>\n^ Skigebiet Val d&#8217;Isere<\/p>\n<p><a href='http:\/\/ski.inmontanis.info\/d\/164840-3\/DSC03069.jpg'><img src=http:\/\/ski.inmontanis.info\/d\/164839-3\/DSC03069.jpg \/><\/a><br \/>\n^ Stra\u00dfe zum Col de l&#8217;Iseran<\/p>\n<p><a href='http:\/\/ski.inmontanis.info\/d\/164844-3\/DSC03071.jpg'><img src=http:\/\/ski.inmontanis.info\/d\/164843-3\/DSC03071.jpg \/><\/a><br \/>\n^ Stra\u00dfe zum Col de l&#8217;Iseran<\/p>\n<p><a href='http:\/\/ski.inmontanis.info\/d\/164848-3\/DSC03073.jpg'><img src=http:\/\/ski.inmontanis.info\/d\/164847-3\/DSC03073.jpg \/><\/a><br \/>\n^ Noch gen\u00fcgend Schnee an der Talstation der 4KSB &#8230;<\/p>\n<p><img src=http:\/\/ski.inmontanis.info\/d\/164852-3\/DSC03074.jpg \/><br \/>\n^ 4KSB und Parkplatz, im unteren Bereich sind noch alle 3 Skiwege pr\u00e4pariert!<\/p>\n<p><img src=http:\/\/ski.inmontanis.info\/d\/164856-3\/DSC03075.jpg \/><br \/>\n^ Heer beim Aufstieg<\/p>\n<p><img src=http:\/\/ski.inmontanis.info\/d\/164860-3\/DSC03078.jpg \/><br \/>\n^ SL, heute keine Wartezeiten, da etliche Rennkurse auf der 2. (gesperrten) Talabfahrt waren<\/p>\n<p><img src=http:\/\/ski.inmontanis.info\/d\/164864-3\/DSC03079.jpg \/><br \/>\n^ SL<\/p>\n<p><img src=http:\/\/ski.inmontanis.info\/d\/164868-3\/DSC03082.jpg \/><br \/>\n^ Talabfahrten zur KSB bzw. zum Parkplatz<\/p>\n<p><img src=http:\/\/ski.inmontanis.info\/d\/164905-3\/DSC03085.jpg \/><br \/>\n^ Offpiste-Gel\u00e4nde<\/p>\n<p><img src=http:\/\/ski.inmontanis.info\/d\/164873-3\/DSC03086.jpg \/><br \/>\n^ Offpiste, leider bis zum Betriebsschluss (12 Uhr) nicht wirklich firnig weich geworden :-(<\/p>\n<p><a href='http:\/\/ski.inmontanis.info\/d\/164877-3\/DSC03088.jpg'><img src=http:\/\/ski.inmontanis.info\/d\/164876-3\/DSC03088.jpg \/><\/a><br \/>\n^ Offpiste<\/p>\n<p><img src=http:\/\/ski.inmontanis.info\/d\/164881-3\/DSC03089.jpg \/><br \/>\n^ Offpiste<\/p>\n<p><img src=http:\/\/ski.inmontanis.info\/d\/164885-3\/DSC03090.jpg \/><br \/>\n^ Offpiste. Der Graben rechts ist immer wieder mit Schildern abgesperrt.<\/p>\n<p><img src=http:\/\/ski.inmontanis.info\/d\/164889-3\/DSC03091.jpg \/><br \/>\n^ Offpiste. W\u00e4re so viel Platz, k\u00f6nnte so geil sein, wenn der Schnee nur weicher w\u00e4re :-(<\/p>\n<p><img src=http:\/\/ski.inmontanis.info\/d\/164893-3\/DSC03093.jpg \/><br \/>\n^ Abfahrt am Rand, kurz vor Betriebschluss sind die Stangerlfahrer weg und man kann auch endlich r\u00fcber.<\/p>\n<p><img src=http:\/\/ski.inmontanis.info\/d\/164897-3\/DSC03097.jpg \/><br \/>\n^ Im \u00dcberblick, man beachte die Schneemengen an der 4KSB &#8211; da gibt&#8217;s noch haufenweise Varianten mehr als die letzten Jahre. Aber heut halt kein Firn und grausig gewesen.<\/p>\n<p><a href='http:\/\/ski.inmontanis.info\/d\/164901-3\/ge-20130701.jpg'><img src=http:\/\/ski.inmontanis.info\/d\/164900-3\/ge-20130701.jpg \/><\/a><br \/>\n^ GPS-Track 1.7.2013<\/p>\n<p>Der Vorteil vom fr\u00fchen Betriebsschluss &#8211; man hat noch Zeit, in Albertville beim Buffallo Grill zu essen, einzukaufen, und noch einen kurzen Snack beim Quick mitzunehmen. Aber .. die Zeit verging doch schneller als gedacht, und schlie\u00dflich war ich mal wieder erst um 1 Uhr nachts daheim&#8230;..<\/p>\n<p>Jetzt ein paar Tage arbeiten und dann geht&#8217;s n\u00e4chstes WE nochmal in die Gegend.<\/p>\n<p>(Fortsetzung folgt)<\/p>\n","protected":false},"excerpt":{"rendered":"<p>Westalpen-Sommerski-Tour 2013 Juni\/Juli III. Col de l&#8217;Iseran (Pissaillas)<\/p>\n<p>(30.6.2013)<\/p>\n<p>Weiter ging&#8217;s \u00fcber den Petit\/Piccolo San Bernardo nach Frankreich, bl\u00f6derweise musste ich in IT nochmal tanken, weil ich gestern etwas zu wenig getankt hatte&#8230; <\/p>\n<p>Nach einem Abendessen in Albertville ging&#8217;s nach Val d&#8217;Isere mit kurzem Foto-Zwischenstopp am Stausee und N\u00e4chtigung am Fornet-PB-Parkplatz.<\/p>\n<p> <a href=\"http:\/\/blog.inmontanis.info\/?p=2454\">[&#8230;]<\/a><\/p>\n","protected":false},"author":1,"featured_media":0,"comment_status":"open","ping_status":"closed","sticky":false,"template":"","format":"standard","meta":{"footnotes":""},"categories":[125,16,15,28,341],"tags":[49,100,45,47],"class_list":["post-2454","post","type-post","status-publish","format-standard","hentry","category-2013-07-westalpensommerskitour","category-france","category-italienitaly","category-skifahren-sommer","category-val-disere","tag-4sb","tag-langzeitbelichtung","tag-see","tag-sl","odd"],"_links":{"self":[{"href":"http:\/\/blog.inmontanis.info\/index.php?rest_route=\/wp\/v2\/posts\/2454","targetHints":{"allow":["GET"]}}],"collection":[{"href":"http:\/\/blog.inmontanis.info\/index.php?rest_route=\/wp\/v2\/posts"}],"about":[{"href":"http:\/\/blog.inmontanis.info\/index.php?rest_route=\/wp\/v2\/types\/post"}],"author":[{"embeddable":true,"href":"http:\/\/blog.inmontanis.info\/index.php?rest_route=\/wp\/v2\/users\/1"}],"replies":[{"embeddable":true,"href":"http:\/\/blog.inmontanis.info\/index.php?rest_route=%2Fwp%2Fv2%2Fcomments&post=2454"}],"version-history":[{"count":5,"href":"http:\/\/blog.inmontanis.info\/index.php?rest_route=\/wp\/v2\/posts\/2454\/revisions"}],"predecessor-version":[{"id":8947,"href":"http:\/\/blog.inmontanis.info\/index.php?rest_route=\/wp\/v2\/posts\/2454\/revisions\/8947"}],"wp:attachment":[{"href":"http:\/\/blog.inmontanis.info\/index.php?rest_route=%2Fwp%2Fv2%2Fmedia&parent=2454"}],"wp:term":[{"taxonomy":"category","embeddable":true,"href":"http:\/\/blog.inmontanis.info\/index.php?rest_route=%2Fwp%2Fv2%2Fcategories&post=2454"},{"taxonomy":"post_tag","embeddable":true,"href":"http:\/\/blog.inmontanis.info\/index.php?rest_route=%2Fwp%2Fv2%2Ftags&post=2454"}],"curies":[{"name":"wp","href":"https:\/\/api.w.org\/{rel}","templated":true}]}}