{"id":2451,"date":"2013-06-30T23:39:59","date_gmt":"2013-06-30T21:39:59","guid":{"rendered":"http:\/\/blog.inmontanis.info\/?p=2451"},"modified":"2023-08-03T22:27:57","modified_gmt":"2023-08-03T20:27:57","slug":"cervinia-30-6-2013-inkl-talabfahrt","status":"publish","type":"post","link":"http:\/\/blog.inmontanis.info\/?p=2451","title":{"rendered":"Cervinia, 30.6.2013 &#8211; inkl. Talabfahrt!!"},"content":{"rendered":"<p><strong>Westalpen-Sommerski-Tour 2013 Juni\/Juli<br \/>\nII. Cervinia<\/strong><\/p>\n<p><strong>30.6.2013<\/strong><\/p>\n<p>Gegen 7 Uhr stand ich auf. Erste \u00dcberraschung: Meine Frontscheibe ist au\u00dfen und innen angefroren. Zweite \u00dcberraschung: Die normale Stra\u00dfe zur Seilbahn war gesperrt. Irgendein Radrennzeux. Na toll. Blick auf&#8217;s Navi. M\u00f6glichkeit 1 der Umfahrung hat nicht funktioniert. Aber die 2., wo man ein Tunnel vor Cervinia rechts (bzw. von Cervina aus dann links) rauf fahren kann. Puh. Allerdings somit etwas Zeit verloren.<\/p>\n<p><img src=http:\/\/ski.inmontanis.info\/d\/164515-2\/DSC02789.jpg \/><br \/>\n^ Cervinia am Morgen<\/p>\n<p><img src=http:\/\/ski.inmontanis.info\/d\/164519-2\/DSC02793.jpg \/><br \/>\n^ Cervinia und Monte Cervino (Matterhorn)<\/p>\n<p>Tageskarte f\u00fcr die italienische Seite um 31,- \u20ac gekauft und knapp die PB um 7:30 verpasst. Oben als erstes die Ventina 2x gefahren. Pulverschnee! Schon lang nicht mehr gehabt. Dritte Fahrt etwas abseits, danach ging&#8217;s \u00fcber Theodul\/Bontadini zum Plan Maison. 2-3 Pistenraupenspuren breit pr\u00e4pariert und super zu fahren gewesen. Gleich nochmal. Und nochmal. Und dann nochmal Ventina. Und schon war&#8217;s 12:23 Uhr, die PB um 12:30 fuhr dann erst um 12:35, so dass man die letzte PB um 12:45 nicht mehr geschafft hat. Tja. Wobei zu der Zeit die Ventina eh schon ziemlich aufgefahren war, w\u00e4re ich zuvor lieber nochmal Plan Maison runter&#8230; <\/p>\n<p>Meine einzige kurze Pause war der Kauf eines Salsiccia-Panino am Plan Maison, wobei ich es in der Gondel gegessen hab. Aber eine Runde zum Plan Maison dauert halt seine 40 Minuten, mit dem Fu\u00dfweg unten und dem Warten auf die PB (die im 10-Minuten-Takt fuhr).<\/p>\n<p>(Fotos anklicken zum Vergr\u00f6\u00dfern, soweit nicht vergr\u00f6\u00dfert gepostet.)<\/p>\n<p><a href='http:\/\/ski.inmontanis.info\/d\/164523-2\/DSC02798.jpg'><img src=http:\/\/ski.inmontanis.info\/d\/164522-3\/DSC02798.jpg \/><\/a><br \/>\n^ Blick zur Talabfahrt mit Schneeresten. Schaut doch gar nicht so schlecht aus, da kommt man noch gut weit runter! (die mittlere Diagonale mit den am tiefsten liegenden Schneefeldern)<\/p>\n<p><img src=http:\/\/ski.inmontanis.info\/d\/164527-2\/DSC02800.jpg \/><br \/>\n^ EUB Sektion II<\/p>\n<p><img src=http:\/\/ski.inmontanis.info\/d\/164531-2\/DSC02803.jpg \/><br \/>\n^ Ventina-Abfahrt<\/p>\n<p><img src=http:\/\/ski.inmontanis.info\/d\/164535-2\/DSC02805.jpg \/><br \/>\n^ PB Sektion III und Blick nach Cervinia<\/p>\n<p><a href='http:\/\/ski.inmontanis.info\/d\/164539-2\/DSC08801.jpg'><img src=http:\/\/ski.inmontanis.info\/d\/164538-3\/DSC08801.jpg \/><\/a><br \/>\n^ .. und in Falschfarb-IR<\/p>\n<p><img src=http:\/\/ski.inmontanis.info\/d\/164543-2\/DSC08806.jpg \/><br \/>\n^ Cervino \/ Matterhorn in IR (und etwas nachbearbeitet)<\/p>\n<p><img src=http:\/\/ski.inmontanis.info\/d\/164547-2\/DSC08808.jpg \/><br \/>\n^ IR-Pano<\/p>\n<p><a href='http:\/\/ski.inmontanis.info\/d\/164551-2\/DSC02807.jpg'><img src=http:\/\/ski.inmontanis.info\/d\/164550-3\/DSC02807.jpg \/><\/a><br \/>\n^ Cervino\/Matterhorn<\/p>\n<p><a href='http:\/\/ski.inmontanis.info\/d\/164555-2\/DSC02809.jpg'><img src=http:\/\/ski.inmontanis.info\/d\/164554-3\/DSC02809.jpg \/><\/a><br \/>\n^ Die neuen Kabinen der PB, sowie die Ventina-Abfahrt<\/p>\n<p><img src=http:\/\/ski.inmontanis.info\/d\/164559-2\/DSC02812.jpg \/><br \/>\n^ Talstation PB und der noch teilweise gefrorene Stausee darunter.<\/p>\n<p><a href='http:\/\/ski.inmontanis.info\/d\/164563-2\/DSC02814.jpg'><img src=http:\/\/ski.inmontanis.info\/d\/164562-3\/DSC02814.jpg \/><\/a><br \/>\n^ PB Sektion III<\/p>\n<p><a href='http:\/\/ski.inmontanis.info\/d\/164567-2\/DSC02816.jpg'><img src=http:\/\/ski.inmontanis.info\/d\/164566-3\/DSC02816.jpg \/><\/a><br \/>\n^ Mont Blanc<\/p>\n<p><a href='http:\/\/ski.inmontanis.info\/d\/164832-2\/DSC02820.jpg'><img src=http:\/\/ski.inmontanis.info\/d\/164831-3\/DSC02820.jpg \/><\/a><br \/>\n^ Zoom Baustelle Punta Helbronner von Cervinia\/Testa Grigia<\/p>\n<p><img src=http:\/\/ski.inmontanis.info\/d\/164571-2\/DSC02823.jpg \/><br \/>\n^ Plateau Rosa<\/p>\n<p><img src=http:\/\/ski.inmontanis.info\/d\/164575-2\/DSC02825.jpg \/><br \/>\n^ Blick nach Zermatt<\/p>\n<p><img src=http:\/\/ski.inmontanis.info\/d\/164579-2\/DSC02827.jpg \/><br \/>\n^ PB-Bergstation Testa Grigia und Matterhorn (und Pulverschnee auf der Ventina)<\/p>\n<p><img src=http:\/\/ski.inmontanis.info\/d\/164583-2\/DSC02829.jpg \/><br \/>\n^ Testa Grigia \/ Ventina<\/p>\n<p><a href='http:\/\/ski.inmontanis.info\/d\/164587-2\/DSC02832.jpg'><img src=http:\/\/ski.inmontanis.info\/d\/164586-3\/DSC02832.jpg \/><\/a><br \/>\n^ Ventina<\/p>\n<p><img src=http:\/\/ski.inmontanis.info\/d\/164591-2\/DSC02836.jpg \/><br \/>\n^ Talblick von der PB<\/p>\n<p><img src=http:\/\/ski.inmontanis.info\/d\/164595-2\/DSC02838.jpg \/><br \/>\n^ Plateau Rosa<\/p>\n<p><img src=http:\/\/ski.inmontanis.info\/d\/164599-2\/DSC02842.jpg \/><br \/>\n^ Ex-PB Furggen-Bergstation versus Matterhorn<\/p>\n<p><img src=http:\/\/ski.inmontanis.info\/d\/164603-2\/DSC02843.jpg \/><br \/>\n^ Ex-PB Furggen-Bergstation<\/p>\n<p><img src=http:\/\/ski.inmontanis.info\/d\/164607-2\/DSC02846.jpg \/><br \/>\n^ Matterhorn, Ex-PB Furggen, KSB Furgsattel, PB Grigia<\/p>\n<p><a href='http:\/\/ski.inmontanis.info\/d\/164611-2\/DSC02850.jpg'><img src=http:\/\/ski.inmontanis.info\/d\/164610-3\/DSC02850.jpg \/><\/a><br \/>\n^ Offpiste an der 3SB<\/p>\n<p><img src=http:\/\/ski.inmontanis.info\/d\/164615-2\/DSC02855.jpg \/><br \/>\n^ KSB Furgsattel vs. Bontadini. Da soll ja angeblich ein Aufzug gebaut werden als Verbindung. <\/p>\n<p><a href='http:\/\/ski.inmontanis.info\/d\/164619-2\/DSC02856.jpg'><img src=http:\/\/ski.inmontanis.info\/d\/164618-3\/DSC02856.jpg \/><\/a><br \/>\n^ Bontadini<\/p>\n<p><img src=http:\/\/ski.inmontanis.info\/d\/164623-2\/DSC02857.jpg \/><br \/>\n^ Bontadini<\/p>\n<p><a href='http:\/\/ski.inmontanis.info\/d\/164627-2\/DSC02858.jpg'><img src=http:\/\/ski.inmontanis.info\/d\/164626-3\/DSC02858.jpg \/><\/a><br \/>\n^ Bontadini<\/p>\n<p><img src=http:\/\/ski.inmontanis.info\/d\/164631-2\/DSC02859.jpg \/><br \/>\n^ Abfahrt zum Plan Maison<\/p>\n<p><img src=http:\/\/ski.inmontanis.info\/d\/164635-2\/DSC02860.jpg \/><br \/>\n^ Abfahrt zum Plan Maison<\/p>\n<p><img src=http:\/\/ski.inmontanis.info\/d\/164639-2\/DSC02862.jpg \/><br \/>\n^ Abfahrt zum Plan Maison<\/p>\n<p><a href='http:\/\/ski.inmontanis.info\/d\/164643-2\/DSC02861.jpg'><img src=http:\/\/ski.inmontanis.info\/d\/164642-3\/DSC02861.jpg \/><\/a><br \/>\n^ Fu\u00dfweg am Ende der Abfahrt<\/p>\n<p><a href='http:\/\/ski.inmontanis.info\/d\/164647-2\/DSC02870.jpg'><img src=http:\/\/ski.inmontanis.info\/d\/164646-3\/DSC02870.jpg \/><\/a><br \/>\n^ Die neuen Kabinen der EUB<\/p>\n<p><a href='http:\/\/ski.inmontanis.info\/d\/164651-2\/DSC02871.jpg'><img src=http:\/\/ski.inmontanis.info\/d\/164650-3\/DSC02871.jpg \/><\/a><br \/>\n^ Ex-PB Cime Bianche<\/p>\n<p>Egtl. wollt ich ja noch ein paar weitere Off-Piste-Varianten, sowohl an der Ventina, wie auch auf der Bontadini-Seite, fahren, aber da fehlte dann die Zeit, wenn man nur bis kurz nach Mittag fahren darf. Jedenfalls w\u00fcsst ich nicht, warum man sich den &#8220;internationalen&#8221; Skipass kaufen sollte, wenn man nur einen Tag da ist, und man so gut bis Plan Maison runter kann :)<\/p>\n<p>Anders gesagt &#8211; wirklich befriedigt war ich heute nicht, da h\u00e4tt ich morgen auch nochmal her fahren k\u00f6nnen. Oder vielleicht n\u00e4chstes WE. Ventina sollte noch problemlos 2 Wochen durchhalten, und Plan Maison 1 ohne Abschnallen und 2-3 mit k\u00fcrzeren Fu\u00dfwegen. Meine Einsch\u00e4tzung. <\/p>\n<p>Zur\u00fcck zur PB um 12:35. Als letzte Abfahrt hab ich mir etwas ganz besonderes einfallen lassen: Nicht via Bontadini zum Plan Maison. Nein, via 3SB zur TALSTATION! Jawollo! Hab&#8217;s mir wie jedes Jahr morgens genau angesehen, und heute schien mir der Fu\u00dfweg gerade noch im Rahmen zu sein. <\/p>\n<p>Erst mal etwas weit abseits ins Gel\u00e4nde gefahren und dann auf die z.T. pr\u00e4parierte (!) Talabfahrt, wo just zur gleichen Zeit 3 Tourengeher runter sind &#8211; die aber im unteren Teil nicht mehr jedes Schneefeld mitnahmen so wie ich :)<\/p>\n<p>Abgesehen von den paar kurzen Abschnallst\u00fccken musste man am Ende wohl so ca. 20 Minuten laufen. Leider waren die aperen Wiesen sehr steindurchsetzt, was das Absteigen mit den Skischuhen anstrengender machte als z.B. in Prali. Nichts, was ich jetzt 2x hintereinander machen m\u00fcsste, aber bereut hab ich&#8217;s auch nicht :)<\/p>\n<p><img src=http:\/\/ski.inmontanis.info\/d\/164655-2\/DSC02873.jpg \/><br \/>\n^ An der 3SB. Ich quer erst mal links r\u00fcber ..<\/p>\n<p><img src=http:\/\/ski.inmontanis.info\/d\/164659-2\/DSC02874.jpg \/><br \/>\n^ 3SB. Schade, dass die im Fr\u00fchsommer nicht in Betrieb ist.<\/p>\n<p><img src=http:\/\/ski.inmontanis.info\/d\/164663-2\/DSC02875.jpg \/><br \/>\n^ 3SB vs. Matterhorn<\/p>\n<p><img src=http:\/\/ski.inmontanis.info\/d\/164667-2\/DSC02876.jpg \/><br \/>\n^ 3SB und Lago<\/p>\n<p><a href='http:\/\/ski.inmontanis.info\/d\/164671-2\/DSC02877.jpg'><img src=http:\/\/ski.inmontanis.info\/d\/164670-3\/DSC02877.jpg \/><\/a><br \/>\n^ Firn<\/p>\n<p><img src=http:\/\/ski.inmontanis.info\/d\/164675-2\/DSC02880.jpg \/><br \/>\n^ Firnabfahrt<\/p>\n<p><img src=http:\/\/ski.inmontanis.info\/d\/164679-2\/DSC02881.jpg \/><br \/>\n^ Firnabfahrt<\/p>\n<p><img src=http:\/\/ski.inmontanis.info\/d\/164683-2\/DSC02882.jpg \/><br \/>\n^ Talabfahrt<\/p>\n<p><img src=http:\/\/ski.inmontanis.info\/d\/164687-2\/DSC02883.jpg \/><br \/>\n^ Talabfahrt<\/p>\n<p><a href='http:\/\/ski.inmontanis.info\/d\/164691-2\/DSC02884.jpg'><img src=http:\/\/ski.inmontanis.info\/d\/164690-3\/DSC02884.jpg \/><\/a><br \/>\n^ Talabfahrt<\/p>\n<p><a href='http:\/\/ski.inmontanis.info\/d\/164695-2\/DSC02886.jpg'><img src=http:\/\/ski.inmontanis.info\/d\/164694-3\/DSC02886.jpg \/><\/a><br \/>\n^ Talabfahrt<\/p>\n<p><img src=http:\/\/ski.inmontanis.info\/d\/164699-2\/DSC02887.jpg \/><br \/>\n^ Talabfahrt<\/p>\n<p><img src=http:\/\/ski.inmontanis.info\/d\/164703-2\/DSC02891.jpg \/><br \/>\n^ Da ich eh schon abschnallen musste, bin ich gleich ein St\u00fcck aufgestiegen, um das Schneefeld noch etwas besser auszun\u00fctzen ;)<\/p>\n<p><a href='http:\/\/ski.inmontanis.info\/d\/164707-2\/DSC02892.jpg'><img src=http:\/\/ski.inmontanis.info\/d\/164706-3\/DSC02892.jpg \/><\/a><br \/>\n^ Talabfahrt, Restschnee-Hopping ;)<\/p>\n<p><img src=http:\/\/ski.inmontanis.info\/d\/164711-2\/DSC08810.jpg \/><br \/>\n^ Cervino\/Matterhorn und Plan Maison in IR<\/p>\n<p><a href='http:\/\/ski.inmontanis.info\/d\/164715-2\/DSC02894.jpg'><img src=http:\/\/ski.inmontanis.info\/d\/164714-3\/DSC02894.jpg \/><\/a><br \/>\n^ Hier abschnallen? Nix da. Wird sch\u00f6n abgefahren!<\/p>\n<p><a href='http:\/\/ski.inmontanis.info\/d\/164719-2\/DSC02895.jpg'><img src=http:\/\/ski.inmontanis.info\/d\/164718-3\/DSC02895.jpg \/><\/a><br \/>\n^ Ist doch breit genug hier. Wei\u00df gar nicht, was die Tourengeher hier nicht mehr fahren wollten ;)<\/p>\n<p><a href='http:\/\/ski.inmontanis.info\/d\/164723-2\/DSC02896.jpg'><img src=http:\/\/ski.inmontanis.info\/d\/164722-3\/DSC02896.jpg \/><\/a><br \/>\n^ Talabfahrt, noch ein l\u00e4ngeres Schneefeld<\/p>\n<p><a href='http:\/\/ski.inmontanis.info\/d\/164727-2\/DSC02898.jpg'><img src=http:\/\/ski.inmontanis.info\/d\/164726-3\/DSC02898.jpg \/><\/a><br \/>\n^ Kurz abgeschnallt, schon geht&#8217;s auf diesem kurzen Schneefeld weiter ;)<\/p>\n<p><img src=http:\/\/ski.inmontanis.info\/d\/164731-2\/DSC02900.jpg \/><br \/>\n^ Und noch 3 Restschneefelder zum Abfahren. Danach ist ein weiterer Weg zur\u00fcck zu legen, bevor man ganz unten nochmal ein kleines Schneefeld hat.<\/p>\n<p><img src=http:\/\/ski.inmontanis.info\/d\/164735-2\/DSC02906.jpg \/><br \/>\n^ Plan Maison vs. Matterhorn<\/p>\n<p><img src=http:\/\/ski.inmontanis.info\/d\/164739-2\/DSC02909.jpg \/><br \/>\n^ Restschnee-Talabfahrt, hier ist erst mal Ende.<\/p>\n<p><a href='http:\/\/ski.inmontanis.info\/d\/164743-2\/DSC02912.jpg'><img src=http:\/\/ski.inmontanis.info\/d\/164742-3\/DSC02912.jpg \/><\/a><br \/>\n^ Enziane auf der Talabfahrt<\/p>\n<p><a href='http:\/\/ski.inmontanis.info\/d\/164747-2\/DSC02914.jpg'><img src=http:\/\/ski.inmontanis.info\/d\/164746-3\/DSC02914.jpg \/><\/a><br \/>\n^ Fu\u00dfweg (die Talabfahrt ist rechts hinter der Kurve, nicht mehr zu sehen)<\/p>\n<p><a href='http:\/\/ski.inmontanis.info\/d\/164751-2\/DSC02916.jpg'><img src=http:\/\/ski.inmontanis.info\/d\/164750-3\/DSC02916.jpg \/><\/a><br \/>\n^ Fu\u00dfweg &#8211; und das letzte Schneefeld kommt in Sichtweite<\/p>\n<p><img src=http:\/\/ski.inmontanis.info\/d\/164755-2\/DSC02917.jpg \/><br \/>\n^ Cervinia<\/p>\n<p><img src=http:\/\/ski.inmontanis.info\/d\/164759-2\/DSC02918.jpg \/><br \/>\n^ Das letzte Schneefeld f\u00fcr heute<\/p>\n<p><a href='http:\/\/ski.inmontanis.info\/d\/164763-2\/DSC02920.jpg'><img src=http:\/\/ski.inmontanis.info\/d\/164762-3\/DSC02920.jpg \/><\/a><br \/>\n^ Letztes Schneefeld<\/p>\n<p><img src=http:\/\/ski.inmontanis.info\/d\/164767-2\/DSC02923.jpg \/><br \/>\n^ Jetzt ist endg\u00fcltig Schluss :)<\/p>\n<p><a href='http:\/\/ski.inmontanis.info\/d\/164771-2\/DSC02926.jpg'><img src=http:\/\/ski.inmontanis.info\/d\/164770-3\/DSC02926.jpg \/><\/a><br \/>\n^ Ehemalige Talstation eines Sessellifts<\/p>\n<p><a href='http:\/\/ski.inmontanis.info\/d\/164775-2\/DSC02927.jpg'><img src=http:\/\/ski.inmontanis.info\/d\/164774-3\/DSC02927.jpg \/><\/a><br \/>\n^ Ex-Sesselliftstrecke (rechts) und mein Schneefeld (links)<\/p>\n<p><img src=http:\/\/ski.inmontanis.info\/d\/164779-2\/DSC02931.jpg \/><br \/>\n^ PB und Cervino<\/p>\n<p><a href='http:\/\/ski.inmontanis.info\/d\/164783-2\/DSC02935.jpg'><img src=http:\/\/ski.inmontanis.info\/d\/164782-3\/DSC02935.jpg \/><\/a><br \/>\n^ Talstationen<\/p>\n<p><a href='http:\/\/ski.inmontanis.info\/d\/164787-2\/DSC02938.jpg'><img src=http:\/\/ski.inmontanis.info\/d\/164786-3\/DSC02938.jpg \/><\/a><br \/>\n^ Abgebrannte PB-Talstation, in den unteren Stockwerken noch in Verwendung. Mittlerweile wohl mit das Wahrzeichen Cervinias. Aber wer wei\u00df, wer wei\u00df &#8211; lieber mal noch ein paar Detail-Aufnahmen machen.<\/p>\n<p><a href='http:\/\/ski.inmontanis.info\/d\/164791-2\/DSC02941.jpg'><img src=http:\/\/ski.inmontanis.info\/d\/164790-3\/DSC02941.jpg \/><\/a><br \/>\n^ Ex-PB<\/p>\n<p><a href='http:\/\/ski.inmontanis.info\/d\/164795-2\/DSC02947.jpg'><img src=http:\/\/ski.inmontanis.info\/d\/164794-3\/DSC02947.jpg \/><\/a><br \/>\n^ Ex-PB<\/p>\n<p><img src=http:\/\/ski.inmontanis.info\/d\/164799-2\/DSC02950.jpg \/><br \/>\n^ Ex-PB-Station<\/p>\n<p><a href='http:\/\/ski.inmontanis.info\/d\/164803-2\/DSC02956.jpg'><img src=http:\/\/ski.inmontanis.info\/d\/164802-3\/DSC02956.jpg \/><\/a><\/p>\n<p><a href='http:\/\/ski.inmontanis.info\/d\/164828-2\/DSC02961.jpg'><img src=http:\/\/ski.inmontanis.info\/d\/164827-3\/DSC02961.jpg \/><\/a><\/p>\n<p><img src=http:\/\/ski.inmontanis.info\/d\/164808-2\/DSC02963.jpg \/><br \/>\n^ Kontraste<\/p>\n<p><img src=http:\/\/ski.inmontanis.info\/d\/164812-2\/DSC02965.jpg \/><\/p>\n<p><img src=http:\/\/ski.inmontanis.info\/d\/164816-2\/DSC02967.jpg \/><br \/>\n^ Cervinia und Cervino<\/p>\n<p><img src=http:\/\/ski.inmontanis.info\/d\/164820-2\/DSC02969.jpg \/><br \/>\n^ Sektion I<\/p>\n<p><img src=http:\/\/ski.inmontanis.info\/d\/164824-2\/ge_cervinia201306c.jpg \/><br \/>\n^ GPS-Track 30.6.2013 (die Sektion III ist etwas ausgefranst)<\/p>\n<p>Ein Film mit der Abfahrt der Ventina, der Abfahrt zum Plan Maison und ein paar ganz kurze St\u00fcckchen der Talabfahrt zum Schluss:<\/p>\n<p><object style=\"height: 500px; width: 900px\"><param name=\"movie\" value=\"http:\/\/www.youtube.com\/v\/f_mqyUZLuhg\"><\/param><param name=\"wmode\" value=\"transparent\"><\/param><embed src=\"http:\/\/www.youtube.com\/v\/f_mqyUZLuhg\" type=\"application\/x-shockwave-flash\" wmode=\"transparent\"  width=\"900\" height=\"480\"><\/embed><\/object><\/p>\n<p>(Fortsetzung folgt)<\/p>\n","protected":false},"excerpt":{"rendered":"<p>Westalpen-Sommerski-Tour 2013 Juni\/Juli II. Cervinia<\/p>\n<p>30.6.2013<\/p>\n<p>Gegen 7 Uhr stand ich auf. Erste \u00dcberraschung: Meine Frontscheibe ist au\u00dfen und innen angefroren. Zweite \u00dcberraschung: Die normale Stra\u00dfe zur Seilbahn war gesperrt. Irgendein Radrennzeux. Na toll. Blick auf&#8217;s Navi. M\u00f6glichkeit 1 der Umfahrung hat nicht funktioniert. Aber die 2., wo man ein Tunnel vor Cervinia rechts (bzw. <a href=\"http:\/\/blog.inmontanis.info\/?p=2451\">[&#8230;]<\/a><\/p>\n","protected":false},"author":1,"featured_media":0,"comment_status":"open","ping_status":"closed","sticky":false,"template":"","format":"standard","meta":{"footnotes":""},"categories":[125,508,15,28,32],"tags":[55,90,52,78,45,47],"class_list":["post-2451","post","type-post","status-publish","format-standard","hentry","category-2013-07-westalpensommerskitour","category-cervinia-zermatt","category-italienitaly","category-skifahren-sommer","category-lostplaces","tag-3sb","tag-infrarot","tag-pb","tag-restschnee","tag-see","tag-sl","odd"],"_links":{"self":[{"href":"http:\/\/blog.inmontanis.info\/index.php?rest_route=\/wp\/v2\/posts\/2451","targetHints":{"allow":["GET"]}}],"collection":[{"href":"http:\/\/blog.inmontanis.info\/index.php?rest_route=\/wp\/v2\/posts"}],"about":[{"href":"http:\/\/blog.inmontanis.info\/index.php?rest_route=\/wp\/v2\/types\/post"}],"author":[{"embeddable":true,"href":"http:\/\/blog.inmontanis.info\/index.php?rest_route=\/wp\/v2\/users\/1"}],"replies":[{"embeddable":true,"href":"http:\/\/blog.inmontanis.info\/index.php?rest_route=%2Fwp%2Fv2%2Fcomments&post=2451"}],"version-history":[{"count":2,"href":"http:\/\/blog.inmontanis.info\/index.php?rest_route=\/wp\/v2\/posts\/2451\/revisions"}],"predecessor-version":[{"id":2453,"href":"http:\/\/blog.inmontanis.info\/index.php?rest_route=\/wp\/v2\/posts\/2451\/revisions\/2453"}],"wp:attachment":[{"href":"http:\/\/blog.inmontanis.info\/index.php?rest_route=%2Fwp%2Fv2%2Fmedia&parent=2451"}],"wp:term":[{"taxonomy":"category","embeddable":true,"href":"http:\/\/blog.inmontanis.info\/index.php?rest_route=%2Fwp%2Fv2%2Fcategories&post=2451"},{"taxonomy":"post_tag","embeddable":true,"href":"http:\/\/blog.inmontanis.info\/index.php?rest_route=%2Fwp%2Fv2%2Ftags&post=2451"}],"curies":[{"name":"wp","href":"https:\/\/api.w.org\/{rel}","templated":true}]}}