{"id":2443,"date":"2013-06-29T23:35:09","date_gmt":"2013-06-29T21:35:09","guid":{"rendered":"http:\/\/blog.inmontanis.info\/?p=2443"},"modified":"2023-08-03T22:17:54","modified_gmt":"2023-08-03T20:17:54","slug":"cortina-dampezzo-28-6-2013-sommerski","status":"publish","type":"post","link":"http:\/\/blog.inmontanis.info\/?p=2443","title":{"rendered":"Cortina d&#8217;Ampezzo, 29.6.2013 &#8211; Sommerski!"},"content":{"rendered":"<p>Meine allj\u00e4hrliche Westalpen-Sommerski-Tour Ende Juni musste aufgrund der besonderen Schneeverh\u00e4ltnisse heuer etwas erweitert werden. Erstmals auf <del datetime=\"2013-07-17T21:41:01+00:00\">2<\/del> 3 Wochenenden, und mit Start in den Ostalpen!<\/p>\n<p><strong>Westalpen-Sommerski-Tour 2013 Juni\/Juli<br \/>\nI. Cortina d&#8217;Ampezzo<\/strong><\/p>\n<p><strong>Fr, 28.6.2013<br \/>\n<\/strong><br \/>\nNach 12 Jahren gibt es heuer endlich mal wieder Sommerski in Cortina d&#8217;Ampezzo. Zwar nur f\u00fcr 2-3 Stunden am fr\u00fchen Morgen und mit 45,- \u20ac nicht g\u00fcnstig, aber da ist immerhin ein &#8220;Brunch&#8221; dabei. Eine solche Seltenheit muss ich nat\u00fcrlich ausn\u00fctzen, trotz des etwas h\u00f6heren Preises.<\/p>\n<p><em>Weitere geschichtliche Informationen zum Thema Sommerski in Cortina:<br \/>\n<a href='http:\/\/www.alpinforum.com\/forum\/viewtopic.php?f=48&#038;t=47625'>http:\/\/www.alpinforum.com\/forum\/viewtopic.php?f=48&#038;t=47625<\/a><br \/>\n<a href='http:\/\/www.alpinforum.com\/forum\/viewtopic.php?f=32&#038;t=6574'>http:\/\/www.alpinforum.com\/forum\/viewtopic.php?f=32&#038;t=6574<\/a><br \/>\n<\/em><\/p>\n<p>&#8220;Wie \u00fcblich&#8221; kam ich mal wieder etwas zu sp\u00e4t weg, abends, nach der Arbeit und nach einem Filmchen auf Sky &#8230;.<\/p>\n<p>Aber Cortina ist ja nicht so weit weg. Abends h\u00e4lt sich auch der Verkehr durchs Pustertal in Grenzen. Kurz nach der Kurvenstrecke hinter Olang wurde ich pl\u00f6tzlich von der Polizei rausgewunken. Ein junger Kerl wollte meinen F\u00fchrerschein sehen. Im Scheinwerferlicht g\u00e4hnt ein kleines, kaum erwachsenes M\u00e4del mit Maschinengewehr. Passte so gar nicht zusammen &#8230; <\/p>\n<p>Warum er gerade mich rausgeholt hat? Keine Ahnung. Dreierregel? Die 2 vor mir durften fahren &#8230; Geschwindigkeitsbegrenzung gab&#8217;s hier keine und durch die Kurven konnte ich auch gar nicht so schnell dran gewesen sein. Also hab ich ihm emotionslos meinen Schein anschauen lassen.<\/p>\n<p>Einige Zeit sp\u00e4ter bekam ich meinen F\u00fchrerschein wieder und durfte fahren. Ist mir in Italien auch noch nicht passiert. Daf\u00fcr heuer schon des \u00f6fteren in den Nachfolgestaaten Jugoslawiens ;) (Die haben aber im Gegensatz zu den Italiener meiner Erinnerung nach kein MG bei den Fahrzeugkontrollen umh\u00e4ngen&#8230;)<\/p>\n<p>Kurz vor Cortina schlug ich meine Schlafst\u00e4tte an einer Bucht neben der Stra\u00dfe auf und setzte mir den Wecker in 5,5 h. Wie gesagt, ich kam halt mal wieder zu sp\u00e4t weg&#8230;.<\/p>\n<p><strong>Sa, 29.6.2013<\/strong><\/p>\n<p>Die Wetterberichte meldeten f\u00fcr heute ja nicht gerade rosig. Evtl. w\u00e4re ganz in der Fr\u00fch noch mit etwas Sonne zu rechnen. Als ich ins Bett ging, leuchteten die Sterne, jetz am Morgen &#8211; Nebel. Na super. Hoffentlich ist&#8217;s oben sonniger&#8230;<\/p>\n<p>Ein paar Kehren hinab nach Cortina leuchteten die ersten Gipfel im Sonnenschein durch den Nebel. Jawoll, doch alles richtig gemacht.<\/p>\n<p>Kurz nach 6:15 Uhr war ich am Parkplatz der PB Freccia nel Cielo. Und es war ganz sch\u00f6n was los. So musste ich auch an der Kasse einige Zeit warten und kam erst mit der 2. Bahn um 6:45 Uhr hinauf. Oben angekommen &#8211; hat gestern doch ca. 15 cm geschneit, somit wieder alles wei\u00df anstatt saharasandbraun. Immerhin war es kalt genug, so dass es nicht pappig war. Gegen 8:30 wurde der Schnee sogar weicher, firniger, ohne zu bremsen. Offpiste dagegen Bruchharsch. Dort w\u00e4r&#8217;s ohne den Neuschnee definitiv besser gegangen.<\/p>\n<p>Die DSB samt Abfahrt war doch ein sch\u00f6nes St\u00fcck steiler und l\u00e4nger, als ich in Erinnerung hatte. 2-3 Stunden kann man&#8217;s hier im Sommer schon aushalten.<\/p>\n<p>Jedenfalls war ziemlich viel los, der Lift war gut ausgelastet. Vmtl. weil so voll war, entschloss man sich, den Lift nicht wie geplant einzustellen, sondern fuhr bis kurz nach 10 Uhr. Dann war es aber auch Zeit f\u00fcr den (s\u00e4ttigenden) Brunch.<\/p>\n<p>(Fotos anklicken zum Vergr\u00f6\u00dfern, soweit nicht vergr\u00f6\u00dfert gepostet.)<\/p>\n<p><a href='http:\/\/ski.inmontanis.info\/d\/164244-2\/DSC02522.jpg'><img src=http:\/\/ski.inmontanis.info\/d\/164243-3\/DSC02522.jpg \/><\/a><br \/>\n^ Am Parkplatz um 6:15 Uhr angekommen, doch um einiges mehr los als erwartet.<\/p>\n<p><a href='http:\/\/ski.inmontanis.info\/d\/164487-2\/DSC02523.jpg'><img src=http:\/\/ski.inmontanis.info\/d\/164486-3\/DSC02523.jpg \/><\/a><br \/>\n^ PB Sektion I<\/p>\n<p><img src=http:\/\/ski.inmontanis.info\/d\/164249-2\/DSC02524.jpg \/><br \/>\n^ morgendliches Pano aus der Gondel<\/p>\n<p><img src=http:\/\/ski.inmontanis.info\/d\/164253-2\/DSC02526.jpg \/><br \/>\n^ R\u00fcckblick Sektion II<\/p>\n<p><img src=http:\/\/ski.inmontanis.info\/d\/164257-2\/DSC02531.jpg \/><br \/>\n^ PB Sektion I-II<\/p>\n<p><a href='http:\/\/ski.inmontanis.info\/d\/164261-2\/DSC02535.jpg'><img src=http:\/\/ski.inmontanis.info\/d\/164260-3\/DSC02535.jpg \/><\/a><br \/>\n^ PB-Station Ra Valles<\/p>\n<p><img src=http:\/\/ski.inmontanis.info\/d\/164265-2\/DSC02537.jpg \/><br \/>\n^ Sommerski an der DSB Bus Tofana<\/p>\n<p><img src=http:\/\/ski.inmontanis.info\/d\/164269-2\/DSC02541.jpg \/><br \/>\n^ DSB Bus Tofana \/ PB Cima Tofana<\/p>\n<p><img src=http:\/\/ski.inmontanis.info\/d\/164273-2\/DSC02544.jpg \/><br \/>\n^ Abfahrt<\/p>\n<p><img src=http:\/\/ski.inmontanis.info\/d\/164277-2\/DSC02551.jpg \/><br \/>\n^ Abfahrt<\/p>\n<p><img src=http:\/\/ski.inmontanis.info\/d\/164281-2\/DSC02552.jpg \/><br \/>\n^ DSB und PB-Mittelstation Ra Valles<\/p>\n<p><img src=http:\/\/ski.inmontanis.info\/d\/164285-2\/DSC02553.jpg \/><br \/>\n^ DSB und Abfahrt. <\/p>\n<p><img src=http:\/\/ski.inmontanis.info\/d\/164289-2\/DSC02556.jpg \/><br \/>\n^ Nah am Felsen vorbei<\/p>\n<p><img src=http:\/\/ski.inmontanis.info\/d\/164293-2\/DSC02560.jpg \/><br \/>\n^ R\u00fcckblick<\/p>\n<p><img src=http:\/\/ski.inmontanis.info\/d\/164491-2\/DSC02562.jpg \/><br \/>\n^ Bergstation der DSB in Sicht<\/p>\n<p><img src=http:\/\/ski.inmontanis.info\/d\/164298-2\/DSC02563.jpg \/><br \/>\n^ Starthang DSB Bus Tofana<\/p>\n<p><img src=http:\/\/ski.inmontanis.info\/d\/164302-2\/DSC02571.jpg \/><br \/>\n^ Steilhang (dieser kann umfahren werden)<\/p>\n<p><img src=http:\/\/ski.inmontanis.info\/d\/164306-2\/DSC02573.jpg \/><br \/>\n^ DSB in fast kompletter L\u00e4nge und PB-Bergstation<\/p>\n<p><img src=http:\/\/ski.inmontanis.info\/d\/164310-2\/DSC02581.jpg \/><br \/>\n^ DSB mit den typischen Nascivera-Portalst\u00fctzen-Niederhalter<\/p>\n<p><img src=http:\/\/ski.inmontanis.info\/d\/164314-2\/DSC02590.jpg \/><br \/>\n^ DSB, Steilhang und Umfahrung<\/p>\n<p><img src=http:\/\/ski.inmontanis.info\/d\/164318-2\/DSC02601.jpg \/><br \/>\n^ Starthang DSB Bus Tofana<\/p>\n<p><img src=http:\/\/ski.inmontanis.info\/d\/164495-2\/DSC02602.jpg \/><br \/>\n^ Pano von der DSB-Bergstation<\/p>\n<p><a href='http:\/\/ski.inmontanis.info\/d\/164322-2\/DSC02604.jpg'><img src=http:\/\/ski.inmontanis.info\/d\/164321-3\/DSC02604.jpg \/><\/a><br \/>\n^ Bergstation DSB Bus Tofana<\/p>\n<p><a href='http:\/\/ski.inmontanis.info\/d\/164327-2\/DSC02603.jpg'><img src=http:\/\/ski.inmontanis.info\/d\/164326-3\/DSC02603.jpg \/><\/a><br \/>\n^ Start der Abfahrt<\/p>\n<p><a href='http:\/\/ski.inmontanis.info\/d\/164331-2\/DSC02616.jpg'><img src=http:\/\/ski.inmontanis.info\/d\/164330-3\/DSC02616.jpg \/><\/a><br \/>\n^ Bergstation PB Cima Tofana<\/p>\n<p><img src=http:\/\/ski.inmontanis.info\/d\/164335-2\/DSC02618.jpg \/><br \/>\n^ Zoom PB-Station Ra Valles<\/p>\n<p><img src=http:\/\/ski.inmontanis.info\/d\/164339-2\/DSC02621.jpg \/><br \/>\n^ Kontraste<\/p>\n<p><img src=http:\/\/ski.inmontanis.info\/d\/164343-2\/DSC02626.jpg \/><br \/>\n^ DSB und PB<\/p>\n<p><img src=http:\/\/ski.inmontanis.info\/d\/164347-2\/DSC02630.jpg \/><br \/>\n^ DSB und PB.<\/p>\n<p><a href='http:\/\/ski.inmontanis.info\/d\/164351-2\/DSC02631.jpg'><img src=http:\/\/ski.inmontanis.info\/d\/164350-3\/DSC02631.jpg \/><\/a><br \/>\n^ Schneeh\u00f6hen-Check im unteren Bereich<\/p>\n<p><img src=http:\/\/ski.inmontanis.info\/d\/164355-2\/DSC02633.jpg \/><br \/>\n^ DSB und PB<\/p>\n<p><a href='http:\/\/ski.inmontanis.info\/d\/164499-2\/DSC02635.jpg'><img src=http:\/\/ski.inmontanis.info\/d\/164498-3\/DSC02635.jpg \/><\/a><br \/>\n^ Skipass und Brunch-Gutschein<\/p>\n<p><img src=http:\/\/ski.inmontanis.info\/d\/164360-2\/DSC02637.jpg \/><br \/>\n^ Altes Foto im Rifugio<\/p>\n<p><img src=http:\/\/ski.inmontanis.info\/d\/164503-2\/DSC02639.jpg \/><br \/>\n^ Altes Foto im Rifugio<\/p>\n<p>Schlie\u00dflich ging es noch zum Gipfel, aber da war gerade mal wieder alles in Wolken. Halbe Stunde sp\u00e4ter bin ich wieder runter. Bahn im Anschluss wg. Fotografieren verpasst. Danach mit dem Aufzug rauf zum Rifugio und nochmal die Ski angeschnallt f\u00fcr das kurze St\u00fcck :) Und schon w\u00e4re es oben am Gipfel wieder sonnig gewesen. Mist.<\/p>\n<p><a href='http:\/\/ski.inmontanis.info\/d\/164365-2\/DSC02645.jpg'><img src=http:\/\/ski.inmontanis.info\/d\/164364-3\/DSC02645.jpg \/><\/a><br \/>\n^ Talstation PB Cima Tofana<\/p>\n<p><a href='http:\/\/ski.inmontanis.info\/d\/164369-2\/DSC02648.jpg'><img src=http:\/\/ski.inmontanis.info\/d\/164368-3\/DSC02648.jpg \/><\/a><br \/>\n^ (Ungew\u00f6hnliche) Kabinenaufh\u00e4ngung PB Cima Tofana<\/p>\n<p><img src=http:\/\/ski.inmontanis.info\/d\/164373-2\/DSC02652.jpg \/><br \/>\n^ Station Ra Valles und Cortina im Tal<\/p>\n<p><img src=http:\/\/ski.inmontanis.info\/d\/164377-2\/DSC02653.jpg \/><br \/>\n^ Die 3SB k\u00f6nnte evtl. mit etwas Schneeschieben auch noch in Betrieb sein :)<\/p>\n<p><img src=http:\/\/ski.inmontanis.info\/d\/164381-2\/DSC02654.jpg \/><br \/>\n^ DSB Bus Tofana<\/p>\n<p><img src=http:\/\/ski.inmontanis.info\/d\/164385-2\/DSC02656.jpg \/><br \/>\n^ PB Cima Tofana und Ra Valles Skigebiet<\/p>\n<p><img src=http:\/\/ski.inmontanis.info\/d\/164389-2\/DSC02659.jpg \/><br \/>\n^ St\u00fctzenlose PB Cima Tofana<\/p>\n<p><img src=http:\/\/ski.inmontanis.info\/d\/164393-2\/DSC02662.jpg \/><br \/>\n^ DSB Bus Tofana Bergstation von der PB aus<\/p>\n<p><img src=http:\/\/ski.inmontanis.info\/d\/164397-2\/DSC02668.jpg \/><br \/>\n^ DSB Bus Tofana<\/p>\n<p><a href='http:\/\/ski.inmontanis.info\/d\/164507-3\/DSC02670.jpg'><img src=http:\/\/ski.inmontanis.info\/d\/164506-4\/DSC02670.jpg \/><\/a><br \/>\n^ Alte Technik an der Bergstation<\/p>\n<p><img src=http:\/\/ski.inmontanis.info\/d\/164402-2\/DSC02677.jpg \/><br \/>\n^ Terrasse der Cima-PB<\/p>\n<p><a href='http:\/\/ski.inmontanis.info\/d\/164406-2\/DSC02687.jpg'><img src=http:\/\/ski.inmontanis.info\/d\/164405-3\/DSC02687.jpg \/><\/a><br \/>\n^ PB Cima Tofana<\/p>\n<p><a href='http:\/\/ski.inmontanis.info\/d\/164410-2\/DSC02691.jpg'><img src=http:\/\/ski.inmontanis.info\/d\/164409-3\/DSC02691.jpg \/><\/a><br \/>\n^ PB Cima Tofana<\/p>\n<p><a href='http:\/\/ski.inmontanis.info\/d\/164414-2\/DSC02703.jpg'><img src=http:\/\/ski.inmontanis.info\/d\/164413-3\/DSC02703.jpg \/><\/a><br \/>\n^ Bergstation PB Cima Tofana<\/p>\n<p><a href='http:\/\/ski.inmontanis.info\/d\/164418-2\/DSC02714.jpg'><img src=http:\/\/ski.inmontanis.info\/d\/164417-3\/DSC02714.jpg \/><\/a><br \/>\n^ Kabine PB Cima Tofana<\/p>\n<p><a href='http:\/\/ski.inmontanis.info\/d\/164422-2\/DSC02715.jpg'><img src=http:\/\/ski.inmontanis.info\/d\/164421-3\/DSC02715.jpg \/><\/a><br \/>\n^ Talstation Sektion III PB Cima Tofana<\/p>\n<p><img src=http:\/\/ski.inmontanis.info\/d\/164426-2\/DSC02718.jpg \/><br \/>\n^ Talblick zwischen PB-Station und Rifugio Ra Valles<\/p>\n<p><a href='http:\/\/ski.inmontanis.info\/d\/164430-2\/DSC02643.jpg'><img src=http:\/\/ski.inmontanis.info\/d\/164429-3\/DSC02643.jpg \/><\/a><br \/>\n^ Aufzug von der PB-Station .. kann man auch f\u00fcr eine kurze Skiabfahrt verwenden ;)  (Siehe Ende im Film!)<\/p>\n<p><img src=http:\/\/ski.inmontanis.info\/d\/164434-2\/DSC02721.jpg \/><br \/>\n^ Start der kurzen Skiabfahrt vom Rifugio nach rechts zum Eingang der Seilbahn :) (Im Hintergrund die komplette Strecke der DSB Bus Tofana und die PB Cima Tofana)<\/p>\n<p>Gegen 12 Uhr fuhr ich wieder talw\u00e4rts.<\/p>\n<p><a href='http:\/\/ski.inmontanis.info\/d\/164438-2\/DSC02727.jpg'><img src=http:\/\/ski.inmontanis.info\/d\/164437-3\/DSC02727.jpg \/><\/a><br \/>\n^ Bergstation PB Ra Valles (Sektion II)<\/p>\n<p><a href='http:\/\/ski.inmontanis.info\/d\/164442-2\/DSC02731.jpg'><img src=http:\/\/ski.inmontanis.info\/d\/164441-3\/DSC02731.jpg \/><\/a><br \/>\n^ PB Sektion II<\/p>\n<p><a href='http:\/\/ski.inmontanis.info\/d\/164446-2\/DSC02737.jpg'><img src=http:\/\/ski.inmontanis.info\/d\/164445-3\/DSC02737.jpg \/><\/a><br \/>\n^ PB Sektion II und Abfahrt mit Schneeresten<\/p>\n<p><a href='http:\/\/ski.inmontanis.info\/d\/164450-2\/DSC02739.jpg'><img src=http:\/\/ski.inmontanis.info\/d\/164449-3\/DSC02739.jpg \/><\/a><br \/>\n^ PB Sektion II<\/p>\n<p><a href='http:\/\/ski.inmontanis.info\/d\/164454-2\/DSC02742.jpg'><img src=http:\/\/ski.inmontanis.info\/d\/164453-3\/DSC02742.jpg \/><\/a><br \/>\n^ PB Sektion I<\/p>\n<p><a href='http:\/\/ski.inmontanis.info\/d\/164458-2\/DSC02745.jpg'><img src=http:\/\/ski.inmontanis.info\/d\/164457-3\/DSC02745.jpg \/><\/a><br \/>\n^ Abfahrt an der PB Sektion I<\/p>\n<p><a href='http:\/\/ski.inmontanis.info\/d\/164511-3\/DSC02748.jpg'><img src=http:\/\/ski.inmontanis.info\/d\/164510-4\/DSC02748.jpg \/><\/a><br \/>\n^ Abfahrt an der PB Sektion I<\/p>\n<p><a href='http:\/\/ski.inmontanis.info\/d\/164463-2\/DSC02751.jpg'><img src=http:\/\/ski.inmontanis.info\/d\/164462-3\/DSC02751.jpg \/><\/a><br \/>\n^ PB Sektion I<\/p>\n<p><a href='http:\/\/ski.inmontanis.info\/d\/164483-2\/ge-20130629.jpg'><img src=http:\/\/ski.inmontanis.info\/d\/164482-3\/ge-20130629.jpg \/><\/a><br \/>\n^ GPS-Track Sommerski Cortina d&#8217;Ampezzo 29.6.2013<\/p>\n<p>Film:<br \/>\n<object style=\"height: 500px; width: 900px\"><param name=\"movie\" value=\"http:\/\/www.youtube.com\/v\/I8BoLnlSPAg\"><\/param><param name=\"wmode\" value=\"transparent\"><\/param><embed src=\"http:\/\/www.youtube.com\/v\/I8BoLnlSPAg\" type=\"application\/x-shockwave-flash\" wmode=\"transparent\"  width=\"900\" height=\"480\"><\/embed><\/object><\/p>\n<p>Fazit: Ziemlich geil! Schade, dass es nicht noch mehr Skigebiete gibt, die cool genug sind, Ende Juni Skibetrieb auf Restschnee anzubieten. Wobei &#8220;Restschnee&#8221; hier und heute der falsche Terminus ist. Von der Schneemenge her sollte es wohl je nach Wetter 1-2 Wochen gehen. <\/p>\n<p>Danach hab ich mir &#8216;ne halbe Stunde \u00fcberlegt, wie ich nach Cervinia fahren soll. Die schnellste Strecke \u00fcber die Autobahn, oder erst am Gardasee auf die Autobahn, oder \u00fcber den Lago d&#8217;Idro, oder \u00fcber Ofen und Albua\/Fl\u00fcela, oder \u00fcber Tonale-Boario oder \u00fcber Tonale-Sondrio &#8230;. Schlussendlich hab ich mich f\u00fcr Giau-Pellegrino-Tonale-Boario entschieden, d.h. ab Bergamo fuhr ich wieder Autobahn. Hatte ja Zeit, und bissl Maut hat man sich damit auch gespart. Bis ich in Cervinia war &#8211; nach kleinem Abendessen an einer Autobahnrastst\u00e4tte &#8211; war es dann aber doch schon fast 23:30 Uhr.<\/p>\n<p><img src=http:\/\/ski.inmontanis.info\/d\/164467-2\/DSC02759.jpg \/><br \/>\n^ Auffahrt zum Passo Giau<\/p>\n<p><a href='http:\/\/ski.inmontanis.info\/d\/164471-2\/DSC02763.jpg'><img src=http:\/\/ski.inmontanis.info\/d\/164470-3\/DSC02763.jpg \/><\/a><br \/>\n^ Neuschnee am Passo Giau<\/p>\n<p><a href='http:\/\/ski.inmontanis.info\/d\/164475-2\/DSC02765.jpg'><img src=http:\/\/ski.inmontanis.info\/d\/164474-3\/DSC02765.jpg \/><\/a><br \/>\n^ Passo Giau<\/p>\n<p><img src=http:\/\/ski.inmontanis.info\/d\/164479-2\/DSC02768.jpg \/><br \/>\n^ DSB Nuvolao (Averau-Gebiet)<\/p>\n<p><a href='http:\/\/ski.inmontanis.info\/d\/164240-2\/DSC02785.jpg'><img src=http:\/\/ski.inmontanis.info\/d\/164239-3\/DSC02785.jpg \/><\/a><br \/>\n^ Abfahrt Passo Tonale -Ponte di Legno im Sommer. Die beidseitigen, aufgerollten Fangz\u00e4une schauen auch im Sommer wie Geschw\u00fcre aus.<\/p>\n","protected":false},"excerpt":{"rendered":"<p>Meine allj\u00e4hrliche Westalpen-Sommerski-Tour Ende Juni musste aufgrund der besonderen Schneeverh\u00e4ltnisse heuer etwas erweitert werden. Erstmals auf 2 3 Wochenenden, und mit Start in den Ostalpen!<\/p>\n<p>Westalpen-Sommerski-Tour 2013 Juni\/Juli I. Cortina d&#8217;Ampezzo<\/p>\n<p>Fr, 28.6.2013 Nach 12 Jahren gibt es heuer endlich mal wieder Sommerski in Cortina d&#8217;Ampezzo. Zwar nur f\u00fcr 2-3 Stunden am fr\u00fchen Morgen und <a href=\"http:\/\/blog.inmontanis.info\/?p=2443\">[&#8230;]<\/a><\/p>\n","protected":false},"author":1,"featured_media":0,"comment_status":"open","ping_status":"closed","sticky":false,"template":"","format":"standard","meta":{"footnotes":""},"categories":[125,500,15,28],"tags":[38,52],"class_list":["post-2443","post","type-post","status-publish","format-standard","hentry","category-2013-07-westalpensommerskitour","category-cortina-dampezzo","category-italienitaly","category-skifahren-sommer","tag-dsb","tag-pb","odd"],"_links":{"self":[{"href":"http:\/\/blog.inmontanis.info\/index.php?rest_route=\/wp\/v2\/posts\/2443","targetHints":{"allow":["GET"]}}],"collection":[{"href":"http:\/\/blog.inmontanis.info\/index.php?rest_route=\/wp\/v2\/posts"}],"about":[{"href":"http:\/\/blog.inmontanis.info\/index.php?rest_route=\/wp\/v2\/types\/post"}],"author":[{"embeddable":true,"href":"http:\/\/blog.inmontanis.info\/index.php?rest_route=\/wp\/v2\/users\/1"}],"replies":[{"embeddable":true,"href":"http:\/\/blog.inmontanis.info\/index.php?rest_route=%2Fwp%2Fv2%2Fcomments&post=2443"}],"version-history":[{"count":6,"href":"http:\/\/blog.inmontanis.info\/index.php?rest_route=\/wp\/v2\/posts\/2443\/revisions"}],"predecessor-version":[{"id":9036,"href":"http:\/\/blog.inmontanis.info\/index.php?rest_route=\/wp\/v2\/posts\/2443\/revisions\/9036"}],"wp:attachment":[{"href":"http:\/\/blog.inmontanis.info\/index.php?rest_route=%2Fwp%2Fv2%2Fmedia&parent=2443"}],"wp:term":[{"taxonomy":"category","embeddable":true,"href":"http:\/\/blog.inmontanis.info\/index.php?rest_route=%2Fwp%2Fv2%2Fcategories&post=2443"},{"taxonomy":"post_tag","embeddable":true,"href":"http:\/\/blog.inmontanis.info\/index.php?rest_route=%2Fwp%2Fv2%2Ftags&post=2443"}],"curies":[{"name":"wp","href":"https:\/\/api.w.org\/{rel}","templated":true}]}}