{"id":2431,"date":"2013-06-09T23:02:45","date_gmt":"2013-06-09T21:02:45","guid":{"rendered":"http:\/\/blog.inmontanis.info\/?p=2431"},"modified":"2023-08-06T11:04:04","modified_gmt":"2023-08-06T09:04:04","slug":"stubaier-gletscher-8-9-6-2013","status":"publish","type":"post","link":"http:\/\/blog.inmontanis.info\/?p=2431","title":{"rendered":"Stubaier Gletscher, 8.+9.6.2013"},"content":{"rendered":"<p><strong>8.6.2013<\/strong><\/p>\n<p>Endlich mal wieder Sommerski: Sonne, Firn, Kopftuchwetter.<!--more--><\/p>\n<p>War auch einiges mehr los als die letzten Wochen. Glaub ich wei\u00df jetzt, warum man am Stubaier heuer die Saison wieder bis in den Juli verl\u00e4ngert hat: Weil der Schnalstaler diesen Sommer zu ist! So fahren die ganzen Skiclubs rund um Bozen auf den Stubaier!<\/p>\n<p>Nicht nur das Wetter, auch der Schnee war heute wieder besser als die letzten Wochenenden. Auf den Pisten war der Firn schon recht gut (nachmittags in den Flachteilen etwas bremsig, die 8KSB konnte man irgendwann nur noch schiebend erreichen), off-piste war&#8217;s auch schon ganz gut, m\u00fcsste aber noch etwas kompakter sein, dauert noch ein paar Tage.<\/p>\n<p>Mittelstationsabfahrten:<br \/>\n9:30 Uhr, die blaue: auf ganzer Strecke recht \u00e4hnlich, nicht mehr geforen, mit dem Stecken konnte man gut 20-30cm tief einstechen, mit den Skiern ging&#8217;s aber.<\/p>\n<p>11:30 Uhr, die rote: Schnee weicher und schmieriger, daher fand ich&#8217;s besser zu fahren. Unten im Flachteil schon recht bremsig<\/p>\n<p>15 Uhr, die rote: Schnee weicher und noch schmieriger, was ich prinzipiell positiv fand, besser als den Bruchschnee letzte Woche, allerdings teilweise auch sehr bresmig, im Flachteil musste man ein sch\u00f6nes St\u00fcck zur Station schieben.<\/p>\n<p><img src=http:\/\/ski.inmontanis.info\/d\/163937-2\/DSC01012.jpg \/><br \/>\n^ Ziemlich viel Rennclubs heut da&#8230;<\/p>\n<p><img src=http:\/\/ski.inmontanis.info\/d\/163941-2\/DSC01014.jpg \/><br \/>\n^ Mittelstation mit der f\u00fcr Juni \u00fcblichen gemischten Gondelfahrt.<\/p>\n<p><img src=http:\/\/ski.inmontanis.info\/d\/163945-2\/DSC01016.jpg \/><br \/>\n^ Vermattung (und Tourengeher) am Eisjoch. Die eine St\u00fctze der Eisjoch-6KSB k\u00f6nnte man auch mal tiefer setzen ;)<\/p>\n<p><img src=http:\/\/ski.inmontanis.info\/d\/163949-2\/DSC01017.jpg \/><br \/>\n^ Eisjoch-Steilhang, noch beide Seiten offen, Mal gespannt, wann die rechte Seite vermattet wird.<\/p>\n<p><img src=http:\/\/ski.inmontanis.info\/d\/163953-2\/DSC01019.jpg \/><br \/>\n^ Vermattung Eisjoch und Depot Rotadl-Bergstation<\/p>\n<p><img src=http:\/\/ski.inmontanis.info\/d\/163957-2\/DSC01020.jpg \/><br \/>\n^ Vermattung auf der Abfahrt zur Fernau-KSB. (Ist da \u00fcberhaupt noch Gletscher?)<\/p>\n<p><img src=http:\/\/ski.inmontanis.info\/d\/163961-2\/DSC01022.jpg \/><br \/>\n^ Schneeh\u00f6he an der Station Eisgrat<\/p>\n<p><a href='http:\/\/ski.inmontanis.info\/d\/163965-2\/DSC01027.jpg'><img src=http:\/\/ski.inmontanis.info\/d\/163964-3\/DSC01027.jpg \/><\/a><br \/>\n^ Also farbig passen die K2 ja perfekt zu meiner Sommerski-Bekleidung ;)<\/p>\n<p><img src=http:\/\/ski.inmontanis.info\/d\/163969-2\/DSC01031.jpg \/><br \/>\n^ SL Daunferner, ab und zu gab&#8217;s mal kurze Wartezeiten.<\/p>\n<p><img src=http:\/\/ski.inmontanis.info\/d\/163973-2\/DSC01036.jpg \/><br \/>\n^ SL Daunferner mit Trainingshang, h\u00fcbsch was los heut.<br \/>\n(Und weil ich die Szene gar so retro fand, hab ich das auch in die Bildbearbeitung einflie\u00dfen lassen.)<\/p>\n<p><img src=http:\/\/ski.inmontanis.info\/d\/163977-2\/DSC01037.jpg \/><br \/>\n^ Abfahrt Mittelstation, bin heut die rote 2x gefahren und die blaue nur 1x. Mittags\/Nachmittags hat&#8217;s zwar mehr gebremst, aber daf\u00fcr war der Schnee fluffiger.<\/p>\n<p><img src=http:\/\/ski.inmontanis.info\/d\/163981-2\/DSC01039.jpg \/><br \/>\n^ Nachmittags toller Firn im verlassenen Trainingsareal<\/p>\n<p><img src=http:\/\/ski.inmontanis.info\/d\/163985-2\/DSC01041.jpg \/><br \/>\n^ Tief einsinken tut man mittlerweile Off-Piste nicht mehr, aber der Schnee k\u00f6nnte noch etwas kompakter sein<\/p>\n<p><strong>9.6.2013<\/strong><\/p>\n<p>Wie erwartet war heute nicht nur das Wetter (Sonne nur sekundenweise &#8211; am meisten am fr\u00fchen Nachmittag, gegen 12 und 14 Uhr starker Eisregen, teilweise st\u00fcrmisch), sondern auch der Schnee schlechter (weicher + n\u00e4sser + bremsiger), wobei es am SL Daunferner unproblematisch war und dort nachmittags aufgrund von Vermattungsversorungsfahrten immer wieder eine Spur frisch pr\u00e4pariert war.<\/p>\n<p>Was die Mittelstationsabfahrten anging:<\/p>\n<p>11:40 Uhr, die blaue: Sehr pappig, von oben weg. Erst ziemlich weit unten, wo der Altschnee etwas rauskam, war&#8217;s besser.<\/p>\n<p>12:40 Uhr, vom Gamsgarten: Bissl schwierig erreichbar, in den Flachteilen schieben, da pappig, bissl Fu\u00dfweg (apere Stelle), im unteren Bereich besser (wg. Altschnee)<\/p>\n<p>14:40 Uhr, die rote: Nicht mehr so pappig (oder weil&#8217;s steiler ist), daf\u00fcr unten raus etwas mehr Schieben.<\/p>\n<p>Nicht nur auf den Mittelstationsabfahrten, auch auf den pr\u00e4parierten Abfahrten kommt langsam wieder der Saharasand raus, d.h. der in den letzten Wochen gefallene Neuschnee hat sich in ein paar Tagen neutralisiert.<\/p>\n<p>Kurios: In den oberen Bereichen waren hunderte oder tausende Insekten am Schnee (verteilt, \u00fcberall)<br \/>\n<img src=http:\/\/ski.inmontanis.info\/d\/163989-2\/DSC01044.jpg \/><\/p>\n","protected":false},"excerpt":{"rendered":"<p>8.6.2013<\/p>\n<p>Endlich mal wieder Sommerski: Sonne, Firn, Kopftuchwetter.<\/p>\n<p> <a href=\"http:\/\/blog.inmontanis.info\/?p=2431\">[&#8230;]<\/a><\/p>\n","protected":false},"author":1,"featured_media":0,"comment_status":"open","ping_status":"closed","sticky":false,"template":"","format":"standard","meta":{"footnotes":""},"categories":[25,13,28,895],"tags":[39,69,57,47],"class_list":["post-2431","post","type-post","status-publish","format-standard","hentry","category-noreport","category-austria","category-skifahren-sommer","category-stubaier-gletscher","tag-6eub","tag-6zub","tag-8sb","tag-sl","odd"],"_links":{"self":[{"href":"http:\/\/blog.inmontanis.info\/index.php?rest_route=\/wp\/v2\/posts\/2431","targetHints":{"allow":["GET"]}}],"collection":[{"href":"http:\/\/blog.inmontanis.info\/index.php?rest_route=\/wp\/v2\/posts"}],"about":[{"href":"http:\/\/blog.inmontanis.info\/index.php?rest_route=\/wp\/v2\/types\/post"}],"author":[{"embeddable":true,"href":"http:\/\/blog.inmontanis.info\/index.php?rest_route=\/wp\/v2\/users\/1"}],"replies":[{"embeddable":true,"href":"http:\/\/blog.inmontanis.info\/index.php?rest_route=%2Fwp%2Fv2%2Fcomments&post=2431"}],"version-history":[{"count":5,"href":"http:\/\/blog.inmontanis.info\/index.php?rest_route=\/wp\/v2\/posts\/2431\/revisions"}],"predecessor-version":[{"id":9239,"href":"http:\/\/blog.inmontanis.info\/index.php?rest_route=\/wp\/v2\/posts\/2431\/revisions\/9239"}],"wp:attachment":[{"href":"http:\/\/blog.inmontanis.info\/index.php?rest_route=%2Fwp%2Fv2%2Fmedia&parent=2431"}],"wp:term":[{"taxonomy":"category","embeddable":true,"href":"http:\/\/blog.inmontanis.info\/index.php?rest_route=%2Fwp%2Fv2%2Fcategories&post=2431"},{"taxonomy":"post_tag","embeddable":true,"href":"http:\/\/blog.inmontanis.info\/index.php?rest_route=%2Fwp%2Fv2%2Ftags&post=2431"}],"curies":[{"name":"wp","href":"https:\/\/api.w.org\/{rel}","templated":true}]}}