{"id":2425,"date":"2013-05-26T22:56:31","date_gmt":"2013-05-26T20:56:31","guid":{"rendered":"http:\/\/blog.inmontanis.info\/?p=2425"},"modified":"2023-08-06T11:04:10","modified_gmt":"2023-08-06T09:04:10","slug":"stubaier-gletscher-18-20-26-5-2013","status":"publish","type":"post","link":"http:\/\/blog.inmontanis.info\/?p=2425","title":{"rendered":"Stubaier Gletscher, 18.+20.+26.5.2013"},"content":{"rendered":"<p><strong>18.5.2013<\/strong><\/p>\n<p>Sonnig, kalt, st\u00fcrmisch, Pulverschnee, nachmittags nebliger und noch st\u00fcrmischer. Also gef\u00fchlte Temperatur bei dem Wind wohl weit unter -10\u00b0.<\/p>\n<p>Lifte \u00fcbrigens nur noch bis 15 Uhr offen.<\/p>\n<p>Offpiste (das gilt auch f\u00fcr die geschlossenen Abfahrten zur Mittelstation) war leider ein moderater Bruchharsch &#8211; mit den richtigen Skiern einigerma\u00dfen fahrbar.<\/p>\n<p>Somit wesentlich besser als letzte Woche in Frankreich, aber der Firn letztes Wochenende in Italien war mir nat\u00fcrlich sympathischer. War halt heut ein Winterskitag am Stubaier. Kein Sommerskitag.<\/p>\n<p>Rest siehe Bildkommentare.<\/p>\n<p><img src=http:\/\/ski.inmontanis.info\/d\/163505-2\/DSC00914.jpg \/><br \/>\n^ Kaum Leute am Parkplatz &#8211; evtl. wg. des zweifelhaften Wetterberichtes?<\/p>\n<p><img src=http:\/\/ski.inmontanis.info\/d\/163509-2\/DSC00917.jpg \/><br \/>\n^ .. hatte ausnahmsweise mein altes 50er Objektiv dabei, und so eine Gondelbahnfahrt ist lang, und noch l\u00e4nger, wenn&#8217;s oben schaukelt &#8230;<\/p>\n<p><img src=http:\/\/ski.inmontanis.info\/d\/163513-2\/DSC00921.jpg \/><br \/>\n^ Abfahrten zur Mittelstation k\u00f6nnten nat\u00fcrlich problemlos pr\u00e4pariert werden, aber man l\u00e4sst lieber die Murmelebahn den ganzen Tag leer laufen. (Schneezustand: leichter Bruchharsch)<\/p>\n<p><img src=http:\/\/ski.inmontanis.info\/d\/163517-2\/DSC00922.jpg \/><br \/>\n^ 6KSB Eisjoch. So gl\u00e4nzend wei\u00dfen Schnee bin ich nach dem ganzen Saharasand gar nicht mehr gewohnt ;)<\/p>\n<p><img src=http:\/\/ski.inmontanis.info\/d\/163521-2\/DSC00923.jpg \/><br \/>\n^ 8KSB Rotadl (Vom Daunferner aus runter nur noch die blaue Abfahrt ausgesteckt)<\/p>\n<p><img src=http:\/\/ski.inmontanis.info\/d\/163542-2\/DSC00924.jpg \/><br \/>\n^ Schaufeljoch\/Spitze<\/p>\n<p><img src=http:\/\/ski.inmontanis.info\/d\/163526-2\/DSC00926.jpg \/><br \/>\n^ Eisgrat (mit nem gro\u00dfen Schneeberg)<\/p>\n<p><img src=http:\/\/ski.inmontanis.info\/d\/163530-2\/DSC00928.jpg \/><br \/>\n^ Da man am Stubaier ja beim Skiservice f\u00fcr 2h gratis Leihski bekommt .. wollte mal wieder breitere Allmountains testen (V\u00f6lkl RTM 84, 129-84-111, Fullrocker, evtl. etwas zu lang f\u00fcr mich mit 176cm, 18m Radius). Gingen ganz gut, zumindest war der Bruchharsch mit denen einigerma\u00dfen fahrbar. K\u00f6nnten aber bissl wendiger (oder k\u00fcrzer) sein. Auf der Piste \u00fcberraschend griffig, anstrengend zum Kurzschwingen, flatternder beim Schnellfahren (wohl wg. der Rockerbauweise?) und im Steilhang merk ich den Unterschied mit der gr\u00f6\u00dferen Breite unter der Bindung schon extrem (meine sind 69mm), das Aufkanten kostet einfach wesentlich mehr Kraft.<\/p>\n<p><img src=http:\/\/ski.inmontanis.info\/d\/163534-2\/DSC00930.jpg \/><br \/>\n^ SL Gai\u00dfkar, leider nur noch eine Abfahrt offen. Rechts ist n\u00e4mlich der Funpark weiter runter gewandert ?! Der heute anscheinend zu war. Zumindest der linke Teil.<\/p>\n<p><img src=http:\/\/ski.inmontanis.info\/d\/163538-2\/DSC00932.jpg \/><br \/>\n^ Mittelstationsabfahrt, war leider relativ br\u00fcchig, ging vmtl. erst ganz zum Schluss am besten. Wurde \u00fcbrigens von vielen befahren.<\/p>\n<p><strong>20.5.2013<\/strong><\/p>\n<p><img src=http:\/\/ski.inmontanis.info\/d\/163883-2\/DSC00934.jpg \/><\/p>\n<p><strong>26.5.2013<\/strong><\/p>\n<p><img src=http:\/\/ski.inmontanis.info\/d\/163887-2\/DSC00938.jpg \/><\/p>\n<p><img src=http:\/\/ski.inmontanis.info\/d\/163891-2\/DSC00941.jpg \/><\/p>\n<p><img src=http:\/\/ski.inmontanis.info\/d\/163895-2\/DSC00943.jpg \/><br \/>\n^ Vom Mitte\/Ende April frei gebaggerten Weg ist stellenweise nicht&#8217;s mehr \u00fcbrig, alles wieder zugeschneit und verweht :)<\/p>\n","protected":false},"excerpt":{"rendered":"<p>18.5.2013<\/p>\n<p>Sonnig, kalt, st\u00fcrmisch, Pulverschnee, nachmittags nebliger und noch st\u00fcrmischer. Also gef\u00fchlte Temperatur bei dem Wind wohl weit unter -10\u00b0.<\/p>\n<p>Lifte \u00fcbrigens nur noch bis 15 Uhr offen.<\/p>\n<p>Offpiste (das gilt auch f\u00fcr die geschlossenen Abfahrten zur Mittelstation) war leider ein moderater Bruchharsch &#8211; mit den richtigen Skiern einigerma\u00dfen fahrbar.<\/p>\n<p>Somit wesentlich besser als letzte <a href=\"http:\/\/blog.inmontanis.info\/?p=2425\">[&#8230;]<\/a><\/p>\n","protected":false},"author":1,"featured_media":0,"comment_status":"open","ping_status":"closed","sticky":false,"template":"","format":"standard","meta":{"footnotes":""},"categories":[25,13,28,895],"tags":[39,56,57,47],"class_list":["post-2425","post","type-post","status-publish","format-standard","hentry","category-noreport","category-austria","category-skifahren-sommer","category-stubaier-gletscher","tag-6eub","tag-6sb","tag-8sb","tag-sl","odd"],"_links":{"self":[{"href":"http:\/\/blog.inmontanis.info\/index.php?rest_route=\/wp\/v2\/posts\/2425","targetHints":{"allow":["GET"]}}],"collection":[{"href":"http:\/\/blog.inmontanis.info\/index.php?rest_route=\/wp\/v2\/posts"}],"about":[{"href":"http:\/\/blog.inmontanis.info\/index.php?rest_route=\/wp\/v2\/types\/post"}],"author":[{"embeddable":true,"href":"http:\/\/blog.inmontanis.info\/index.php?rest_route=\/wp\/v2\/users\/1"}],"replies":[{"embeddable":true,"href":"http:\/\/blog.inmontanis.info\/index.php?rest_route=%2Fwp%2Fv2%2Fcomments&post=2425"}],"version-history":[{"count":3,"href":"http:\/\/blog.inmontanis.info\/index.php?rest_route=\/wp\/v2\/posts\/2425\/revisions"}],"predecessor-version":[{"id":9241,"href":"http:\/\/blog.inmontanis.info\/index.php?rest_route=\/wp\/v2\/posts\/2425\/revisions\/9241"}],"wp:attachment":[{"href":"http:\/\/blog.inmontanis.info\/index.php?rest_route=%2Fwp%2Fv2%2Fmedia&parent=2425"}],"wp:term":[{"taxonomy":"category","embeddable":true,"href":"http:\/\/blog.inmontanis.info\/index.php?rest_route=%2Fwp%2Fv2%2Fcategories&post=2425"},{"taxonomy":"post_tag","embeddable":true,"href":"http:\/\/blog.inmontanis.info\/index.php?rest_route=%2Fwp%2Fv2%2Ftags&post=2425"}],"curies":[{"name":"wp","href":"https:\/\/api.w.org\/{rel}","templated":true}]}}