{"id":2419,"date":"2013-05-12T18:34:33","date_gmt":"2013-05-12T16:34:33","guid":{"rendered":"http:\/\/blog.inmontanis.info\/?p=2419"},"modified":"2023-08-01T21:16:25","modified_gmt":"2023-08-01T19:16:25","slug":"san-domenico-12-5-2013","status":"publish","type":"post","link":"http:\/\/blog.inmontanis.info\/?p=2419","title":{"rendered":"San Domenico, 12.5.2013"},"content":{"rendered":"<p>Himmelfahrtskommando 9.-12.5.2013<br \/>\n&#8220;von der H\u00f6lle in den Himmel&#8221;<br \/>\n<strong>Teil 4: So, 12.5.2013 &#8211; San Domenico<\/strong><\/p>\n<p>Um 8:15 war ich in San Domenico, und es war einerseits sonniger, aber auch st\u00fcrmischer als gedacht.<\/p>\n<p>Tageskarte kostete heute nur noch 21,- \u20ac, es war auch weniger los als letzten Sonntag. Mittlerweile waren auch einige Abfahrten an der 4KSB weniger ge\u00f6ffnet. Wie auch schon letzten Sonntag war der Schnee morgens griffiger als in Livigno oder Prali, allerdings auch etwas knolliger.<\/p>\n<p>(Fotos anklicken zum Vergr\u00f6\u00dfern, soweit nicht vergr\u00f6\u00dfert gepostet.)<\/p>\n<p><img src=http:\/\/extra.inmontanis.info\/d\/17022-2\/DSC00840.jpg \/><br \/>\n^ N\u00e4he Domodossola<\/p>\n<p>Wegen des starken Sturms mussten die Lifte immer mal wieder stehen bleiben, Einstellungen gab&#8217;s aber zum Gl\u00fcck keine. Gegen 10 Uhr drehte der Wind etwas und wurde etwas schw\u00e4cher, bevor er gegen Mittag wieder zunahm und es f\u00fcr 1-1,5h stellenweise gar leicht schneite. Danach wurde es wieder sonniger.<\/p>\n<p>Der Schnee firnte ab ca. 11:30 langsam auf, wobei es off-piste erst am Nachmittag so richig angenehm wurde (die Regen-Sand-Spurrinnen waren heute leider ziemlich st\u00f6rend), wobei es im oberen Bereich ganz zum Schluss schon wieder langsam anzog.<\/p>\n<p>F\u00fcr ein Panino + Croissant hatte ich bei den Schneeverh\u00e4ltnissen am Vormittag gerne Zeit (etwas teurer als in Prali). Ab 14 Uhr wurden die Pistenbegrenzungsstecken eingesammelt (wodurch man etwas schwer absch\u00e4tzen konnte, wie lang der SL denn noch in Betrieb sein wird).<\/p>\n<p>Letzte Fahrt mit der KSB war um 15:30 Uhr (also etwas sp\u00e4ter als letztes Wochenende, waren zum Gl\u00fcck noch ein paar Snowboarder da). Um die Uhrzeit ging es in den unteren Bereichen auch off-piste richtig gut zu fahren.<\/p>\n<p>Da ich ja erst <a href='http:\/\/www.sommerschi.com\/forum\/reportagen-f8\/livigno-san-domenico-4-5-5-2013-t2993.html#p40988'>vor einer Woche hier<\/a> war, hab ich mich fotografisch etwas zur\u00fcck gehalten:<\/p>\n<p><img src=http:\/\/ski.inmontanis.info\/d\/163127-3\/ge_sandomenico2013g.jpg \/><br \/>\n^ GPS-Tracks. Rot 2007, T\u00fcrkis 5.5.2013, Blau 12.5.2013<\/p>\n<p><img src=http:\/\/ski.inmontanis.info\/d\/163785-2\/DSC00841.jpg \/><br \/>\n^ Ankunft an der DSB Sektion II mit Blick ins Skigebiet. Doch einiges abgetaut in der einen Woche, waren einige Abfahrten inzwischen geschlossen. (Interessanter Himmel, nebenbei)<\/p>\n<p><img src=http:\/\/ski.inmontanis.info\/d\/163789-2\/DSC00842.jpg \/><br \/>\n^ SL Dosso, off-piste heut leider erst am sp\u00e4ten Nachmittag einigerma\u00dfen fahrbar.<\/p>\n<p><img src=http:\/\/ski.inmontanis.info\/d\/163793-2\/DSC00845.jpg \/><br \/>\n^ Gel\u00e4nde zwischen SL Dosso und KSB<\/p>\n<p><img src=http:\/\/ski.inmontanis.info\/d\/163797-2\/DSC00848.jpg \/><br \/>\n^ Abfahrten KSB Dosso und rechts die DSB<\/p>\n<p><img src=http:\/\/ski.inmontanis.info\/d\/163801-2\/DSC00849.jpg \/><br \/>\n^ 4SB-DSB-KSB. Am Nachmittag konnte man \u00fcberall gut fahren.<\/p>\n<p><img src=http:\/\/ski.inmontanis.info\/d\/163805-2\/DSC00850.jpg \/><br \/>\n^ Offpiste war bis in den Nachmittag etwas anstrengend, da diese Regen-Sand-Rillen sehr hart gefroren und unruhig zu fahren waren.<\/p>\n<p><img src=http:\/\/ski.inmontanis.info\/d\/163834-2\/DSC00851.jpg \/><br \/>\n^ Nachmittags konnte man dem Firn sei dank wieder \u00fcberall fahren, offiziell war heute nur noch eine Abfahrt offen.<\/p>\n<p><img src=http:\/\/ski.inmontanis.info\/d\/163830-2\/DSC00852.jpg \/><br \/>\n^ Dieser Hang an der 4KSB ging am besten.<\/p>\n<p>Mal ein kleiner Vergleich zum Thema Schneeh\u00f6he, ein Foto genau 1 Woche vorher:<br \/>\n<a href='http:\/\/ski.inmontanis.info\/d\/162964-3\/DSC00338.jpg'><img src=http:\/\/ski.inmontanis.info\/d\/162963-4\/DSC00338.jpg \/><\/a><br \/>\n.. schon ganz sch\u00f6n was abgetaut!<\/p>\n<p><img src=http:\/\/ski.inmontanis.info\/d\/163838-2\/DSC00856.jpg \/><br \/>\n^ Abfahrt rechts der 4SB, toller Firn, keine Buckel, kein Bremsschnee (15:20 Uhr)<\/p>\n<p><img src=http:\/\/ski.inmontanis.info\/d\/163812-2\/DSC00857.jpg \/><br \/>\n^ Die Sand-Regen-Rinnen geben immerhin ein interessantes Muster ab.<\/p>\n<p><img src=http:\/\/ski.inmontanis.info\/d\/163816-2\/DSC00859.jpg \/><br \/>\n^ Glaub hier geht im Winter auch eine pr\u00e4parierte Abfahrt runter ;)<\/p>\n<p><img src=http:\/\/ski.inmontanis.info\/d\/163842-2\/DSC00861.jpg \/><br \/>\n^ Definitives Saisonende, die Sessel werden eingaragiert. (15:45 Uhr)<\/p>\n<p><img src=http:\/\/ski.inmontanis.info\/d\/163821-2\/DSC00863.jpg \/><br \/>\n^ Talfahrt DSB Sektion II nahe Mittelstation<\/p>\n<p><img src=http:\/\/ski.inmontanis.info\/d\/163825-2\/DSC00869.jpg \/><br \/>\n^ Blick in den Talschluss<\/p>\n<p><img src=http:\/\/ski.inmontanis.info\/d\/163847-2\/DSC00871.jpg \/><br \/>\n^ Talfahrt DSB Sektion I<\/p>\n<p>Fazit: Prali + San Domenico waren wieder einmal sehr genial, und ich w\u00fcrde das n\u00e4chstes Jahr im Mai gerne wiederholen.<\/p>\n<p>Die Heimfahrt am verl\u00e4ngerten Wochenende &#8230; hatte schon bef\u00fcrchtet, dass es \u00fcber den Bernardino Stau geben k\u00f6nnte. Trotzdem bin ich \u00fcber&#8217;s Centovalli erst mal ins Tessin. Gl\u00fccklicherweise gleich nach der Grenze den Verkehrsfunk geh\u00f6rt: Gotthard und Bernardino jeweils 2 Stunden Stau. Hm. <\/p>\n<p>Dann fahr ich lieber die gleich lange Strecke (mit 1,5-2h Umweg) via Maloja, also wieder, wie erst vor kurzem, durch Lugano durch und am Luganer See entlang zum Comer See, und dann rauf zu Maloja und St. Moritz, wo es leicht schneite. War ich heute also mal wieder auf der sonnigeren Seite der Alpen gewesen ;)<\/p>\n<p><img src=http:\/\/extra.inmontanis.info\/d\/17026-2\/DSC00878.jpg \/><br \/>\n^ Lago di Lugano<\/p>\n<p><a href='http:\/\/extra.inmontanis.info\/d\/17030-2\/DSC00884.jpg'><img src=http:\/\/extra.inmontanis.info\/d\/17028-3\/DSC00884.jpg \/><\/a><br \/>\n^ Lago di Como<\/p>\n<p><a href='http:\/\/extra.inmontanis.info\/d\/17034-2\/DSC00891.jpg'><img src=http:\/\/extra.inmontanis.info\/d\/17032-3\/DSC00891.jpg \/><\/a><br \/>\n^ Silsersee, ab Maloja war leichter Schneefall..<\/p>\n<p>Durch die zeitm\u00e4\u00dfig l\u00e4ngere Strecke hatte ich leider keine Zeit mehr, Essen zu gehen, und so nahm ich nur an der schweizer Tankstelle kurz nach der Grenze neben 10 Liter Diesel noch ein warmes Panino mit. Verkehr war \u00fcber Luganer See und Maloja \u00fcbrigens kaum. \u00dcberhaupt ist die Strecke von Maloja zur \u00f6sterreichischen Grenze sehr angenehm: Abwechslungsreich, gen\u00fcgend M\u00f6glichkeiten um eventuelle Schl\u00e4fer zu \u00fcberholen &#8230;. <\/p>\n<p>Gegen 23:45 Uhr war ich wieder daheim (in Innsbruck regnete es), in den 4 Tagen (plus Vorabend) bin ich 1.930 km gefahren.<\/p>\n<p><a href='http:\/\/extra.inmontanis.info\/d\/17038-2\/DSC00902.jpg'><img src=http:\/\/extra.inmontanis.info\/d\/17036-3\/DSC00902.jpg \/><\/a><br \/>\n^ Nunja, f\u00fcr 4 Skitage schon ein bisschen weit gewesen&#8230; ;) <\/p>\n<p>Da ich bei den letzten Wochenend-Touren keine Karte dabei hatte, hole ich das mal eben nach:<\/p>\n<p><img src=http:\/\/extra.inmontanis.info\/d\/17042-2\/201304-05-wochenenden6.jpg \/><br \/>\n^ Fr\u00fchjahrstouren 2013:<br \/>\nGr\u00fcn: 31.3.-1.4. (Mottarone, Vigezzo, Thollon)<br \/>\nOrange: 13.+14.4. (Abetone, Corno alle Scale)<br \/>\nWei\u00df: 4.+5.5. (Livigno, San Domenico)<br \/>\nRot: 9.-12.5. (Tignes, Val Thorens, Prali, San Domenico)<\/p>\n<p>## Ende ##<\/p>\n<p>Und weil dies wohl die letzte Winteresaisonreise war, mal ein kleiner R\u00fcckblick der Urlaube und Wochenendtouren dieser Saison:<\/p>\n<p><img src=http:\/\/extra.inmontanis.info\/d\/17046-2\/201213-saison-urlaube-und-we-alpen.jpg \/><br \/>\n^ Urlaube + Wochenendtouren Wintersaison 2012\/13:<br \/>\nDunkelblau: 22.12.-26.12. (XMas)<br \/>\nRosa: 29.12.-1.1. (Silvester)<br \/>\nGelborange: 5.+6.1.<br \/>\nT\u00fcrkis: 18.1-28.1. (Randgebiete)<br \/>\nHellblau: 15.2.-4.3. (S\u00fcdosteuropa)<br \/>\nGr\u00fcn: 31.3.-1.4. (Ostern)<br \/>\nRotorange: 13.+14.4.<br \/>\nWei\u00df: 4.+5.5.<br \/>\nRot: 9.-12.5. (Himmelfahrt)<\/p>\n<p>.. war doch ganz sch\u00f6n oft unterwegs heuer, so h\u00e4ufig war ich bisher noch nie &#8220;au\u00dferhalb&#8221; unterwegs. Aber wie man auch gut sehen kann, es gab gen\u00fcgend Abwechslung was die Streckenf\u00fchrungen angeht ;)<\/p>\n<p><img src=http:\/\/extra.inmontanis.info\/d\/17050-2\/201213-saison-urlaube-und-wochenenden.jpg \/><br \/>\n(Ein paar Tagesausfl\u00fcge DE\/AT fehlen da nat\u00fcrlich! Und nat\u00fcrlich die Saisonkarten-Skitage. Aktueller Stand: 89 Tage, 75 Skigebiete. Glaub heuer werde ich meinen Rekord von 107 Tagen vom letzten Jahr \u00fcbertreffen&#8230; <em>Und jetzt endlich mal etwas Pause vom Fotobearbeiten und Berichteschreiben, zumindest bis zur n\u00e4chsten Sommer(ski)tour ;-)<\/em>)<\/p>\n","protected":false},"excerpt":{"rendered":"<p>Himmelfahrtskommando 9.-12.5.2013 &#8220;von der H\u00f6lle in den Himmel&#8221; Teil 4: So, 12.5.2013 &#8211; San Domenico<\/p>\n<p>Um 8:15 war ich in San Domenico, und es war einerseits sonniger, aber auch st\u00fcrmischer als gedacht.<\/p>\n<p>Tageskarte kostete heute nur noch 21,- \u20ac, es war auch weniger los als letzten Sonntag. Mittlerweile waren auch einige Abfahrten an der 4KSB <a href=\"http:\/\/blog.inmontanis.info\/?p=2419\">[&#8230;]<\/a><\/p>\n","protected":false},"author":1,"featured_media":0,"comment_status":"open","ping_status":"closed","sticky":false,"template":"","format":"standard","meta":{"footnotes":""},"categories":[123,15,407,27],"tags":[49,38,45,47],"class_list":["post-2419","post","type-post","status-publish","format-standard","hentry","category-2013-05-hfk","category-italienitaly","category-san-domenico","category-skifahren-winterskiing-winter","tag-4sb","tag-dsb","tag-see","tag-sl","odd"],"_links":{"self":[{"href":"http:\/\/blog.inmontanis.info\/index.php?rest_route=\/wp\/v2\/posts\/2419","targetHints":{"allow":["GET"]}}],"collection":[{"href":"http:\/\/blog.inmontanis.info\/index.php?rest_route=\/wp\/v2\/posts"}],"about":[{"href":"http:\/\/blog.inmontanis.info\/index.php?rest_route=\/wp\/v2\/types\/post"}],"author":[{"embeddable":true,"href":"http:\/\/blog.inmontanis.info\/index.php?rest_route=\/wp\/v2\/users\/1"}],"replies":[{"embeddable":true,"href":"http:\/\/blog.inmontanis.info\/index.php?rest_route=%2Fwp%2Fv2%2Fcomments&post=2419"}],"version-history":[{"count":3,"href":"http:\/\/blog.inmontanis.info\/index.php?rest_route=\/wp\/v2\/posts\/2419\/revisions"}],"predecessor-version":[{"id":2422,"href":"http:\/\/blog.inmontanis.info\/index.php?rest_route=\/wp\/v2\/posts\/2419\/revisions\/2422"}],"wp:attachment":[{"href":"http:\/\/blog.inmontanis.info\/index.php?rest_route=%2Fwp%2Fv2%2Fmedia&parent=2419"}],"wp:term":[{"taxonomy":"category","embeddable":true,"href":"http:\/\/blog.inmontanis.info\/index.php?rest_route=%2Fwp%2Fv2%2Fcategories&post=2419"},{"taxonomy":"post_tag","embeddable":true,"href":"http:\/\/blog.inmontanis.info\/index.php?rest_route=%2Fwp%2Fv2%2Ftags&post=2419"}],"curies":[{"name":"wp","href":"https:\/\/api.w.org\/{rel}","templated":true}]}}