{"id":2415,"date":"2013-05-11T18:31:47","date_gmt":"2013-05-11T16:31:47","guid":{"rendered":"http:\/\/blog.inmontanis.info\/?p=2415"},"modified":"2023-08-01T22:03:35","modified_gmt":"2023-08-01T20:03:35","slug":"mottarone-11-5-2013-gewitter-uber-der-po-ebene","status":"publish","type":"post","link":"http:\/\/blog.inmontanis.info\/?p=2415","title":{"rendered":"Mottarone, 11.5.2013 &#8211; Gewitter \u00fcber der Po-Ebene"},"content":{"rendered":"<p>Himmelfahrtskommando 9.-12.5.2013<br \/>\n&#8220;von der H\u00f6lle in den Himmel&#8221;<br \/>\n<strong>Teil 3b: Sa, 11.5.2013 &#8211; Mottarone<\/strong><\/p>\n<p>Nach dem Skitag in Prali &#8230;<\/p>\n<p><em>\u00dcbernachtet wird am Mottarone, da mir der Weg von Bielmonte f\u00fcr morgen fr\u00fch zu weit gewesen w\u00e4re. Nach kurzer Abendessenspause (hatte leider zu wenig Zeit f\u00fcr Pizzeria-Besuch) am Imbiss im Bennet-Supermarkt (und McDonalds) in Romagnano Sesia kam ich gerade noch rechtzeitig zum Sonnenuntergang oben an. Und zu einem ganz besonderem Naturschauspiel, wodurch ich in Summe \u00fcber 2 Stunden mit fotografieren besch\u00e4ftigt war. <\/em><\/p>\n<p>Ich war ja schon \u00f6fters nachts oberhalb der Po-Ebene, aber heute hatte ich gleich 2 Premieren:<\/p>\n<p>1. hatte ich noch nie ein so sch\u00f6nes Lichtermeer gesehen<\/p>\n<p>2. hatte ich noch nirgendswo die Gelegenheit, ein Gewitter zu fotografieren! <\/p>\n<p>Es handelte sich dabei um ein eher kleines, lokales Gewitter, das ich in angenehmer Entfernung beobachten konnte. In Kombination mit dem Lichtermeer der Po-Ebene konnte ich aber einige sehr nette Fotos machen!<\/p>\n<p><img src=http:\/\/ski.inmontanis.info\/d\/163546-2\/DSC00695.jpg \/><br \/>\n^ Lago Maggiore<\/p>\n<p><img src=http:\/\/ski.inmontanis.info\/d\/163550-2\/DSC00701.jpg \/><br \/>\n^ Sonnenuntergang am Lago Maggiore (20:40 Uhr)<\/p>\n<p><img src=http:\/\/ski.inmontanis.info\/d\/163554-2\/DSC00711.jpg \/><br \/>\n^ Lago d&#8217;Orta<\/p>\n<p><img src=http:\/\/ski.inmontanis.info\/d\/163558-2\/DSC00713.jpg \/><br \/>\n^ Funivia Mottarone Bergstation im Abendlicht<\/p>\n<p><img src=http:\/\/ski.inmontanis.info\/d\/163666-2\/DSC00715.jpg \/><br \/>\n^ Lago Maggiore und PB<\/p>\n<p><img src=http:\/\/ski.inmontanis.info\/d\/163563-2\/DSC00718.jpg \/><br \/>\n^ .. mal den neuen Miniatureffekt meiner Cam ausprobieren &#8230;<\/p>\n<p>Da es doch noch ein paar interessante Objekte gab und die Bilder nun lagsam verwackelt oder zu verrauscht wurden, hab ich nach langer Zeit mal wieder mein Stativ ausgepackt (glaub seit England letztes Jahr nicht mehr) &#8230;. 20 Bilder sp\u00e4ter:<\/p>\n<p><img src=http:\/\/ski.inmontanis.info\/d\/163567-2\/DSC00739.jpg \/><br \/>\n^ Lago Maggiore und Verbania (6 sek ISO 400)<\/p>\n<p><img src=http:\/\/ski.inmontanis.info\/d\/163571-2\/DSC00738.jpg \/><br \/>\n^ Lago Maggiore, PB, Po-Ebene (13 sek ISO 400) (21:35 Uhr)<\/p>\n<p><img src=http:\/\/ski.inmontanis.info\/d\/163575-2\/DSC00741.jpg \/><br \/>\n^ Das Lichtermeer der Po-Ebene (um Milano) mit Lago Maggiore (8 sek ISO 400)<\/p>\n<p><img src=http:\/\/ski.inmontanis.info\/d\/163579-2\/DSC00765.jpg \/><br \/>\n^ Das Lichtermeer der Po-Ebene (mit einem St\u00fcck Lago Maggiore unten) (6 sek ISO 400)<\/p>\n<p><img src=http:\/\/ski.inmontanis.info\/d\/163583-2\/DSC00768.jpg \/><br \/>\n^ Gewitter \u00fcber der Po-Ebene. Vorne der Lago d&#8217;Orta (13 sek ISO 400)<\/p>\n<p><img src=http:\/\/ski.inmontanis.info\/d\/163587-2\/DSC00771.jpg \/><br \/>\n^ .. mit kleinerer Blende (20 sek ISO 400) (22 Uhr)<\/p>\n<p><img src=http:\/\/ski.inmontanis.info\/d\/163591-2\/DSC00773.jpg \/><br \/>\n^ Lichtermeer der Po-Ebene (20 sek ISO 200)<\/p>\n<p><img src=http:\/\/ski.inmontanis.info\/d\/163670-2\/DSC00775.jpg \/><br \/>\n^ Na jetzt geht&#8217;s ab! (25 sek ISO 200)<\/p>\n<p><img src=http:\/\/ski.inmontanis.info\/d\/163596-2\/DSC00775-2.jpg \/><br \/>\n^ .. Ausschnitt vom vorherigen Foto ..<\/p>\n<p><img src=http:\/\/ski.inmontanis.info\/d\/163600-2\/DSC00775-3.jpg \/><br \/>\n^ .. noch ein anderer Ausschnitt<\/p>\n<p><img src=http:\/\/ski.inmontanis.info\/d\/163604-2\/DSC00776.jpg \/><br \/>\n^ Langer seitlicher Blitz (3,2 sek ISO 200)<\/p>\n<p><img src=http:\/\/ski.inmontanis.info\/d\/163608-2\/DSC00778.jpg \/><br \/>\n^ 3,2 sek ISO 200<\/p>\n<p><img src=http:\/\/ski.inmontanis.info\/d\/163612-2\/DSC00780.jpg \/><br \/>\n^ 3,2 sek ISO 200<\/p>\n<p><img src=http:\/\/ski.inmontanis.info\/d\/163616-2\/DSC00783.jpg \/><br \/>\n^ Mehrere Blitze (5 sek ISO 200)<\/p>\n<p><img src=http:\/\/ski.inmontanis.info\/d\/163620-2\/DSC00784.jpg \/><br \/>\n^ Mit spiegelndem Lago d&#8217;Orta (5 sek ISO 200)<\/p>\n<p><img src=http:\/\/ski.inmontanis.info\/d\/163624-2\/DSC00784-2.jpg \/><br \/>\n^ .. Ausschnitt vom vorherigen Foto<\/p>\n<p><img src=http:\/\/ski.inmontanis.info\/d\/163628-2\/DSC00788.jpg \/><br \/>\n^ Mal wieder eine gr\u00f6\u00dfere Ladung (5 sek ISO 200)<\/p>\n<p><img src=http:\/\/ski.inmontanis.info\/d\/163632-2\/DSC00788-2.jpg \/><br \/>\n^ .. Ausschnitt vom vorherigen Foto. Man konnte bisher gut sehen, dass die meisten Blitze innerhalb der Wolken sind<\/p>\n<p><img src=http:\/\/ski.inmontanis.info\/d\/163636-2\/DSC00790.jpg \/><br \/>\n^ Hier geht in Bildmitte zur Abwechslung mal ein Blitz gerade runter auf die Erde (20 sek ISO 400)<\/p>\n<p><img src=http:\/\/ski.inmontanis.info\/d\/163640-2\/DSC00791.jpg \/><br \/>\n^ Die ganze Gewitterwolke mit Fisheye-Objektiv. S\u00fc\u00df ;) (20 sek ISO 1600)<\/p>\n<p><img src=http:\/\/ski.inmontanis.info\/d\/163679-2\/DSC00793.jpg \/><br \/>\n^ Mottarone-Gipfel bei Nacht<\/p>\n<p><img src=http:\/\/ski.inmontanis.info\/d\/163645-2\/DSC00802.jpg \/><br \/>\n^ Gewitterwolke mit 5 sek ISO 1600<\/p>\n<p><img src=http:\/\/ski.inmontanis.info\/d\/163649-2\/DSC00810.jpg \/><br \/>\n^ Das Gewitter scheint langsam zu enden &#8230; (30 sek ISO 1600)<\/p>\n<p><img src=http:\/\/ski.inmontanis.info\/d\/163653-2\/DSC00813.jpg \/><br \/>\n^ PB-Bergstation bei Nacht (30 sek ISO 1600)<\/p>\n<p><img src=http:\/\/ski.inmontanis.info\/d\/163675-2\/DSC00814.jpg \/><br \/>\n^ PB-Bergstation bei Nacht (30 sek ISO 800)<\/p>\n<p><img src=http:\/\/ski.inmontanis.info\/d\/163658-2\/DSC00816.jpg \/><br \/>\n^ Antennen nahe der PB-Bergstation (30 sek ISO 1600)<\/p>\n<p><img src=http:\/\/ski.inmontanis.info\/d\/163662-2\/DSC00821.jpg \/><br \/>\n^ Lago Maggiore und Po-Ebene bei Nacht (25 sek ISO 800) (23 Uhr)<\/p>\n<p>So, das muss reichen &#8211; mir ist kalt, ich will ins Bett. Vorsichtshalber heute lieber die Skisocken anziehen &#8230; ;)<\/p>\n<p><strong>So, 12.5.2013<\/strong><\/p>\n<p>Kurz nach 6 klingelte mich der Wecker an meinem Parkplatz an der PB-Bergstation aus den Federn. Nein, ich hatte heute keine Ambitionen, p\u00fcnktlich zum Sonnenaufgang auf zu stehen. Aber ein paar nette Fotos mussten nat\u00fcrlich doch noch sein ;)<\/p>\n<p>(Fotos anklicken zum Vergr\u00f6\u00dfern, soweit nicht vergr\u00f6\u00dfert gepostet.)<\/p>\n<p><img src=http:\/\/ski.inmontanis.info\/d\/163851-2\/DSC00824.jpg \/><br \/>\n^ Lago Maggiore kurz nach Sonnenaufgang (6:30 Uhr) (und Mottarone-PB)<\/p>\n<p><img src=http:\/\/ski.inmontanis.info\/d\/163855-2\/DSC00833.jpg \/><br \/>\n^ Lago Maggiore und Po-Ebene<\/p>\n<p><a href='http:\/\/ski.inmontanis.info\/d\/163859-2\/DSC00828.jpg'><img src=http:\/\/ski.inmontanis.info\/d\/163858-3\/DSC00828.jpg \/><\/a><br \/>\n^ Bergstation PB im Morgenlicht<\/p>\n<p><a href='http:\/\/ski.inmontanis.info\/d\/163863-2\/DSC00825.jpg'><img src=http:\/\/ski.inmontanis.info\/d\/163862-3\/DSC00825.jpg \/><\/a><br \/>\n^ Mottarone-Gipfel mit DSB und Sommerrodelbahn<\/p>\n<p><img src=http:\/\/ski.inmontanis.info\/d\/163867-2\/DSC08725.jpg \/><br \/>\n^ Morgendliche Po-Ebene in IR<\/p>\n<p><img src=http:\/\/ski.inmontanis.info\/d\/163871-2\/DSC00836.jpg \/><br \/>\n^ Po-Ebene<\/p>\n<p><img src=http:\/\/ski.inmontanis.info\/d\/163875-2\/DSC08727.jpg \/><br \/>\n^ Blick \u00fcber die Po-Ebene (IR)<\/p>\n<p><img src=http:\/\/ski.inmontanis.info\/d\/163879-2\/DSC08730.jpg \/><br \/>\n^ Po-Ebene und S\u00fcdalpen (IR)<\/p>\n","protected":false},"excerpt":{"rendered":"<p>Himmelfahrtskommando 9.-12.5.2013 &#8220;von der H\u00f6lle in den Himmel&#8221; Teil 3b: Sa, 11.5.2013 &#8211; Mottarone<\/p>\n<p>Nach dem Skitag in Prali &#8230;<\/p>\n<p>\u00dcbernachtet wird am Mottarone, da mir der Weg von Bielmonte f\u00fcr morgen fr\u00fch zu weit gewesen w\u00e4re. Nach kurzer Abendessenspause (hatte leider zu wenig Zeit f\u00fcr Pizzeria-Besuch) am Imbiss im Bennet-Supermarkt (und McDonalds) in Romagnano <a href=\"http:\/\/blog.inmontanis.info\/?p=2415\">[&#8230;]<\/a><\/p>\n","protected":false},"author":1,"featured_media":0,"comment_status":"open","ping_status":"closed","sticky":false,"template":"","format":"standard","meta":{"footnotes":""},"categories":[123,15,445],"tags":[124,90,100,52,45],"class_list":["post-2415","post","type-post","status-publish","format-standard","hentry","category-2013-05-hfk","category-italienitaly","category-mottarone","tag-gewitter","tag-infrarot","tag-langzeitbelichtung","tag-pb","tag-see","odd"],"_links":{"self":[{"href":"http:\/\/blog.inmontanis.info\/index.php?rest_route=\/wp\/v2\/posts\/2415","targetHints":{"allow":["GET"]}}],"collection":[{"href":"http:\/\/blog.inmontanis.info\/index.php?rest_route=\/wp\/v2\/posts"}],"about":[{"href":"http:\/\/blog.inmontanis.info\/index.php?rest_route=\/wp\/v2\/types\/post"}],"author":[{"embeddable":true,"href":"http:\/\/blog.inmontanis.info\/index.php?rest_route=\/wp\/v2\/users\/1"}],"replies":[{"embeddable":true,"href":"http:\/\/blog.inmontanis.info\/index.php?rest_route=%2Fwp%2Fv2%2Fcomments&post=2415"}],"version-history":[{"count":3,"href":"http:\/\/blog.inmontanis.info\/index.php?rest_route=\/wp\/v2\/posts\/2415\/revisions"}],"predecessor-version":[{"id":2418,"href":"http:\/\/blog.inmontanis.info\/index.php?rest_route=\/wp\/v2\/posts\/2415\/revisions\/2418"}],"wp:attachment":[{"href":"http:\/\/blog.inmontanis.info\/index.php?rest_route=%2Fwp%2Fv2%2Fmedia&parent=2415"}],"wp:term":[{"taxonomy":"category","embeddable":true,"href":"http:\/\/blog.inmontanis.info\/index.php?rest_route=%2Fwp%2Fv2%2Fcategories&post=2415"},{"taxonomy":"post_tag","embeddable":true,"href":"http:\/\/blog.inmontanis.info\/index.php?rest_route=%2Fwp%2Fv2%2Ftags&post=2415"}],"curies":[{"name":"wp","href":"https:\/\/api.w.org\/{rel}","templated":true}]}}