{"id":2411,"date":"2013-05-11T18:15:32","date_gmt":"2013-05-11T16:15:32","guid":{"rendered":"http:\/\/blog.inmontanis.info\/?p=2411"},"modified":"2023-02-12T21:01:57","modified_gmt":"2023-02-12T20:01:57","slug":"prali-10-5-2013","status":"publish","type":"post","link":"http:\/\/blog.inmontanis.info\/?p=2411","title":{"rendered":"Prali, 11.5.2013"},"content":{"rendered":"<p>Himmelfahrtskommando 9.-12.5.2013<br \/>\n&#8220;von der H\u00f6lle in den Himmel&#8221;<br \/>\n<strong>Teil 3a: Sa, 11.5.2013 &#8211; Prali<\/strong><\/p>\n<p>Morgens um kurz nach 7 Uhr lie\u00df ich mich wecken &#8211; es war doch etwas frisch! 2\u00b0 au\u00dfen und ca. 8\u00b0 innen. Unter der Schlafsackdecke ging&#8217;s aber. &#8220;Schlafsackdecke&#8221;? Ja, hab bei dieser Tour mal ausprobiert, anstatt die alte Kleidung im engen Schlafsack anzulassen, wie &#8220;normalerweise&#8221; in einem Bett einen Schlafanzug anzuziehen und den Schlafsack bis auf den Fu\u00dfteil offen zu lassen und sich damit zu zu decken, anstatt darauf zu liegen. Hat den Vorteil, dass man wesentlich mehr Freiraum hat. Nur die Kapuze hat man dann recht bl\u00f6d &#8220;oben im Gesicht&#8221; und die ganzen Pendel \/ Kordeln h\u00e4ngen einem entweder vor der Nase oder in den Nacken. Also seitw\u00e4rts in einer Richtung schlafen geht aber ganz gut, auch mit Aufsetzen der Kapuze. Aber so ganz perfekt ist das auch nicht&#8230; <\/p>\n<p>Nach 9 Uhr kam ich in Prali am Parkplatz an und kaufte mir im die Tgeskarte um 19,- \u20ac. Die Pisten waren noch eisig hart, so dass ich mir erst mal ein Panino und Brioche kaufte (4,50). Erst nach 11 firnte der Schnee langsam endlich auf, blieb daf\u00fcr aber bis zum Schluss genial zu fahren. <\/p>\n<p>Es gab sogar einige Premieren f\u00fcr mich heute!<\/p>\n<p>1. Bin ich bisher noch nie rechts &#8220;au\u00dfenrum&#8221; an der DSB gefahren. Ich wei\u00df zwar, dass im Plan eine Abfahrt bis ins Tal eingezeichnet ist. Aber man kann auch weiter oben wieder zur oberen DSB und dem SL r\u00fcberqueren. Der obere Hang firnte als erstes auf, das R\u00fcberqueren war aber recht nervig, da dieser Hang am sp\u00e4testen auffirnte und der Schnee recht ruppig gefroren war (durch alte Spuren und Regenmulden).<\/p>\n<p>2. Links vom SL hatte ich ein paar Leute und Spuren gesehen, denen ich dann nachgefahren bin. Steile Waldrinne, bzw. sogar zwei davon. War ebenfalls sehr nett!<\/p>\n<p>3. Nach einigen Fahrten am SL &#8230; &#8220;Sei Starli?&#8221; &#8211; &#8220;\u00c4h, si&#8221;. Hat mich einer meiner italienischen &#8220;Fans&#8221; anhand meiner Ski erkannt :) War mit einigen Simolimo-Usern hier. Sind uns im Laufe des Tages noch etliche Male begegnet. Na witzig!<\/p>\n<p>(Fotos anklicken zum Vergr\u00f6\u00dfern, soweit nicht vergr\u00f6\u00dfert gepostet.)<\/p>\n<p><img src=http:\/\/ski.inmontanis.info\/d\/163386-2\/ge_prali2013b.jpg \/><br \/>\n^ GPS-Track, Gelb: 2013. Rest: Vorjahre. Wie man sieht bin ich heute einige neue Varianten gefahren ;)<\/p>\n<p><img src=http:\/\/ski.inmontanis.info\/d\/163390-2\/DSC00639.jpg \/><br \/>\n^ DSB Sektion I und links die Abfahrt zum SL. War bis Mittag recht hart.<\/p>\n<p><img src=http:\/\/ski.inmontanis.info\/d\/163394-2\/DSC00640.jpg \/><br \/>\n^ SL Ciatlet<\/p>\n<p><img src=http:\/\/ski.inmontanis.info\/d\/163398-2\/DSC00641.jpg \/><br \/>\n^ DSB Bric Rond, das Gel\u00e4nde rechts (auch der nichtsichtbare Teil dahinter) war heut ganz gut fahrbar, zumindest zum Schluss.<\/p>\n<p><img src=http:\/\/ski.inmontanis.info\/d\/163402-2\/DSC00642.jpg \/><br \/>\n^ Vormittags waren zwei Abfahrten zur H\u00e4lfte f\u00fcr Trainingsmannschaften gesperrt. Hatte nicht weiter gest\u00f6rt.<\/p>\n<p><img src=http:\/\/ski.inmontanis.info\/d\/163406-2\/DSC00643.jpg \/><br \/>\n^ DSB und SL<\/p>\n<p><img src=http:\/\/ski.inmontanis.info\/d\/163410-2\/DSC00645.jpg \/><br \/>\n^ Altes Bild mit ESL im Restaurant<\/p>\n<p><img src=http:\/\/ski.inmontanis.info\/d\/163414-2\/DSC00649.jpg \/><br \/>\n^ Die Seenfl\u00e4che hinter dem Skigebiet<\/p>\n<p><img src=http:\/\/ski.inmontanis.info\/d\/163418-2\/DSC00653.jpg \/><br \/>\n^ Auf der im Plan ganz rechten Abfahrt war ich bisher auch nicht unterwegs. Ging im Laufe des Vormittags oben ganz gut &#8230;<\/p>\n<p><img src=http:\/\/ski.inmontanis.info\/d\/163422-2\/DSC00655.jpg \/><br \/>\n^ &#8230; ein St\u00fcck weiter unten, aber noch im oberen Teil ..<\/p>\n<p><img src=http:\/\/ski.inmontanis.info\/d\/163426-2\/DSC00654.jpg \/><br \/>\n^ .. und da man momentan nicht ins Tal kommt, muss man langsam r\u00fcberqueren. Leider war&#8217;s hier bis fast zum Schluss sehr hart und unruhig.<\/p>\n<p><img src=http:\/\/ski.inmontanis.info\/d\/163430-2\/DSC08698.jpg \/><br \/>\n^ Die Wolken blieben zum Gl\u00fcck hinter den Bergen :) (IR)<\/p>\n<p><img src=http:\/\/ski.inmontanis.info\/d\/163434-2\/DSC00656.jpg \/><br \/>\n^ Auf der anderen Seite, bergw\u00e4rts betrachtet ganz links vom SL. Da rechts geht&#8217;s steil bergab, man sollte also vorsichtig sein ;)<\/p>\n<p><img src=http:\/\/ski.inmontanis.info\/d\/163438-2\/DSC00658.jpg \/><br \/>\n^ &#8230; bei tollem Firn am Grat entlang ..<\/p>\n<p><img src=http:\/\/ski.inmontanis.info\/d\/163442-2\/DSC00660.jpg \/><br \/>\n^ &#8230; etwas durch den lichten Wald &#8230;<\/p>\n<p><img src=http:\/\/ski.inmontanis.info\/d\/163446-2\/DSC00661.jpg \/><br \/>\n^ &#8230; weiter am Grat entlang, hier kann man sich nun f\u00fcr die Mulde links oder die rechts entscheiden. Da einige Spuren nach rechts gingen, hab ich mich vorsichtig herangetastet&#8230;<\/p>\n<p><img src=http:\/\/ski.inmontanis.info\/d\/163450-2\/DSC00663.jpg \/><br \/>\n^ &#8230; steil, aber nicht zu steil. Dank Firn griffig und weich zu gleich, genau wie ich&#8217;s mag. Allerdings f\u00fchrten die Spuren recht weit oben wieder retour nach links&#8230;<\/p>\n<p><img src=http:\/\/ski.inmontanis.info\/d\/163493-2\/DSC00664.jpg \/><br \/>\n^ &#8230; hier der Hang von unten &#8230;<\/p>\n<p><img src=http:\/\/ski.inmontanis.info\/d\/163455-2\/DSC00665.jpg \/><br \/>\n^ &#8230; und dann r\u00fcber in die n\u00e4chste Mulde &#8230;<\/p>\n<p><img src=http:\/\/ski.inmontanis.info\/d\/163459-2\/DSC00666.jpg \/><br \/>\n^ &#8230; die ich sp\u00e4ter auch noch von oben fuhr, siehe GPS-Track &#8230;<\/p>\n<p><img src=http:\/\/ski.inmontanis.info\/d\/163463-2\/DSC00667.jpg \/><br \/>\n^ &#8230; und die richtung Tal so aussieht. Hier hat man etwa die Wahl, f\u00e4hrt man noch ein St\u00fcck oder quert man gleich r\u00fcber ..<\/p>\n<p><img src=http:\/\/ski.inmontanis.info\/d\/163467-2\/DSC00668.jpg \/><br \/>\n^ &#8230; irgendwann muss man halt mal zur SL-Talstation queren. Unter- und oberhalb der aperen Stellen war der Schnee ein sch\u00f6nes St\u00fcck weit stark einsinkgef\u00e4hrdet, man sollte also schnell durch.<\/p>\n<p><img src=http:\/\/ski.inmontanis.info\/d\/163471-2\/DSC00670.jpg \/><br \/>\n^ Nochmal am rechten Offpiste-Bereich mit Blick zur DSB Bric Rond<\/p>\n<p><img src=http:\/\/ski.inmontanis.info\/d\/163475-2\/DSC00672.jpg \/><br \/>\n^ DSB Bric Rond, die Rennfahrer links sind inzwischen verschwunden. Die Funpark-Fans hatte ich heute mehr am Arbeiten denn am Fahren gesehen.<\/p>\n<p><img src=http:\/\/ski.inmontanis.info\/d\/163497-2\/DSC00680.jpg \/><br \/>\n^ Steilhang am SL Ciatlet, ging erst am Nachmittag gut zu fahren. Jetzt, um 14:35, toller Firn. Buckel gab&#8217;s heute keine.<\/p>\n<p><img src=http:\/\/ski.inmontanis.info\/d\/163480-2\/DSC00681.jpg \/><br \/>\n^ Abfahrt am SL Ciatlet, Traumfirn nachmittags bis zum Schluss.<\/p>\n<p><img src=http:\/\/ski.inmontanis.info\/d\/163484-2\/DSC00683.jpg \/><br \/>\n^ Gipfelgrat<\/p>\n<p><a href='http:\/\/ski.inmontanis.info\/d\/163488-2\/DSC00684.jpg'><img src=http:\/\/ski.inmontanis.info\/d\/163487-3\/DSC00684.jpg \/><\/a><br \/>\n^ Schwarze Talabfahrt, da ist heute einer runter gefahren. Na hoffentlich hatte er mehr Gl\u00fcck mit seinem Belag als ich die letzten Male.<\/p>\n<p><a href='http:\/\/ski.inmontanis.info\/d\/163501-2\/DSC00687.jpg'><img src=http:\/\/ski.inmontanis.info\/d\/163500-3\/DSC00687.jpg \/><\/a><br \/>\n^ Gleich im Tal angekommen, die Wand gegen\u00fcber ist auch ziemlich imposant.<\/p>\n<p>Leider fahren die Lifte mommentan nur noch bis 15:30 Uhr, eine Sirene gab das Ende um kurz danach bekannt. Mittagessen (Penne, Wasser, Gedeck, 8,- \u20ac) war ich auch noch. <\/p>\n<p>Talabfahrt hab ich diesmal lassen, obwohl heut sogar einige frische Spuren zu sehen waren. Nein, mich hat nicht das Gelaufe unten verschreckt, aber ich bin im Mai schon 2x die Abfahrt gefahren, und jedes Mal hatte ich danach eine klebrige Schicht am Belag, die nur sehr m\u00fchselig abzukratzen war. Verharzte Nadeln oder Bl\u00fctenstaub \/ Samen, irgendsowas. Mag sein, dass das heute (weil 1-2 Wochen fr\u00fcher dran) nicht so schlimm gewesen w\u00e4re, aber ich wollte nicht riskieren, morgen mit den alten Skiern fahren zu m\u00fcssen.<\/p>\n<p>Fazit: Was bin ich froh, heut nicht nochmal nach Val Thorens gefahren zu sein :) Die Annahme, dass hier wesentlich besserer Schnee sein w\u00fcrde, hatte sich also bewahrheitet (kein Schneefall in den letzten Tagen, klare N\u00e4chte, Vorteil durch die tiefere Lage, &#8230;). <\/p>\n<p>Hab tags\u00fcber einige Male die Wetterberichte gecheckt, waren sich mal wieder nicht einig. Sonderlich toll soll&#8217;s morgen im Norden zwar nicht werden, aber der eine meldete f\u00fcr San Domenico vormittags gar nicht so \u00fcbel. Schweiz (au\u00dfer Bernina) und Frankreich fiel wetterm\u00e4\u00dfig dagegen komplett aus. OK, dann eben nochmal San Domenico, das fand ich letzten Sonntag ja absolut genial. <\/p>\n<p>\u00dcbernachtet wird am Mottarone, da mir der Weg von Bielmonte f\u00fcr morgen fr\u00fch zu weit gewesen w\u00e4re. Nach kurzer Abendessenspause (hatte leider zu wenig Zeit f\u00fcr Pizzeria-Besuch) am Imbiss im Bennet-Supermarkt (und McDonalds) in Romagnano Sesia kam ich gerade noch rechtzeitig zum Sonnenuntergang oben an. Und zu einem ganz besonderem Naturschauspiel, wodurch ich in Summe \u00fcber 2 Stunden mit fotografieren besch\u00e4ftigt war. <\/p>\n","protected":false},"excerpt":{"rendered":"<p>Himmelfahrtskommando 9.-12.5.2013 &#8220;von der H\u00f6lle in den Himmel&#8221; Teil 3a: Sa, 11.5.2013 &#8211; Prali<\/p>\n<p>Morgens um kurz nach 7 Uhr lie\u00df ich mich wecken &#8211; es war doch etwas frisch! 2\u00b0 au\u00dfen und ca. 8\u00b0 innen. Unter der Schlafsackdecke ging&#8217;s aber. &#8220;Schlafsackdecke&#8221;? Ja, hab bei dieser Tour mal ausprobiert, anstatt die alte Kleidung im engen <a href=\"http:\/\/blog.inmontanis.info\/?p=2411\">[&#8230;]<\/a><\/p>\n","protected":false},"author":1,"featured_media":0,"comment_status":"open","ping_status":"closed","sticky":false,"template":"","format":"standard","meta":{"footnotes":""},"categories":[123,15,226,27],"tags":[38,90,80,47],"class_list":["post-2411","post","type-post","status-publish","format-standard","hentry","category-2013-05-hfk","category-italienitaly","category-prali","category-skifahren-winterskiing-winter","tag-dsb","tag-infrarot","tag-marchisio","tag-sl","odd"],"_links":{"self":[{"href":"http:\/\/blog.inmontanis.info\/index.php?rest_route=\/wp\/v2\/posts\/2411","targetHints":{"allow":["GET"]}}],"collection":[{"href":"http:\/\/blog.inmontanis.info\/index.php?rest_route=\/wp\/v2\/posts"}],"about":[{"href":"http:\/\/blog.inmontanis.info\/index.php?rest_route=\/wp\/v2\/types\/post"}],"author":[{"embeddable":true,"href":"http:\/\/blog.inmontanis.info\/index.php?rest_route=\/wp\/v2\/users\/1"}],"replies":[{"embeddable":true,"href":"http:\/\/blog.inmontanis.info\/index.php?rest_route=%2Fwp%2Fv2%2Fcomments&post=2411"}],"version-history":[{"count":5,"href":"http:\/\/blog.inmontanis.info\/index.php?rest_route=\/wp\/v2\/posts\/2411\/revisions"}],"predecessor-version":[{"id":5027,"href":"http:\/\/blog.inmontanis.info\/index.php?rest_route=\/wp\/v2\/posts\/2411\/revisions\/5027"}],"wp:attachment":[{"href":"http:\/\/blog.inmontanis.info\/index.php?rest_route=%2Fwp%2Fv2%2Fmedia&parent=2411"}],"wp:term":[{"taxonomy":"category","embeddable":true,"href":"http:\/\/blog.inmontanis.info\/index.php?rest_route=%2Fwp%2Fv2%2Fcategories&post=2411"},{"taxonomy":"post_tag","embeddable":true,"href":"http:\/\/blog.inmontanis.info\/index.php?rest_route=%2Fwp%2Fv2%2Ftags&post=2411"}],"curies":[{"name":"wp","href":"https:\/\/api.w.org\/{rel}","templated":true}]}}