{"id":2407,"date":"2013-05-10T18:12:48","date_gmt":"2013-05-10T16:12:48","guid":{"rendered":"http:\/\/blog.inmontanis.info\/?p=2407"},"modified":"2023-05-07T19:48:00","modified_gmt":"2023-05-07T17:48:00","slug":"2407","status":"publish","type":"post","link":"http:\/\/blog.inmontanis.info\/?p=2407","title":{"rendered":"Val Thorens, 10.5.2013"},"content":{"rendered":"<p>Himmelfahrtskommando 9.-12.5.2013<br \/>\n&#8220;von der H\u00f6lle in den Himmel&#8221;<br \/>\nTeil 2: Fr, 10.5.2013 &#8211; Val Thorens (&#8220;ganz unten&#8221;)<\/p>\n<p>Tja, Schade, dass nichts mehr weiter im S\u00fcden offen hat &#8211; da w\u00e4re es lt. Webcams schon am Morgen sonnig gewesen :-(<\/p>\n<p><a href='http:\/\/extra.inmontanis.info\/d\/17014-2\/DSC00566.jpg'><img src=http:\/\/extra.inmontanis.info\/d\/17012-3\/DSC00566.jpg \/><\/a><br \/>\n^ N90 Albertville-Mo\u00fbtiers<\/p>\n<p>Obwohl, in Val Thorens angekommen, sah es eigentlich gar nicht sooo schlecht aus. Tageskarte um 39,60 gekauft (wie in Tignes ist die Keycard ohne Aufpreis inkludiert).<\/p>\n<p>Achtung: Am letzten Tag (dieses Jahr Sonntag, 12.5.) hat das Skigebiet Val Thorens\/Orelle nur bis 14 Uhr ge\u00f6ffnet!<\/p>\n<p>(Fotos anklicken zum Vergr\u00f6\u00dfern, soweit nich vergr\u00f6\u00dfert gepostet.)<\/p>\n<p><a href='http:\/\/ski.inmontanis.info\/d\/163244-2\/DSC00575.jpg'><img src=http:\/\/ski.inmontanis.info\/d\/163243-3\/DSC00575.jpg \/><\/a><br \/>\n^ Les Menuires<\/p>\n<p><a href='http:\/\/ski.inmontanis.info\/d\/163362-2\/DSC00576.jpg'><img src=http:\/\/ski.inmontanis.info\/d\/163361-3\/DSC00576.jpg \/><\/a><br \/>\n^ Les Menuires<\/p>\n<p><a href='http:\/\/ski.inmontanis.info\/d\/163249-2\/DSC00578.jpg'><img src=http:\/\/ski.inmontanis.info\/d\/163248-3\/DSC00578.jpg \/><\/a><br \/>\n^ Les Menuires<\/p>\n<p><a href='http:\/\/ski.inmontanis.info\/d\/163366-2\/DSC00580.jpg'><img src=http:\/\/ski.inmontanis.info\/d\/163365-3\/DSC00580.jpg \/><\/a><br \/>\n^ Val Thorens<\/p>\n<p><img src=http:\/\/ski.inmontanis.info\/d\/163254-2\/DSC00581.jpg \/><br \/>\n^ Plan und \u00d6ffnungsstatus. F\u00fcr die letzten Tage Mitte Mai ganz sch\u00f6n viel.<\/p>\n<p><img src=http:\/\/ski.inmontanis.info\/d\/163258-2\/ge-valtho2013a.jpg \/><br \/>\n^ GPS-Track (nicht alle Abfahrten gefahren) (die schwarze Caron war wg. Lawinengefahr nachmittags leider schon gesperrt..)<\/p>\n<p>Die anf\u00e4ngliche Coolheit (der Lifte) wandelte sich aber schnell zu einer starken Genervtheit &#8211; es hatte \u00fcber Nacht zuviel Neuschnee gegeben, und da es nicht aufklarte, war der Schnee von der fr\u00fch an weich und pappig. Und zwar \u00fcberall. <\/p>\n<p>An der Glacier-SB spitzte mal kurz die Sonne, sonst \u00fcberwog der Nebel. Und ab Mittag fing es im Nebel &#8211; mit Ausnahme der obersten Lifte &#8211; leicht zu nieseln an, sp\u00e4ter auch st\u00e4rker, und teilweise auch mit Eisregen oder oben dann mit Schnee. Etwas mehr Sonne gab&#8217;s nachmittags nur noch im Orelle-Teil.<\/p>\n<p>Wetter und Schnee nicht genug, nervte noch etwas anderes: Quasi jede Abfahrt hatte irgendwo ein Flachst\u00fcck, oben, unten, dazwischen, oder gar mehrere. Und bei den heutigen pappigen Verh\u00e4ltnissen hie\u00df es da jeweils: Schieben! Zum Teil ziemlich viel.<\/p>\n<p><a href='http:\/\/ski.inmontanis.info\/d\/163370-2\/DSC00582.jpg'><img src=http:\/\/ski.inmontanis.info\/d\/163369-3\/DSC00582.jpg \/><\/a><br \/>\n^ 8EUB Cairn (und Caron) haben beim Einstieg eine Besonderheit: Die Kabinen docken aneinander an, es gibt keine Zwischenr\u00e4ume!<\/p>\n<p>Vorteile: Die Kabinen fahren im Einstiegsbereich langsamer, sie k\u00f6nnen besser gef\u00fcllt werden &#8211; und keiner kann in die Zwischenr\u00e4ume st\u00fcrzen ;)<br \/>\n<a href='http:\/\/ski.inmontanis.info\/d\/163263-2\/DSC00585.jpg'><img src=http:\/\/ski.inmontanis.info\/d\/163262-3\/DSC00585.jpg \/><\/a><br \/>\n^ Leider keine Skik\u00f6cher. Aber die  harten Sitz-Abgrenzungen find ich sinnvoll und erh\u00f6hen sicherlich auch die Auslastung, da die 5 Leute gezwungen werden, sich an die Sitzplatzbreite zu halten.<\/p>\n<p><img src=http:\/\/ski.inmontanis.info\/d\/163374-2\/DSC00586.jpg \/><br \/>\n^ Gibt&#8217;s hier \u00f6fters: Double-Embarquement. Bringt das echt so viel? Am Ausstieg gibt&#8217;s das ja auch nicht &#8230; man hat also nur mehr Zeit zum Einsteigen .. (und erspart sich das F\u00f6rderband)<\/p>\n<p><img src=http:\/\/ski.inmontanis.info\/d\/163268-2\/DSC00587.jpg \/><br \/>\n^ 6KSB Plein Sud und Val Thorens<\/p>\n<p><img src=http:\/\/ski.inmontanis.info\/d\/163272-2\/DSC00589.jpg \/><br \/>\n^ Funitel Peclet<\/p>\n<p><img src=http:\/\/ski.inmontanis.info\/d\/163276-2\/DSC00590.jpg \/><br \/>\n^ Holz und Glas, mir gef\u00e4llts.<\/p>\n<p><img src=http:\/\/ski.inmontanis.info\/d\/163280-2\/DSC00593.jpg \/><br \/>\n^ 6KSB Plein Sud und 8EUB Cairn<\/p>\n<p><img src=http:\/\/ski.inmontanis.info\/d\/163284-2\/DSC00594.jpg \/>h<br \/>\n^ Das h\u00e4sstlichste Geb\u00e4ude in Val Thorens scheint dieses Parkhaus zu sein&#8230; und mit den Werbungen wird&#8217;s nicht besser&#8230;<\/p>\n<p><img src=http:\/\/ski.inmontanis.info\/d\/163288-2\/DSC00595.jpg \/><br \/>\n^ 8EUB Cairn Bergstation und 6KSB Plein Sud<\/p>\n<p><img src=http:\/\/ski.inmontanis.info\/d\/163292-2\/DSC00596.jpg \/><br \/>\n^ Val Thorens, Funitel Peclet und KSB Cascades<\/p>\n<p><a href='http:\/\/ski.inmontanis.info\/d\/163296-2\/DSC00597.jpg'><img src=http:\/\/ski.inmontanis.info\/d\/163295-3\/DSC00597.jpg \/><\/a><br \/>\n^ 6KSB Cascades und Funitel Peclet.<\/p>\n<p><img src=http:\/\/ski.inmontanis.info\/d\/163300-2\/DSC00599.jpg \/><br \/>\n^ Cascades, Roc, Peclet, Stades<\/p>\n<p><img src=http:\/\/ski.inmontanis.info\/d\/163304-2\/DSC00601.jpg \/><br \/>\n^ Kurioser Kurven-SL Stades. Man nehme KSSL-Teller, s\u00e4ge sie ab und h\u00e4nge sie an ein Einzugsseil &#8230; dazu noch schr\u00e4ge KSSL-St\u00fctzenrohre &#8230;<\/p>\n<p><img src=http:\/\/ski.inmontanis.info\/d\/163378-2\/DSC00603.jpg \/><br \/>\n^ Oh, etwas Sonne an der Bergstation Peclet. <\/p>\n<p><a href='http:\/\/ski.inmontanis.info\/d\/163309-2\/DSC00605.jpg'><img src=http:\/\/ski.inmontanis.info\/d\/163308-3\/DSC00605.jpg \/><\/a><br \/>\n^ 3SB Glacier. Hinten beispielhaft eine der vielen Flachst\u00fccke im Gebiet, wo man heute nur schieben konnte.<\/p>\n<p><a href='http:\/\/ski.inmontanis.info\/d\/163313-2\/DSC00606.jpg'><img src=http:\/\/ski.inmontanis.info\/d\/163312-3\/DSC00606.jpg \/><\/a><br \/>\n^ 3SB Glacier, krasser Bodenabstand<\/p>\n<p><a href='http:\/\/ski.inmontanis.info\/d\/163317-2\/DSC00608.jpg'><img src=http:\/\/ski.inmontanis.info\/d\/163316-3\/DSC00608.jpg \/><\/a><br \/>\n^ Gipfel-Blick von der Bergstation 3SB Glacier, fr\u00fcher gab&#8217;s hier Sommerski &#8230;<\/p>\n<p><img src=http:\/\/ski.inmontanis.info\/d\/163321-2\/DSC00610.jpg \/><br \/>\n^ Abfahrt 3SB Glacier<\/p>\n<p><img src=http:\/\/ski.inmontanis.info\/d\/163325-2\/DSC00612.jpg \/><br \/>\n^ 3SB Glacier<\/p>\n<p><a href='http:\/\/ski.inmontanis.info\/d\/163329-2\/DSC00614.jpg'><img src=http:\/\/ski.inmontanis.info\/d\/163328-3\/DSC00614.jpg \/><\/a><br \/>\n^ Kurzes Pendelfunitel Thorens<\/p>\n<p><a href='http:\/\/ski.inmontanis.info\/d\/163333-2\/DSC00615.jpg'><img src=http:\/\/ski.inmontanis.info\/d\/163332-3\/DSC00615.jpg \/><\/a><br \/>\n^ Kurzes Pendelfunitel Thorens<\/p>\n<p><a href='http:\/\/ski.inmontanis.info\/d\/163337-2\/DSC00617.jpg'><img src=http:\/\/ski.inmontanis.info\/d\/163336-3\/DSC00617.jpg \/><\/a><br \/>\n^ 6KSB Moutiere<\/p>\n<p><a href='http:\/\/ski.inmontanis.info\/d\/163341-2\/DSC00619.jpg'><img src=http:\/\/ski.inmontanis.info\/d\/163340-3\/DSC00619.jpg \/><\/a><br \/>\n^ Orelle-Sektor an der Abfahrt zur KSB Rosael<\/p>\n<p><img src=http:\/\/ski.inmontanis.info\/d\/163345-2\/DSC00620.jpg \/><br \/>\n^ 6KSB Rosael<\/p>\n<p><a href='http:\/\/ski.inmontanis.info\/d\/163349-2\/DSC00621.jpg'><img src=http:\/\/ski.inmontanis.info\/d\/163348-3\/DSC00621.jpg \/><\/a><br \/>\n^ 4SB Peyron<\/p>\n<p><img src=http:\/\/ski.inmontanis.info\/d\/163353-2\/DSC00623.jpg \/><br \/>\n^ 4SB Peyron und anschlie\u00dfend 4SB Bouchet. In Summe viel zu lang f\u00fcr zwei lahme fixe 4SBs.<\/p>\n<p><a href='http:\/\/ski.inmontanis.info\/d\/163357-2\/DSC00625.jpg'><img src=http:\/\/ski.inmontanis.info\/d\/163356-3\/DSC00625.jpg \/><\/a><br \/>\n^ Funitel Grand Fond. Wohl die h\u00e4sslichsten Kabinen, die ich je gesehen hab.<\/p>\n<p><a href='http:\/\/ski.inmontanis.info\/d\/163382-2\/DSC00624.jpg'><img src=http:\/\/ski.inmontanis.info\/d\/163381-3\/DSC00624.jpg \/><\/a><br \/>\n^ Funitel Grand Fond<\/p>\n<p>In Summe hat mich alles nur noch genervt, und ich muss den Tag als schlechtesten Tag der ganzen Saison verbuchen. Alles au\u00dfer hier und heute Ski zu fahren w\u00e4re sinnvoller gewesen. Und \u00fcberhaupt am sinnvollsten w\u00e4re gewesen, wenn ich gestern hier gewesen w\u00e4re. Und \u00fcberhaupt fand ich das Skigebiet arg langweilig, haupts\u00e4chlich eben wegen der Pisten, denn gesehen hab ich ja nicht viel. Mag mir gar nicht vorstellen, wie das hier in der Hochsaison ist, mit den ganzen Menschenbaggern.<\/p>\n<p>Ob ich jemals nochmal nach Val Thorens komme? Oder in die restlichen 3V? Wohl kaum. Nach dem heutigen Besuch hab ich noch weniger Lust darauf.<\/p>\n<p>Ich hatte auch keinerlei Ambitionen, irgendeine Abfahrt morgen noch mal fahren zu wollen. Zumal es vmtl. eh keine besseren Schneeverh\u00e4ltnisse geben wird, da es nachmittags ja st\u00e4rker geregnet \/ geschneit hatte und sowohl die Nacht wie auch morgen einige Wetterberichte weiterhin etliche Wolken meldeten. Also abermals schlechter Schnee und viel Schieben? Nein Danke. Dann fahr ich lieber 2 Tage Prali.<\/p>\n<p>2 Tage? Nun, als mir die PB Cime Caron vor der Nase weg fuhr, sah ich das Schild &#8220;gratis WIFI&#8221; &#8211; also checkte ich kurz die Wetterberichte ab. Prali Sa+So sonnig, aber wenn ich Prali am Samstag fahr, k\u00f6nnte man ja Sonntags noch wo anders hin. Livigno? San Domenico? Schweiz? Frankreich? Nun, im Prinzip \u00fcberall recht schlecht&#8230; aber dann trotzdem lieber 2x Prali mit geilem Schnee als nochmal Val Thorens mit diesem Schnee.<\/p>\n<p>Um 16:30 hab ich&#8217;s &#8211; ziemlich durchn\u00e4sst &#8211; gelassen und fuhr wieder nach Albertville. Kurz vorher einen Besuch am Super-U, und in Albertville am G\u00e9ant Casino. Nicht viel eingekauft (und eh nicht alles bekommen), aber trotzdem jeweils 50,- \u20ac abgedr\u00fcckt. Zum Essen ging&#8217;s diesmal nicht in den Buffallo, sondern in die Pataterie, die ich letztes Jahr auch ganz nett fand &#8211; und die nicht ganz so zahlreich auf meinen Wegen liegt wie der Buffallo.<\/p>\n<p>Hatte mich f\u00fcr eine Ofenkartoffel \u00e0 la Flammkuchen um 13,50 \u20ac entschieden. Teuer? Naja, in dem Fall passte das schon: Riesige Kartoffel mit Speck-Zwiebel-Rahm-Wurst-Sauce, Salat, Brezel (etwas z\u00e4h), Semmel &#8211; also ich war pappsatt. Wasser in der Karaffe gibt&#8217;s auch kostenlos, und als Nachspeise hab ich noch ein Profiterole um 2,- \u20ac gegessen. Wie auch letztes Jahr gab&#8217;s mit der Rechnung noch eine kleine Holzschachtel mit Marshmallows als Geschenk. <\/p>\n<p><img src=http:\/\/extra.inmontanis.info\/d\/17018-2\/IMG_0400.jpg \/><br \/>\n^ Ofenkartoffel (Pataterie)<\/p>\n<p>Immerhin, kulinarisch (Einkaufen + Abendessen) hat sich der Tag gelohnt ;-)<\/p>\n<p>Weiter ging&#8217;s &#8211; abseits der mautpflichtigen Autobahn, hatte ja Zeit &#8211; in die Maurienne und \u00fcber den seit dieser Woche ge\u00f6ffneten Mont Cenis &#8211; Pass nach Susa und weiter bis kurz vor Sestriere, wo ich an einem Platz neben der Stra\u00dfe &#8211; wie schon mal &#8211; \u00fcbernachtete.<\/p>\n","protected":false},"excerpt":{"rendered":"<p>Himmelfahrtskommando 9.-12.5.2013 &#8220;von der H\u00f6lle in den Himmel&#8221; Teil 2: Fr, 10.5.2013 &#8211; Val Thorens (&#8220;ganz unten&#8221;)<\/p>\n<p>Tja, Schade, dass nichts mehr weiter im S\u00fcden offen hat &#8211; da w\u00e4re es lt. Webcams schon am Morgen sonnig gewesen :-(<\/p>\n<p> ^ N90 Albertville-Mo\u00fbtiers<\/p>\n<p>Obwohl, in Val Thorens angekommen, sah es eigentlich gar nicht sooo schlecht <a href=\"http:\/\/blog.inmontanis.info\/?p=2407\">[&#8230;]<\/a><\/p>\n","protected":false},"author":1,"featured_media":0,"comment_status":"open","ping_status":"closed","sticky":false,"template":"","format":"standard","meta":{"footnotes":""},"categories":[123,16,27,244],"tags":[55,49,56,53,51,47],"class_list":["post-2407","post","type-post","status-publish","format-standard","hentry","category-2013-05-hfk","category-france","category-skifahren-winterskiing-winter","category-trois-vallees","tag-3sb","tag-4sb","tag-6sb","tag-8eub","tag-architektur","tag-sl","odd"],"_links":{"self":[{"href":"http:\/\/blog.inmontanis.info\/index.php?rest_route=\/wp\/v2\/posts\/2407","targetHints":{"allow":["GET"]}}],"collection":[{"href":"http:\/\/blog.inmontanis.info\/index.php?rest_route=\/wp\/v2\/posts"}],"about":[{"href":"http:\/\/blog.inmontanis.info\/index.php?rest_route=\/wp\/v2\/types\/post"}],"author":[{"embeddable":true,"href":"http:\/\/blog.inmontanis.info\/index.php?rest_route=\/wp\/v2\/users\/1"}],"replies":[{"embeddable":true,"href":"http:\/\/blog.inmontanis.info\/index.php?rest_route=%2Fwp%2Fv2%2Fcomments&post=2407"}],"version-history":[{"count":4,"href":"http:\/\/blog.inmontanis.info\/index.php?rest_route=\/wp\/v2\/posts\/2407\/revisions"}],"predecessor-version":[{"id":8792,"href":"http:\/\/blog.inmontanis.info\/index.php?rest_route=\/wp\/v2\/posts\/2407\/revisions\/8792"}],"wp:attachment":[{"href":"http:\/\/blog.inmontanis.info\/index.php?rest_route=%2Fwp%2Fv2%2Fmedia&parent=2407"}],"wp:term":[{"taxonomy":"category","embeddable":true,"href":"http:\/\/blog.inmontanis.info\/index.php?rest_route=%2Fwp%2Fv2%2Fcategories&post=2407"},{"taxonomy":"post_tag","embeddable":true,"href":"http:\/\/blog.inmontanis.info\/index.php?rest_route=%2Fwp%2Fv2%2Ftags&post=2407"}],"curies":[{"name":"wp","href":"https:\/\/api.w.org\/{rel}","templated":true}]}}