{"id":2404,"date":"2013-05-09T18:09:56","date_gmt":"2013-05-09T16:09:56","guid":{"rendered":"http:\/\/blog.inmontanis.info\/?p=2404"},"modified":"2023-07-31T18:16:20","modified_gmt":"2023-07-31T16:16:20","slug":"tignes-9-5-2013","status":"publish","type":"post","link":"http:\/\/blog.inmontanis.info\/?p=2404","title":{"rendered":"Tignes, 9.5.2013"},"content":{"rendered":"<p>Himmelfahrtskommando 9.-12.5.2013<br \/>\n&#8220;von der H\u00f6lle in den Himmel&#8221;<br \/>\nTeil 1: Do, 9.5.2013 &#8211; Tignes<\/p>\n<p><strong>(Vorabend, 8.5.2013)<\/strong><\/p>\n<p>&#8220;Eigentlich wollte ich ja &#8230;&#8221; letzte Woche nach Frankreich. F\u00fcr 5 Tage bis oder ab 1.5., vorzugsweise ersteres, denn dann w\u00e4ren noch ein paar mehr Skigebiete und auch mehr Lifte ge\u00f6ffnet gewesen.<\/p>\n<p>Die Wetterberichte waren mir aber jeweils zu unsicher. Eigentlich war es nun f\u00fcr die 4 Tage \u00fcber Himmelfahrt nicht viel anders, aber zumindest f\u00fcr das WE war Sonne gemeldet, und f\u00fcr Donnerstag und Freitg &#8211; je nachdem, welchen Wetterbericht man glauben schenken wollte. <\/p>\n<p>Als die Wetterberichte f\u00fcr Freitag doch einigerma\u00dfen brauchbares Wetter versprachen und auch der Donnerstag in Tignes ein paar Sonnenstrahlen erhoffen lie\u00dfen (Chamonix sollte schlechter sein), hab ich mich halt entschlossen, es doch zu probieren. Ist ja die letzte M\u00f6glichkeit, zumindest was die franz\u00f6sischen Gebiete angeht, hier ist ab 12.5. Ende. <\/p>\n<p>Wie also bereits gesagt, ging&#8217;s wetterbedingt (und auch von den ge\u00f6ffneten Liften her) am Donnerstag nach Tignes.<\/p>\n<p>Leider kam ich erst gegen 20 Uhr weg, was bei ca. 8 Stunden Fahrzeit (\u00fcber die Schweiz) nicht viel Schlaf versprechen lie\u00df. Immerhin ist Tignes erst ab 9:15 offen, da st\u00f6rt&#8217;s nicht, wenn ich erst gegen 9:30\/10 Uhr komme. Um kurz nach 23 Uhr ging ich an einem Rastplatz an der Schweizer Autobahn ins Bett und stellte mir den Wecker auf 3:20 Uhr, also kaum l\u00e4nger als 4 Stunden Schlaf, die noch dazu sehr unruhig verliefen.<\/p>\n<p><strong>9.5.2013<\/strong><\/p>\n<p>Immerhin kam ich problemlos aus dem Bett, die Stra\u00dfen in der fr\u00fch und dank Feiertag problemlos, ging es \u00fcber und durch Annecy nach Albertville und weiter nach Tignes.<\/p>\n<p>(Fotos anklicken zum Vergr\u00f6\u00dfern, soweit nicht vergr\u00f6\u00dfert gepostet.)<\/p>\n<p><a href='http:\/\/extra.inmontanis.info\/d\/17006-2\/DSC00486.jpg'><img src=http:\/\/extra.inmontanis.info\/d\/17004-3\/DSC00486.jpg \/><\/a><br \/>\n^ Lac d&#8217;Annecy<\/p>\n<p><a href='http:\/\/extra.inmontanis.info\/d\/17010-2\/DSC00495.jpg'><img src=http:\/\/extra.inmontanis.info\/d\/17008-3\/DSC00495.jpg \/><\/a><br \/>\n^ Auf der N90 ein paar km vor Aime<\/p>\n<p><a href='http:\/\/ski.inmontanis.info\/d\/163148-2\/DSC00509.jpg'><img src=http:\/\/ski.inmontanis.info\/d\/163147-3\/DSC00509.jpg \/><\/a><br \/>\n^ Tignes Val Claret. Wenn man bisher nur im Sommer hier war, ist man es gar nicht gewohnt, den See gefroren zu sehen ;-)<\/p>\n<p>In dieser (letzten) Woche hat Tignes nur noch den Gletscherbereich mit 5 Liften offen. SSB plus parallel dazu KSB Lanches und Vanoise, dazu 4SB Leisse und die Grande Motte PB. Abfahrten bis ins Tal waren offen.<\/p>\n<p>Leider war der Schnee tief durchn\u00e4sst und es konnte nachts wg. der Bew\u00f6lkung nicht gefrieren. So war es bereits fr\u00fch auf vielen Abfahrten sehr weich. Entt\u00e4uscht war ich von den blauen Au\u00dfenrum-Talabfahrten (G\u00e9n\u00e9py usw.), die auf weiter Strecke nicht nur sehr flach waren, sondern beim heutigen Schnee auch etliche Schiebest\u00fccke hatten. <\/p>\n<p>\u00dcberhaupt gibt&#8217;s zu dieser Jahreszeit in dieser Ecke kaum eine Piste, wo man nicht schieben muss. Am Ausstieg SSB\/Vanoise\/Leisse in allen Richtungen, an der PB-Bergstation der Aufstieg zur Abfahrt (noch mehr als im Sommer), an den PB-Abfahrten richtung Vanoise (H\u00f6he 3SB, sowie die beiden Flachteile auf beiden Pisten) &#8230;<\/p>\n<p>Wetterm\u00e4\u00dfig war&#8217;s ein Mix aus Wolken, Nebel, Schneefall und etwas Sonne &#8211; h\u00e4tte mich nicht weiter gest\u00f6rt, weil ich ja schon \u00f6fters in Tignes war und man das Wetter vom heurigen Winter ja gewohnt ist. <\/p>\n<p>Wollte mittags Essen gehen und bin erst in die SB-mit-Pizzeria an der Talstation der Lanches-KSB rein. Pizza gab&#8217;s gar keine mehr, nur mehr Spaghetti um 13,- und Penne um 12,50 (sowie Salat) &#8211; mageres Angebot, daf\u00fcr, dass bis Sonntag noch Skibetrieb ist? Auf die teuren Spaghetti hab ich verzichtet und hab&#8217;s oben an der SSB-Bergstation probiert.<\/p>\n<p>Dort war das Restaurant quasi komplett zu, nur noch die Au\u00dfenbar mit Snacks hatte offen. Also Sandwich 7,-, Crepes und Waffeln, Pommes usw. &#8211; allerdings fing&#8217;s gerade wieder zu schneien an, die Leute st\u00fcrmten die 2-3 Tische, die im Inneren noch offen waren, und ich hab au\u00dferdem nicht gecheckt, an welcher Seite man sich denn nun anstellen sollte. Kurz gesagt, es war mir mal wieder zu bl\u00f6d, bei dem mageren Preis\/Leistungsverh\u00e4ltnis meine Euros auszugeben und hab gar nichts gegessen. <\/p>\n<p><img src=http:\/\/ski.inmontanis.info\/d\/163152-2\/ge_tignes201305a.jpg \/><br \/>\n^ GPS-Track 9.5.2013<\/p>\n<p><img src=http:\/\/ski.inmontanis.info\/d\/163156-2\/DSC00517.jpg \/><br \/>\n^ 4KSB Les Lanches.<\/p>\n<p><a href='http:\/\/ski.inmontanis.info\/d\/163160-2\/DSC00518.jpg'><img src=http:\/\/ski.inmontanis.info\/d\/163159-3\/DSC00518.jpg \/><\/a><br \/>\n^ Blick zur noch ge\u00f6ffneten Talabfahrt Genepy-Prariond<\/p>\n<p><img src=http:\/\/ski.inmontanis.info\/d\/163164-2\/DSC00519.jpg \/><br \/>\n^ Offpistevariante zwischen Descente-Abfahrt \/ Gletscherzunge und KSB Les Lanches. Sah nett aus, musste ich nat\u00fcrlich probieren :) Der Schnee offpiste war zwar auch weich, blieb aber gr\u00f6\u00dftenteils noch stabil, was die Einsinkgefahr anging.<\/p>\n<p><img src=http:\/\/ski.inmontanis.info\/d\/163168-2\/DSC00520.jpg \/><br \/>\n^ 4KSB Vanoise. War ziemlich was los heute hier.<\/p>\n<p><img src=http:\/\/ski.inmontanis.info\/d\/163172-2\/DSC00521.jpg \/><br \/>\n^ PB Grande Motte und Gletscher-SL Champagny und Rosolin (SL nur im Sommer ge\u00f6ffnet)<\/p>\n<p><img src=http:\/\/ski.inmontanis.info\/d\/163176-2\/DSC00522.jpg \/><br \/>\n^ Descente-Abfahrt kreuzt SL Rosolin<\/p>\n<p><img src=http:\/\/ski.inmontanis.info\/d\/163180-2\/DSC00524.jpg \/><br \/>\n^ Offpistevariante zwischen Descente-Abfahrt \/ Gletscherzunge und KSB Les Lanches, hier einer der Eing\u00e4nge &#8230;<\/p>\n<p><img src=http:\/\/ski.inmontanis.info\/d\/163184-2\/DSC00527.jpg \/><br \/>\n^ &#8230; ziemlich steil hier ..<\/p>\n<p><img src=http:\/\/ski.inmontanis.info\/d\/163188-2\/DSC00525.jpg \/><br \/>\n^ .. dann geht&#8217;s durch diese flache Mulde ..<\/p>\n<p><img src=http:\/\/ski.inmontanis.info\/d\/163192-2\/DSC00528.jpg \/><br \/>\n^ .. bevor es wieder steiler wird ..<\/p>\n<p><img src=http:\/\/ski.inmontanis.info\/d\/163196-2\/DSC00529.jpg \/><br \/>\n^ Blick zur 4KSB Les Lanches<\/p>\n<p><img src=http:\/\/ski.inmontanis.info\/d\/163200-2\/DSC00530.jpg \/><br \/>\n^ R\u00fcckblick zum unteren Steilhang der besagten Offpiste-Strecke. Nachmittags wurden hier noch F\u00e4hnchen ausgesteckt &#8230;<\/p>\n<p><img src=http:\/\/ski.inmontanis.info\/d\/163204-2\/DSC00533.jpg \/><br \/>\n^ 4KSB Les Lanches im oberen Teil, links zu sehen die ehemalige EUB-Trasse<\/p>\n<p><a href='http:\/\/ski.inmontanis.info\/d\/163208-2\/DSC00535.jpg'><img src=http:\/\/ski.inmontanis.info\/d\/163207-3\/DSC00535.jpg \/><\/a><br \/>\n^ Ehemalige 4EUB-Trasse<\/p>\n<p><img src=http:\/\/ski.inmontanis.info\/d\/163212-2\/DSC00536.jpg \/><br \/>\n^ Abfahrten G\u00e9n\u00e9py und Cairn, nur wenige interessante H\u00e4nge, der Rest ist alles flacher Weg.<\/p>\n<p><img src=http:\/\/ski.inmontanis.info\/d\/163216-2\/DSC00539.jpg \/><br \/>\n^ Flach, flacher, Genepy. Und bei dem pappigen Schnee heute: viel Schieben!<\/p>\n<p><img src=http:\/\/ski.inmontanis.info\/d\/163220-2\/DSC00540.jpg \/><br \/>\n^ Genepy. So flach geht&#8217;s bis zur sichtbaren KSB Fresse weiter &#8230;<\/p>\n<p><img src=http:\/\/ski.inmontanis.info\/d\/163224-2\/DSC00541.jpg \/><br \/>\n^ Genepy quert KSB Fresse, als ob das Schieben nicht schon genug w\u00e4re, da geht&#8217;s auch noch ein St\u00fcck bergauf ..<\/p>\n<p><img src=http:\/\/ski.inmontanis.info\/d\/163228-2\/DSC00544.jpg \/><br \/>\n^ Im unteren Bereich hei\u00dft die Abfahrt Prariond, Blick zur Station Val Claret bzw. zu den H\u00e4ngen gegen\u00fcber, leider schon zu.<\/p>\n<p><img src=http:\/\/ski.inmontanis.info\/d\/163232-2\/DSC00549.jpg \/><br \/>\n^ 4KSB Les Lanches, rechts der Offpiste-Teil, den ich vorhin fuhr<\/p>\n<p><img src=http:\/\/ski.inmontanis.info\/d\/163236-2\/DSC00550.jpg \/><br \/>\n^ SL 3500, im Winter zu tief eingeschneit, daher nur im Sommer ge\u00f6ffnet.<\/p>\n<p><img src=http:\/\/ski.inmontanis.info\/d\/163240-2\/DSC00551.jpg \/><br \/>\n^ Gletscherbereich von der 4SB Leisse aus<\/p>\n<p>Gegen 16:00 hab ich aufgeh\u00f6rt (die Lifte fuhren bis 16:30). Leider war der Tag also in keinster Weise mit den genialen Verh\u00e4ltnissen des letzten WE zu vergleichen. Ob sich der Ausflug heute gelohnt hat, wird sich morgen zeigen, denn da will ich nach Val Thorens. Ist Wetter und Schnee auch nicht besser, h\u00e4tte ich auf den Urlaubstag verzichten k\u00f6nnen und somit auch auf Tignes heute &#8220;am Weg&#8221;. <\/p>\n<p>Den aktuellen Wetterberichten nach wurde ich wohl mal wieder verarscht. Gestern hie\u00df es noch, am Freitag w\u00fcrde der bessere Tag werden. Nun, den Webcams und heutigen Wettberichten nach zu urteilen, w\u00e4re es heute in Val Thorens besser gewesen als in Tignes UND morgen wird&#8217;s so richtig schlecht, gar keine Chance auf Sonne. Bin begeistert. Dann h\u00e4tte ich auf Tignes heute verzichtet! Nerv.<\/p>\n<p>In Albertville hab ich mich im bekannten Ibis Budget einquartiert, 41,- plus 5,95 Fr\u00fchst\u00fcck, da ich eine Dusche brauch. Die n\u00e4chsten N\u00e4chte wird dann wieder im Auto geschlafen. Danach &#8220;nat\u00fcrlich&#8221; noch zum Buffallo Grill, diesmal erstmals eine komplette Portion Spare Ribs &#8211; waren mir aber leider zu fleischig-weich (ich mag&#8217;s lieber fest gegrillt mit wenig Fleisch zwischen den Ripperln). <\/p>\n","protected":false},"excerpt":{"rendered":"<p>Himmelfahrtskommando 9.-12.5.2013 &#8220;von der H\u00f6lle in den Himmel&#8221; Teil 1: Do, 9.5.2013 &#8211; Tignes<\/p>\n<p>(Vorabend, 8.5.2013)<\/p>\n<p>&#8220;Eigentlich wollte ich ja &#8230;&#8221; letzte Woche nach Frankreich. F\u00fcr 5 Tage bis oder ab 1.5., vorzugsweise ersteres, denn dann w\u00e4ren noch ein paar mehr Skigebiete und auch mehr Lifte ge\u00f6ffnet gewesen.<\/p>\n<p>Die Wetterberichte waren mir aber jeweils zu <a href=\"http:\/\/blog.inmontanis.info\/?p=2404\">[&#8230;]<\/a><\/p>\n","protected":false},"author":1,"featured_media":0,"comment_status":"open","ping_status":"closed","sticky":false,"template":"","format":"standard","meta":{"footnotes":""},"categories":[123,16,27,339],"tags":[49,47],"class_list":["post-2404","post","type-post","status-publish","format-standard","hentry","category-2013-05-hfk","category-france","category-skifahren-winterskiing-winter","category-tignes","tag-4sb","tag-sl","odd"],"_links":{"self":[{"href":"http:\/\/blog.inmontanis.info\/index.php?rest_route=\/wp\/v2\/posts\/2404","targetHints":{"allow":["GET"]}}],"collection":[{"href":"http:\/\/blog.inmontanis.info\/index.php?rest_route=\/wp\/v2\/posts"}],"about":[{"href":"http:\/\/blog.inmontanis.info\/index.php?rest_route=\/wp\/v2\/types\/post"}],"author":[{"embeddable":true,"href":"http:\/\/blog.inmontanis.info\/index.php?rest_route=\/wp\/v2\/users\/1"}],"replies":[{"embeddable":true,"href":"http:\/\/blog.inmontanis.info\/index.php?rest_route=%2Fwp%2Fv2%2Fcomments&post=2404"}],"version-history":[{"count":2,"href":"http:\/\/blog.inmontanis.info\/index.php?rest_route=\/wp\/v2\/posts\/2404\/revisions"}],"predecessor-version":[{"id":2406,"href":"http:\/\/blog.inmontanis.info\/index.php?rest_route=\/wp\/v2\/posts\/2404\/revisions\/2406"}],"wp:attachment":[{"href":"http:\/\/blog.inmontanis.info\/index.php?rest_route=%2Fwp%2Fv2%2Fmedia&parent=2404"}],"wp:term":[{"taxonomy":"category","embeddable":true,"href":"http:\/\/blog.inmontanis.info\/index.php?rest_route=%2Fwp%2Fv2%2Fcategories&post=2404"},{"taxonomy":"post_tag","embeddable":true,"href":"http:\/\/blog.inmontanis.info\/index.php?rest_route=%2Fwp%2Fv2%2Ftags&post=2404"}],"curies":[{"name":"wp","href":"https:\/\/api.w.org\/{rel}","templated":true}]}}