{"id":2393,"date":"2013-05-01T23:15:40","date_gmt":"2013-05-01T21:15:40","guid":{"rendered":"http:\/\/blog.inmontanis.info\/?p=2393"},"modified":"2023-08-06T11:04:13","modified_gmt":"2023-08-06T09:04:13","slug":"stubaier-gletscher-28-4-1-5-2013","status":"publish","type":"post","link":"http:\/\/blog.inmontanis.info\/?p=2393","title":{"rendered":"Stubaier Gletscher 28.4.+1.5.2013"},"content":{"rendered":"<p><strong>28.4.2013<\/strong><br \/>\nJa, wer heute nicht am Stubaier war, hat echt viel verpasst!<\/p>\n<p>Sonne, Wolken, Nebel, Schneefall &#8230;<br \/>\nEisige Pisten, unpr\u00e4parierte Neuschneepisten, Sulz, und ganz viel Pappschnee &#8230;<br \/>\nLeute, die einen fast \u00fcber den Haufen fahren, Freerider, die einen auf 0,2 Sekunden schneiden und einem mit ihren aufgebogenen Twin-Tips den Schnee ins Gesicht schleudern, Leute, die beim Aussteigen aus der Gondel die Skier schultern ohne aufzupassen (waren ja noch 5cm vor meiner Nase Puffer, das reicht ja) &#8230;<\/p>\n<p>G\u00e4nzlich abraten muss ich vor der Befahrung der Talabfahrt, der Weg wurde (wie wohl jedes Jahr) schon auf kompletter L\u00e4nge extrem a-loch-m\u00e4\u00dfig ger\u00e4umt, damit 5 Leutchen im Mai zwei Wochen fr\u00fcher zu Fu\u00df rauf gehen k\u00f6nnen. Wen interessieren schon die hunderte Skifahrer (und Tourengeher), die zwischen Mitte April und Mitte Mai hier gerne fahren w\u00fcrden &#8230; (nebenbei war der Tiefschnee extrem nass \/ weich und einsinkgef\u00e4hrdet, klar, die pr\u00e4parierte Abfahrt war ja gr\u00f6\u00dftenteils nicht mehr zu fahren, das Grundproblem waren halt die vielen Kreuzungen des Weges, und der teils meterhohen W\u00e4nde, wodurch man den freiger\u00e4umten Weg eben nicht \u00fcberall queren konnte..)<\/p>\n<p><img src=http:\/\/ski.inmontanis.info\/d\/162432-2\/DSC00048.jpg \/><\/p>\n<p><img src=http:\/\/ski.inmontanis.info\/d\/162436-2\/DSC08666.jpg \/><\/p>\n<p><img src=http:\/\/ski.inmontanis.info\/d\/162440-2\/DSC00054.jpg \/><\/p>\n<p>Kurzum &#8211; ein perfekter Tag<\/p>\n<p>&#8230; f\u00fcr die Tonne<\/p>\n<p>&#8212;-<\/p>\n<p><strong>1.5.2013<\/strong><\/p>\n<p>Schneem\u00e4\u00dfig war&#8217;s nicht viel besser heute, wobei es keine eisglatten Stellen gab und der Schnee gr\u00f6\u00dftenteils gleichm\u00e4\u00dfig bremsig war (bis auf die Flachst\u00fccke, da war&#8217;s auch noch stockig. Also z.B. Fernau-Sessel ohne in den Flachteilen der beiden Pisten zu schieben, ging heute ab dem sp\u00e4teren Vormittag nicht mehr.)<\/p>\n<p>Irgendwie war&#8217;s heut aber doch besser, weil spannender: Schaff ich den Lift noch, bevor er wg. Sturm eingestellt wird? Werd ich noch heil an der Bergstation ankommen oder gibt&#8217;s ein Ungl\u00fcck?<\/p>\n<p>DSB Wildspitz war heut generell zu. DSB Pfaffengrat ging vormittags ein paar Stunden (sehr langsam). Vor 12 Uhr wurde Schaufeljoch- und Eisjochbahn eingestellt. Fernaubahn fuhr sehr langsam. Rotadl fuhr auch langsam, durch die eingestellte Eisjochbahn war&#8217;s ziemlich voll, bin ich heute gar nicht gefahren. Was insofern recht interessant war, da ich an der Murmelebahn oben war und dann zum leersten Lift wollte: Windach. Und das hie\u00df heute -> die inzwischen wg. Schneemangels gesperrte aber noch sehr gut zu fahrende Abfahrt zur Mittelstation -> Eisgratbahn -> ab zur Fernaubahn -> die zockelnde, schauckelnde Fernaubahn rauf -> r\u00fcber \u00fcber Pfaffengrat schieben, zum Gai\u00dfkar runter fahren (und unten durch Stockschnee schieben) -> mit dem Gai\u00dfkar-SL rauf und dann endlich am Windachferner den Lift f\u00fcr mich alleine gehabt :) Leider war&#8217;s mittlerweile neblig. Und sehr st\u00fcrmisch da oben. Naja.<\/p>\n<p>Ab ca. 15 Uhr hat&#8217;s noch stark zu regnen angefangen, da hab ich&#8217;s dann gelassen&#8230;<\/p>\n<p>In der &#8220;Schaukeljochbahn&#8221; war ich kurz vor Betriebseinstellung und hab ein kurzes Filmchen der Schaukelei gemacht, fand ich schon ziemlich grenzwertig:<\/p>\n<p><object style=\"height: 500px; width: 900px\"><param name=\"movie\" value=\"http:\/\/www.youtube.com\/v\/pOtiuBu96HE\"><\/param><param name=\"wmode\" value=\"transparent\"><\/param><embed src=\"http:\/\/www.youtube.com\/v\/pOtiuBu96HE\" type=\"application\/x-shockwave-flash\" wmode=\"transparent\"  width=\"900\" height=\"480\"><\/embed><\/object><\/p>\n<p>Auch in Tirol kann sich Krustenschnee entwickeln:<\/p>\n<p><img src=http:\/\/ski.inmontanis.info\/d\/162754-2\/DSC00059.jpg \/><\/p>\n<p><img src=http:\/\/ski.inmontanis.info\/d\/162763-2\/DSC00060.jpg \/><\/p>\n<p><img src=http:\/\/ski.inmontanis.info\/d\/162759-2\/DSC00061.jpg \/><br \/>\n^ Bei dem Sturm auf die St\u00fctze zu klettern .. und den Windrichtungsmesser fest zu halten .. kurios. Der Windmesser daneben war defekt und hatte nur noch eine von den drei halboffenen Kugeln, vielleicht hatte er den kontrolliert, weil er sich gewundert hat, dass der Windmesser 0 km\/h anzeigt  ;)<\/p>\n","protected":false},"excerpt":{"rendered":"<p>28.4.2013 Ja, wer heute nicht am Stubaier war, hat echt viel verpasst!<\/p>\n<p>Sonne, Wolken, Nebel, Schneefall &#8230; Eisige Pisten, unpr\u00e4parierte Neuschneepisten, Sulz, und ganz viel Pappschnee &#8230; Leute, die einen fast \u00fcber den Haufen fahren, Freerider, die einen auf 0,2 Sekunden schneiden und einem mit ihren aufgebogenen Twin-Tips den Schnee ins Gesicht schleudern, Leute, die <a href=\"http:\/\/blog.inmontanis.info\/?p=2393\">[&#8230;]<\/a><\/p>\n","protected":false},"author":1,"featured_media":0,"comment_status":"open","ping_status":"closed","sticky":false,"template":"","format":"standard","meta":{"footnotes":""},"categories":[25,13,27,895],"tags":[53,38,78],"class_list":["post-2393","post","type-post","status-publish","format-standard","hentry","category-noreport","category-austria","category-skifahren-winterskiing-winter","category-stubaier-gletscher","tag-8eub","tag-dsb","tag-restschnee","odd"],"_links":{"self":[{"href":"http:\/\/blog.inmontanis.info\/index.php?rest_route=\/wp\/v2\/posts\/2393","targetHints":{"allow":["GET"]}}],"collection":[{"href":"http:\/\/blog.inmontanis.info\/index.php?rest_route=\/wp\/v2\/posts"}],"about":[{"href":"http:\/\/blog.inmontanis.info\/index.php?rest_route=\/wp\/v2\/types\/post"}],"author":[{"embeddable":true,"href":"http:\/\/blog.inmontanis.info\/index.php?rest_route=\/wp\/v2\/users\/1"}],"replies":[{"embeddable":true,"href":"http:\/\/blog.inmontanis.info\/index.php?rest_route=%2Fwp%2Fv2%2Fcomments&post=2393"}],"version-history":[{"count":3,"href":"http:\/\/blog.inmontanis.info\/index.php?rest_route=\/wp\/v2\/posts\/2393\/revisions"}],"predecessor-version":[{"id":9242,"href":"http:\/\/blog.inmontanis.info\/index.php?rest_route=\/wp\/v2\/posts\/2393\/revisions\/9242"}],"wp:attachment":[{"href":"http:\/\/blog.inmontanis.info\/index.php?rest_route=%2Fwp%2Fv2%2Fmedia&parent=2393"}],"wp:term":[{"taxonomy":"category","embeddable":true,"href":"http:\/\/blog.inmontanis.info\/index.php?rest_route=%2Fwp%2Fv2%2Fcategories&post=2393"},{"taxonomy":"post_tag","embeddable":true,"href":"http:\/\/blog.inmontanis.info\/index.php?rest_route=%2Fwp%2Fv2%2Ftags&post=2393"}],"curies":[{"name":"wp","href":"https:\/\/api.w.org\/{rel}","templated":true}]}}