{"id":2381,"date":"2013-04-01T20:53:38","date_gmt":"2013-04-01T18:53:38","guid":{"rendered":"http:\/\/blog.inmontanis.info\/?p=2381"},"modified":"2023-02-02T21:28:40","modified_gmt":"2023-02-02T20:28:40","slug":"thollon-genfer-see-1-4-2013","status":"publish","type":"post","link":"http:\/\/blog.inmontanis.info\/?p=2381","title":{"rendered":"Thollon (Genfer See), 1.4.2013"},"content":{"rendered":"<p><strong>Ostermontag, 1.4.2013<\/strong><\/p>\n<p>Dass ich in einer Saison 2x ins gleiche Skigebiet (au\u00dferhalb meiner Saisonkarte(n) und au\u00dfer Gletschern im Sommer) gehe, ist relativ selten. Thollon am Genfersee sollte heuer zu dieser seltenen Gruppe geh\u00f6ren.<\/p>\n<p>Die Gr\u00fcnde? Einerseits war bei meinem Besuch im Januar das Wetter schlecht. Andererseits f\u00e4hrt die alte 4EUB heute zum letzten Mal, da sie im Sommer leider ersetzt wird. Au\u00dferdem mag ich das Skigebiet und das Hammer-Pano auf den Genfersee. Und der Skipass kostete heute nur noch 10,- \u20ac.<\/p>\n<p>Hatte mir im Vorfeld zwar immer noch \u00fcberlegt, ob ich nicht noch ein zweites Skigebiet mitnehme, falls die Au\u00dfenrumabfahrt nicht gehen sollte. Da w\u00e4re Bernex in der N\u00e4he und etwas weiter weg Abondance, wo es mir letztes (?) Jahr auch gut gefiel (und die ebenfalls nur 10,- \u20ac Tageskartenpreis verlangten).<\/p>\n<p>Nun, die Au\u00dfenrumabfahrt (Vieilles Cases) war tats\u00e4chlich nicht offen. Lt. dem Facebook-Eintrag von gestern h\u00e4tte man ja meinen m\u00fcssen, die Talabfahrt sowie die Au\u00dfenrumabfahrt und deren R\u00fcckbringer-DSB sei wg. des schlechten Wetters und der Lawinengefahr gesperrt gewesen. Nun, die Begr\u00fcndung mit der Lawinengefahr betraf wohl maximal die Talabfahrt (die heute wieder offen war), denn die Sessel an der R\u00fcckbringer-DSB waren schon l\u00e4ngst vom Seil genommen, die Abfahrt ist also schon l\u00e4nger geschlossen gewesen.<\/p>\n<p>Der erste Eindruck an der Talstation: Nebel, alles Nebel. Na toll. Und der Nebel ging bis kurz unterhalb der Bergstation der 4EUB. Also dicker, dicker Nebel. Der l\u00f6st sich doch heut nie auf!<\/p>\n<p>Immerhin, der obere Skigebietsteil &#8211; wolkenloser Sonnenschein und beste Schneeverh\u00e4ltnisse.<\/p>\n<p>Im Laufe des Tages (ab Mittag) wurde der Nebel dann doch weniger, was einer der Gr\u00fcnde war, warum ich doch nicht mehr in ein anderes Skigebiet gefahren bin. Der andere Grund war, dass ich in meinem \u00dcbermut einfach etliches an der 4SB gefahren bin, sprich, die Offpiste-H\u00e4nge rechts daneben, sowie die Varianten zwischen der linken Abfahrt (Les F\u00e9es) und des heuer wohl nicht in Betrieb befindlichen KSSL Bor\u00e9e, da gab es mehrere schmale Rinnen (und sogar heftige Steilh\u00e4nge), und da gefiel es mir einfach zu gut.<\/p>\n<p>Ansonsten nat\u00fcrlich sehr viel Fotos gemacht, das Pano genossen, paar mal die neblige Talabfahrt gefahren (wg. der 4EUB), schlussendlich hab ich&#8217;s nicht mal mehr geschafft, in das g\u00fcnstige SB-Restaurant der 4EUB-Bergstation zu gehen, weil ich lieber nochmal Talabfahrt + 4 EUB fahren wollte und keine 30 Minuten auf Piste, Schnee, Sonne und Pano verzichten wollte ;)<\/p>\n<p>Nur auf der Talabfahrt blieb das See-Pano den ganzen Tag \u00fcber schlecht. Da hatte ich im Januar die sch\u00f6neren Fotomotive.<\/p>\n<p>Wie \u00fcblich waren \u00fcbrigens auch wieder Briten in Thollon. Ja, die wissen halt, was gut (und g\u00fcnstig) ist &#8230;<\/p>\n<p>Arg kurios waren heute die Einstiege an den KSSL, insbesondere am ganz rechten, T\u00e9tras. Da so viel Schnee liegt, streiften am Einstieg die Teller am Boden, und die Einstiege waren z.T. niedriger als in der Wartespur dahinter. Das hei\u00dft, das man nicht direkt vor dem Einstieg wartete, sondern ein paar Meter fr\u00fcher, so dass man bereits mit einem ziemlichen Schwung im Einstiegsbereich ankam.<\/p>\n<p>Das w\u00e4re bei KSSL mit den h\u00e4ufigen Fu\u00df-Schaltern zum Einkuppeln ja gar nicht so kompliziert und nicht so un\u00fcblich, nur schnappt man sich da die Stange halt selbst. Die KSSL in Thollon werden aber alle mittels Seilzug vom Liftw\u00e4rter eingekuppelt. D.h. der Einstieg funktionierte heute wie folgt:<\/p>\n<p>&#8211; Liftw\u00e4rter h\u00e4lt Stange in die Mitte der Einstiegsspur, und fixiert diese, indem er sie weiter h\u00e4lt<br \/>\n&#8211; Skifahrer f\u00e4hrt los, breitbeinig, um die Stange zwischen die Beine zu bekommen<br \/>\n&#8211; Skifahrer greift nach der Stange, rei\u00dft sie dem Lifw\u00e4rter aus der Hand, der wiederum gleichzeitig mit seiner anderen Hand den Seilzug zum Einkuppeln bet\u00e4tigt :)<\/p>\n<p>Ab und zu hat&#8217;s nat\u00fcrlich einen hingehauen. Da der Einstieg schmal ist, durfte man ja auch nicht zu breitbeinig fahren, dadurch hat man halt auch mal die Stange sch\u00f6n an die F\u00fc\u00dfe geschlagen bekommen.<\/p>\n<p>Hier ein kurzer Film &#8211; schaut von weiter weg aber weit weniger krass aus als wenn man selbst drin ist und f\u00e4hrt:<\/p>\n<p><object style=\"height: 500px; width: 900px\"><param name=\"movie\" value=\"http:\/\/www.youtube.com\/v\/6J80-lDWOyg\"><\/param><param name=\"wmode\" value=\"transparent\"><\/param><embed src=\"http:\/\/www.youtube.com\/v\/6J80-lDWOyg\" type=\"application\/x-shockwave-flash\" wmode=\"transparent\"  width=\"900\" height=\"480\"><\/embed><\/object><\/p>\n<p>Und jetzt endlich die Fotos:<\/p>\n<p><img src=http:\/\/ski.inmontanis.info\/d\/161847-2\/ge_thollon201304c.jpg \/><br \/>\n^ GPS-Track, blau 21.1.2013, t\u00fcrkis 1.4.2013 &#8211; man beachte die vielen gefahrenen Offpiste-Varianten (fast alles t\u00fcrkise au\u00dfer wo etwas dunkelblaues im Hintergrund ist!)<\/p>\n<p><a href='http:\/\/ski.inmontanis.info\/d\/161851-2\/DSC03867.jpg'><img src=http:\/\/ski.inmontanis.info\/d\/161850-3\/DSC03867.jpg \/><\/a><br \/>\n^ Osteraktion zum Saisonschluss und dem letzten Wochenende der Eiergondelbahn:  Tageskarte um 10,- \u0080<\/p>\n<p><img src=http:\/\/ski.inmontanis.info\/d\/162045-2\/DSC03811.jpg \/><br \/>\n^ Blick ins H\u00f6henskigebiet von der Bergstation der 4EUB aus<\/p>\n<p><img src=http:\/\/ski.inmontanis.info\/d\/162049-2\/DSC03812.jpg \/><br \/>\n^ Nebelmeer \u00fcber dem Genfer See<\/p>\n<p><img src=http:\/\/ski.inmontanis.info\/d\/162053-2\/DSC03818.jpg \/><br \/>\n^ S\u00fcd-Blick, in Mitte (links) ist das Skigebiet Bernex. Die bekamen heute nicht so viel Sonne ab, bis zum Schluss waren hier immer wieder Nebelschwaden.<\/p>\n<p><img src=http:\/\/ski.inmontanis.info\/d\/161858-2\/DSC03821.jpg \/><br \/>\n^ Im mittleren Teil die Au\u00dfenrumabfahrt (samt Skiweg) zur anderen DSB, wohl schon l\u00e4nger gesperrt. Dahinter die Schweiz. Im linken Bilddrittel sieht man Abfahrtsschneisen:<\/p>\n<p><img src=http:\/\/ski.inmontanis.info\/d\/161862-2\/DSC07774.jpg \/><br \/>\n^ Leichter Zoom (IR) zu den Abfahrtsschneisen der Diable-Skiroute im Skigebiet am Rocher-de-Naye<\/p>\n<p><img src=http:\/\/ski.inmontanis.info\/d\/161866-2\/DSC03823.jpg \/><br \/>\n^ Die zweitsch\u00f6nste Abfahrt im Skigebiet: Les F\u00e9es (I)<\/p>\n<p><img src=http:\/\/ski.inmontanis.info\/d\/161870-2\/DSC03832.jpg \/><br \/>\n^ Abfahrt Les F\u00e9es. Rechts daneben die diversen Starts zu den Rinnen<\/p>\n<p><img src=http:\/\/ski.inmontanis.info\/d\/161874-2\/DSC03830.jpg \/><br \/>\n^ Impressionen an der Les F\u00e9es-Piste<\/p>\n<p><img src=http:\/\/ski.inmontanis.info\/d\/162057-2\/DSC03842.jpg \/><br \/>\n^ &#8230; heute mit Glitzerschnee ;-)<\/p>\n<p><img src=http:\/\/ski.inmontanis.info\/d\/161879-2\/DSC03844.jpg \/><br \/>\n^ Abfahrt Les F\u00e9es, Engstelle zwischen den Felsen (das links pr\u00e4parierte ist kein Skiweg, das ist gar nichts)<\/p>\n<p><img src=http:\/\/ski.inmontanis.info\/d\/161883-2\/DSC03845.jpg \/><br \/>\n^ Die DSB La Frasse ist schon im Sommerschlaf. Schade, dadurch geht nat\u00fcrlich auch die sch\u00f6ne Au\u00dfenrumabfahrt Vieilles Cases nicht mehr.<\/p>\n<p><img src=http:\/\/ski.inmontanis.info\/d\/161887-2\/DSC03850.jpg \/><br \/>\n^ Abfahrt Les F\u00e9es<\/p>\n<p><img src=http:\/\/ski.inmontanis.info\/d\/161891-2\/DSC03866.jpg \/><br \/>\n^ Ungew\u00f6hnliche Schneeskulptur an der Talstation KSSL T\u00e9tras.<\/p>\n<p><img src=http:\/\/ski.inmontanis.info\/d\/161895-2\/DSC03870.jpg \/><br \/>\n^ 4SB im oberen Bereich mit netten Offpiste-H\u00e4ngen zur Rechten (bin ich auch paar mal rein)<\/p>\n<p><img src=http:\/\/ski.inmontanis.info\/d\/161899-2\/DSC03871.jpg \/><br \/>\n^ 4SB und See- bzw. Nebelmeer-Pano<\/p>\n<p><img src=http:\/\/ski.inmontanis.info\/d\/161903-2\/DSC07780.jpg \/><br \/>\n^ 4SB und Genfersee (IR)<\/p>\n<p><img src=http:\/\/ski.inmontanis.info\/d\/161907-2\/DSC03873.jpg \/><br \/>\n^ Freeride-H\u00e4nge im oberen Bereich der 4SB. Pulverschnee am Ostermontag.<\/p>\n<p><img src=http:\/\/ski.inmontanis.info\/d\/161911-2\/DSC07791.jpg \/><br \/>\n^ 4SB und Genfersee (IR)<\/p>\n<p><img src=http:\/\/ski.inmontanis.info\/d\/161915-2\/DSC03875.jpg \/><br \/>\n^ KSSL Bor\u00e9e, war wohl heuer leider nicht in Betrieb, mit Blick zum See<\/p>\n<p><img src=http:\/\/ski.inmontanis.info\/d\/161919-2\/DSC07793.jpg \/><br \/>\n^ Blick zum Genferse und den schweizer Bergen (IR)<\/p>\n<p><img src=http:\/\/ski.inmontanis.info\/d\/161923-2\/DSC03879.jpg \/><br \/>\n^ Les F\u00e9es und Genfersee (normal)<\/p>\n<p><img src=http:\/\/ski.inmontanis.info\/d\/161927-2\/DSC07796.jpg \/><br \/>\n^ &#8230; und in IR: Les F\u00e9es und Lac L\u00e9man (Genfersee), dahinter am linken Bildrand: Lausanne<\/p>\n<p><img src=http:\/\/ski.inmontanis.info\/d\/161931-2\/DSC07798.jpg \/><br \/>\n^ IR Blick zu Genfersee in der ersten Rinne direkt neben der Les F\u00e9es. Unten kann man entweder nach rechts rausqueren oder durch eine von mehreren steileren, verwachseneren, engen Rinnen weiter runter.<\/p>\n<p><img src=http:\/\/ski.inmontanis.info\/d\/161935-2\/DSC03881.jpg \/><br \/>\n^ Zwei von den schmalen Rinnen (und eine breitere) neben der Les F\u00e9es<\/p>\n<p><img src=http:\/\/ski.inmontanis.info\/d\/162061-2\/DSC03912.jpg \/><br \/>\n^ In einer der schmalen Rinnen<\/p>\n<p><img src=http:\/\/ski.inmontanis.info\/d\/161940-2\/DSC03916.jpg \/><br \/>\n^ .. ein St\u00fcck weiter unten, die eine Rinne sieht man im Bild, die von der ersten Rinne kommt links rein und rechts neben der sichtbaren ist auch noch eine.<\/p>\n<p><img src=http:\/\/ski.inmontanis.info\/d\/161944-2\/DSC07801.jpg \/><br \/>\n^ Am Ende der Rinnen mit Blick zum Genfersee. Links sichtbar: Es ist schon steil hier!<\/p>\n<p><img src=http:\/\/ski.inmontanis.info\/d\/161948-2\/DSC03918.jpg \/><br \/>\n^ Der Exit aus den Rinnen &#8230;<\/p>\n<p><img src=http:\/\/ski.inmontanis.info\/d\/161952-2\/DSC03885.jpg \/><br \/>\n^ Vorne die Les F\u00e9es, dahinter ein Offpiste-Hang, den man entweder direkt von oben einfahren kann, oder in halber H\u00f6he von links von den genannten Rinnen erreicht. Dahinter KSSL Bor\u00e9e<\/p>\n<p><img src=http:\/\/ski.inmontanis.info\/d\/161956-2\/DSC03887.jpg \/><br \/>\n^ In der (neuen) 4SB, unterer Bereich. Links der KSSL erschlie\u00dft den unteren Teil der 4SB<\/p>\n<p><img src=http:\/\/ski.inmontanis.info\/d\/161960-2\/DSC03889.jpg \/><br \/>\n^ 4SB im oberen Bereich mit den Offpiste-H\u00e4ngen rechts, die man zwischen meinen F\u00fc\u00dfen verl\u00e4sst.<\/p>\n<p><img src=http:\/\/ski.inmontanis.info\/d\/161964-2\/DSC03893.jpg \/><br \/>\n^ 4SB und Genfer See<\/p>\n<p><img src=http:\/\/ski.inmontanis.info\/d\/161968-2\/DSC03898.jpg \/><br \/>\n^ 4SB, KSSL und L\u00e9man<\/p>\n<p><img src=http:\/\/ski.inmontanis.info\/d\/161972-2\/DSC03900.jpg \/><br \/>\n^ Abfahrt Les F\u00e9es, Genfersee und am anderen Ufer Vevey (sprechen zumindest die Deutschschweizer so aus wie die Osteurop\u00e4er &#8220;www&#8221; (aber halt mit einem &#8220;w&#8221; weniger  ;) ) )<\/p>\n<p><img src=http:\/\/ski.inmontanis.info\/d\/161976-2\/DSC03904.jpg \/><br \/>\n^ KSSL Bor\u00e9e und Genfer See<\/p>\n<p><img src=http:\/\/ski.inmontanis.info\/d\/161980-2\/DSC03910.jpg \/><br \/>\n^ Offpiste zwischen KSSL Bor\u00e9e und Les F\u00e9es mit Blick zum  Genfersee. Das St\u00fcck hier ist offiziell abgesperrt, da mitten im Hang \u00fcber fast die ganze Breite ein krasser Abbruch ist, da muss man aufpassen ;)<\/p>\n<p><img src=http:\/\/ski.inmontanis.info\/d\/161984-2\/DSC03911.jpg \/><br \/>\n^ Einer der anderen Zubringer zu den engen Rinnen ;-)<\/p>\n<p>Einmal bin ich mit dem KSSL unterhalb der 4SB hinauf und hab dann links ins Gel\u00e4nde gequert. Egtl. dachte ich, man m\u00fcsse hier den einen breiten Hang erreichen, aber man war wohl schon zu tief. Na super, wie komm ich jetzt runter? Arg viel Spuren gab&#8217;s hier nicht, und alle gingen etwas anders.<\/p>\n<p>Die logischste Konsequenz f\u00fcr mich war: KSSL-Trasse. An der St\u00fctze angekommen &#8211; leck mich fett. Eine KSSL-Trasse nahe der 100%, schmal noch dazu, dicker Tiefschnee. Pffff&#8230; Nachdem die anderen Optionen aber auch nicht besser waren, bin ich etwas schr\u00e4g rein und hab mich mit ein paar Schw\u00fcngen runtergequ\u00e4lt &#8211; das war mir egtl. schon zu heftig.<\/p>\n<p><img src=http:\/\/ski.inmontanis.info\/d\/162065-2\/DSC03919.jpg \/><br \/>\n^ KSSL Bor\u00e9e im oberen Bereich (ober den B\u00e4umen sieht man auch den gef\u00e4hrlichen Abbruch im Offpiste-Areal).<\/p>\n<p><img src=http:\/\/ski.inmontanis.info\/d\/161989-2\/DSC03924.jpg \/><br \/>\n^ In der Liftspur des KSSL Bor\u00e9e, die H\u00e4nge hier sind verdammt steil, und der Einstieg ist sehr schmal.<\/p>\n<p><img src=http:\/\/ski.inmontanis.info\/d\/162069-2\/DSC03936.jpg \/><br \/>\n^ Steilh\u00e4nge an der KSSL Bor\u00e9e Trasse von anderer Perspektive aus.<\/p>\n<p><img src=http:\/\/ski.inmontanis.info\/d\/161994-2\/DSC03927.jpg \/><br \/>\n^ Talabfahrt, Thollon und Lac L\u00e9man<\/p>\n<p><img src=http:\/\/ski.inmontanis.info\/d\/161998-2\/DSC07807.jpg \/><br \/>\n^ .. und in IR, damit man den See besser se(h)en kann: Talabfahrt, Thollon und Lac L\u00e9man<\/p>\n<p><img src=http:\/\/ski.inmontanis.info\/d\/162002-2\/DSC07804.jpg \/><br \/>\n^ Talabfahrt im oberen Bereich und Genfer See (IR)<\/p>\n<p><img src=http:\/\/ski.inmontanis.info\/d\/162006-2\/DSC03929.jpg \/><br \/>\n^ Unterhalb der Skiwege hat&#8217;s auf der Talabfahrt alternativ auch einen Freeride-Hang, Schnee war hier unten allerdings nicht mehr toll.<\/p>\n<p><img src=http:\/\/ski.inmontanis.info\/d\/162074-2\/DSC07813.jpg \/><br \/>\n^ Coloriertes s\/w-IR-Pano (Vieilles Cases &#8211; Abfahrt und Genfersee bei Montreux)<\/p>\n<p><img src=http:\/\/ski.inmontanis.info\/d\/162012-2\/DSC07821.jpg \/><br \/>\n^ 4SB mit Freerideh\u00e4ngen in IR<\/p>\n<p><img src=http:\/\/ski.inmontanis.info\/d\/162078-2\/DSC07822.jpg \/><br \/>\n^ S\u00fcdblick ins Tal richtung Skigebiet Bernex. Ooch, alles Neblig da unten? Ihr armen &#8230; ;)<\/p>\n<p><img src=http:\/\/ski.inmontanis.info\/d\/162017-2\/DSC07828.jpg \/><br \/>\n^ Freeride-H\u00e4nge (IR)<\/p>\n<p><img src=http:\/\/ski.inmontanis.info\/d\/162098-2\/DSC03932.jpg \/><br \/>\n^ 4SB Bergstation, an den St\u00fctzen hingen gef\u00e4hrlich wackelnde Eiszapfen &#8230;<\/p>\n<p><img src=http:\/\/ski.inmontanis.info\/d\/162082-2\/DSC07829.jpg \/><br \/>\n^ 4SB und Genfersee (coloriertes s\/w-IR-Foto)<\/p>\n<p><img src=http:\/\/ski.inmontanis.info\/d\/162022-2\/DSC07830.jpg \/><br \/>\n^ Genfersee (IR)<\/p>\n<p><img src=http:\/\/ski.inmontanis.info\/d\/162026-2\/DSC07836.jpg \/><br \/>\n^ Felsdurchfahrt der Les F\u00e9es &#8211; Abfahrt, DSB Frasse und Genfersee (coloriertes s\/w-IR-Foto)<\/p>\n<p><img src=http:\/\/ski.inmontanis.info\/d\/162086-2\/DSC03935.jpg \/><br \/>\n^ Eingeschneite Alm<\/p>\n<p><img src=http:\/\/ski.inmontanis.info\/d\/162090-2\/DSC03938.jpg \/><br \/>\n^ Eingeschneite Alm<\/p>\n<p><img src=http:\/\/ski.inmontanis.info\/d\/162032-2\/DSC03939.jpg \/><br \/>\n^ 4EUB, dahinter ein St\u00fctzenfundament der Vorg\u00e4nger-2EUB<\/p>\n<p><img src=http:\/\/ski.inmontanis.info\/d\/162094-2\/DSC03943.jpg \/><br \/>\n^ Vorne wieder ein Fundament der Vorg\u00e4nger-2EUB.<\/p>\n<p><img src=http:\/\/ski.inmontanis.info\/d\/162036-2\/DSC03944.jpg \/><br \/>\n^ 4EUB (heute letzter Betriebstag), ich steh in der Linie der Vorg\u00e4nger-2EUB<\/p>\n<p><img src=http:\/\/ski.inmontanis.info\/d\/162041-2\/DSC07846.jpg \/><br \/>\n^ 4EUB Talstation mit Genfersee (IR)<\/p>\n<p>.. und hier noch erg\u00e4nzend ein Foto vom Januar (weitere Fotos von damals siehe im entsprechenden Bericht):<br \/>\n<img src=http:\/\/ski.inmontanis.info\/d\/155861-3\/DSC09166.jpg \/><\/p>\n<p>Fazit: Thollon und Gr\u00e9oli\u00e8res, das sind bisher f\u00fcr mich die sch\u00f6nsten Skigebiete Frankreichs. Ich hoffe, dass die neue EUB wenigstens wieder Sigma-Gondeln bekommt (die alten Oeufs waren ja auch von Sigma!), die gefallen mir noch am besten, wenn schon die 4EUB weichen muss. Vielleicht so gr\u00fcne Gondeln wie in Rum\u00e4nien, das w\u00fcrde gut zum blauen See passen. Panorama und Au\u00dfenrumabfahrt bleiben ja auch in Zukunft, somit werde ich Thollon auch weiterhin ab und zu besuchen.<\/p>\n<p>Erst um 16:30 entschloss ich mich, dass es jetzt Zeit wird, heim zu fahren. Ist ja doch ein sch\u00f6ner Weg von hier aus. In der Schweiz angekommen gleich mal 20 Minuten vor Montreux im Stau gesteckt, weil ein Unfall auf der Autobahn war. Umfahrung via Montreux-Stadt nat\u00fcrlich auch komplett voll, also bin ich auf der Autobahn geblieben (bis ich auf der Autobahn war, war der Stau zum Gl\u00fcck vorbei), netterweise gab&#8217;s auch sonst keine weiteren Staus mehr.<\/p>\n<p><img src=http:\/\/extra.inmontanis.info\/d\/16834-2\/DSC03951.jpg \/><br \/>\n^ Genfersee<\/p>\n<p>Kurzer Halt an der Rastst\u00e4tte Rheintal (\u00c4lplermakkaroni und so), und als ich in Vorarlberg ankam &#8211; meldete sich mein Bordcomputer, ich m\u00f6ge doch alsbald das Motor\u00f6l wechseln, ich hatte die 30.000 knapp \u00fcberschritten, das erste Service wird f\u00e4llig. Lt. Betriebsanleitung kann man in dem Modus nur noch bis 3.000 UPM fahren, und in Stufe 2 dann nur noch 1.500. Da ich aber ja keine Ahnung hatte, wann die Stufe 2 eintreten w\u00fcrde, bin ich diesmal lieber nicht \u00fcber den Arlbergpass, sondern durch den 9,- \u20ac teuren Tunnel.<\/p>\n<p>Um 23:45 Uhr war ich wieder daheim, nach 1.340 km (keine 2 Tankf\u00fcllungen gebraucht, ich kam mit dem Tankstopp gestern in Frankreich wieder heim). Zugegeben, 1340 km sind f\u00fcr ein Wochenende schon grenzwertig. Aber der heutige Tag in Thollon war mir das wert. Und der gestrige Tag war ja auch ganz nett.<\/p>\n","protected":false},"excerpt":{"rendered":"<p>Ostermontag, 1.4.2013<\/p>\n<p>Dass ich in einer Saison 2x ins gleiche Skigebiet (au\u00dferhalb meiner Saisonkarte(n) und au\u00dfer Gletschern im Sommer) gehe, ist relativ selten. Thollon am Genfersee sollte heuer zu dieser seltenen Gruppe geh\u00f6ren.<\/p>\n<p>Die Gr\u00fcnde? Einerseits war bei meinem Besuch im Januar das Wetter schlecht. Andererseits f\u00e4hrt die alte 4EUB heute zum letzten Mal, da <a href=\"http:\/\/blog.inmontanis.info\/?p=2381\">[&#8230;]<\/a><\/p>\n","protected":false},"author":1,"featured_media":0,"comment_status":"open","ping_status":"closed","sticky":false,"template":"","format":"standard","meta":{"footnotes":""},"categories":[122,16,27,221],"tags":[42,49,90,48,77,45],"class_list":["post-2381","post","type-post","status-publish","format-standard","hentry","category-201303-ostern","category-france","category-skifahren-winterskiing-winter","category-thollon","tag-4eub","tag-4sb","tag-infrarot","tag-kssl","tag-nebelmeer","tag-see","odd"],"_links":{"self":[{"href":"http:\/\/blog.inmontanis.info\/index.php?rest_route=\/wp\/v2\/posts\/2381","targetHints":{"allow":["GET"]}}],"collection":[{"href":"http:\/\/blog.inmontanis.info\/index.php?rest_route=\/wp\/v2\/posts"}],"about":[{"href":"http:\/\/blog.inmontanis.info\/index.php?rest_route=\/wp\/v2\/types\/post"}],"author":[{"embeddable":true,"href":"http:\/\/blog.inmontanis.info\/index.php?rest_route=\/wp\/v2\/users\/1"}],"replies":[{"embeddable":true,"href":"http:\/\/blog.inmontanis.info\/index.php?rest_route=%2Fwp%2Fv2%2Fcomments&post=2381"}],"version-history":[{"count":2,"href":"http:\/\/blog.inmontanis.info\/index.php?rest_route=\/wp\/v2\/posts\/2381\/revisions"}],"predecessor-version":[{"id":2383,"href":"http:\/\/blog.inmontanis.info\/index.php?rest_route=\/wp\/v2\/posts\/2381\/revisions\/2383"}],"wp:attachment":[{"href":"http:\/\/blog.inmontanis.info\/index.php?rest_route=%2Fwp%2Fv2%2Fmedia&parent=2381"}],"wp:term":[{"taxonomy":"category","embeddable":true,"href":"http:\/\/blog.inmontanis.info\/index.php?rest_route=%2Fwp%2Fv2%2Fcategories&post=2381"},{"taxonomy":"post_tag","embeddable":true,"href":"http:\/\/blog.inmontanis.info\/index.php?rest_route=%2Fwp%2Fv2%2Ftags&post=2381"}],"curies":[{"name":"wp","href":"https:\/\/api.w.org\/{rel}","templated":true}]}}