{"id":2372,"date":"2013-03-31T20:47:07","date_gmt":"2013-03-31T18:47:07","guid":{"rendered":"http:\/\/blog.inmontanis.info\/?p=2372"},"modified":"2023-08-01T22:03:41","modified_gmt":"2023-08-01T20:03:41","slug":"mottarone-31-3-2013","status":"publish","type":"post","link":"http:\/\/blog.inmontanis.info\/?p=2372","title":{"rendered":"Mottarone (Lago Maggiore), 31.3.2013"},"content":{"rendered":"<p><strong>Ostersamstag, 30.3.2013<\/strong><\/p>\n<p>Wie \u00fcblich fang ich mal wieder an mit &#8220;Eigentlich wollte ich ja&#8221; &#8230;<\/p>\n<p>.. und zwar nach Abetone \u00fcber Ostern. Im Raum standen auch noch 2 Wochenenden in der Lombardei. Aber f\u00fcr beides meldete der Wetterbericht &#8211; wie schon die letzten Wochenenden &#8211; kein sch\u00f6nes Wetter f\u00fcr das ganze Wochenende.<\/p>\n<p>Auf der Suche nach Sonne erschien mir mal wieder Piemont f\u00fcr Ostersonntag am Geeignetsten. Ostersamstag dagegen sollte \u00fcberall schlecht werden. Also fuhr ich heute lediglich auf meiner Saisonkarte, und zwar nach Kappl. Sonne gab&#8217;s zwar nur verschleiert hin und wieder, aber der Schnee war gro\u00dfteils ganz gut, und bis Mittag war es trocken. Somit war es doch ein ganz netter Tag. Los war interessanterweise sehr, sehr wenig.<\/p>\n<p>Weiter ging&#8217;s \u00fcber Arlberg, Bernardino und Locarno zum Lago Maggiore, wo ich in der N\u00e4he von Verbania, in Ornavasso, einen Albergo gebucht hab. 40,- \u00dcF war das g\u00fcnstigste auf booking.com in der Gegend (mit mind. 2 Sternen). Man h\u00e4tte auch \u00fcber das 10-fache direkt am Lago Maggiore ausgeben k\u00f6nnen&#8230;<\/p>\n<p>(Fotos anklicken zum Vergr\u00f6\u00dfern, soweit nicht vergr\u00f6\u00dfert gepostet.)<\/p>\n<p><a href='http:\/\/extra.inmontanis.info\/d\/16790-2\/DSC03651.jpg'><img src=http:\/\/extra.inmontanis.info\/d\/16788-3\/DSC03651.jpg \/><\/a><br \/>\n^ Hotelzimmer. Das Bett war tats\u00e4chlich so hoch, wie es ausschaut!<\/p>\n<p><a href='http:\/\/extra.inmontanis.info\/d\/16794-2\/DSC03653.jpg'><img src=http:\/\/extra.inmontanis.info\/d\/16792-3\/DSC03653.jpg \/><\/a><br \/>\n^ Ausblick vom Bad zum Hinterhof .. aber hinten am Berg ist was &#8230;<\/p>\n<p><a href='http:\/\/extra.inmontanis.info\/d\/16798-2\/DSC03654.jpg'><img src=http:\/\/extra.inmontanis.info\/d\/16796-3\/DSC03654.jpg \/><\/a><br \/>\n^ Eine H\u00f6hle!<\/p>\n<p><a href='http:\/\/extra.inmontanis.info\/d\/16802-2\/DSC03658.jpg'><img src=http:\/\/extra.inmontanis.info\/d\/16800-3\/DSC03658.jpg \/><\/a><br \/>\n^ &#8230; die Cava Madre, ein Marmor-Bergwerk.<\/p>\n<p>Men\u00fc f\u00fcr \u00dcbernachtungsg\u00e4ste (also quasi HP-Aufschlag) war dann 15,- \u20ac &#8211; pappsatt!<\/p>\n<p>F\u00fcr morgen h\u00e4tte ich mir den seit langem vorgenommenen Wiederholungsbesuch am Mottarone ausgesucht, und Montag &#8211; ma schaun, entweder Piemont, Wallis oder gar nochmal Thollon am Genfer See? Der heurige Besuch war ja vom Schlechtwetter und wenig Genferseeblick dominiert. Zugegeben, f\u00fcr 3 Tage (bzw. ja eigentlich nur 2, da ich den heutigen, 1. Tag, ja in Tirol verbrachte) schon ein weiter Ausflug. Aber da nach Ostern bekanntlich viele Skigebiete schlie\u00dfen, und die n\u00e4chsten Wochenenden auch nicht l\u00e4nger sind &#8230;<\/p>\n<p><strong>Ostersonntag, 31.3.2013<\/strong><\/p>\n<p>Erst ging&#8217;s also auf den Mottarone. Meine Hoffnung, dass heute aufgrund des sch\u00f6neren Wetters mehr als 3 Lifte in Betrieb w\u00e4ren, hat sich leider nicht erf\u00fcllt. Der eine lange SL mit dem sch\u00f6nen Lago d&#8217;Orta-Pano blieb leider geschlossen. Und der SL mit dem sch\u00f6nen Lago Maggiore-Panorama darf wohl aus Altersgr\u00fcnden gar nicht mehr fahren. Wenn man den einen \u00dcbungs-SL abzieht bleiben also noch 2 SL, die eine kleine Skischaukel erschlie\u00dfen. Daf\u00fcr reicht eine Halbtageskarte um 16,- \u20ac.<\/p>\n<p>\u00c4rgerlicherweise war es auch alles andere als so sonnig wie gemeldet, vormittags war kaum die Sonne zu sehen, da ein fettes Wolkenpaket genau \u00fcber dem Mottarone-Bereich fest sa\u00df.<\/p>\n<p>Immerhin konnte man die Seen sehen und auch das Flachland, inkl. sehr guter Sicht in den (ligurischen) Appennin und die S\u00fcd-\/Meeralpen.<\/p>\n<p>Dennoch, mangels Sonne und mangels der beiden SL konnte mich das Skigebiet leider nicht so \u00fcberzeugen wie bei meinem ersten Besuch. Da fand ich Bielmonte heuer doch wesentlich besser. K\u00f6nnte nur anders sein, wenn die beiden Seepano-SL in Betrieb w\u00e4ren.<\/p>\n<p>Leider war auch am Doppel-SL nur einer in Betrieb, so dass es dort immer wieder zu Wartezeiten kam. Auch weil der Einstieg mit dem lahmen Kartenlesegr\u00e4t so bl\u00f6d kurz war (nur 2 Skifahrer als Puffer hinterm Gate) und an die 6-8 Geh\u00e4nge keine Teller hatten (einmal sogar 4 leere Geh\u00e4nge hintereinander!).<\/p>\n<p><img src=http:\/\/ski.inmontanis.info\/d\/161612-2\/ge_mottarone2013b.jpg \/><br \/>\n^ GPS-Track, blau 2013 und gelb 2006; der linke SL ist inzwischen wohl stillgelegt, der rechte hatte wohl schon Saisonschluss.<\/p>\n<p><img src=http:\/\/ski.inmontanis.info\/d\/161697-2\/DSC03660.jpg \/><br \/>\n^ Pano mit Lago Maggiore<\/p>\n<p><img src=http:\/\/ski.inmontanis.info\/d\/161617-2\/DSC03662.jpg \/><br \/>\n^ Flachland und Appennino<\/p>\n<p><img src=http:\/\/ski.inmontanis.info\/d\/161621-2\/DSC03664.jpg \/><br \/>\n^ Lago d&#8217;Orta, Po-Ebene und Alpenbogen<\/p>\n<p><img src=http:\/\/ski.inmontanis.info\/d\/161626-2\/DSC03675.jpg \/><br \/>\n^ Zoom \u00fcber die Ebene zu den Meeralpen bei Mondov\u00ed, links die gut sichtbaren Schneisen geh\u00f6ren zum Skigebiet von St. Gr\u00e9\u00e9, ca. 185 km entfernt.<\/p>\n<p><img src=http:\/\/ski.inmontanis.info\/d\/161630-2\/DSC03676.jpg \/><br \/>\n^ Zoom \u00fcber die Ebene zu den See\/Meeralpen\/Alpi Mondov\u00ed, links die J-f\u00f6rmige Schneise geh\u00f6rt zum Skigebiet Frabosa. Die Bergspitzen im Hintergrund sind ca. 200 km entfernt und waren heue auch ohne IR sehr gut sichtbar.<\/p>\n<p><img src=http:\/\/ski.inmontanis.info\/d\/161701-2\/DSC07735.jpg \/><br \/>\n^ IR-Pano Ebene und S\u00fcd-\/Meeralpen.<\/p>\n<p><img src=http:\/\/ski.inmontanis.info\/d\/161705-2\/DSC03679.jpg \/><br \/>\n^ Lago Maggiore<\/p>\n<p><img src=http:\/\/ski.inmontanis.info\/d\/161635-2\/DSC03681.jpg \/><br \/>\n^ Lago Maggiore<\/p>\n<p><img src=http:\/\/ski.inmontanis.info\/d\/161639-2\/DSC03687.jpg \/><br \/>\n^ Lago Maggiore<\/p>\n<p><a href='http:\/\/ski.inmontanis.info\/d\/161643-2\/DSC03690.jpg'><img src=http:\/\/ski.inmontanis.info\/d\/161642-3\/DSC03690.jpg \/><\/a><br \/>\n^ Dieser SL ist wohl inzwischen stillgelegt&#8230;<\/p>\n<p><a href='http:\/\/ski.inmontanis.info\/d\/161647-2\/DSC03693.jpg'><img src=http:\/\/ski.inmontanis.info\/d\/161646-3\/DSC03693.jpg \/><\/a><br \/>\n^ Die Abfahrten sind kurz, aber nett.<\/p>\n<p><img src=http:\/\/ski.inmontanis.info\/d\/161651-2\/DSC07743.jpg \/><br \/>\n^ Lago Maggiore in IR (mit Verbania)<\/p>\n<p><img src=http:\/\/ski.inmontanis.info\/d\/161655-2\/DSC03695.jpg \/><br \/>\n^ Tja, die Abfahrt ging zu dem SL, der leider stillgelegt wurde&#8230;<\/p>\n<p><a href='http:\/\/ski.inmontanis.info\/d\/161659-2\/DSC03696.jpg'><img src=http:\/\/ski.inmontanis.info\/d\/161658-3\/DSC03696.jpg \/><\/a><br \/>\n^ Heute der l\u00e4ngste ge\u00f6ffnete SL<\/p>\n<p><img src=http:\/\/ski.inmontanis.info\/d\/161663-2\/DSC07745.jpg \/><br \/>\n^ Lago d&#8217;Orta, Ebene und Alpenbogen mit Monviso (IR)<\/p>\n<p><img src=http:\/\/ski.inmontanis.info\/d\/161667-2\/DSC07746.jpg \/><br \/>\n^ Lago d&#8217;Orta, Ebene und S\u00fcdalpen (IR)<\/p>\n<p><a href='http:\/\/ski.inmontanis.info\/d\/161671-2\/DSC03711.jpg'><img src=http:\/\/ski.inmontanis.info\/d\/161670-3\/DSC03711.jpg \/><\/a><br \/>\n^ Zoom zu den St\u00e4dten in der Ebene<\/p>\n<p><a href='http:\/\/ski.inmontanis.info\/d\/161675-2\/DSC03712.jpg'><img src=http:\/\/ski.inmontanis.info\/d\/161674-3\/DSC03712.jpg \/><\/a><br \/>\n^ Zoom zu den St\u00e4dten in der Ebene<\/p>\n<p><img src=http:\/\/ski.inmontanis.info\/d\/161714-2\/DSC03715.jpg \/><br \/>\n^ Leider sind die sch\u00f6nsten See-Pano-Abfahrten an den heute nicht ge\u00f6ffneten SL. Aber bissl See sieht man dann doch.<\/p>\n<p><img src=http:\/\/ski.inmontanis.info\/d\/161680-2\/DSC03717.jpg \/><br \/>\n^ Die zwei ge\u00f6ffneten Haupt-SL im \u00dcberblick. Immerhin werden 2 Gipfel erschlossen. Im Hintergrund links der Lago Maggiore und rechts der Lago d&#8217;Orta.<\/p>\n<p><img src=http:\/\/ski.inmontanis.info\/d\/161684-2\/DSC03722.jpg \/><br \/>\n^ SL und Abfahrten<\/p>\n<p><img src=http:\/\/ski.inmontanis.info\/d\/161688-2\/DSC07751.jpg \/><br \/>\n^ Der heute geschlossene, lange SL mit Lago d&#8217;Orta und Alpenbogen (IR)<\/p>\n<p><img src=http:\/\/ski.inmontanis.info\/d\/161692-2\/DSC07755.jpg \/><br \/>\n^ IR-Pano mal anders (mit dem \u00dcbungs-SL)<\/p>\n<p><img src=http:\/\/ski.inmontanis.info\/d\/161710-2\/DSC03734.jpg \/><br \/>\n^ Lago Maggiore, Ebene, Lago d&#8217;Orta. Glaub das wird heut nichts mehr mit dem wolkenlosen Himmel.<\/p>\n<p>Kurz nach 12 bin ich weiter, zur Auswahl standen San Domenico di Varzo und Piana Vigezzo.<\/p>\n","protected":false},"excerpt":{"rendered":"<p>Ostersamstag, 30.3.2013<\/p>\n<p>Wie \u00fcblich fang ich mal wieder an mit &#8220;Eigentlich wollte ich ja&#8221; &#8230;<\/p>\n<p>.. und zwar nach Abetone \u00fcber Ostern. Im Raum standen auch noch 2 Wochenenden in der Lombardei. Aber f\u00fcr beides meldete der Wetterbericht &#8211; wie schon die letzten Wochenenden &#8211; kein sch\u00f6nes Wetter f\u00fcr das ganze Wochenende.<\/p>\n<p>Auf der Suche <a href=\"http:\/\/blog.inmontanis.info\/?p=2372\">[&#8230;]<\/a><\/p>\n","protected":false},"author":1,"featured_media":0,"comment_status":"open","ping_status":"closed","sticky":false,"template":"","format":"standard","meta":{"footnotes":""},"categories":[122,15,445,27],"tags":[90,45,47],"class_list":["post-2372","post","type-post","status-publish","format-standard","hentry","category-201303-ostern","category-italienitaly","category-mottarone","category-skifahren-winterskiing-winter","tag-infrarot","tag-see","tag-sl","odd"],"_links":{"self":[{"href":"http:\/\/blog.inmontanis.info\/index.php?rest_route=\/wp\/v2\/posts\/2372","targetHints":{"allow":["GET"]}}],"collection":[{"href":"http:\/\/blog.inmontanis.info\/index.php?rest_route=\/wp\/v2\/posts"}],"about":[{"href":"http:\/\/blog.inmontanis.info\/index.php?rest_route=\/wp\/v2\/types\/post"}],"author":[{"embeddable":true,"href":"http:\/\/blog.inmontanis.info\/index.php?rest_route=\/wp\/v2\/users\/1"}],"replies":[{"embeddable":true,"href":"http:\/\/blog.inmontanis.info\/index.php?rest_route=%2Fwp%2Fv2%2Fcomments&post=2372"}],"version-history":[{"count":4,"href":"http:\/\/blog.inmontanis.info\/index.php?rest_route=\/wp\/v2\/posts\/2372\/revisions"}],"predecessor-version":[{"id":8997,"href":"http:\/\/blog.inmontanis.info\/index.php?rest_route=\/wp\/v2\/posts\/2372\/revisions\/8997"}],"wp:attachment":[{"href":"http:\/\/blog.inmontanis.info\/index.php?rest_route=%2Fwp%2Fv2%2Fmedia&parent=2372"}],"wp:term":[{"taxonomy":"category","embeddable":true,"href":"http:\/\/blog.inmontanis.info\/index.php?rest_route=%2Fwp%2Fv2%2Fcategories&post=2372"},{"taxonomy":"post_tag","embeddable":true,"href":"http:\/\/blog.inmontanis.info\/index.php?rest_route=%2Fwp%2Fv2%2Ftags&post=2372"}],"curies":[{"name":"wp","href":"https:\/\/api.w.org\/{rel}","templated":true}]}}