{"id":237,"date":"2009-08-23T23:59:54","date_gmt":"2009-08-23T21:59:54","guid":{"rendered":"http:\/\/blog.inmontanis.info\/?p=237"},"modified":"2025-10-22T19:57:12","modified_gmt":"2025-10-22T17:57:12","slug":"sssss-2009-tag-16-23-8-2009sssss-2009-day-16-20090823","status":"publish","type":"post","link":"http:\/\/blog.inmontanis.info\/?p=237","title":{"rendered":"SSSSS 2009 \u2013 Tag 16: 23.8.2009|SSSSS 2009 \u2013 Day 16: 2009\/08\/23"},"content":{"rendered":"<p><em>[_de]Bilder anklicken zum Vergr\u00f6\u00dfern[\/_de]\u2028[_en]Click photos to enlarge[\/_en]<\/em><\/p>\n<p><strong>So, 23.8.2009 &#8211; 16. Tag (letzter Tag)<\/strong><\/p>\n<p>Auch die heutige Nacht war sehr kurz &#8211; und an einem belgischen Autobahnparkplatz. Gegen 7:30 brach ich auf nach &#8230; ja, wohin eigentlich!?<\/p>\n<p>Gestern hatte ich Wuppertal als erstes Ziel eingeplant. Wollte ich doch schon ewig mal die Schwebebahn fahren. Und n\u00e4chstes Wochenende dann wieder richtigen Schnee unter den F\u00fc\u00dfen am Stilfserjoch. <\/p>\n<p>Heute fr\u00fch dagegen kam mir, dass man ja Stelvio auch noch im September fahren k\u00f6nnte und ich n\u00e4chstes Wochenende nicht schon wieder ewig unterwegs sein will. Also doch noch etwas Skifahren heute? Und wenn, dann schon gleich in der gr\u00f6\u00dften Halle &#8211; Landgraaf.<\/p>\n<p>Also ab nach Landgraaf, f\u00fcr eine Stunde. Und dann? Dortmund Westfalenpark, die alte 2EUB. Und dann noch Waldeck, auch der alten 2EUB wegen.<\/p>\n<p>Irgendwann in Holland schwenkte ich von Landgraaf auf Neuss um &#8211; irgendwie w\u00e4re Landgraaf doch wesentlich gr\u00f6\u00dfer als die Mattenskigebiete. Und dann nur eine Stunde? Das ist doch zu kurz, da k\u00f6nnte man es doch auch mal l\u00e4nger aushalten. Also dann doch nach Neuss!<\/p>\n<p><a href='http:\/\/extra.inmontanis.info\/d\/2985-1\/P1420774.JPG'><img src=http:\/\/extra.inmontanis.info\/d\/2987-3\/P1420774.JPG \/><\/a><br \/>\n^ In den Niederlanden<\/p>\n<p><a href='http:\/\/extra.inmontanis.info\/d\/2989-1\/P1420777.JPG'><img src=http:\/\/extra.inmontanis.info\/d\/2991-3\/P1420777.JPG \/><\/a><br \/>\n^ .. wenn man vergleicht, wie solche \u00dcberkopf-Systeme in D und AT ausschauen ist das in NL die reinste Sparvariante :-)<\/p>\n<p>Kurz vor 10 Uhr war ich in Neuss und bekam erst mal einen .. Kulturschock. Die Inszenierung hier ist schon grenzwertig an der Perversit\u00e4t. Piefke Saga Teil 5. Oder ne, eher schon Teil 6. :-)<\/p>\n<p><a href='http:\/\/ski.inmontanis.info\/d\/103917-1\/P1420780.JPG'><img src=http:\/\/ski.inmontanis.info\/d\/103919-3\/P1420780.JPG \/><\/a><br \/>\n^ Skihalle von der Kreuzung aus<\/p>\n<p><a href='http:\/\/ski.inmontanis.info\/d\/103922-1\/P1420783.JPG'><img src=http:\/\/ski.inmontanis.info\/d\/103924-3\/P1420783.JPG \/><\/a><br \/>\n^ Au\u00dfengel\u00e4nde<\/p>\n<p><a href='http:\/\/ski.inmontanis.info\/d\/103926-1\/P1420784.JPG'><img src=http:\/\/ski.inmontanis.info\/d\/103928-3\/P1420784.JPG \/><\/a><br \/>\n^ Eingang \/ Innenhalle linker Teil<\/p>\n<p><a href='http:\/\/ski.inmontanis.info\/d\/103930-1\/P1420785.JPG'><img src=http:\/\/ski.inmontanis.info\/d\/103932-3\/P1420785.JPG \/><\/a><br \/>\n^ Eingang \/ Innenhalle mittig. Irgendwie pervers. Soweit hat Mitterer mit seiner Piefke-Saga damals nicht gedacht&#8230;. Ahja, ganz hinten kann man durch ein Fenster in die Skihalle sehen. <\/p>\n<p><a href='http:\/\/ski.inmontanis.info\/d\/103956-1\/P1420800.JPG'><img src=http:\/\/ski.inmontanis.info\/d\/103958-3\/P1420800.JPG \/><\/a><br \/>\n^ WC-T\u00fcren &#8230;<\/p>\n<p>Egal, Augen zu und durch. Um 19,- eine Stundenkarte gekauft. Die Zeit beginnt ab dem Drehkreuz unten in die Eiskammer zu z\u00e4hlen und genauso beim rausgehen. Also nix von wegen nach 60 Minuten nochmal mit dem Lift rauf, ne, in Minute 60 musst wieder durch&#8217;s Drehkreuz sonst nachzahlen. Daf\u00fcr gibt&#8217;s in der Halle auch 3 Uhren, die aber nicht wirklich synchron laufen.<\/p>\n<p>Der erste Eindruck? Rutschig! Ich hatte das Gef\u00fchl auf einen Schlittschuhplatz zu gehen &#8211; dass meine Skier im Stehen rutschen, war ich nach den 8 Mattenskigebieten nicht mehr gewohnt. Auch auf der Piste eine \u00dcberraschung: Die Kanten f\u00fchlten sich wie frisch geschliffen an! (Und das nach ca. 50+ Tagen ohne Skiservice)<\/p>\n<p><a href='http:\/\/ski.inmontanis.info\/d\/103934-1\/P1420786.JPG'><img src=http:\/\/ski.inmontanis.info\/d\/103936-3\/P1420786.JPG \/><\/a><br \/>\n^ In der Halle. So guten Kunstschnee hatte ich noch nie unter den F\u00fc\u00dfen. Aber es ist doch ziemlich kalt, hat mit Sommerski nicht mehr wirklich was zu tun &#8230;<\/p>\n<p><a href='http:\/\/ski.inmontanis.info\/d\/103939-1\/P1420789.JPG'><img src=http:\/\/ski.inmontanis.info\/d\/103941-3\/P1420789.JPG \/><\/a><br \/>\n^ Komplette Abfahrt von oben.<\/p>\n<p><a href='http:\/\/ski.inmontanis.info\/d\/103943-1\/P1420791.JPG'><img src=http:\/\/ski.inmontanis.info\/d\/103945-3\/P1420791.JPG \/><\/a><br \/>\n^ Oberer Teil<\/p>\n<p><a href='http:\/\/ski.inmontanis.info\/d\/103947-1\/P1420792.JPG'><img src=http:\/\/ski.inmontanis.info\/d\/103949-3\/P1420792.JPG \/><\/a><br \/>\n^ Unterer Teil<\/p>\n<p><a href='http:\/\/ski.inmontanis.info\/d\/103952-1\/P1420797.JPG'><img src=http:\/\/ski.inmontanis.info\/d\/103954-3\/P1420797.JPG \/><\/a><br \/>\n^ Einstieg 4SB. Von einer schwarzen bzw. schweren Abfahrt hab ich aber nix gesehen, die muss durch eine T\u00fcr nach au\u00dfen gegangen sein, da geht&#8217;s dann allerdings 90\u00b0 abw\u00e4rts :-)<\/p>\n<p>Ziemlich kontr\u00e4r also, das Skifahren Matten vs. Schnee. Zumal der Kunstschnee hier wirklich perfekt griffig war (vielleicht \u00e4ndert sich das ja im Laufe des Tages), nicht so eisig-hart wie im Gebirge! In Haufen hatte er eine Konsistenz \u00e4hnlich von Mehl. <\/p>\n<p>Von der Steilheit ist&#8217;s allerdings wesentlich flacher als die meisten Mattenh\u00e4nge, dadurch dass man irgendwie schneller f\u00e4hrt und weniger laufen muss, kommen einem die 300m, die die Halle haben soll (nicht nachgemessen, da ja in der Halle kein GPS-Empfang) auch nicht wirklich l\u00e4nger als so eine 200m-Mattenpiste vor. Au\u00dferdem war die Piste nicht sehr breit, das Panorama nicht vorhanden bzw. fake und das schlimmste: Eiskalt!! <\/p>\n<p>Zusammenfassend:<br \/>\nMattenskifahren: Oft tolles Pano, mittelm\u00e4\u00dfiges Skifahren, Temperaturm\u00e4\u00dfig zwischen hei\u00df und angenehm k\u00fchl alles m\u00f6glich<br \/>\nHallen(kunstschnee)skifahren: Tolles skifahren, kein Pano, eiskalt.<\/p>\n<p>Falls es irgendwann kein Sommerskifahren am Gletscher mehr gibt, k\u00f6nnt ich mich mit beiden anfreunden, bei den &#8220;richtigen&#8221; Matten und dem richtigen Pano w\u00fcrd ich dann doch Matten bevorzugen.<\/p>\n<p>Was die Mattenskigebiete in England angeht, h\u00e4tte ich eigentlich gedacht, ich w\u00fcrde mehr verschiedene Mattentypen fahren. Irgendwie waren es ja doch nur 3 &#8211; die Schleifen in Llandudno, diese Voll-Fl\u00e4chen-Borsten in Frankreich und hier und da in Funparks und die &#8220;alten&#8221; Standard-Rautenform-Borsten. Dazu von letztem Jahr die Neveplast-Matten. <\/p>\n<p>In Dortmund am Westfalenpark war ich eine Stunde sp\u00e4ter als geplant, jedenfalls ging die 2EUB bzw. der Sessellift (je nach Sichtweise..) und den Fernsehturm bin ich auch noch gefahren. Letzterer im Kombiticket mit Parkeintritt um 3,50 zu haben, die Seilbahn kostet pro Richtung 2,-.<\/p>\n<p><a href='http:\/\/extra.inmontanis.info\/d\/2782-1\/P1420804.JPG'><img src=http:\/\/extra.inmontanis.info\/d\/2783-3\/P1420804.JPG \/><\/a><br \/>\n^ Die 2EUB mit ihren luftigen Kabinen im Dortmunder Westfalenpark<\/p>\n<p><a href='http:\/\/extra.inmontanis.info\/d\/2787-1\/P1420805.JPG'><img src=http:\/\/extra.inmontanis.info\/d\/2788-3\/P1420805.JPG \/><\/a><br \/>\n^ Station am Fernsehturm<\/p>\n<p><a href='http:\/\/extra.inmontanis.info\/d\/2791-1\/P1420809.JPG'><img src=http:\/\/extra.inmontanis.info\/d\/2792-3\/P1420809.JPG \/><\/a><br \/>\n^ Station am Fernsehturm. Man beachte die \u00d6ffnungszeiten, nur Sonntags von 12-17 Uhr<\/p>\n<p><a href='http:\/\/extra.inmontanis.info\/d\/2795-1\/P1420813.JPG'><img src=http:\/\/extra.inmontanis.info\/d\/2796-3\/P1420813.JPG \/><\/a><br \/>\n^ Station am Fernsehturm<\/p>\n<p><a href='http:\/\/extra.inmontanis.info\/d\/2799-1\/P1420816.JPG'><img src=http:\/\/extra.inmontanis.info\/d\/2800-3\/P1420816.JPG \/><\/a><br \/>\n^ Ausfahrt, man beachte die Uhr oben, die die Zeit anzeigt, bis die Gondel abf\u00e4hrt :-)<\/p>\n<p><a href='http:\/\/extra.inmontanis.info\/d\/2803-1\/P1420819.JPG'><img src=http:\/\/extra.inmontanis.info\/d\/2804-3\/P1420819.JPG \/><\/a><br \/>\n^ Auf der Fahrt<\/p>\n<p><a href='http:\/\/extra.inmontanis.info\/d\/2807-1\/P1420821.JPG'><img src=http:\/\/extra.inmontanis.info\/d\/2808-3\/P1420821.JPG \/><\/a><br \/>\n^ Auch eine Zug f\u00e4hrt durch den Park<\/p>\n<p><a href='http:\/\/extra.inmontanis.info\/d\/2811-1\/P1420824.JPG'><img src=http:\/\/extra.inmontanis.info\/d\/2812-3\/P1420824.JPG \/><\/a><br \/>\n^ Auf der Strecke<\/p>\n<p><a href='http:\/\/extra.inmontanis.info\/d\/2815-1\/P1420837.JPG'><img src=http:\/\/extra.inmontanis.info\/d\/2816-3\/P1420837.JPG \/><\/a><br \/>\n^ Ausfahrt an der anderen Station<\/p>\n<p><a href='http:\/\/extra.inmontanis.info\/d\/2819-1\/P1420839.JPG'><img src=http:\/\/extra.inmontanis.info\/d\/2820-3\/P1420839.JPG \/><\/a><br \/>\n^ Endstation<\/p>\n<p><a href='http:\/\/extra.inmontanis.info\/d\/2823-1\/P1420843.JPG'><img src=http:\/\/extra.inmontanis.info\/d\/2824-3\/P1420843.JPG \/><\/a><br \/>\n^ 2EUB mit Fernsehturm<\/p>\n<p><a href='http:\/\/extra.inmontanis.info\/d\/2827-1\/P1420851.JPG'><img src=http:\/\/extra.inmontanis.info\/d\/2828-3\/P1420851.JPG \/><\/a><br \/>\n^ Auf der Strecke<\/p>\n<p><a href='http:\/\/extra.inmontanis.info\/d\/2831-1\/P1420853.JPG'><img src=http:\/\/extra.inmontanis.info\/d\/2832-3\/P1420853.JPG \/><\/a><br \/>\n^ Wieder an der Station am Turm angelangt.<\/p>\n<p><a href='http:\/\/extra.inmontanis.info\/d\/2835-1\/P1420855.JPG'><img src=http:\/\/extra.inmontanis.info\/d\/2836-3\/P1420855.JPG \/><\/a><br \/>\n^ Daten zur Bahn &#8211; die FBM sind hier als Doppelsessel angeschrieben.<\/p>\n<p><a href='http:\/\/extra.inmontanis.info\/d\/2839-1\/P1420857.JPG'><img src=http:\/\/extra.inmontanis.info\/d\/2840-3\/P1420857.JPG \/><\/a><br \/>\n^ Nicht alle Sesselgondeln waren heute auf der Strecke.<\/p>\n<p><a href='http:\/\/extra.inmontanis.info\/d\/2843-1\/P1420859.JPG'><img src=http:\/\/extra.inmontanis.info\/d\/2844-3\/P1420859.JPG \/><\/a><br \/>\n^ Fernsehturm Florian<\/p>\n<p><a href='http:\/\/extra.inmontanis.info\/d\/2847-1\/P1420906.JPG'><img src=http:\/\/extra.inmontanis.info\/d\/2848-3\/P1420906.JPG \/><\/a><br \/>\n^ Panorama vom Fernsehturm<\/p>\n<p><a href='http:\/\/extra.inmontanis.info\/d\/2851-1\/P1420909.JPG'><img src=http:\/\/extra.inmontanis.info\/d\/2852-3\/P1420909.JPG \/><\/a><br \/>\n^ Panorama vom Fernsehturm<\/p>\n<p><a href='http:\/\/extra.inmontanis.info\/d\/2855-1\/P1420869.JPG'><img src=http:\/\/extra.inmontanis.info\/d\/2856-3\/P1420869.JPG \/><\/a><br \/>\n^ Panorama vom Fernsehturm<\/p>\n<p><a href='http:\/\/extra.inmontanis.info\/d\/2859-1\/P1420871.JPG'><img src=http:\/\/extra.inmontanis.info\/d\/2860-3\/P1420871.JPG \/><\/a><br \/>\n^ Panorama vom Fernsehturm<\/p>\n<p><a href='http:\/\/extra.inmontanis.info\/d\/2863-1\/P1420882.JPG'><img src=http:\/\/extra.inmontanis.info\/d\/2864-3\/P1420882.JPG \/><\/a><br \/>\n^ Panorama vom Fernsehturm<\/p>\n<p><a href='http:\/\/extra.inmontanis.info\/d\/2867-1\/P1420888.JPG'><img src=http:\/\/extra.inmontanis.info\/d\/2868-3\/P1420888.JPG \/><\/a><br \/>\n^ Panorama vom Fernsehturm<\/p>\n<p><a href='http:\/\/extra.inmontanis.info\/d\/2871-1\/P1420896.JPG'><img src=http:\/\/extra.inmontanis.info\/d\/2872-3\/P1420896.JPG \/><\/a><br \/>\n^ Panorama vom Fernsehturm<\/p>\n<p>Mich hat echt verwundert, wieviel Gr\u00fcn von hier oben zu sehen ist. &#8220;Man&#8221; denkt immer, dass hier im Ruhrgebiet alles zubetoniert ist. Und dass Dortmund \u00fcber 500.000 Einwohner hat &#8211; das mag man vom Ausblick vom Fernsehturm aus gar nicht glauben!<\/p>\n<p><a href='http:\/\/extra.inmontanis.info\/d\/2875-1\/P1420875.JPG'><img src=http:\/\/extra.inmontanis.info\/d\/2876-3\/P1420875.JPG \/><\/a><br \/>\n^ Zoom zu zig Schornsteinen am Horizont<\/p>\n<p><a href='http:\/\/extra.inmontanis.info\/d\/2879-1\/P1420886.JPG'><img src=http:\/\/extra.inmontanis.info\/d\/2880-3\/P1420886.JPG \/><\/a><br \/>\n^ Zoom in die Stadt<\/p>\n<p><a href='http:\/\/extra.inmontanis.info\/d\/2883-1\/P1420919.JPG'><img src=http:\/\/extra.inmontanis.info\/d\/2884-3\/P1420919.JPG \/><\/a><br \/>\n^ Steht das U da oben f\u00fcr U-Bahn? :-)<\/p>\n<p><a href='http:\/\/extra.inmontanis.info\/d\/2887-1\/P1420915.JPG'><img src=http:\/\/extra.inmontanis.info\/d\/2888-3\/P1420915.JPG \/><\/a><br \/>\n^ Westfalenpark<\/p>\n<p><a href='http:\/\/extra.inmontanis.info\/d\/2891-1\/P1420923.JPG'><img src=http:\/\/extra.inmontanis.info\/d\/2892-3\/P1420923.JPG \/><\/a><br \/>\n^ Westfalenpark von oben vom Fernsehturm<\/p>\n<p><a href='http:\/\/extra.inmontanis.info\/d\/2895-1\/P1420928.JPG'><img src=http:\/\/extra.inmontanis.info\/d\/2896-3\/P1420928.JPG \/><\/a><br \/>\n^ Blick vom Fernsehturm runter zur Seilbahn<\/p>\n<p><a href='http:\/\/extra.inmontanis.info\/d\/2899-1\/P1420930.JPG'><img src=http:\/\/extra.inmontanis.info\/d\/2900-3\/P1420930.JPG \/><\/a><br \/>\n^ Zoom zu Seilbahn vom Fernsehturm<\/p>\n<p>.. und im Film:<br \/>\n<object style=\"height: 500px; width: 900px\"><param name=\"movie\" value=\"http:\/\/www.youtube.com\/v\/E_Y8GM82Vt4\"><\/param><param name=\"wmode\" value=\"transparent\"><\/param><embed src=\"http:\/\/www.youtube.com\/v\/E_Y8GM82Vt4\" type=\"application\/x-shockwave-flash\" wmode=\"transparent\"  width=\"900\" height=\"480\"><\/embed><\/object><\/p>\n<p>Mit kleinem Umweg war noch die 2EUB in Waldeck am Edersee dran, einmal rauf, rauf zur Burg-Aussichts-Terasse und wieder runter. <\/p>\n<p><a href='http:\/\/extra.inmontanis.info\/d\/2904-1\/P1420933.JPG'><img src=http:\/\/extra.inmontanis.info\/d\/2905-3\/P1420933.JPG \/><\/a><br \/>\n^ Talstation 2EUB Waldeck Edersee<\/p>\n<p><a href='http:\/\/extra.inmontanis.info\/d\/2909-1\/P1420935.JPG'><img src=http:\/\/extra.inmontanis.info\/d\/2910-3\/P1420935.JPG \/><\/a><br \/>\n^ Talstation und Strecke<\/p>\n<p><a href='http:\/\/extra.inmontanis.info\/d\/2913-1\/P1420938.JPG'><img src=http:\/\/extra.inmontanis.info\/d\/2914-3\/P1420938.JPG \/><\/a><br \/>\n^ Zoom zur Strecke und den verschiedenen St\u00fctzenvarianten<\/p>\n<p><a href='http:\/\/extra.inmontanis.info\/d\/2917-1\/P1420939.JPG'><img src=http:\/\/extra.inmontanis.info\/d\/2918-3\/P1420939.JPG \/><\/a><br \/>\n^ Lageplan<\/p>\n<p><a href='http:\/\/extra.inmontanis.info\/d\/2921-1\/P1420942.JPG'><img src=http:\/\/extra.inmontanis.info\/d\/2922-3\/P1420942.JPG \/><\/a><br \/>\n^ Talstation<\/p>\n<p><a href='http:\/\/extra.inmontanis.info\/d\/2925-1\/P1430009.JPG'><img src=http:\/\/extra.inmontanis.info\/d\/2926-3\/P1430009.JPG \/><\/a><br \/>\n^ \u00c4hja, interessanter Arbeitsplatz &#8211; wer sitzt da wann?<\/p>\n<p><a href='http:\/\/extra.inmontanis.info\/d\/2929-1\/P1420946.JPG'><img src=http:\/\/extra.inmontanis.info\/d\/2930-3\/P1420946.JPG \/><\/a><br \/>\n^ Talstation \/ Strecke<\/p>\n<p><a href='http:\/\/extra.inmontanis.info\/d\/2933-1\/P1420951.JPG'><img src=http:\/\/extra.inmontanis.info\/d\/2934-3\/P1420951.JPG \/><\/a><br \/>\n^ Oberer Teil der Strecke und Bergstation<\/p>\n<p><a href='http:\/\/extra.inmontanis.info\/d\/2937-1\/P1420953.JPG'><img src=http:\/\/extra.inmontanis.info\/d\/2938-3\/P1420953.JPG \/><\/a><br \/>\n^ Bergstation<\/p>\n<p><a href='http:\/\/extra.inmontanis.info\/d\/2941-1\/P1420957.JPG'><img src=http:\/\/extra.inmontanis.info\/d\/2942-3\/P1420957.JPG \/><\/a><br \/>\n^ Umlauf in der Bergstation<\/p>\n<p><a href='http:\/\/extra.inmontanis.info\/d\/2945-1\/P1420960.JPG'><img src=http:\/\/extra.inmontanis.info\/d\/2946-3\/P1420960.JPG \/><\/a><br \/>\n^ Oberer Streckenteil<\/p>\n<p><a href='http:\/\/extra.inmontanis.info\/d\/2949-1\/P1420962.JPG'><img src=http:\/\/extra.inmontanis.info\/d\/2950-3\/P1420962.JPG \/><\/a><br \/>\n^ Bergstation<\/p>\n<p><a href='http:\/\/extra.inmontanis.info\/d\/2953-1\/P1420973.JPG'><img src=http:\/\/extra.inmontanis.info\/d\/2954-3\/P1420973.JPG \/><\/a><br \/>\n^ Edersee<\/p>\n<p><a href='http:\/\/extra.inmontanis.info\/d\/2957-1\/P1420975.JPG'><img src=http:\/\/extra.inmontanis.info\/d\/2958-3\/P1420975.JPG \/><\/a><br \/>\n^ Edersee<\/p>\n<p><a href='http:\/\/extra.inmontanis.info\/d\/2961-1\/P1420979.JPG'><img src=http:\/\/extra.inmontanis.info\/d\/2962-3\/P1420979.JPG \/><\/a><br \/>\n^ Schloss Waldeck. Eher &#8216;ne Burg als ein Schloss&#8230;<\/p>\n<p><a href='http:\/\/extra.inmontanis.info\/d\/2965-1\/P1420981.JPG'><img src=http:\/\/extra.inmontanis.info\/d\/2966-3\/P1420981.JPG \/><\/a><br \/>\n^ Zoom zu den Schiffen auf dem Edersee<\/p>\n<p><a href='http:\/\/extra.inmontanis.info\/d\/2969-1\/P1420983.JPG'><img src=http:\/\/extra.inmontanis.info\/d\/2970-3\/P1420983.JPG \/><\/a><br \/>\n^ Segelboote<\/p>\n<p><a href='http:\/\/extra.inmontanis.info\/d\/2973-1\/P1420992.JPG'><img src=http:\/\/extra.inmontanis.info\/d\/2974-3\/P1420992.JPG \/><\/a><br \/>\n^ Staumauer<\/p>\n<p><a href='http:\/\/extra.inmontanis.info\/d\/2977-1\/P1420998.JPG'><img src=http:\/\/extra.inmontanis.info\/d\/2978-3\/P1420998.JPG \/><\/a><br \/>\n^ Im Inneren der Kabine. Die Kabinen haben netterweise innen die gleiche Farbe wie au\u00dfen!<\/p>\n<p><a href='http:\/\/extra.inmontanis.info\/d\/2981-1\/P1430003.JPG'><img src=http:\/\/extra.inmontanis.info\/d\/2982-3\/P1430003.JPG \/><\/a><br \/>\n^ Klemme am Seil<\/p>\n<p>.. und im Film:<br \/>\n<object style=\"height: 500px; width: 900px\"><param name=\"movie\" value=\"http:\/\/www.youtube.com\/v\/6syhbtakAvA\"><\/param><param name=\"wmode\" value=\"transparent\"><\/param><embed src=\"http:\/\/www.youtube.com\/v\/6syhbtakAvA\" type=\"application\/x-shockwave-flash\" wmode=\"transparent\"  width=\"900\" height=\"480\"><\/embed><\/object><\/p>\n<p><a href='http:\/\/extra.inmontanis.info\/d\/2993-1\/P1430012.JPG'><img src=http:\/\/extra.inmontanis.info\/d\/2995-3\/P1430012.JPG \/><\/a><br \/>\n^ Um 17 Uhr hie\u00df es endg\u00fcltig Schluss mit dem Urlaub und Heimfahrt antreten &#8230;<\/p>\n<p>Und dann standen um 17:00 Uhr noch 650km Heimfahrt bis Innsbruck auf dem Plan. Nicht wie das Navi erst vorschl\u00e4gt die A7 &#8211; nee, kein Bock auf 2-spurige Autobahn. Lieber via N\u00fcrnberg-M\u00fcnchen. Allerdings war&#8217;s sehr voll, im Bereich W\u00fcrzburg\/Geiselwind bin ich \u00fcber Bamberg ausgewichen, in Greding hab ich eine Staumeldung via Landstra\u00dfe umfahren, einziger Zwischenhalt war eine kurzen Essenspause im Ingolst\u00e4dter KFC (Pommes, Essen und Salat &#8211; alles ist im deutschen KFC besser als in GB, sorry!) &#8211; selbst danach war&#8217;s bis M\u00fcnchen noch sehr voll auf der A9 (nach 21 Uhr!), kein Vergleich zu einem Sonntag Nachmittag (da ists leer) &#8211; und um 23:30 Uhr war der 2. Akt des Sommerurlaubs 2009 zu Ende, ab ins Bett und morgen wieder in die Arbeit. Und dann folgt der 3. Teil: Die Nachbearbeitung &#8230;.<\/p>\n<p><strong>* ENDE *<\/strong><\/p>\n<p>&#8230; und auch die ist jetzt, einen Monat sp\u00e4ter, endlich fertig. Puh!<\/p>\n<p>\u00dcbrigens, Stichwort Linksverkehr &#8211; letzte Woche hatte ich abends doch glatt 2x an einer ungeregelten Kreuzung (und ohne Stra\u00dfenmarkierung) \u00fcberlegen m\u00fcssen, auf welcher Stra\u00dfenseite jetzt der Verkehr herkommen w\u00fcrde und auf welche Seite ich nach dem einbiegen hin muss&#8230;.<\/p>\n","protected":false},"excerpt":{"rendered":"<p>Neuss (Hallenskifahren), Dortmunder Westfalenpark, Waldecker Bergbahn <a href=\"http:\/\/blog.inmontanis.info\/?p=237\">[&#8230;]<\/a><\/p>\n","protected":false},"author":1,"featured_media":0,"comment_status":"open","ping_status":"closed","sticky":false,"template":"","format":"standard","meta":{"footnotes":""},"categories":[23,12,954,273,59,34],"tags":[44,49,45],"class_list":["post-237","post","type-post","status-publish","format-standard","hentry","category-sssss2009","category-germany","category-dortmund","category-neuss","category-nostalgie","category-skifahren-hallenskiing-indoor","tag-2eub","tag-4sb","tag-see","odd"],"_links":{"self":[{"href":"http:\/\/blog.inmontanis.info\/index.php?rest_route=\/wp\/v2\/posts\/237","targetHints":{"allow":["GET"]}}],"collection":[{"href":"http:\/\/blog.inmontanis.info\/index.php?rest_route=\/wp\/v2\/posts"}],"about":[{"href":"http:\/\/blog.inmontanis.info\/index.php?rest_route=\/wp\/v2\/types\/post"}],"author":[{"embeddable":true,"href":"http:\/\/blog.inmontanis.info\/index.php?rest_route=\/wp\/v2\/users\/1"}],"replies":[{"embeddable":true,"href":"http:\/\/blog.inmontanis.info\/index.php?rest_route=%2Fwp%2Fv2%2Fcomments&post=237"}],"version-history":[{"count":5,"href":"http:\/\/blog.inmontanis.info\/index.php?rest_route=\/wp\/v2\/posts\/237\/revisions"}],"predecessor-version":[{"id":8898,"href":"http:\/\/blog.inmontanis.info\/index.php?rest_route=\/wp\/v2\/posts\/237\/revisions\/8898"}],"wp:attachment":[{"href":"http:\/\/blog.inmontanis.info\/index.php?rest_route=%2Fwp%2Fv2%2Fmedia&parent=237"}],"wp:term":[{"taxonomy":"category","embeddable":true,"href":"http:\/\/blog.inmontanis.info\/index.php?rest_route=%2Fwp%2Fv2%2Fcategories&post=237"},{"taxonomy":"post_tag","embeddable":true,"href":"http:\/\/blog.inmontanis.info\/index.php?rest_route=%2Fwp%2Fv2%2Ftags&post=237"}],"curies":[{"name":"wp","href":"https:\/\/api.w.org\/{rel}","templated":true}]}}