{"id":2366,"date":"2013-03-17T00:18:06","date_gmt":"2013-03-16T23:18:06","guid":{"rendered":"http:\/\/blog.inmontanis.info\/?p=2366"},"modified":"2023-08-05T21:40:58","modified_gmt":"2023-08-05T19:40:58","slug":"pertisau-17-3-2013","status":"publish","type":"post","link":"http:\/\/blog.inmontanis.info\/?p=2366","title":{"rendered":"Pertisau (Achensee), 17.3.2013"},"content":{"rendered":"<p>Eigentlich wollte ich am Sonntag, den 17.3.2013, nach K\u00f6ssen fahren. Bzw. war ich auch schon dort, aber als ich ankam, war der Hauptparkplatz schon gesperrt (hatte ich vom Besuch letztes Jahr gar nicht in Erinnerung, dass der so klein sein sollte) und man wurde auf eine anderen Parkplatz umgeleitet.<\/p>\n<p>So weit ich das gesehen hab, h\u00e4tte man von dem Parkplatz aus &#8220;ewig&#8221; gehen m\u00fcssen &#8211; hin und retour. N\u00e4\u00e4h, kein Bock. Wieso ist hier Mitte M\u00e4rz so voll!?<\/p>\n<p>Ok, Suche nach einer Alternative: Was interessiert mich hier in der Gegend, was geh\u00f6rt nicht zu meinen sonst \u00fcblichen Saisonkarten, was hat noch offen, was ist preislich interessant, was nicht zu weit weg ..<\/p>\n<p>Pl\u00f6tzlich fiel mir Pertisau am Achensee ein, das ich schon seit l\u00e4ngerem mal besuchen wollte. Oder anders gesagt, nach \u00fcber 15 Jahren  hab ich&#8217;s endlich nach Pertisau geschafft. <\/p>\n<p>Dort gegen 11 Uhr angekommen, der Parkplatz sehr leer, Parkgeb\u00fchren bezahlt (3,- \u20ac f\u00fcr den ganzen Tag), bekommt man aber beim Kauf des Skipasses wieder zur\u00fcck. Tageskarte kostet 24,- \u20ac, ab 11 Uhr &#8220;nur&#8221; noch 23,- \u20ac.<\/p>\n<p>Was dann kam, hat mich durchaus \u00fcberzeugt. Klar, es ist klein, f\u00fcr einen ganzen Tag grenzwertig klein. Aber ungew\u00f6hnlich. Vielleicht das kurioseste Skigebiet Tirols. Eine GUB, 3 in verschiedenen Richtungen gehende SL (lang und kurz, Teller, B\u00fcgel und gemischt, flach und steil, sogar mit Kurve), zwei Talabfahrten zur GUB (leider beide mit langem und z.T. etwas flachem Skiweg), sowie eine dritte Talabfahrt fast bis zum Seeufer mit Busverbindung zur\u00fcck zur GUB &#8230;<\/p>\n<p>.. und das wichtigste: der beste Blick auf den Achensee, der von dieser Perspektive ausschaut wie ein Fjord in Norwegen. <\/p>\n<p>Die Abfahrten am Kurven-SL, sowie die linken Talabfahrten, haben zudem einige nette Steilh\u00e4nge, die auch nach Mittag noch frisch pr\u00e4parierten Pisten optimal griffig (nur an den Skiwegen leicht bremsig).<\/p>\n<p>Die Talabfahrt zum See war offiziell gesperrt, wurde aber insbesondere von Tourengehern viel befahren. Bin sie nachmittags auch 2x gefahren, nachdem ich mir kurz im Internet den Busfahrplan angeschaut hatte. Wenn die Abfahrt ge\u00f6ffnet ist, fahren die Busse ca. alle 20 Minuten, ansonsten eben der normale (Ski-) Bus von Maurach nach Pertisau ca. alle Stunde. Ist definitiv lohnenswerter als der lange Skiweg.<\/p>\n<p><img src=http:\/\/ski.inmontanis.info\/d\/159509-3\/ge_pertisau2013d.jpg \/><br \/>\n^ GPS-Track. W\u00e4re sogar m\u00f6glich, dass es fr\u00fcher zu ESL-Zeiten vorne runter die eine oder andere offizielle Abfahrt gab, zumindest g\u00e4be es die eine oder andere Schneise &#8230;<\/p>\n<p><img src=http:\/\/ski.inmontanis.info\/d\/159513-3\/ge_pertisau2013a.jpg \/><br \/>\n^ GPS-Track am langen SL, der untere Teil der Abfahrt ist wohl inzwischen auch stillgelegt. Hab ich nicht mal gecheckt, dass die fr\u00fcher noch weiter runter ging, da dort riesige Fangz\u00e4une standen!<\/p>\n<p><img src=http:\/\/ski.inmontanis.info\/d\/159668-2\/DSC03507.jpg \/><br \/>\n^ Talstation GUB und Parkpl\u00e4tze (Geb\u00fchrenpflichtig, wird einem aber an der GUB ersetzt)<\/p>\n<p><img src=http:\/\/ski.inmontanis.info\/d\/159518-3\/DSC03511.jpg \/><br \/>\n^ GUB und Achensee<\/p>\n<p><img src=http:\/\/ski.inmontanis.info\/d\/159522-3\/DSC03517.jpg \/><br \/>\n^ GUB und Achensee<\/p>\n<p><img src=http:\/\/ski.inmontanis.info\/d\/159526-3\/DSC07722.jpg \/><br \/>\n^ Achensee in IR<\/p>\n<p><img src=http:\/\/ski.inmontanis.info\/d\/159530-3\/DSC03522.jpg \/><br \/>\n^ Vierlingsst\u00fctze und Achensee<\/p>\n<p><img src=http:\/\/ski.inmontanis.info\/d\/159534-3\/DSC03524.jpg \/><br \/>\n^ Abfahrt 1 von der GUB zum langen SL bzw. rechte Talabfahrt<\/p>\n<p><img src=http:\/\/ski.inmontanis.info\/d\/159538-3\/DSC03526.jpg \/><br \/>\n^ Die beiden (hier leider stark modellierten) Varianten der Abfahrt 1 mit Talstation SL Zw\u00f6lferkopf. Ins Tal gehts gerade aus am SL weiter, folgt aber fast nur noch Skiweg. Lt. Sat-Bild ginge von hier aus rechts der Hang zur Talabfahrt weiter, dieser ist aber leider komplett mit Fangz\u00e4unen abgesperrt (und vmtl. aufgeforstet?).<\/p>\n<p><img src=http:\/\/ski.inmontanis.info\/d\/159542-3\/DSC03527.jpg \/><br \/>\n^ Im SL Zw\u00f6lferkopf kurz unterhalb Zwischeneinstieg und Kurve. Ging hier fr\u00fcher der SL gerade weiter? Der SL hat \u00fcbrigens zu ca. 1\/4 bis 1\/3 Tellergeh\u00e4nge!<\/p>\n<p><img src=http:\/\/ski.inmontanis.info\/d\/159546-3\/DSC03528.jpg \/><br \/>\n^ Teller-SL Joch, mit dem k\u00e4me man zur\u00fcck zur GUB-Bergstation.<\/p>\n<p><img src=http:\/\/ski.inmontanis.info\/d\/159550-3\/DSC03530.jpg \/><br \/>\n^ SL Zw\u00f6lferkopf, ganz sch\u00f6n steil hier oben.<\/p>\n<p><img src=http:\/\/ski.inmontanis.info\/d\/159554-3\/DSC03531.jpg \/><br \/>\n^ Abfahrt 1 am SL Zw\u00f6lferkopf, rechts die Variante von der GUB-Bergstation aus kommend<\/p>\n<p><img src=http:\/\/ski.inmontanis.info\/d\/159558-3\/DSC03532.jpg \/><br \/>\n^ Abfahrt 1 am SL Zw\u00f6lferkopf<\/p>\n<p><img src=http:\/\/ski.inmontanis.info\/d\/159562-3\/DSC03533.jpg \/><br \/>\n^ SL Grat (von LST, ersetzte vor kurzem einen Seillift und f\u00e4hrt genau so langsam) erschlie\u00dft eine flache \u00dcbungspiste und ist auch der Zubringer zu den linken Talabfahrten<\/p>\n<p><img src=http:\/\/ski.inmontanis.info\/d\/159566-3\/DSC03535.jpg \/><br \/>\n^ Am SL Grat kann man auch zum See (Maurach) runter schauen.<\/p>\n<p><img src=http:\/\/ski.inmontanis.info\/d\/159570-3\/DSC03534.jpg \/><br \/>\n^ SL Grat und Start der linken Talabfahrten (hier ist etwas Schieben angesagt)<\/p>\n<p><img src=http:\/\/ski.inmontanis.info\/d\/159574-3\/DSC03536.jpg \/><br \/>\n^ Auf der Abfahrt 6-7. Komisch, dass der Gegenhang hier pr\u00e4pariert wird. Aber so kann man sch\u00f6n in Schuss fahren und es dann nach oben auslaufen lassen, bevor man links den Skiweg zum n\u00e4chsten Abfahrtshang nimmt, macht ja auch Spa\u00df :)<\/p>\n<p><img src=http:\/\/ski.inmontanis.info\/d\/159578-3\/DSC03537.jpg \/><br \/>\n^ Mal wieder ein Blick zum Achenfjord \u00e4h Achensee<\/p>\n<p>Ich versuch mal etwas zu ergr\u00fcnden, warum der See hier wie ein norwegischer Fjord ausschaut, ich meine folgende \u00c4hnlichkeiten zu sehen:<br \/>\n&#8211; nicht zugefroren, trotzdem Schnee am Ufer<br \/>\n&#8211; schmales, schl\u00e4ngelndes Tal<br \/>\n&#8211; nur sp\u00e4rlich bewohntes Seeufer<br \/>\n&#8211; \u00e4hnliche H\u00f6henmeterdifferenz zwischen See und Berg<br \/>\n&#8211; \u00e4hnliche H\u00f6henmeterdifferenz zwischen See und Baumgrenze<\/p>\n<p><img src=http:\/\/ski.inmontanis.info\/d\/159582-3\/DSC03538.jpg \/><br \/>\n^ Paradehang der Abfahrt 6-7 mit Fjord, \u00e4h See-Blick.<\/p>\n<p><img src=http:\/\/ski.inmontanis.info\/d\/159586-3\/DSC07726.jpg \/><br \/>\n^ .. und in IR<\/p>\n<p><img src=http:\/\/ski.inmontanis.info\/d\/159590-3\/DSC03539.jpg \/><br \/>\n^ Gleicher Hang, aber von unten betrachtet, ist aber steiler als er hier wirkt. Pistenzustand um 12 Uhr!<br \/>\n(Da links oben g\u00e4be es auch noch ein paar nette H\u00e4nge mit nettem See-Pano, die man erschlie\u00dfen k\u00f6nnte&#8230;)<\/p>\n<p><img src=http:\/\/ski.inmontanis.info\/d\/159594-3\/DSC03540.jpg \/><br \/>\n^ Abzweigung Abfahrt 7 (Skiweg rechts) und 6 (links), wobei sich die linke Abfahrt unten auch noch mal teilt, wo der Skiweg links zur\u00fcck zur Talstation f\u00fchrt und man alternativ im schmalen Graben zur Abfahrt 7 kommt.<\/p>\n<p><img src=http:\/\/ski.inmontanis.info\/d\/159598-3\/DSC03541.jpg \/><br \/>\n^ Skiweg der Abfahrt 6 zur\u00fcck zur Talstation mit tollem See-Blick. Leider ist der Weg stellenweise etwas arg flach, ohne Schieben geht&#8217;s wohl selten.<\/p>\n<p><img src=http:\/\/ski.inmontanis.info\/d\/159602-3\/DSC03542.jpg \/><br \/>\n^ Einer der SL im Talbereich (lt. Plan vmtl. nicht im Skipass drin?!)<\/p>\n<p><img src=http:\/\/ski.inmontanis.info\/d\/159606-3\/DSC03544.jpg \/><br \/>\n^ Blick zum Achensee nahe der GUB-Bergstation. So schad, dass hier keine direktere, steile Buckelpistenabfahrt (mehr?) runter geht &#8230;<\/p>\n<p><img src=http:\/\/ski.inmontanis.info\/d\/159610-3\/DSC03545.jpg \/><br \/>\n^ Alle 3 SL<\/p>\n<p><img src=http:\/\/ski.inmontanis.info\/d\/159614-3\/DSC03548.jpg \/><br \/>\n^ GUB und See<\/p>\n<p><img src=http:\/\/ski.inmontanis.info\/d\/159618-3\/DSC03549.jpg \/><br \/>\n^ GUB und Achensee<\/p>\n<p><img src=http:\/\/ski.inmontanis.info\/d\/159622-3\/DSC03550.jpg \/><br \/>\n^ Ex-ESL-Trasse, hier fahren auch einige ab, ebenso unter der GUB. Mir etwas zu steil &#8211; und eh etwas zu schneearm gewesen. Glaub die ESL-Trasse k\u00f6nnte leichter sein, im unteren Bereich k\u00f6nnt es da auch noch eine Umfahrung geben, sah von der GUB betrachtet so ein bi\u00dfchen nach alter schmaler Abfahrt aus?<\/p>\n<p><img src=http:\/\/ski.inmontanis.info\/d\/159626-3\/DSC03552.jpg \/><br \/>\n^ Auf der Abfahrt 7 (Breitlahner), offiziell geschlossen und daher unpr\u00e4pariert<\/p>\n<p><img src=http:\/\/ski.inmontanis.info\/d\/159672-2\/DSC03554.jpg \/><br \/>\n^ &#8230; lie\u00df sich aber trotzdem gut fahren. Keine Ahnung, warum die gesperrt war.<\/p>\n<p><img src=http:\/\/ski.inmontanis.info\/d\/159631-3\/DSC03562.jpg \/><br \/>\n^ Abfahrt 7, sehr nett.<\/p>\n<p><img src=http:\/\/ski.inmontanis.info\/d\/159635-3\/DSC03560.jpg \/><br \/>\n^ Ab hier schl\u00e4ngelt sich die Abfahrt 7 noch etwas durch den Wald &#8230;.<\/p>\n<p><img src=http:\/\/ski.inmontanis.info\/d\/159639-3\/DSC03582.jpg \/><br \/>\n^ &#8230; bis man quasi direkt am See rauskommt!<\/p>\n<p><img src=http:\/\/ski.inmontanis.info\/d\/159643-3\/DSC03568.jpg \/><br \/>\n^ Ende der Abfahrt 7 direkt am Achenseeufer. (Perti)saugeil!<\/p>\n<p><img src=http:\/\/ski.inmontanis.info\/d\/159676-2\/DSC03570.jpg \/><br \/>\n^ Ski and Surf ;-) (Das Schild verr\u00e4t uns: Links abzweigen und \u00fcber die Wiese weiter und erst an der anderen Seite des Gasthauses zur Stra\u00dfe, direkt gegen\u00fcber ist dann die Bushaltestelle)<\/p>\n<p><img src=http:\/\/ski.inmontanis.info\/d\/159648-3\/DSC03571.jpg \/><br \/>\n^ Die Bushaltestelle ist direkt am See &#8211; da kann man noch ein paar Fotos machen &#8230; (egtl. hat man hier sogar mit das beste See-Pano)<\/p>\n<p><img src=http:\/\/ski.inmontanis.info\/d\/159652-3\/DSC03572.jpg \/><br \/>\n^ Der Achensee<\/p>\n<p><img src=http:\/\/ski.inmontanis.info\/d\/159656-3\/DSC03573.jpg \/><br \/>\n^ Achensee<\/p>\n<p><img src=http:\/\/ski.inmontanis.info\/d\/159660-3\/DSC03575.jpg \/><br \/>\n^ Wieder auf der Abfahrt 6, links geht der Skiweg zur Talstation, gerade aus geht&#8217;s zur Abfahrt 7 und dem See.<\/p>\n<p><img src=http:\/\/ski.inmontanis.info\/d\/159664-3\/DSC03581.jpg \/><br \/>\n^ .. umgekehrter Blick; hier sollte man auf den Bach links aufpassen &#8230;<\/p>\n<p>Fazit: Irgendwie schade, dass ich hier nicht schon fr\u00fcher hergefunden habe, wird aber sicher nicht mein letztes Mal gewesen sein. Eine (offizielle) Skiabfahrt so nah zu einem im Winter nicht zugefrorenen See\/Fjord\/Meer gibt es &#8211; selbst wenn man Norwegen mit einbezieht &#8211; nur sehr, sehr selten! Meine Entscheidung in K\u00f6ssen, wieder umzukehren, war absolut richtig.<\/p>\n","protected":false},"excerpt":{"rendered":"<p>Eigentlich wollte ich am Sonntag, den 17.3.2013, nach K\u00f6ssen fahren. Bzw. war ich auch schon dort, aber als ich ankam, war der Hauptparkplatz schon gesperrt (hatte ich vom Besuch letztes Jahr gar nicht in Erinnerung, dass der so klein sein sollte) und man wurde auf eine anderen Parkplatz umgeleitet.<\/p>\n<p>So weit ich das gesehen hab, <a href=\"http:\/\/blog.inmontanis.info\/?p=2366\">[&#8230;]<\/a><\/p>\n","protected":false},"author":1,"featured_media":0,"comment_status":"open","ping_status":"closed","sticky":false,"template":"","format":"standard","meta":{"footnotes":""},"categories":[24,13,852,27],"tags":[83,90,45,47],"class_list":["post-2366","post","type-post","status-publish","format-standard","hentry","category-tagestour","category-austria","category-pertisau-achensee","category-skifahren-winterskiing-winter","tag-gub","tag-infrarot","tag-see","tag-sl","odd"],"_links":{"self":[{"href":"http:\/\/blog.inmontanis.info\/index.php?rest_route=\/wp\/v2\/posts\/2366","targetHints":{"allow":["GET"]}}],"collection":[{"href":"http:\/\/blog.inmontanis.info\/index.php?rest_route=\/wp\/v2\/posts"}],"about":[{"href":"http:\/\/blog.inmontanis.info\/index.php?rest_route=\/wp\/v2\/types\/post"}],"author":[{"embeddable":true,"href":"http:\/\/blog.inmontanis.info\/index.php?rest_route=\/wp\/v2\/users\/1"}],"replies":[{"embeddable":true,"href":"http:\/\/blog.inmontanis.info\/index.php?rest_route=%2Fwp%2Fv2%2Fcomments&post=2366"}],"version-history":[{"count":4,"href":"http:\/\/blog.inmontanis.info\/index.php?rest_route=\/wp\/v2\/posts\/2366\/revisions"}],"predecessor-version":[{"id":9193,"href":"http:\/\/blog.inmontanis.info\/index.php?rest_route=\/wp\/v2\/posts\/2366\/revisions\/9193"}],"wp:attachment":[{"href":"http:\/\/blog.inmontanis.info\/index.php?rest_route=%2Fwp%2Fv2%2Fmedia&parent=2366"}],"wp:term":[{"taxonomy":"category","embeddable":true,"href":"http:\/\/blog.inmontanis.info\/index.php?rest_route=%2Fwp%2Fv2%2Fcategories&post=2366"},{"taxonomy":"post_tag","embeddable":true,"href":"http:\/\/blog.inmontanis.info\/index.php?rest_route=%2Fwp%2Fv2%2Ftags&post=2366"}],"curies":[{"name":"wp","href":"https:\/\/api.w.org\/{rel}","templated":true}]}}