{"id":2317,"date":"2013-02-19T23:04:15","date_gmt":"2013-02-19T22:04:15","guid":{"rendered":"http:\/\/blog.inmontanis.info\/?p=2317"},"modified":"2023-08-04T19:32:53","modified_gmt":"2023-08-04T17:32:53","slug":"savin-kuk-zabljak-19-2-2013-roots","status":"publish","type":"post","link":"http:\/\/blog.inmontanis.info\/?p=2317","title":{"rendered":"Savin Kuk (\u017dabljak), 19.2.2013 &#8211; Roots!"},"content":{"rendered":"<p><strong>S\u00fcdosteuropa 2013, Tag 5: Savin Kuk (\u017dabljak), Montenegro<br \/>\nDi, 19.2.2013<\/strong><\/p>\n<p>Einige Sonnenstrahlen weckten mich eine halbe Stunde vor meinem Wecker, Trinc zog es vor, l\u00e4nger zu schlafen, Fr\u00fchst\u00fccksbuffet gab es keines &#8211; nur a la Card, was den Umfang und die Variation leider ziemlich einschr\u00e4nkt &#8211; aber die Zeitdauer trotzdem nicht verk\u00fcrzt. <!--more--><\/p>\n<p>Scheckkarten-Schl\u00fcssel im Hotel st\u00f6ren mich ja bei Einzelzimmer schon, da dann w\u00e4hrend des Abendessens kein Strom ist (und somit weder Schuhtrockner noch eventuelle Ladeger\u00e4te noch Stromheizungen\/Klimaanlage laufen). Wenn man aber zu zweit in einem Doppelzimmer ist, gibt&#8217;s noch weitere Gr\u00fcnde dagegen: Will einer l\u00e4nger schlafen und der andere fr\u00fcher Fr\u00fchst\u00fccken, hat entweder derjenige beim Fr\u00fchst\u00fccken keinen Schl\u00fcssel oder der andere kein Licht im Bad. Oder auch im umgekehrten Fall, will einer fr\u00fcher schlafen gehen und der andere abends noch l\u00e4nger weg bleiben: Wie soll man das l\u00f6sen?!<\/p>\n<p>Bis wir aus dem Haus kamen, war es ca. 9:30 und strahlender Sonnenschein. Allerdings hatten wir \u00fcber eine Stunde Fahrzeit bis \u017dabljak, und das Wetter wurde immer schlechter, im Skigebiet selbst dann den ganzen Tag Nebel :-(<\/p>\n<p><img src=http:\/\/extra.inmontanis.info\/d\/16238-2\/ge_suedosteuropa9.jpg \/><br \/>\n^E: \u017dabljak<\/p>\n<p>(Fotos anklicken zum Vergr\u00f6\u00dfern, soweit nicht vergr\u00f6\u00dfert gepostet.)<\/p>\n<p><a href='http:\/\/extra.inmontanis.info\/d\/16150-2\/DSC00856.jpg'><img src=http:\/\/extra.inmontanis.info\/d\/16148-3\/DSC00856.jpg \/><\/a><br \/>\n^ Nik\u0161i\u0107, Ausblick vom Hotel<\/p>\n<p>Die Fahrt nach \u017dabljak war dank neuer Stra\u00dfe aber relativ unproblematisch. Abgesehen davon, dass wir wie gestern schon einige Male, von einer Polizeistreife angehalten wurden. Nicht wg. irgendwelcher Fehler, nein, die wollen dann nur spielen &#8211; \u00e4h, evtl. die Papiere sehen bzw. fragen ob alles in Ordnung sei und so.<\/p>\n<p>Stellenweise liegt hier schon viel Schnee. Krass war die Zufahrt zur Talstation des Skigebiets &#8211; einspurig mit z.T. >2m hohen Schneew\u00e4llen!<\/p>\n<p><a href='http:\/\/extra.inmontanis.info\/d\/16154-2\/DSC00857.jpg'><img src=http:\/\/extra.inmontanis.info\/d\/16152-3\/DSC00857.jpg \/><\/a><br \/>\n^ In der N\u00e4he von Nik\u0161i\u0107<\/p>\n<p><img src=http:\/\/extra.inmontanis.info\/d\/16158-2\/DSC00858.jpg \/><br \/>\n^ Zwischen Nik\u0161i\u0107 und \u017dabljak, nette Landschaft. <\/p>\n<p><img src=http:\/\/extra.inmontanis.info\/d\/16162-2\/DSC00859.jpg \/><br \/>\n^ Sonne pur! Verspricht ja ein sch\u00f6ner Skitag zu werden &#8230;<\/p>\n<p><img src=http:\/\/extra.inmontanis.info\/d\/16166-2\/DSC00861.jpg \/><br \/>\n^ Zwischen Nik\u0161i\u0107 und \u017dabljak <\/p>\n<p><img src=http:\/\/extra.inmontanis.info\/d\/16170-2\/DSC00862.jpg \/><br \/>\n^ Zwischen Nik\u0161i\u0107 und \u017dabljak <\/p>\n<p><a href='http:\/\/extra.inmontanis.info\/d\/16174-2\/DSC00864.jpg'><img src=http:\/\/extra.inmontanis.info\/d\/16172-3\/DSC00864.jpg \/><\/a><br \/>\n^ .. das erkl\u00e4rt, warum die Stra\u00dfe auf dem Sat-Bild pl\u00f6tzlich aufh\u00f6rt ;)<\/p>\n<p><a href='http:\/\/extra.inmontanis.info\/d\/16178-2\/DSC00870.jpg'><img src=http:\/\/extra.inmontanis.info\/d\/16176-3\/DSC00870.jpg \/><\/a><br \/>\n^ Bei Mokro, wie es scheint.<\/p>\n<p><a href='http:\/\/extra.inmontanis.info\/d\/16182-2\/DSC00874.jpg'><img src=http:\/\/extra.inmontanis.info\/d\/16180-3\/DSC00874.jpg \/><\/a><br \/>\n^ \u0161avnik<\/p>\n<p><a href='http:\/\/extra.inmontanis.info\/d\/16186-2\/DSC00876.jpg'><img src=http:\/\/extra.inmontanis.info\/d\/16184-3\/DSC00876.jpg \/><\/a><br \/>\n^ Neue Stra\u00dfe von Savnik nach \u017dabljak <\/p>\n<p><img src=http:\/\/extra.inmontanis.info\/d\/16190-2\/DSC00879.jpg \/><br \/>\n^ Zwischen Savnik und \u017dabljak <\/p>\n<p><img src=http:\/\/extra.inmontanis.info\/d\/16194-2\/DSC00881.jpg \/><br \/>\n^ Interessanter Wirbel da am Berg<\/p>\n<p><a href='http:\/\/extra.inmontanis.info\/d\/16198-2\/DSC00887.jpg'><img src=http:\/\/extra.inmontanis.info\/d\/16196-3\/DSC00887.jpg \/><\/a><br \/>\n^ Paar Minuten vor \u017dabljak <\/p>\n<p><img src=http:\/\/extra.inmontanis.info\/d\/16202-2\/DSC00890.jpg \/><br \/>\n^ Kurz vor \u017dabljak <\/p>\n<p>Die Stra\u00dfe, an der man abzweigen musste, war gut ausgeschildert. Wobei die anderen Zufahrten ja im Winter alle nicht fahrbar sind, weil nicht ger\u00e4umt :)<\/p>\n<p><img src=http:\/\/ski.inmontanis.info\/d\/158414-2\/DSC00892.jpg \/><br \/>\n^ Moti\u010dki Gaj, Zufahrt zum Skigebiet Zabljak \/ Savin Kuk<\/p>\n<p><img src=http:\/\/ski.inmontanis.info\/d\/158418-2\/DSC00893.jpg \/><br \/>\n^ Schneemangel hat&#8217;s da heuer nicht!<\/p>\n<p><img src=http:\/\/ski.inmontanis.info\/d\/158422-2\/DSC00895.jpg \/><br \/>\n^ Echt abenteuerlich, diese Stra\u00dfe! Solche Stra\u00dfen hat man in den Alpen maximal bei Lawinenabg\u00e4ngen &#8230;.<\/p>\n<p><img src=http:\/\/ski.inmontanis.info\/d\/158426-2\/DSC00896.jpg \/><br \/>\n^ Schneewallstra\u00dfe<\/p>\n<p><img src=http:\/\/ski.inmontanis.info\/d\/158430-2\/DSC00897.jpg \/><br \/>\n^ Ah, da hinten kommt endlich das Skigebiet Savin Kuk in Sichtweite. Die Stra\u00dfe f\u00e4hrt dort allerdings alles andere als direkt hin ;-)<\/p>\n<p><img src=http:\/\/ski.inmontanis.info\/d\/158434-2\/DSC00898.jpg \/><br \/>\n^ .. die macht erst mal einen gro\u00dfen Bogen. Wenn man nicht ab und zu ein Haus sehen w\u00fcrde, w\u00fcrde man meinen, das R\u00e4umfahrzeug w\u00e4r halt irgendwo kreuz und quer rumgefahren ;-)<\/p>\n<p><a href='http:\/\/ski.inmontanis.info\/d\/158438-2\/DSC00903.jpg'><img src=http:\/\/ski.inmontanis.info\/d\/158437-3\/DSC00903.jpg \/><\/a><br \/>\n^ Einfahrt zum geb\u00fchrenpflichtigen Parkplatz<\/p>\n<p><a href='http:\/\/ski.inmontanis.info\/d\/158442-2\/DSC00904.jpg'><img src=http:\/\/ski.inmontanis.info\/d\/158441-3\/DSC00904.jpg \/><\/a><br \/>\n^ Parkplatz<\/p>\n<p>Tageskarte um 15,- \u20ac gekauft und in die DSB eingestiegen. Anstatt Absperrungen und Zugangsschranken gibt&#8217;s hier einfach nur 3 (Stra\u00dfen-) H\u00fctchen, die den Einstieg etwas kanalisieren. Rooooots :)<\/p>\n<p>Die DSB hat eine Mittelstation, die auch besetzt war. Wir hofften, wir k\u00f6nnen weiter rauf. Zum Mitarbeiter r\u00fcbergekuckt, ich genickt, er gegrinst, weiter gefahren.<\/p>\n<p>Oben an der Bergstation angekommen die totale \u00dcberraschung f\u00fcr uns &#8211; die Station ist wohl unbesetzt, keine Video\u00fcberwachung, keine Pistenschilder, keine Pistenbegrenzungen, keine Pistenpr\u00e4parierung, dichter Nebel &#8211; wir wussten gar nicht, wo wir jetzt weiter sollten.<\/p>\n<p>2 Spuren gingen rechts der DSB hinab, ich hatte aber irgendwie vom Pistenplan im Kopf, dass die Abfahrt eigentlich links in so einen Graben gehen sollte. Nachdem wir etwas planlos hin- und hergewatschelt sind, kam ein Skifahrer mit der DSB rauf. Supi, den folgen wir jetzt. Oder auch nicht &#8211; denn der war genauso ratlos wie wir&#8230;<\/p>\n<p>Wir entschieden uns dann doch, den 2 Spuren, die an der DSB runter sind, zu folgen und tasteten uns vorsichtig abw\u00e4rts durch das steile Gel\u00e4nde, der 3. Mann folgte uns (schien aber mit den Schneeverh\u00e4ltnissen etwas \u00fcberfordet gewesen zu sein). Ob diese steilen Abfahrten hier und heute, bei derzeit 2-3m Schnee inkl. Neuschnee, lawinentechnisch so unproblematisch waren &#8230; ist wohl auch fraglich!<\/p>\n<p>Danach ging&#8217;s zum rechten SL, ein verbastelter Graffer-Lift, wie der andere, der wohl nur am WE l\u00e4uft, auch. Kurios ist ja, dass die Niederhalter bei beiden Graffer-SL Poma-St\u00fctzen mit z.T. gro\u00dfen Seilrollen sind :) Aber nett: Sehr bunt, verschiedenfarbige St\u00fctzen, auch die Geh\u00e4nge und B\u00fcgel, alles kreuz und quer gef\u00e4rbt.<\/p>\n<p>Bei der 2. DSB-Fahrt wollten wir die Piste links der DSB checken, die (breite) Rinne (bzw. Graben). Die kommt ja egtl. als Verl\u00e4ngerung von der 2. Sektion DSB runter. War im Nebel auch nicht so einfach zu finden, da wir die ersten seit dem Schneefall waren. War auch ziemlich steil im oberen Bereich, und 100%ig sicher, ob wir \u00fcberhaupt r\u00fcber kamen, waren wir auch nicht. H\u00e4tte ja sein k\u00f6nnen, dass die nur von der Bergstation der 2. Sektion aus fahrbar ist. Ging dann aber doch alles recht problemlos. <\/p>\n<p>Bei der 3. DSB-Fahrt bis oben (zwischendrin sind wir auch mal nur bis zur Mittelstation) sind wir nochmal die Variante direkt an der DSB runter. Inzwischen waren einige Leute mehr gefahren, so dass die Routenwahl einfacher war. Dennoch, ganz blind durfte man im Nebel dort nicht fahren, einige absch\u00fcssige Felskanten gibt&#8217;s ja doch.<\/p>\n<p>Nach Mittag kehrten wir in eines der Restaurants ein &#8211; und, wie soll&#8217;s auch anders sein: Auch Briten sind heute im Skigebiet :) Die sind auch \u00fcberall. Wenn&#8217;s irgendwelche Ausl\u00e4nder au\u00dfer mir in irgendwelchen Gebieten gibt, dann Engl\u00e4nder ;-)<\/p>\n<p>Um 15:30 waren wir erneut mit der DSB an der Mittelstation und mussten aussteigen, die Sessel wurden bereits hochgeklappt. Dank Trincerones zureden durften wir aber doch noch mal bis rauf, die Sicht war jetzt am besten. Auch hat man jetzt endlich die 2. DSB-Sektion gesehen, und die machte den Eindruck, dass sie heuer noch nicht in Betrieb war. Also auch nicht am Wochenende. Gut, dann haben wir somit wenigstens nichts verpasst. <\/p>\n<p>Abfahrtsm\u00e4\u00dfig sind wir diesmal in Verl\u00e4ngerung der DSB runter. Auf einigen Winterbildern gibt&#8217;s hier ja einige Felsriegel und Mulden, bei uns war es quasi eine durchgehende Fl\u00e4che. Muss schon echt viel Schnee liegen. Allerdings ziemlich steil.<\/p>\n<p><img src=http:\/\/ski.inmontanis.info\/d\/158446-2\/DSC00948.jpg \/><br \/>\n^ Pistenplan; glaub das rechte Skigebiet ist stillgelegt. Wir waren im linken, wobei der linke SL mit der roten Abfahrt zumindest dort nicht existiert.<\/p>\n<p><a href='http:\/\/ski.inmontanis.info\/d\/158450-2\/DSC01039.jpg'><img src=http:\/\/ski.inmontanis.info\/d\/158449-3\/DSC01039.jpg \/><\/a><br \/>\n^ Skipass (Papierkarte)<\/p>\n<p><img src=http:\/\/ski.inmontanis.info\/d\/158454-2\/ge-zabljak.jpg \/><br \/>\n^ GPS-Track<\/p>\n<p><img src=http:\/\/ski.inmontanis.info\/d\/158458-2\/DSC00907.jpg \/><br \/>\n^ Talstation der DSB. Ob der Auspuff serienm\u00e4\u00dfig ist? :)<\/p>\n<p><img src=http:\/\/ski.inmontanis.info\/d\/158462-2\/DSC00909.jpg \/><br \/>\n^ Einstieg zur DSB. Schranken? Absperrungen? 3 H\u00fctchen tun&#8217;s auch! :)<\/p>\n<p><a href='http:\/\/ski.inmontanis.info\/d\/158466-2\/DSC00911.jpg'><img src=http:\/\/ski.inmontanis.info\/d\/158465-3\/DSC00911.jpg \/><\/a><br \/>\n^ In der DSB<\/p>\n<p><a href='http:\/\/ski.inmontanis.info\/d\/158470-2\/DSC00916.jpg'><img src=http:\/\/ski.inmontanis.info\/d\/158469-3\/DSC00916.jpg \/><\/a><br \/>\n^ .. zuf\u00e4llig hatten wir bei unserer ersten Fahrt den Sessel mit der Nummer 1 erwischt ;-)<\/p>\n<p><img src=http:\/\/ski.inmontanis.info\/d\/158474-2\/DSC00918.jpg \/><br \/>\n^ DSB Sektion 1 mit Blick zum Zwischenausstieg; links der KSSL und rechts der SL waren nicht in Betrieb.<\/p>\n<p><img src=http:\/\/ski.inmontanis.info\/d\/158478-2\/DSC00920.jpg \/><br \/>\n^ Blick von der DSB zu den beiden SL, der vordere lief heut nicht. Besonderheit: beide SL haben als Niederhalter jeweils Poma-St\u00fctzen, hier sogar mit gro\u00dfen Rollen ;-)<\/p>\n<p><a href='http:\/\/ski.inmontanis.info\/d\/158482-2\/DSC00922.jpg'><img src=http:\/\/ski.inmontanis.info\/d\/158481-3\/DSC00922.jpg \/><\/a><br \/>\n^ Bergstation DSB<\/p>\n<p><a href='http:\/\/ski.inmontanis.info\/d\/158486-2\/DSC00923.jpg'><img src=http:\/\/ski.inmontanis.info\/d\/158485-3\/DSC00923.jpg \/><\/a><br \/>\n^ Hm. Kommt man hier zur Abfahrt? Keine Spuren, keine Schilder, keine Sicht. Mist.<\/p>\n<p><img src=http:\/\/ski.inmontanis.info\/d\/158490-2\/DSC00924.jpg \/><br \/>\n^ Ausstieg DSB Sektion 1. Absperrungen? \u00dcberwachung? Liftpersonal? Fehlanzeige :)<\/p>\n<p><a href='http:\/\/ski.inmontanis.info\/d\/158601-2\/DSC00925.jpg'><img src=http:\/\/ski.inmontanis.info\/d\/158600-3\/DSC00925.jpg \/><\/a><br \/>\n^ Wir sind dann nahe der St\u00fctzen der DSB abgefahren. Wobei man auch hier nicht \u00fcberall fahren kann&#8230;.<\/p>\n<p><a href='http:\/\/ski.inmontanis.info\/d\/158495-2\/DSC00926.jpg'><img src=http:\/\/ski.inmontanis.info\/d\/158494-3\/DSC00926.jpg \/><\/a><br \/>\n^ Nach dem ersten Steilhang ging&#8217;s ein bi\u00dfchen ruhiger zu, bevor es wieder einige steile H\u00e4nge gab ..<\/p>\n<p><a href='http:\/\/ski.inmontanis.info\/d\/158499-2\/DSC00928.jpg'><img src=http:\/\/ski.inmontanis.info\/d\/158498-3\/DSC00928.jpg \/><\/a><br \/>\n^ Hm. Kommt man hier runter oder wartet da eine Absturzkante?<\/p>\n<p><a href='http:\/\/ski.inmontanis.info\/d\/158503-2\/DSC00930.jpg'><img src=http:\/\/ski.inmontanis.info\/d\/158502-3\/DSC00930.jpg \/><\/a><br \/>\n^ Mittelstation der DSB<\/p>\n<p><a href='http:\/\/ski.inmontanis.info\/d\/158507-2\/DSC00932.jpg'><img src=http:\/\/ski.inmontanis.info\/d\/158506-3\/DSC00932.jpg \/><\/a><br \/>\n^ Unterer Streckenteil, leider folgt nach dem fahrbaren Hang ein langes Flachst\u00fcck.<\/p>\n<p><img src=http:\/\/ski.inmontanis.info\/d\/158511-2\/DSC00934.jpg \/><br \/>\n^ Bunter SL. Gelbe St\u00fctzen, blaue St\u00fctzen, gr\u00fcne St\u00fctzen, Graffer-St\u00fctzen, Poma-St\u00fctzen, selbst die Geh\u00e4ngearme sind bunt, geniales Gebastel :)<\/p>\n<p><img src=http:\/\/ski.inmontanis.info\/d\/158515-2\/DSC00936.jpg \/><br \/>\n^ Talstationen und Parkplatz<\/p>\n<p><img src=http:\/\/ski.inmontanis.info\/d\/158519-2\/DSC00942.jpg \/><br \/>\n^ Der k\u00fcrzere SL war in Betrieb und ist nicht weniger bunt<\/p>\n<p><img src=http:\/\/ski.inmontanis.info\/d\/158523-2\/DSC00951.jpg \/><br \/>\n^ Wieder in der DSB, der Steilhang ist nun besser sichtbar; links die gro\u00dfe Rinne, in der die Abfahrt eingezeichnet ist.<\/p>\n<p><img src=http:\/\/ski.inmontanis.info\/d\/158527-2\/DSC00952.jpg \/><br \/>\n^ .. und in dieser Rinne, nachdem wir von der DSB-Bergstation durch den Nebel gequert sind.<\/p>\n<p><a href='http:\/\/ski.inmontanis.info\/d\/158531-2\/DSC00954.jpg'><img src=http:\/\/ski.inmontanis.info\/d\/158530-3\/DSC00954.jpg \/><\/a><br \/>\n^ DSB<\/p>\n<p><a href='http:\/\/ski.inmontanis.info\/d\/158535-2\/DSC00956.jpg'><img src=http:\/\/ski.inmontanis.info\/d\/158534-3\/DSC00956.jpg \/><\/a><br \/>\n^ KSSL lief nicht, eine St\u00fctze war auch fast bis zu den Seilrollen eingeschneit.<\/p>\n<p><a href='http:\/\/ski.inmontanis.info\/d\/158610-2\/DSC00959.jpg'><img src=http:\/\/ski.inmontanis.info\/d\/158609-3\/DSC00959.jpg \/><\/a><br \/>\n^ Ausstieg am kurzen SL ist ebenfalls kurios, da mitten am Hang ohne Ausstiegskante<\/p>\n<p><img src=http:\/\/ski.inmontanis.info\/d\/158540-2\/DSC00968.jpg \/><br \/>\n^ Bunte Graffer-St\u00fctze mit schiefen Rollen, hach, mir gef\u00e4llts hier!<\/p>\n<p><img src=http:\/\/ski.inmontanis.info\/d\/158544-2\/DSC00971.jpg \/><br \/>\n^ Die St\u00fctzen haben weder Wartungspodeste noch Leitern, sind aber auch nicht so hoch, zumindest der B\u00fcgel links streift im Schnee. Ok, k\u00f6nnt auch an den 2m Schnee liegen ;-)<\/p>\n<p><img src=http:\/\/ski.inmontanis.info\/d\/158548-2\/DSC00975.jpg \/><br \/>\n^ Nochmal der lange SL mit seinen farbigen Rost-St\u00fctzen. Hohe F\u00f6rderleistung scheint der keine zu haben ;-)<\/p>\n<p><a href='http:\/\/ski.inmontanis.info\/d\/158606-2\/DSC00976.jpg'><img src=http:\/\/ski.inmontanis.info\/d\/158605-3\/DSC00976.jpg \/><\/a><br \/>\n^ Trinc testet den langen SL ..<\/p>\n<p><img src=http:\/\/ski.inmontanis.info\/d\/158553-2\/DSC00978.jpg \/><br \/>\n^ DSB, nach bissl Betteln d\u00fcrfen wir doch noch mal bis oben. Super, denn die Sicht ist jetzt besser! Da oben sehen wir die DSB Sektion II, und die Rinne in Bildmitte rechts fuhren wir ab.<\/p>\n<p><a href='http:\/\/ski.inmontanis.info\/d\/158557-2\/DSC00980.jpg'><img src=http:\/\/ski.inmontanis.info\/d\/158556-3\/DSC00980.jpg \/><\/a><br \/>\n^ Ach, DA ist die Talstation der DSB Sektion 2&#8230;.<\/p>\n<p><img src=http:\/\/ski.inmontanis.info\/d\/158561-2\/DSC00983.jpg \/><br \/>\n^ DSB Sektion 2. Die Ausfahrtsst\u00fctze ist total eingeschneit!<\/p>\n<p><img src=http:\/\/ski.inmontanis.info\/d\/158565-2\/DSC00984.jpg \/><br \/>\n^ DSB Sektion 2.  Dass hier unten kein Sessel ist, k\u00f6nnte evtl. bedeuten, dass die DSB heuer noch nicht in Betrieb war. Oder sie wird immer so geparkt&#8230;<\/p>\n<p><img src=http:\/\/ski.inmontanis.info\/d\/158569-2\/DSC00987.jpg \/><br \/>\n^ DSB Sektion 2 Talstation. Liftw\u00e4rter scheint&#8217;s hier auch keinen zu geben, wenn die Bahn mal l\u00e4uft ;-)<\/p>\n<p><img src=http:\/\/ski.inmontanis.info\/d\/158573-2\/DSC00988.jpg \/><br \/>\n^ Die andere Abfahrt, vmtl. nur bei solchen Schneeh\u00f6hen wie aktuell zu machen, hab im Netz einige Winterfotos mit Felsriegel gesehen &#8230;<\/p>\n<p><a href='http:\/\/ski.inmontanis.info\/d\/158577-2\/DSC00989.jpg'><img src=http:\/\/ski.inmontanis.info\/d\/158576-3\/DSC00989.jpg \/><\/a><br \/>\n^ Die Abfahrt rechts der DSB war etwas steiler, f\u00fcr meinen Geschmack und den heutigen Verh\u00e4ltnissen fast zu steil.<\/p>\n<p><img src=http:\/\/ski.inmontanis.info\/d\/158581-2\/DSC00992.jpg \/><br \/>\n^ DSB Sektion 1, gegen\u00fcber sollte lt. Pistenplan ja irgendwo noch ein SL rauf gehen &#8211; hat man aber keine Anzeichen gesehen.<\/p>\n<p><img src=http:\/\/ski.inmontanis.info\/d\/158585-2\/DSC00993.jpg \/><br \/>\n^ DSB Sektion 1, fast kompletter Teil ab der Zwischenstation<\/p>\n<p><img src=http:\/\/ski.inmontanis.info\/d\/158589-2\/DSC00994.jpg \/><br \/>\n^ Zur\u00fcck ging&#8217;s wieder durch die enge Schneewall-Stra\u00dfe<\/p>\n<p><img src=http:\/\/ski.inmontanis.info\/d\/158593-2\/DSC01000.jpg \/><br \/>\n^ Wer wei\u00df, wieviel Autos unter diesen ganzen H\u00fcgeln noch versteckt sind ;)<\/p>\n<p><img src=http:\/\/ski.inmontanis.info\/d\/158597-2\/DSC01002.jpg \/><br \/>\n^ Interessant ist ja, dass die D\u00e4cher alle so schneefrei sind. W\u00e4re in den Alpen bei den Schneeh\u00f6hen wohl nicht so?!<\/p>\n<p>Zum Thema Sektion 2 noch zwei Links, letztes Jahr war sie noch in Betrieb:<\/p>\n<p>http:\/\/www.panoramio.com\/photo\/65074493<\/p>\n<p>http:\/\/www.plan-neige.org\/wordpress\/blog\/2012\/01\/13\/zabljak\/<\/p>\n<p>Noch ein kleines Video von den Liften:<br \/>\n<object style=\"height: 500px; width: 900px\"><param name=\"movie\" value=\"http:\/\/www.youtube.com\/v\/tY-T6aoVEYk\"><\/param><param name=\"wmode\" value=\"transparent\"><\/param><embed src=\"http:\/\/www.youtube.com\/v\/tY-T6aoVEYk\" type=\"application\/x-shockwave-flash\" wmode=\"transparent\"  width=\"900\" height=\"480\"><\/embed><\/object><\/p>\n<p>Fazit: In Summe ganz nett, voll roots, aber schade um die 2. Sektion und den fehlenden Sonnenschein. Sollte man nochmal her&#8230;.<\/p>\n<p><a href='http:\/\/extra.inmontanis.info\/d\/16206-2\/DSC01006.jpg'><img src=http:\/\/extra.inmontanis.info\/d\/16204-3\/DSC01006.jpg \/><\/a><br \/>\n^ N\u00e4he \u017dabljak, wieder auf der Hauptverkehrsstra\u00dfe<\/p>\n<p><img src=http:\/\/extra.inmontanis.info\/d\/16210-2\/DSC01010.jpg \/><br \/>\n^ Tara-Br\u00fccke<\/p>\n<p><img src=http:\/\/extra.inmontanis.info\/d\/16214-2\/DSC01011_001.jpg \/><br \/>\n^ Tara-Br\u00fccke<\/p>\n<p><a href='http:\/\/extra.inmontanis.info\/d\/16218-2\/DSC01012.jpg'><img src=http:\/\/extra.inmontanis.info\/d\/16216-3\/DSC01012.jpg \/><\/a><br \/>\n^ Tafel an der Tara-Br\u00fccke<\/p>\n<p><a href='http:\/\/extra.inmontanis.info\/d\/16222-2\/DSC01014.jpg'><img src=http:\/\/extra.inmontanis.info\/d\/16220-3\/DSC01014.jpg \/><\/a><br \/>\n^ Tara-Br\u00fccke<\/p>\n<p><a href='http:\/\/extra.inmontanis.info\/d\/16226-2\/DSC01018.jpg'><img src=http:\/\/extra.inmontanis.info\/d\/16224-3\/DSC01018.jpg \/><\/a><br \/>\n^ Tara-Br\u00fccke von der anderen Seite aus<\/p>\n<p><a href='http:\/\/extra.inmontanis.info\/d\/16230-2\/DSC01020_001.jpg'><img src=http:\/\/extra.inmontanis.info\/d\/16228-3\/DSC01020_001.jpg \/><\/a><br \/>\n^ Tara-Fluss \/ Canyon<\/p>\n<p><a href='http:\/\/extra.inmontanis.info\/d\/16234-2\/DSC01023.jpg'><img src=http:\/\/extra.inmontanis.info\/d\/16232-3\/DSC01023.jpg \/><\/a><br \/>\n^ Tiefblick von der Br\u00fccke zum Tara-Fluss<\/p>\n<p>Danach ging&#8217;s mit dem Auto noch nach Berane. Bzw. erst mal weiter zum Hotel Lokve, wo wir morgen ein paar Stunden skifahren wollen. Das Schild vom Hotel leuchtete, aber offen war es nicht. Ein Mann kam runter und erz\u00e4hlte uns, dass das Hotel geschlossen sei, aber der Lift funktionieren w\u00fcrde. So fuhren wir wieder runter nach Berane und quartierten uns in ein 4-Sterne-Hotel um 56,- f\u00fcr das DZ mit \u00dcF ein. <\/p>\n<p>Im Gegensatz zu gestern, wo wir das hinterste Zimmer im obersten Stock erhielten (ohne Aufzug!) bekamen wir diesmal gleich das erste an der Rezeption. Was allerdings den Nachteil hatte, dass es genau ober dem Restaurant war &#8211; und man sp\u00e4tabends somit nicht das ruhigste Zimmer hat.<\/p>\n<p>Zum Abendessen sind wir in eine Pizzeria gegangen, die Preise f\u00fcr Fleischgerichte waren dort relativ hoch (so 8-12 \u20ac), die Pizzen um die 4-5,- \u20ac dagegen g\u00fcnstig. G\u00e4nzlich ungewohnt f\u00fcr mich ist, dass hier, (wie auch in den noch folgenden L\u00e4ndern) noch kaum Rauchverbot in den Restaurants ist. (Als Trincerone mir zu liebe raus ging, h\u00e4tte der Wirt ihn fast gen\u00f6tigt, bei mir am Tisch zu rauchen!)<\/p>\n<p>Das Fr\u00fchst\u00fcck war leider wieder \u00e0 la Card, hab mich wieder f\u00fcr die Bacon &#038; Eggs entschieden. O-Saft war leider kostenpflichtig (um 1,50 \u20ac), aber das wird einem nat\u00fcrlich nicht im Vorhinein gesagt (wobei ja auch ein Kakao selbst in Italien manchmal nur mit Zusatzkosten erh\u00e4ltlich ist).<\/p>\n","protected":false},"excerpt":{"rendered":"<p>S\u00fcdosteuropa 2013, Tag 5: Savin Kuk (\u017dabljak), Montenegro Di, 19.2.2013<\/p>\n<p>Einige Sonnenstrahlen weckten mich eine halbe Stunde vor meinem Wecker, Trinc zog es vor, l\u00e4nger zu schlafen, Fr\u00fchst\u00fccksbuffet gab es keines &#8211; nur a la Card, was den Umfang und die Variation leider ziemlich einschr\u00e4nkt &#8211; aber die Zeitdauer trotzdem nicht verk\u00fcrzt. <\/p>\n<p> <a href=\"http:\/\/blog.inmontanis.info\/?p=2317\">[&#8230;]<\/a><\/p>\n","protected":false},"author":1,"featured_media":0,"comment_status":"open","ping_status":"closed","sticky":false,"template":"","format":"standard","meta":{"footnotes":""},"categories":[117,119,59,27,564],"tags":[51,38,91,47],"class_list":["post-2317","post","type-post","status-publish","format-standard","hentry","category-201302sos","category-montenegro","category-nostalgie","category-skifahren-winterskiing-winter","category-zabljak","tag-architektur","tag-dsb","tag-graffer","tag-sl","odd"],"_links":{"self":[{"href":"http:\/\/blog.inmontanis.info\/index.php?rest_route=\/wp\/v2\/posts\/2317","targetHints":{"allow":["GET"]}}],"collection":[{"href":"http:\/\/blog.inmontanis.info\/index.php?rest_route=\/wp\/v2\/posts"}],"about":[{"href":"http:\/\/blog.inmontanis.info\/index.php?rest_route=\/wp\/v2\/types\/post"}],"author":[{"embeddable":true,"href":"http:\/\/blog.inmontanis.info\/index.php?rest_route=\/wp\/v2\/users\/1"}],"replies":[{"embeddable":true,"href":"http:\/\/blog.inmontanis.info\/index.php?rest_route=%2Fwp%2Fv2%2Fcomments&post=2317"}],"version-history":[{"count":5,"href":"http:\/\/blog.inmontanis.info\/index.php?rest_route=\/wp\/v2\/posts\/2317\/revisions"}],"predecessor-version":[{"id":9075,"href":"http:\/\/blog.inmontanis.info\/index.php?rest_route=\/wp\/v2\/posts\/2317\/revisions\/9075"}],"wp:attachment":[{"href":"http:\/\/blog.inmontanis.info\/index.php?rest_route=%2Fwp%2Fv2%2Fmedia&parent=2317"}],"wp:term":[{"taxonomy":"category","embeddable":true,"href":"http:\/\/blog.inmontanis.info\/index.php?rest_route=%2Fwp%2Fv2%2Fcategories&post=2317"},{"taxonomy":"post_tag","embeddable":true,"href":"http:\/\/blog.inmontanis.info\/index.php?rest_route=%2Fwp%2Fv2%2Ftags&post=2317"}],"curies":[{"name":"wp","href":"https:\/\/api.w.org\/{rel}","templated":true}]}}