{"id":2314,"date":"2013-02-18T23:01:47","date_gmt":"2013-02-18T22:01:47","guid":{"rendered":"http:\/\/blog.inmontanis.info\/?p=2314"},"modified":"2023-08-04T19:30:44","modified_gmt":"2023-08-04T17:30:44","slug":"ski-in-zagreb-fahrt-nach-montenegro-18-2-2013","status":"publish","type":"post","link":"http:\/\/blog.inmontanis.info\/?p=2314","title":{"rendered":"Ski in Zagreb + Fahrt nach Montenegro, 18.2.2013"},"content":{"rendered":"<p><strong>S\u00fcdosteuropa 2013, Tag 4: Von Zagreb\/Kroatien \u00fcber Bosnien nach Montenegro<br \/>\nMo, 18.2.2013<\/strong><\/p>\n<p>Um kurz nach 9 uhr war ich auf den Skiern und hab mir einen Halbtagespass um 50,- kn (ca. 6,70 \u20ac) gekauft. War durchaus einiges los, sp\u00e4ter gab&#8217;s Wartezeiten an der 3SB. (Man h\u00e4tte ja f\u00fcr die Trainingsmannschaften auch den SL an deren Trainingspiste einschalten k\u00f6nnen&#8230;)<!--more--><\/p>\n<p>Die direkte Abfahrt an der 3SB ist schwer modelliert, dazu gibt&#8217;s noch ein paar Umfahrungen und eine stillgelegte Piste am aufgelassenen ESL, die ich mir nat\u00fcrlich nicht hab entgehen lassen!<\/p>\n<p>(Fotos anklicken zum Vegr\u00f6\u00dfern)<\/p>\n<p><img src=http:\/\/extra.inmontanis.info\/d\/16026-2\/ge_suedosteuropa12.jpg \/><br \/>\nD: Zagreb (Sljeme)<\/p>\n<p><img src=http:\/\/ski.inmontanis.info\/d\/158269-2\/DSC00715.jpg \/><br \/>\n^ Nachtpano ins Tal (Zagreb liegt auf der anderen Seite des Berges)<\/p>\n<p><a href='http:\/\/ski.inmontanis.info\/d\/158273-2\/DSC00721.jpg'><img src=http:\/\/ski.inmontanis.info\/d\/158272-3\/DSC00721.jpg \/><\/a><br \/>\n^ Ehemalige ESL?-Betonst\u00fctze<\/p>\n<p><img src=http:\/\/ski.inmontanis.info\/d\/158277-2\/ge_zagreb2.jpg \/><br \/>\n^ GPS-Track, hatte leider keine Zeit f\u00fcr mehr Fahrten. (Komischerweise sind die Spuren durchgehend etwas nach rechts versetzt.)<\/p>\n<p><a href='http:\/\/ski.inmontanis.info\/d\/158281-2\/DSC00727.jpg'><img src=http:\/\/ski.inmontanis.info\/d\/158280-3\/DSC00727.jpg \/><\/a><br \/>\n^ Hotel<\/p>\n<p><a href='http:\/\/ski.inmontanis.info\/d\/158396-2\/DSC00726.jpg'><img src=http:\/\/ski.inmontanis.info\/d\/158395-3\/DSC00726.jpg \/><\/a><br \/>\n^ Vom Parkplatz aus muss man entweder weit zum Gipfel aufsteigen .. oder man quert einfach durch den Wald :)<\/p>\n<p><img src=http:\/\/ski.inmontanis.info\/d\/158286-2\/DSC00728.jpg \/><br \/>\n^ .. und kommt dann an der ehemaligen ESL-Abfahrt raus! Nett!<\/p>\n<p><img src=http:\/\/ski.inmontanis.info\/d\/158290-2\/DSC00729.jpg \/><br \/>\n^ Ehemalige ESL-Abfahrt<\/p>\n<p><img src=http:\/\/ski.inmontanis.info\/d\/158294-2\/DSC00732.jpg \/><br \/>\n^ Ehemalige ESL-St\u00fctze<\/p>\n<p><img src=http:\/\/ski.inmontanis.info\/d\/158298-2\/DSC00734.jpg \/><br \/>\n^ Ehemalige ESL-Abfahrt<\/p>\n<p><img src=http:\/\/ski.inmontanis.info\/d\/158302-2\/DSC00735.jpg \/><br \/>\n^ Ehemalige ESL-St\u00fctze<\/p>\n<p><img src=http:\/\/ski.inmontanis.info\/d\/158306-2\/DSC00738.jpg \/><br \/>\n^ Ehemalige ESL-Abfahrt<\/p>\n<p><img src=http:\/\/ski.inmontanis.info\/d\/158310-2\/DSC00739.jpg \/><br \/>\n^ Standard-Abfahrt an der 3SB, etwas modellierter<\/p>\n<p><img src=http:\/\/ski.inmontanis.info\/d\/158314-2\/DSC00741.jpg \/><br \/>\n^ 3SB Talstation<\/p>\n<p><a href='http:\/\/ski.inmontanis.info\/d\/158405-2\/DSC00742.jpg'><img src=http:\/\/ski.inmontanis.info\/d\/158404-3\/DSC00742.jpg \/><\/a><br \/>\n^ Hier stand mal eine Mittelstation, aber nicht von der 3SB mit den St\u00fctzen. Entweder von einer Vorg\u00e4nger-DSB oder es gab noch eine St\u00fctze mehr, aktuell f\u00e4hrt man viel zu hoch dr\u00fcber!<\/p>\n<p><a href='http:\/\/ski.inmontanis.info\/d\/158319-2\/DSC00746.jpg'><img src=http:\/\/ski.inmontanis.info\/d\/158318-3\/DSC00746.jpg \/><\/a><br \/>\n^ 3SB Bergstation; das St\u00fcck hier direkt unter der Sesselbahn war ordentlich steil! (Aber interessanter als die normale Abfahrt ;) )<\/p>\n<p><a href='http:\/\/ski.inmontanis.info\/d\/158323-2\/DSC00747.jpg'><img src=http:\/\/ski.inmontanis.info\/d\/158322-3\/DSC00747.jpg \/><\/a><br \/>\n^ Pistenplan und \u00d6ffnungsstatus, dahinter der k\u00fcrzere Stemag-SL Bijela<\/p>\n<p><a href='http:\/\/ski.inmontanis.info\/d\/158327-2\/DSC00752.jpg'><img src=http:\/\/ski.inmontanis.info\/d\/158326-3\/DSC00752.jpg \/><\/a><br \/>\n^ SL Bijela im tiefen Wald<\/p>\n<p><a href='http:\/\/ski.inmontanis.info\/d\/158331-2\/DSC00753.jpg'><img src=http:\/\/ski.inmontanis.info\/d\/158330-3\/DSC00753.jpg \/><\/a><br \/>\n^ Die zweite Haupt-Abfahrt mit dem l\u00e4ngeren Stemag-SL, der heute leider nicht in Betrieb war.<\/p>\n<p><a href='http:\/\/ski.inmontanis.info\/d\/158335-2\/DSC00758.jpg'><img src=http:\/\/ski.inmontanis.info\/d\/158334-3\/DSC00758.jpg \/><\/a><br \/>\n^ Hier und da gibt&#8217;s noch so kurze (alte) alternative Abfahrtsst\u00fccke, nett.<\/p>\n<p><img src=http:\/\/ski.inmontanis.info\/d\/158339-2\/DSC00759.jpg \/><br \/>\n^ 3SB und Abfahrt, sowie der Weg, von dem man von der ESL-Abfahrt r\u00fcberkommt.<\/p>\n<p><img src=http:\/\/ski.inmontanis.info\/d\/158343-2\/DSC00762.jpg \/><br \/>\n^ Die 3. Abfahrt, links vom l\u00e4ngeren Stemag-SL, ganz kurz gab es mal ein St\u00fcck blauer Himmel&#8230;<\/p>\n<p><img src=http:\/\/ski.inmontanis.info\/d\/158347-2\/DSC00765.jpg \/><br \/>\n^ Ex-ESL-St\u00fctze<\/p>\n<p><img src=http:\/\/ski.inmontanis.info\/d\/158351-2\/DSC00766.jpg \/><br \/>\n^ Ex-ESL-Bergstation<\/p>\n<p><img src=http:\/\/ski.inmontanis.info\/d\/158355-2\/DSC00767.jpg \/><br \/>\n^ Ex-ESL-St\u00fctze<\/p>\n<p><img src=http:\/\/ski.inmontanis.info\/d\/158359-2\/DSC00769.jpg \/><br \/>\n^ Ex-ESL-Strecke<\/p>\n<p><img src=http:\/\/ski.inmontanis.info\/d\/158363-2\/DSC00770.jpg \/><br \/>\n^ Ex-ESL-St\u00fctze<\/p>\n<p><img src=http:\/\/ski.inmontanis.info\/d\/158367-2\/DSC00771.jpg \/><br \/>\n^ Ex-ESL-St\u00fctze<\/p>\n<p><img src=http:\/\/ski.inmontanis.info\/d\/158371-2\/DSC00772.jpg \/><br \/>\n^ Ex-ESL-St\u00fctze<\/p>\n<p><img src=http:\/\/ski.inmontanis.info\/d\/158375-2\/DSC00773.jpg \/><br \/>\n^ Ehemalige ESL-Abfahrt, m.E. die interessanteste Abfahrt hier.<\/p>\n<p><img src=http:\/\/ski.inmontanis.info\/d\/158401-2\/DSC00775.jpg \/><br \/>\n^ Ex-ESL-St\u00fctze<\/p>\n<p><img src=http:\/\/ski.inmontanis.info\/d\/158380-2\/DSC00781.jpg \/><br \/>\n^ Unterster Teil des ehemaligen ESL; rechts h\u00f6rt die Abfahrtsschneise ohne Exit pl\u00f6tzlich auf, evtl. fuhr man fr\u00fcher direkt die Liftschneise ab?<\/p>\n<p><img src=http:\/\/ski.inmontanis.info\/d\/158384-2\/DSC00780.jpg \/><br \/>\n^ Ex-ESL-Talstation. Die Liftschneise war mir leider zu steil und der Tiefschnee zu schlecht, daher leider nicht bis runter gefahren.<\/p>\n<p><a href='http:\/\/ski.inmontanis.info\/d\/158388-2\/DSC00782.jpg'><img src=http:\/\/ski.inmontanis.info\/d\/158387-3\/DSC00782.jpg \/><\/a><br \/>\n^ Nach einer abenteuerlichen Querung durch eine Rinne kam ich in einer befahreneren Waldvariante raus &#8230;<\/p>\n<p><a href='http:\/\/ski.inmontanis.info\/d\/158392-2\/DSC00783.jpg'><img src=http:\/\/ski.inmontanis.info\/d\/158391-3\/DSC00783.jpg \/><\/a><br \/>\n^ &#8230; und dann die Liftspur weiter.<\/p>\n<p>Von der S\u00fcdseite des Berges, am Rand von Zagreb, f\u00fchrte bis vor wenigen Jahren eine sehr lange 4 ZUB auf den Berg hinauf. Man kommt beim Rauffahren an der Talstation vorbei, da die Stra\u00dfen ja Einbahnstra\u00dfen sind, w\u00e4re das also gestern Abend gewesen &#8211; da war nat\u00fcrlich alle dunkel, daher nicht weiter geschaut. Runter kam ich also heute nicht vorbei und hatte auch keine Zeit mehr.<\/p>\n<p>Hier stellvertretend ein Link:<br \/>\n<a href='http:\/\/www.zet.hr\/o-zet-u\/zicara.aspx'>http:\/\/www.zet.hr\/o-zet-u\/zicara.aspx<\/a><\/p>\n<p>Fazit: In Summe fand ich&#8217;s ganz nett, nat\u00fcrlich auch wegen der ehemaligen Abfahrt und dem aufgelassenen ESL, h\u00e4tte noch etwas l\u00e4nger bleiben wollen, aber gegen 11 Uhr musste ich schon aufh\u00f6ren, um gegen 12:15 am Flughafen von Zagreb zu sein und Trincerone ab zu holen, was nicht ganz reibungslos verlief, da er seine Ski am Lost&#038;Found-Schalter erst nach einiger Zeit bekam&#8230;.<\/p>\n<p>Zum morgigen Ziel, \u017dabljak, g\u00e4be es mehrere Varianten, einerseits im unteren Bereich, andererseits aber auch im oberen Bereich. Da sich Trincerone in der Gegend schon etwas auskennt, schlug er die Strecke vor. So sind wir erst noch ein St\u00fcck Autobahn in Kroatien gefahren, um dann bei Gradi\u0161\u009aka nach Bosnien rein zu fahren. (Siehe auch GPS-Track oben.)<\/p>\n<p><a href='http:\/\/extra.inmontanis.info\/d\/16094-2\/DSC00785.jpg'><img src=http:\/\/extra.inmontanis.info\/d\/16092-3\/DSC00785.jpg \/><\/a><br \/>\n^ Autobahn in Kroatien<\/p>\n<p>An der Grenze waren kurioserweise 3 Autos mit \u00f6sterreichischem Kennzeichen &#8211; und vmtl. war in keinem davon ein \u00f6sterreichischer Staatsb\u00fcrger :)<\/p>\n<p><a href='http:\/\/extra.inmontanis.info\/d\/16098-2\/DSC00792.jpg'><img src=http:\/\/extra.inmontanis.info\/d\/16096-3\/DSC00792.jpg \/><\/a><br \/>\n^ Neue Autobahn in Bosnien kurz nach der Grenze (Umfahrung Gradi\u0161\u009aka)<\/p>\n<p>Weiter ging es \u00fcber Banja Luka nach Sarajevo, wo wir einen kurzen Zwischenstopp am McDonalds einlegten (wo auch ein \u00f6sterreichisches Bundesheerfahrzeug und ein Franzose (oder was war&#8217;s?) zum Essen hielt.)<\/p>\n<p><a href='http:\/\/extra.inmontanis.info\/d\/16102-2\/DSC00797.jpg'><img src=http:\/\/extra.inmontanis.info\/d\/16100-3\/DSC00797.jpg \/><\/a><br \/>\n^ Vrbas (Fluss \/ Canyon)<\/p>\n<p><a href='http:\/\/extra.inmontanis.info\/d\/16106-2\/DSC00804.jpg'><img src=http:\/\/extra.inmontanis.info\/d\/16104-3\/DSC00804.jpg \/><\/a><br \/>\n^ Vrbas (Fluss \/ Canyon)<\/p>\n<p><img src=http:\/\/extra.inmontanis.info\/d\/16110-2\/DSC00814.jpg \/><br \/>\n^ Kraftwerk mitten im Berg!<\/p>\n<p><a href='http:\/\/extra.inmontanis.info\/d\/16114-2\/DSC00817.jpg'><img src=http:\/\/extra.inmontanis.info\/d\/16112-3\/DSC00817.jpg \/><\/a><br \/>\n^ Kraftwerk<\/p>\n<p><img src=http:\/\/extra.inmontanis.info\/d\/15798-3\/DSC00819.jpg \/><br \/>\n^ Kraftwerk<\/p>\n<p><a href='http:\/\/extra.inmontanis.info\/d\/16118-2\/DSC00821.jpg'><img src=http:\/\/extra.inmontanis.info\/d\/16116-3\/DSC00821.jpg \/><\/a><br \/>\n^ Kraftwerk<\/p>\n<p><a href='http:\/\/extra.inmontanis.info\/d\/16122-2\/DSC00826.jpg'><img src=http:\/\/extra.inmontanis.info\/d\/16120-3\/DSC00826.jpg \/><\/a><br \/>\n^ H\u00f6rt sich f\u00fcr unsereins ja schon lustig an ;)<\/p>\n<p><a href='http:\/\/extra.inmontanis.info\/d\/16126-2\/DSC00828.jpg'><img src=http:\/\/extra.inmontanis.info\/d\/16124-3\/DSC00828.jpg \/><\/a><br \/>\n^ He, da ist doch ein Burger King! Neee &#8211; das ist nur ein Pub, der Burge King hei\u00dft &#8211; Wie geil! :-)<\/p>\n<p>Mittlerweile (schon vor Sarajevo) war es leider dunkel; leider, denn die Strecke von Sarajevo nach Plu\u017eine war einsamer und wilder. Hotels, Motels? Fehlanzeige. Richtig Wild wurde es dann nach Brod, die Grenzstra\u00dfe nach Montenegro, ein schmales Tal, eine einspurige, z.T. nicht mal geteerte Stra\u00dfe. Zum Gl\u00fcck hatten wir weder Gegenverkehr noch LKWs oder Busse vor uns. Daf\u00fcr, dass das eine E-Stra\u00dfe ist, ist sie jedenfalls sehr schmal und im schlechten Zustand. Wir hatten schon Angst, dass die Grenze um die Uhrzeit nicht mehr besetzt sei, hatten aber Gl\u00fcck. Hier stand auch ein Bus, der in die Gegenrichtung unterwegs war. Auch hatten wir keine weiteren Probleme mit den Grenzbeamten &#8211; nur das \u00fcbliche halt. Aussteigen, Kofferraum \u00f6ffnen, erkl\u00e4ren, dass die Matratze f\u00fcr Camping im Sommer ist, Papiere zeigen, gr\u00fcne Versicherungskarte zeigen, Reisepass abstempeln lassen, &#8230;.<\/p>\n<p>Hier ein Foto vom Tag von der Stra\u00dfe (bosnische Seite):<br \/>\nhttp:\/\/www.panoramio.com\/photo\/13155508<\/p>\n<p>Da wir erst in Montenegro nach einer Unterkunft schauen wollten und hofften, an der E-Stra\u00dfe zumindest irgendwann mal ein Motel zu finden &#8230; leider negativ. Nach \u017dabljak gibt&#8217;s lt. Karte von hier aus mehrere Stra\u00dfen, die erste war auf der karte als 3.-Rang-Stra\u00dfe eingezeichnet, mein Navi meinte aber auch, die sollten wir fahren. Ein Stra\u00dfenschild hatte ebenfalls nach \u017dabljak gezeigt.<\/p>\n<p>Die Stra\u00dfe war krass!<\/p>\n<p>Erst haufenweise riesige unverkleidete Felstunnel, dann einspurig durch hohe Schneew\u00e4lle, bis wir auf 1300m nicht mehr weiter kamen &#8211; die Stra\u00dfe war nur bis zu diesen H\u00f6fen ger\u00e4umt. <\/p>\n<p><a href='http:\/\/extra.inmontanis.info\/d\/16130-2\/DSC00830.jpg'><img src=http:\/\/extra.inmontanis.info\/d\/16128-3\/DSC00830.jpg \/><\/a><br \/>\n^ Krassgeniale Tunnelstra\u00dfe in Montenegro von Plu\u017e\u009eine in den Durmitor-Nationalpark nach Zabljak, aber im Winter leider nicht durchgehend offen (nur bis Trsa).<\/p>\n<p><a href='http:\/\/extra.inmontanis.info\/d\/16134-2\/DSC00831.jpg'><img src=http:\/\/extra.inmontanis.info\/d\/16132-3\/DSC00831.jpg \/><\/a><br \/>\n^ .. nach den Tunnels ..<\/p>\n<p><a href='http:\/\/extra.inmontanis.info\/d\/15802-3\/DSC00833.jpg'><img src=http:\/\/extra.inmontanis.info\/d\/15800-4\/DSC00833.jpg \/><\/a><br \/>\n^ .. Neuschnee ..<\/p>\n<p><a href='http:\/\/extra.inmontanis.info\/d\/16138-2\/DSC00844.jpg'><img src=http:\/\/extra.inmontanis.info\/d\/16136-3\/DSC00844.jpg \/><\/a><br \/>\n^ Schnee ist dichter auf der Stra\u00dfe, lie\u00df sich aber dank geringer Steigung ohne Ketten problemlos fahren<\/p>\n<p><a href='http:\/\/extra.inmontanis.info\/d\/15806-3\/DSC00847.jpg'><img src=http:\/\/extra.inmontanis.info\/d\/15804-3\/DSC00847.jpg \/><\/a><br \/>\n^ Kleiner Fotostopp <\/p>\n<p><a href='http:\/\/extra.inmontanis.info\/d\/16142-2\/DSC00850.jpg'><img src=http:\/\/extra.inmontanis.info\/d\/16140-3\/DSC00850.jpg \/><\/a><br \/>\n^ Also Schnee liegt genug &#8230;<\/p>\n<p><a href='http:\/\/extra.inmontanis.info\/d\/16146-2\/DSC00851.jpg'><img src=http:\/\/extra.inmontanis.info\/d\/16144-3\/DSC00851.jpg \/><\/a><br \/>\n^ Gegenverkehr ist hier etwas suboptimal &#8230;<\/p>\n<p>Auch ein paar Filmsequenzen hatten wir von der Stra\u00dfe gemacht:<\/p>\n<p><object style=\"height: 500px; width: 900px\"><param name=\"movie\" value=\"http:\/\/www.youtube.com\/v\/TLksh_5Jd6c\"><\/param><param name=\"wmode\" value=\"transparent\"><\/param><embed src=\"http:\/\/www.youtube.com\/v\/TLksh_5Jd6c\" type=\"application\/x-shockwave-flash\" wmode=\"transparent\"  width=\"900\" height=\"480\"><\/embed><\/object><\/p>\n<p>Und hier noch ein paar Bilder vom Tag von der Stra\u00dfe. Die sollte man echt mal am Tag fahren!!<\/p>\n<p><a href='http:\/\/www.panoramio.com\/photo\/73648636'>http:\/\/www.panoramio.com\/photo\/73648636<\/a><\/p>\n<p><a href='http:\/\/www.panoramio.com\/photo\/78250314'>http:\/\/www.panoramio.com\/photo\/78250314<\/a><\/p>\n<p>Das ist \u00fcbrigens die Staumauer (steht in Richtung Grenze Bosnien):<\/p>\n<p><a href='http:\/\/www.panoramio.com\/photo\/16536755'>http:\/\/www.panoramio.com\/photo\/16536755<\/a><\/p>\n<p><a href='http:\/\/www.panoramio.com\/photo\/19672397'>http:\/\/www.panoramio.com\/photo\/19672397<\/a><\/p>\n<p>Wieder auf der Hauptstra\u00dfe anglegt, weiter in den n\u00e4chsten Ort, Plu\u017eine &#8211; das dortige Hotel war dunkel.<\/p>\n<p>Bis wir \u00fcber die andere Strecke in \u017dabljak gewesen w\u00e4ren, w\u00e4re es lt. Navi nach 0:30 Uhr gewesen. Ob wir da noch was bekommen? Dann lieber noch weiter auf dieser Stra\u00dfe in den n\u00e4chsten gr\u00f6\u00dferen Ort, Nik\u0161i\u0107. Erstes Hotel lt. Navi: Rohbau. Weiter im Ort dann direkt an der Stra\u00dfe, inzwischen war es nach 0 Uhr, hatten wir ein offenes 4-Sterne-Hotel gefunden, wo wir uns um 35,- pP \u00dcF einquartierten und &#8211; obwohl erst alles voll gewesen w\u00e4re (jaja, wer&#8217;s glaubt!) ein 6-Bett-Zimmer bekamen. Ufz!<\/p>\n","protected":false},"excerpt":{"rendered":"<p>S\u00fcdosteuropa 2013, Tag 4: Von Zagreb\/Kroatien \u00fcber Bosnien nach Montenegro Mo, 18.2.2013<\/p>\n<p>Um kurz nach 9 uhr war ich auf den Skiern und hab mir einen Halbtagespass um 50,- kn (ca. 6,70 \u20ac) gekauft. War durchaus einiges los, sp\u00e4ter gab&#8217;s Wartezeiten an der 3SB. (Man h\u00e4tte ja f\u00fcr die Trainingsmannschaften auch den SL an deren <a href=\"http:\/\/blog.inmontanis.info\/?p=2314\">[&#8230;]<\/a><\/p>\n","protected":false},"author":1,"featured_media":0,"comment_status":"open","ping_status":"closed","sticky":false,"template":"","format":"standard","meta":{"footnotes":""},"categories":[117,118,27,32,560],"tags":[55],"class_list":["post-2314","post","type-post","status-publish","format-standard","hentry","category-201302sos","category-kroatien","category-skifahren-winterskiing-winter","category-lostplaces","category-zagreb","tag-3sb","odd"],"_links":{"self":[{"href":"http:\/\/blog.inmontanis.info\/index.php?rest_route=\/wp\/v2\/posts\/2314","targetHints":{"allow":["GET"]}}],"collection":[{"href":"http:\/\/blog.inmontanis.info\/index.php?rest_route=\/wp\/v2\/posts"}],"about":[{"href":"http:\/\/blog.inmontanis.info\/index.php?rest_route=\/wp\/v2\/types\/post"}],"author":[{"embeddable":true,"href":"http:\/\/blog.inmontanis.info\/index.php?rest_route=\/wp\/v2\/users\/1"}],"replies":[{"embeddable":true,"href":"http:\/\/blog.inmontanis.info\/index.php?rest_route=%2Fwp%2Fv2%2Fcomments&post=2314"}],"version-history":[{"count":3,"href":"http:\/\/blog.inmontanis.info\/index.php?rest_route=\/wp\/v2\/posts\/2314\/revisions"}],"predecessor-version":[{"id":9070,"href":"http:\/\/blog.inmontanis.info\/index.php?rest_route=\/wp\/v2\/posts\/2314\/revisions\/9070"}],"wp:attachment":[{"href":"http:\/\/blog.inmontanis.info\/index.php?rest_route=%2Fwp%2Fv2%2Fmedia&parent=2314"}],"wp:term":[{"taxonomy":"category","embeddable":true,"href":"http:\/\/blog.inmontanis.info\/index.php?rest_route=%2Fwp%2Fv2%2Fcategories&post=2314"},{"taxonomy":"post_tag","embeddable":true,"href":"http:\/\/blog.inmontanis.info\/index.php?rest_route=%2Fwp%2Fv2%2Ftags&post=2314"}],"curies":[{"name":"wp","href":"https:\/\/api.w.org\/{rel}","templated":true}]}}