{"id":2309,"date":"2013-02-17T22:59:05","date_gmt":"2013-02-17T21:59:05","guid":{"rendered":"http:\/\/blog.inmontanis.info\/?p=2309"},"modified":"2023-08-04T19:30:44","modified_gmt":"2023-08-04T17:30:44","slug":"platak-17-2-2013","status":"publish","type":"post","link":"http:\/\/blog.inmontanis.info\/?p=2309","title":{"rendered":"Platak, 17.2.2013, kroatisches Skigebiet am Meer"},"content":{"rendered":"<p><strong>S\u00fcdosteuropa 2013, Tag 3: Kroatien, Platak<br \/>\nSo, 17.2.2013<\/strong><\/p>\n<p>Wenn&#8217;s so weiter geht, nenne ich die Tour noch &#8220;die gro\u00dfe Entt\u00e4uschungstour&#8221;!<\/p>\n<p>Ich hatte es ja nicht glauben wollen, aber der Wetterbericht hatte tats\u00e4chlich recht &#8211; in Rijeka unten am Meer Sonne pur, und in den angrenzenden Bergen den ganzen Tag \u00fcber neblig-bew\u00f6lkt. Und damit leider kaum Meerpano.<!--more--><\/p>\n<p>Als ob das nicht schon entt\u00e4uschend genug w\u00e4re, ist in dem Skigebiet nur noch die DSB in Betrieb. Den KSSL links der DSB h\u00e4tte ich ja fest eingeplant. Und die rechte Abfahrt der DSB scheint wohl auch keine Priorit\u00e4t mehr zu haben &#8211; d\u00fcrfte wohl auch generell gesperrt sein, bis auf das ganz oberste St\u00fcck. Die DSB selbst ist auch nicht sehr lang, und daf\u00fcr 100 HRK also ca. 13,20 \u20ac f\u00fcr eine Tageskarte zu verlangen ist schon unversch\u00e4mt. Da gibt&#8217;s in Frankreich und Italien um Tageskartenpreise von 10-20 \u20ac wesentlich mehr um&#8217;s Geld!<\/p>\n<p>Da heute auch noch Sonntag ist, war&#8217;s entsprechend voll. Gegen 11:30 waren mir die Wartezeiten zu hoch und ich wollte noch ein anderes Skigebiet anfahren. Genauer gesagt, Bjelolascia, das gr\u00f6\u00dfte in Kroatien. Das eine Navi wollte mich in gro\u00dfem Bogen \u00fcber die Autobahnen dort hin schicken, das andere 40 km k\u00fcrzer und direkter. Auch ein Blick in die Karten zeigte, dass es dort mehrere Stra\u00dfen gibt. Gut, wollen wir&#8217;s probieren. Bis ich vom inzwischen komplett gef\u00fcllten Parkplatz wieder rauskam, war auch schon ein sch\u00f6ner Zeitverlust, da sich alles beim Reinfahren staute und gar keiner mehr rauskam!<\/p>\n<p>Auf dem Weg kam ich erst mal in Mrkopalj vorbei. W\u00e4re ein annehmbar langer SL mit mehreren Varianten gewesen. Fuhr aber keiner, wird also LSAP sein. N\u00e4chtes auf dem Weg war Bregovo Razdolje. Doch auch hier ist der SL stillgelegt. Die Stra\u00dfe wurde schneebedeckter, auch der zweite Abzweig, den ich h\u00e4tte fahren m\u00fcssen, war unger\u00e4umt und nach einigen weiteren km war auch diese Stra\u00dfe dem Ende geweiht. Mist. Also doch im gro\u00dfen Bogen au\u00dfen rum. H\u00e4tte bedeutet, dass ich erst um 15 Uhr, 1-1,5h Stunden sp\u00e4ter, ankomme. Das lohnt sich dort nicht mehr. Um 16 Uhr schon in Zagreb zu sein, war mir auch zu fr\u00fch. Also fuhr ich halt nochmal zur\u00fcck nach Platak und bin dort die DSB nochmal 2x gefahren. Den Skipass hatte ich ja noch ;-)<\/p>\n<p>Diesmal hatte ich meine Probleme mit dem Reinkommen zum Parkplatz, weil alle schon wieder raus wollten &#8230;<\/p>\n<p>Wetterm\u00e4\u00dfig ist es nachmittags leider nicht besser, sondern eher schlechter geworden. Aufgrund des Sonnenstandes konnte man aber das Meer etwas besser erkennen.<\/p>\n<p>(Fotos anklicken zum Vegr\u00f6\u00dfern)<\/p>\n<p><img src=http:\/\/extra.inmontanis.info\/d\/16026-2\/ge_suedosteuropa12.jpg \/><br \/>\nC: Platak<\/p>\n<p><img src=http:\/\/extra.inmontanis.info\/d\/16046-2\/DSC00614.jpg \/><br \/>\n^ Autobahn in Kroatien. War leider auf gro\u00dfen Teilen 80 km\/h wg. angeblicher Schleudergefahr.. krampf.<\/p>\n<p><img src=http:\/\/extra.inmontanis.info\/d\/16050-2\/DSC00619.jpg \/><br \/>\n^ Autobahn in Kroatien am Meer<\/p>\n<p><a href='http:\/\/extra.inmontanis.info\/d\/16054-2\/DSC00628.jpg'><img src=http:\/\/extra.inmontanis.info\/d\/16052-3\/DSC00628.jpg \/><\/a><br \/>\n^ Autobahn bei Rijeka<\/p>\n<p>Irgendwo auf der Strecke muss glaub ich mal die Autobahn \u00fcber die H\u00e4user gefahren sein, denn an einer Stelle war zwischen den Spuren ein schmaler Spalt, wo Rauch eines Schornsteins empor stieg :-))<\/p>\n<p><img src=http:\/\/extra.inmontanis.info\/d\/16058-2\/DSC00637.jpg \/><br \/>\n^ Hm, scheinen die Wetterberichte wohl doch zu stimmen &#8211; an der K\u00fcste sehr sonnig und in den Bergen sehr wolkig :-(<\/p>\n<p><img src=http:\/\/extra.inmontanis.info\/d\/16062-2\/DSC00639.jpg \/><br \/>\n^ Das kroatische Gebirge nahe der K\u00fcste. Skigebiet und das Landesinnere waren unter der Wolkendecke.<\/p>\n<p><img src=http:\/\/ski.inmontanis.info\/d\/158196-2\/ge_platak.jpg \/><br \/>\n^ GPS-Track, Rot die ganzen stillgelegten Lifte<\/p>\n<p><a href='http:\/\/ski.inmontanis.info\/d\/158200-3\/DSC00643.jpg'><img src=http:\/\/ski.inmontanis.info\/d\/158199-4\/DSC00643.jpg \/><\/a><br \/>\n^ Parkplatz, war ab Mittag dann \u00fcberf\u00fcllt.<\/p>\n<p><a href='http:\/\/ski.inmontanis.info\/d\/158204-2\/DSC00645.jpg'><img src=http:\/\/ski.inmontanis.info\/d\/158203-3\/DSC00645.jpg \/><\/a><br \/>\n^ Poma-DSB, komplette Strecke<\/p>\n<p><a href='http:\/\/ski.inmontanis.info\/d\/158255-2\/DSC00652.jpg'><img src=http:\/\/ski.inmontanis.info\/d\/158254-3\/DSC00652.jpg \/><\/a><br \/>\n^ Skiweg-Abfahrt<\/p>\n<p><a href='http:\/\/ski.inmontanis.info\/d\/158259-2\/DSC00653.jpg'><img src=http:\/\/ski.inmontanis.info\/d\/158258-3\/DSC00653.jpg \/><\/a><br \/>\n^ stillgelegter KSSL links der DSB<\/p>\n<p><a href='http:\/\/ski.inmontanis.info\/d\/158210-2\/DSC00654.jpg'><img src=http:\/\/ski.inmontanis.info\/d\/158209-3\/DSC00654.jpg \/><\/a><br \/>\n^ der stillgelegte untere SSL<\/p>\n<p><a href='http:\/\/ski.inmontanis.info\/d\/158263-2\/DSC00655.jpg'><img src=http:\/\/ski.inmontanis.info\/d\/158262-3\/DSC00655.jpg \/><\/a><br \/>\n^ .. und dessen H\u00e4uschen<\/p>\n<p><a href='http:\/\/ski.inmontanis.info\/d\/158215-2\/DSC00657.jpg'><img src=http:\/\/ski.inmontanis.info\/d\/158214-3\/DSC00657.jpg \/><\/a><br \/>\n^ Unterer Teil der Abfahrt rechts der DSB, offiziell gesperrt, nicht pr\u00e4pariert, wird wohl auch ignoriert. Schneeverh\u00e4ltnisse waren abseits der pr\u00e4parierten Pisten leider grausigst.<\/p>\n<p><a href='http:\/\/ski.inmontanis.info\/d\/158219-2\/DSC00658.jpg'><img src=http:\/\/ski.inmontanis.info\/d\/158218-3\/DSC00658.jpg \/><\/a><br \/>\n^ In der DSB, im unteren Teil hat die Abfahrt 2 Varianten<\/p>\n<p><a href='http:\/\/ski.inmontanis.info\/d\/158223-2\/DSC00661.jpg'><img src=http:\/\/ski.inmontanis.info\/d\/158222-3\/DSC00661.jpg \/><\/a><br \/>\n^ Stillgelegter kurzer SSL oder KSSL hinter der DSB-Bergstation; die Abfahrtsschneise kann man fahren, muss man aber zur Skiwegabfahrt (hinter mir) kurz aufsteigen.<\/p>\n<p><a href='http:\/\/ski.inmontanis.info\/d\/158227-2\/DSC00662.jpg'><img src=http:\/\/ski.inmontanis.info\/d\/158226-3\/DSC00662.jpg \/><\/a><br \/>\n^ DSB Bergstation<\/p>\n<p><img src=http:\/\/ski.inmontanis.info\/d\/158231-2\/DSC00665.jpg \/><br \/>\n^ Abfahrt mit Meer-Pano<\/p>\n<p><img src=http:\/\/ski.inmontanis.info\/d\/158235-2\/DSC07479.jpg \/><br \/>\n^ IR-Zoom Meer, vorne noch die DSB<\/p>\n<p><img src=http:\/\/ski.inmontanis.info\/d\/158239-2\/DSC00666.jpg \/><br \/>\n^ Unterer Teil der Abfahrt, Wartezeiten an der DSB, ab Mittag ziemlich voll<\/p>\n<p><img src=http:\/\/extra.inmontanis.info\/d\/16066-2\/DSC07481.jpg \/><br \/>\n^ Meerblick (IR) an der Zufahrtsstra\u00dfe zum Skigebiet. An der K\u00fcste ist es tats\u00e4chlich sehr sonnig, so ein Mist&#8230;<\/p>\n<p><a href='http:\/\/extra.inmontanis.info\/d\/16070-2\/DSC00672.jpg'><img src=http:\/\/extra.inmontanis.info\/d\/16068-3\/DSC00672.jpg \/><\/a><br \/>\n^ Autobahn A6 durch die Berge<\/p>\n<p><img src=http:\/\/extra.inmontanis.info\/d\/16074-2\/DSC00674.jpg \/><br \/>\n^ Irgendwo zwischen Lokve und Mrkopalj (Kroatien), gen\u00fcgend Schnee<\/p>\n<p><a href='http:\/\/extra.inmontanis.info\/d\/16078-2\/DSC00676.jpg'><img src=http:\/\/extra.inmontanis.info\/d\/16076-3\/DSC00676.jpg \/><\/a><br \/>\n^ Der Lift bei Mrkopalj d\u00fcrfte auch stillgelegt sein ..<\/p>\n<p><a href='http:\/\/extra.inmontanis.info\/d\/16082-2\/DSC00679.jpg'><img src=http:\/\/extra.inmontanis.info\/d\/16080-3\/DSC00679.jpg \/><\/a><br \/>\n^ Auch der Stemag-SL bei Begovo ist nicht mehr in Betrieb.<\/p>\n<p><a href='http:\/\/extra.inmontanis.info\/d\/16086-2\/DSC00681.jpg'><img src=http:\/\/extra.inmontanis.info\/d\/16084-3\/DSC00681.jpg \/><\/a><br \/>\n^ Verschneite Bergstra\u00dfe &#8211; die mich leider nicht zum Ziel f\u00fchrte.<\/p>\n<p><a href='http:\/\/ski.inmontanis.info\/d\/158243-2\/DSC00686.jpg'><img src=http:\/\/ski.inmontanis.info\/d\/158242-3\/DSC00686.jpg \/><\/a><br \/>\n^ .. wieder in Platak, wo ich vorhin fast nicht raus kam, komm ich jetzt fast nicht mehr rein &#8230;<\/p>\n<p><img src=http:\/\/ski.inmontanis.info\/d\/158247-2\/DSC07485.jpg \/><br \/>\n^ Nachmittags gl\u00e4nzte das Meer etwas (IR)<\/p>\n<p><img src=http:\/\/ski.inmontanis.info\/d\/158251-2\/DSC00693.jpg \/><br \/>\n^ Zoom zum Meer, auch ohne IR sichtbar.<\/p>\n<p>Was mir heute in Kroatien schon mal sehr negativ aufgefallen ist: Tempolimits. Auf Landstra\u00dfen und Bergstra\u00dfen sind oft kilometerweise 30 oder 40 km\/h ohne ersichtlichen Grund. Das kann man egtl. nur ignorieren. Auch auf der Autobahn durch die Berge war die ganze Zeit 80 und Schleudergefahrzeichen, obwohl es nicht geschneit hat und die Stra\u00dfen trocken waren. Puh. Ja fast schlimmer als in Italien! Und es h\u00e4lt sich &#8211; wie in Italien &#8211; auch fast keiner an diese Limits&#8230;<\/p>\n<p>In Zagreb hatte mir mein Navi auf dem Weg zum morgigen Skigebiet einen KFC vorgeschlagen, der sich aber anscheinend mitten in einem riesigen Einkaufszentrum befand. Hatte ich keine Lust, dort kilometerweise durch das EKZ zu hechten und den KFC zu suchen. Kam sp\u00e4ter nochmal an einem EKZ mit KFC vorbei, und dann noch mal, wobei dieser ein Drive-In gehabt h\u00e4tte. H\u00e4tte, weil dieses EKZ samt KFC &#8211; im Gegensatz zu dem gro\u00dfen am Anfang &#8211; heute am Sonntag Abend geschlossen war.<\/p>\n<p>Hotelm\u00e4\u00dfig hab ich mich am Gipfel oberhalb von Zagreb, Sljeme, also im Skigebiet, einquartiert, \u00dcF knapp \u00fcber 40,- \u20ac. Hatte daf\u00fcr zwei Gr\u00fcnde: Erstens damit ich morgen nach dem Fr\u00fchst\u00fcck nicht erst noch &#8216;ne dreiviertel Stunde fahren muss, wenn ich Mittag am Flughafen sein muss. Und zweitens, um ein paar Nachtfotos von Zagreb zu machen. Ja denkste! Da oben ist alles Wald. Bin nach dem Essen noch zum Bereich Fernsehturm \/ Skigebiet rauf und mit dem Auto die Stra\u00dfen links und rechtsseitig etwas abgefahrhen &#8211; keine Chance. Man sieht beim Vorbeifahren zwar immer mal wieder ein St\u00fcck hinunter, aber ein vern\u00fcnftiges, baumfreies Panorama? Fehlanzeige. Noch so eine Entt\u00e4uschung. Auch Parkplatzm\u00e4\u00dfig ist das hier fragw\u00fcrdig (man h\u00e4tte evtl. doch besser die Talstation der 3SB ansteuern sollen), aber vom Parkplatz unter dem Hotel sollte irgendein Querweg ins Skigebiet r\u00fcber gehen. <\/p>\n<p>Die Stra\u00dfe hinauf ist \u00fcbrigens einspurig, aber dank Einbahnstra\u00dfe kann man sch\u00f6n raufheizen. Runter geht&#8217;s dann auf einer anderen Stra\u00dfe weiter links.<\/p>\n<p><img src=http:\/\/extra.inmontanis.info\/d\/16090-2\/DSC00714.jpg \/><br \/>\n^ Sendeturm am Skigebiet Sljeme \/ Zagreb<\/p>\n<p>Wobei auch das Hotel besser sein k\u00f6nnte. Direkt am Eingang egtl. nur 6 Parkpl\u00e4tze, also muss man ein St\u00fcck weiter unten parken und \u00fcber die Rutschige Auffahrt &#8220;ein paar Stockwerke&#8221; hinauf gehen. Gratis WLan gibt&#8217;s nur in der Lobby, funktioniert nicht mal bis ins Restaurant. Halbpension-Zuschlag um ca. 11,20 \u20ac &#8211; Nudelsuppe (lauwarm), Kalbsbraten mit vielen Minikroketten (geschmacklich gut, aber zu wenig Sauce) und Mini-Apfelstrudel. Da h\u00e4tte ich im KFC um weniger Geld was besseres bekommen.<\/p>\n<p>Die Wetterberichte f\u00fcr die Ziele der n\u00e4chsten Tage verhei\u00dfen noch viele weitere Entt\u00e4uschungen&#8230;<\/p>\n<p>Fr\u00fchst\u00fccksbuffet war zwar irgendwie sehr reichhaltig (inkl. Spiegeleier und warme W\u00fcrste, leider kein Speck), aber die Semmeln waren nicht frisch. Gibt wohl keinen B\u00e4cker, der am Montag fr\u00fch bis hier rauf f\u00e4hrt? Dann bitte keine Semmeln sondern gleich Toastbrot&#8230;<\/p>\n","protected":false},"excerpt":{"rendered":"<p>S\u00fcdosteuropa 2013, Tag 3: Kroatien, Platak So, 17.2.2013<\/p>\n<p>Wenn&#8217;s so weiter geht, nenne ich die Tour noch &#8220;die gro\u00dfe Entt\u00e4uschungstour&#8221;!<\/p>\n<p>Ich hatte es ja nicht glauben wollen, aber der Wetterbericht hatte tats\u00e4chlich recht &#8211; in Rijeka unten am Meer Sonne pur, und in den angrenzenden Bergen den ganzen Tag \u00fcber neblig-bew\u00f6lkt. Und damit leider kaum <a href=\"http:\/\/blog.inmontanis.info\/?p=2309\">[&#8230;]<\/a><\/p>\n","protected":false},"author":1,"featured_media":0,"comment_status":"open","ping_status":"closed","sticky":false,"template":"","format":"standard","meta":{"footnotes":""},"categories":[117,118,561,27],"tags":[38,90,48,37],"class_list":["post-2309","post","type-post","status-publish","format-standard","hentry","category-201302sos","category-kroatien","category-platak","category-skifahren-winterskiing-winter","tag-dsb","tag-infrarot","tag-kssl","tag-meer","odd"],"_links":{"self":[{"href":"http:\/\/blog.inmontanis.info\/index.php?rest_route=\/wp\/v2\/posts\/2309","targetHints":{"allow":["GET"]}}],"collection":[{"href":"http:\/\/blog.inmontanis.info\/index.php?rest_route=\/wp\/v2\/posts"}],"about":[{"href":"http:\/\/blog.inmontanis.info\/index.php?rest_route=\/wp\/v2\/types\/post"}],"author":[{"embeddable":true,"href":"http:\/\/blog.inmontanis.info\/index.php?rest_route=\/wp\/v2\/users\/1"}],"replies":[{"embeddable":true,"href":"http:\/\/blog.inmontanis.info\/index.php?rest_route=%2Fwp%2Fv2%2Fcomments&post=2309"}],"version-history":[{"count":5,"href":"http:\/\/blog.inmontanis.info\/index.php?rest_route=\/wp\/v2\/posts\/2309\/revisions"}],"predecessor-version":[{"id":9071,"href":"http:\/\/blog.inmontanis.info\/index.php?rest_route=\/wp\/v2\/posts\/2309\/revisions\/9071"}],"wp:attachment":[{"href":"http:\/\/blog.inmontanis.info\/index.php?rest_route=%2Fwp%2Fv2%2Fmedia&parent=2309"}],"wp:term":[{"taxonomy":"category","embeddable":true,"href":"http:\/\/blog.inmontanis.info\/index.php?rest_route=%2Fwp%2Fv2%2Fcategories&post=2309"},{"taxonomy":"post_tag","embeddable":true,"href":"http:\/\/blog.inmontanis.info\/index.php?rest_route=%2Fwp%2Fv2%2Ftags&post=2309"}],"curies":[{"name":"wp","href":"https:\/\/api.w.org\/{rel}","templated":true}]}}